{"id":13575,"date":"2010-01-27T15:08:04","date_gmt":"2010-01-27T18:08:04","guid":{"rendered":"http:\/\/www.inclusive.org.br\/?p=13575"},"modified":"2010-01-27T15:08:04","modified_gmt":"2010-01-27T18:08:04","slug":"poli-cria-identificador-de-cores-para-deficientes-visuais","status":"publish","type":"post","link":"https:\/\/inclusivenews.com.br\/?p=13575","title":{"rendered":"Poli cria identificador de cores para deficientes visuais"},"content":{"rendered":"<div style=\"text-align: left;\">\n<figure id=\"attachment_13576\" aria-describedby=\"caption-attachment-13576\" style=\"width: 150px\" class=\"wp-caption alignnone\"><a href=\"http:\/\/www.inclusivenews.com.br\/wp-content\/uploads\/2010\/01\/spring-colors.jpg\"><img loading=\"lazy\" decoding=\"async\" class=\"size-thumbnail wp-image-13576 \" title=\"spring-colors\" src=\"http:\/\/inclusivenews.com.br\/wp-content\/uploads\/2010\/01\/spring-colors-150x150.jpg\" alt=\"\" width=\"150\" height=\"150\" \/><\/a><figcaption id=\"caption-attachment-13576\" class=\"wp-caption-text\">Flor multicolorida<\/figcaption><\/figure>\n<p>Por Paulo Roberto Andrade, da Ag\u00eancia USP<\/p>\n<\/div>\n<p>Um identificador de cores para deficientes visuais, desenvolvido por pesquisadores da Escola Polit\u00e9cnica (Poli) da USP, \u00e9 finalista da competi\u00e7\u00e3o internacional Unreasonable Finalists Marketplace. Batizado de Auire, o aparelho \u00e9 port\u00e1til e serve para identificar cores de objetos e notas de dinheiro. Por meio de leitura \u00f3ptica, o Auire literalmente \u201cfala\u201d o nome da cor do objeto analisado. O projeto foi desenvolvido pelos engenheiros de computa\u00e7\u00e3o, formados pela Poli, Fernando de Oliveira Gil e Nathalia Sautchuk Patr\u00edcio, dentro do Programa Poli Cidad\u00e3.<\/p>\n<p>A competi\u00e7\u00e3o \u00e9 organizada pelo Unreasonable Institute e premiar\u00e1 projetos sociais de grande impacto. O objetivo \u00e9 buscar empreendedores sociais que desenvolvam planos de iniciativas autossustent\u00e1veis. Por isso, os projetos t\u00eam o formato de empresas e n\u00e3o de entidades sem fins lucrativos.<\/p>\n<p>Na primeira fase, a competi\u00e7\u00e3o selecionou 42 finalistas. Agora, na fase final, o instituto escolher\u00e1 os 25 primeiros projetos que conseguirem arrecadar US$ 6.500 em doa\u00e7\u00f5es. O dinheiro ser\u00e1 usado para custear os desenvolvedores dos projetos durante um per\u00edodo de 10 semanas de treinamento na sede da institui\u00e7\u00e3o, no Colorado, Estados Unidos, com profissionais e especialistas na \u00e1rea de neg\u00f3cios. As doa\u00e7\u00f5es come\u00e7aram nesta segunda-feira (25) e poder\u00e3o ser feitas at\u00e9 15 de mar\u00e7o.<\/p>\n<p>\u201cPara a competi\u00e7\u00e3o, montamos um plano de neg\u00f3cios para abrir uma empresa e produzir o identificador com baixo custo\u201d, conta Gil. Os pesquisadores pretendem alcan\u00e7ar um custo por aparelho por volta de R$100,00 a R$200,00. Gil ressalta que existem aparelhos semelhantes no mercado, mas s\u00e3o vendidos aqui no Brasil por cerca de R$1.200,00.<\/p>\n<p>Funcionamento<br \/>\nO aparelho consiste em uma caixa que faz uma leitura \u00f3ptica do objeto e identifica as tr\u00eas cores b\u00e1sicas: azul, verde e vermelho, por meio de tr\u00eas sensores, um para cada cor. Baseado nessas componentes, ele identifica a cor que mais se aproxima do objeto analisado, e \u201cfala\u201d o nome da cor.<\/p>\n<p>Identificador de chamadas reconhece notas de dinheiro e objetos por leitura \u00f3ptica<\/p>\n<p>\u201cNo caso do dinheiro, as notas do Brasil utilizam cores diferentes. Ent\u00e3o, o aparelho utiliza a cor para identificar as notas. Por exemplo, se o aparelho l\u00ea uma cor vermelha, trata-se de uma nota de 10 reais; o rosa, 5 reais e assim por diante\u201d, explica o engenheiro, \u201cn\u00e3o conseguimos ainda diferenciar com seguran\u00e7a as notas de 2 e 100 reais, ainda \u00e9 necess\u00e1rio alguns ajustes\u201d, completa.<\/p>\n<p>O prot\u00f3tipo precisa ser conectado a um computador, que processa os dados atrav\u00e9s de um software. \u201cNossa ideia \u00e9 introduzir o software dentro do aparelho e torn\u00e1-lo aut\u00f4nomo, ou seja, que processe os dados sem utilizar um computador\u201d, explica Gil.<\/p>\n<p>O p\u00fablico-alvo s\u00e3o os deficientes visuais, tanto os completamente cegos quanto os dalt\u00f4nicos, principalmente aqueles de baixa renda. \u201cPara baixar os custos do aparelho, vamos utilizar uma eletr\u00f4nica mais simplificada, com componentes dispon\u00edveis no mercado, al\u00e9m de uma arquitetura aberta de software livre. Queremos que o Auire possa ser reproduzido por quem possui os componentes e alguns conhecimentos de eletr\u00f4nica\u201d, explica.<\/p>\n<p>A primeira fase da competi\u00e7\u00e3o foi o desenvolvimento do plano de neg\u00f3cios, em que os competidores precisavam apresentar uma ideia que: atingisse um milh\u00e3o de pessoas; que dentro de um ano pudesse ser autossustent\u00e1vel; e que depois de 3 anos, pudesse ser estendida para outros pa\u00edses.<\/p>\n<p>\u201cAp\u00f3s entrar no Instituto, teremos 10 semanas de treinamentos numa incubadora com profissionais e especialistas de marketing e neg\u00f3cios para desenvolvermos a ideia e tornar o projeto real, atingindo assim nossos objetivos do plano de neg\u00f3cios\u201d, explica Gil. Ap\u00f3s o per\u00edodo de treinamento, os projetos ser\u00e3o expostos a investidores sociais num evento organizado pelo instituto.<br \/>\n<strong><br \/>\nDoa\u00e7\u00f5es<\/strong><br \/>\nAs doa\u00e7\u00f5es poder\u00e3o ser feitas pelos pr\u00f3ximos 50 dias e s\u00e3o limitadas por pessoa, n\u00e3o sendo permitido doar grandes quantias. As equipes que primeiro atingirem o valor de US$ 6.500,00 ser\u00e3o as escolhidas para o treinamento. As doa\u00e7\u00f5es s\u00f3 ser\u00e3o efetivadas se o projeto for selecionado. Assim, o doador s\u00f3 vai pagar se o projeto for aprovado.<\/p>\n<p>Para doar, o interessado deve preencher um cadastro no site oficial do Unreasonable Institute e fazer a doa\u00e7\u00e3o. A segunda op\u00e7\u00e3o \u00e9 via dinheiro no Pagseguro atrav\u00e9s do site do Identificador, onde tamb\u00e9m se encontram mais informa\u00e7\u00f5es sobre o aparelho e a competi\u00e7\u00e3o.<br \/>\n(Envolverde\/Ag\u00eancia USP)<\/p>\n<p><a rel=\"nofollow noopener\" href=\"http:\/\/envolverde.ig.com.br\/materia.php?cod=68836&amp;edt=1\" target=\"_blank\">http:\/\/envolverde.ig.com.br\/materia.php?cod=68836&amp;edt=1<\/a><\/p>\n","protected":false},"excerpt":{"rendered":"<p>Um identificador de cores para deficientes visuais, desenvolvido por pesquisadores da Escola Polit\u00e9cnica (Poli) da USP, \u00e9 finalista da competi\u00e7\u00e3o internacional Unreasonable Finalists Marketplace. Batizado de Auire, o aparelho \u00e9 port\u00e1til e serve para identificar cores de objetos e notas de dinheiro.<\/p>\n","protected":false},"author":1,"featured_media":0,"comment_status":"open","ping_status":"open","sticky":false,"template":"","format":"standard","meta":{"site-container-style":"default","site-container-layout":"default","site-sidebar-layout":"default","disable-article-header":"default","disable-site-header":"default","disable-site-footer":"default","disable-content-area-spacing":"default","footnotes":""},"categories":[44,4],"tags":[],"class_list":["post-13575","post","type-post","status-publish","format-standard","hentry","category-acessibilidade","category-noticias"],"yoast_head":"<!-- This site is optimized with the Yoast SEO plugin v27.4 - https:\/\/yoast.com\/product\/yoast-seo-wordpress\/ -->\n<title>Poli cria identificador de cores para deficientes visuais -<\/title>\n<meta name=\"robots\" content=\"index, follow, max-snippet:-1, max-image-preview:large, max-video-preview:-1\" \/>\n<link rel=\"canonical\" href=\"https:\/\/inclusivenews.com.br\/?p=13575\" \/>\n<meta property=\"og:locale\" content=\"pt_PT\" \/>\n<meta property=\"og:type\" content=\"article\" \/>\n<meta property=\"og:title\" content=\"Poli cria identificador de cores para deficientes visuais -\" \/>\n<meta property=\"og:description\" content=\"Um identificador de cores para deficientes visuais, desenvolvido por pesquisadores da Escola Polit\u00e9cnica (Poli) da USP, \u00e9 finalista da competi\u00e7\u00e3o internacional Unreasonable Finalists Marketplace. Batizado de Auire, o aparelho \u00e9 port\u00e1til e serve para identificar cores de objetos e notas de dinheiro.\" \/>\n<meta property=\"og:url\" content=\"https:\/\/inclusivenews.com.br\/?p=13575\" \/>\n<meta property=\"article:publisher\" content=\"https:\/\/www.facebook.com\/agenciainclusive\/\" \/>\n<meta property=\"article:published_time\" content=\"2010-01-27T18:08:04+00:00\" \/>\n<meta property=\"og:image\" content=\"http:\/\/inclusivenews.com.br\/wp-content\/uploads\/2010\/01\/spring-colors-150x150.jpg\" \/>\n<meta name=\"author\" content=\"inclusivenews2024\" \/>\n<meta name=\"twitter:card\" content=\"summary_large_image\" \/>\n<meta name=\"twitter:label1\" content=\"Escrito por\" \/>\n\t<meta name=\"twitter:data1\" content=\"inclusivenews2024\" \/>\n\t<meta name=\"twitter:label2\" content=\"Tempo estimado de leitura\" \/>\n\t<meta name=\"twitter:data2\" content=\"4 minutos\" \/>\n<script type=\"application\/ld+json\" class=\"yoast-schema-graph\">{\"@context\":\"https:\\\/\\\/schema.org\",\"@graph\":[{\"@type\":\"Article\",\"@id\":\"https:\\\/\\\/inclusivenews.com.br\\\/?p=13575#article\",\"isPartOf\":{\"@id\":\"https:\\\/\\\/inclusivenews.com.br\\\/?p=13575\"},\"author\":{\"name\":\"inclusivenews2024\",\"@id\":\"https:\\\/\\\/inclusivenews.com.br\\\/#\\\/schema\\\/person\\\/ae4ec7087559b8692fb33b6fffd2273b\"},\"headline\":\"Poli cria identificador de cores para deficientes visuais\",\"datePublished\":\"2010-01-27T18:08:04+00:00\",\"mainEntityOfPage\":{\"@id\":\"https:\\\/\\\/inclusivenews.com.br\\\/?p=13575\"},\"wordCount\":771,\"commentCount\":0,\"publisher\":{\"@id\":\"https:\\\/\\\/inclusivenews.com.br\\\/#organization\"},\"image\":{\"@id\":\"https:\\\/\\\/inclusivenews.com.br\\\/?p=13575#primaryimage\"},\"thumbnailUrl\":\"http:\\\/\\\/inclusivenews.com.br\\\/wp-content\\\/uploads\\\/2010\\\/01\\\/spring-colors-150x150.jpg\",\"articleSection\":[\"ACESSIBILIDADE\",\"NOT\u00cdCIAS\"],\"inLanguage\":\"pt-PT\",\"potentialAction\":[{\"@type\":\"CommentAction\",\"name\":\"Comment\",\"target\":[\"https:\\\/\\\/inclusivenews.com.br\\\/?p=13575#respond\"]}]},{\"@type\":\"WebPage\",\"@id\":\"https:\\\/\\\/inclusivenews.com.br\\\/?p=13575\",\"url\":\"https:\\\/\\\/inclusivenews.com.br\\\/?p=13575\",\"name\":\"Poli cria identificador de cores para deficientes visuais -\",\"isPartOf\":{\"@id\":\"https:\\\/\\\/inclusivenews.com.br\\\/#website\"},\"primaryImageOfPage\":{\"@id\":\"https:\\\/\\\/inclusivenews.com.br\\\/?p=13575#primaryimage\"},\"image\":{\"@id\":\"https:\\\/\\\/inclusivenews.com.br\\\/?p=13575#primaryimage\"},\"thumbnailUrl\":\"http:\\\/\\\/inclusivenews.com.br\\\/wp-content\\\/uploads\\\/2010\\\/01\\\/spring-colors-150x150.jpg\",\"datePublished\":\"2010-01-27T18:08:04+00:00\",\"breadcrumb\":{\"@id\":\"https:\\\/\\\/inclusivenews.com.br\\\/?p=13575#breadcrumb\"},\"inLanguage\":\"pt-PT\",\"potentialAction\":[{\"@type\":\"ReadAction\",\"target\":[\"https:\\\/\\\/inclusivenews.com.br\\\/?p=13575\"]}]},{\"@type\":\"ImageObject\",\"inLanguage\":\"pt-PT\",\"@id\":\"https:\\\/\\\/inclusivenews.com.br\\\/?p=13575#primaryimage\",\"url\":\"\",\"contentUrl\":\"\"},{\"@type\":\"BreadcrumbList\",\"@id\":\"https:\\\/\\\/inclusivenews.com.br\\\/?p=13575#breadcrumb\",\"itemListElement\":[{\"@type\":\"ListItem\",\"position\":1,\"name\":\"In\u00edcio\",\"item\":\"https:\\\/\\\/inclusivenews.com.br\\\/\"},{\"@type\":\"ListItem\",\"position\":2,\"name\":\"Poli cria identificador de cores para deficientes visuais\"}]},{\"@type\":\"WebSite\",\"@id\":\"https:\\\/\\\/inclusivenews.com.br\\\/#website\",\"url\":\"https:\\\/\\\/inclusivenews.com.br\\\/\",\"name\":\"Inclusive News\",\"description\":\"Inclusive News\",\"publisher\":{\"@id\":\"https:\\\/\\\/inclusivenews.com.br\\\/#organization\"},\"potentialAction\":[{\"@type\":\"SearchAction\",\"target\":{\"@type\":\"EntryPoint\",\"urlTemplate\":\"https:\\\/\\\/inclusivenews.com.br\\\/?s={search_term_string}\"},\"query-input\":{\"@type\":\"PropertyValueSpecification\",\"valueRequired\":true,\"valueName\":\"search_term_string\"}}],\"inLanguage\":\"pt-PT\"},{\"@type\":\"Organization\",\"@id\":\"https:\\\/\\\/inclusivenews.com.br\\\/#organization\",\"name\":\"Inclusive - inclus\u00e3o e cidadania\",\"url\":\"https:\\\/\\\/inclusivenews.com.br\\\/\",\"logo\":{\"@type\":\"ImageObject\",\"inLanguage\":\"pt-PT\",\"@id\":\"https:\\\/\\\/inclusivenews.com.br\\\/#\\\/schema\\\/logo\\\/image\\\/\",\"url\":\"https:\\\/\\\/inclusivenews.com.br\\\/wp-content\\\/uploads\\\/2024\\\/03\\\/@grandesite.png\",\"contentUrl\":\"https:\\\/\\\/inclusivenews.com.br\\\/wp-content\\\/uploads\\\/2024\\\/03\\\/@grandesite.png\",\"width\":1080,\"height\":1080,\"caption\":\"Inclusive - inclus\u00e3o e cidadania\"},\"image\":{\"@id\":\"https:\\\/\\\/inclusivenews.com.br\\\/#\\\/schema\\\/logo\\\/image\\\/\"},\"sameAs\":[\"https:\\\/\\\/www.facebook.com\\\/agenciainclusive\\\/\",\"https:\\\/\\\/www.instagram.com\\\/newsinclusive\\\/\"]},{\"@type\":\"Person\",\"@id\":\"https:\\\/\\\/inclusivenews.com.br\\\/#\\\/schema\\\/person\\\/ae4ec7087559b8692fb33b6fffd2273b\",\"name\":\"inclusivenews2024\",\"image\":{\"@type\":\"ImageObject\",\"inLanguage\":\"pt-PT\",\"@id\":\"https:\\\/\\\/secure.gravatar.com\\\/avatar\\\/c5a7ef84c66fa914f55bc4f7ce26cfa275a3b9a1c5568b907bd184fb4dde7b40?s=96&d=mm&r=g\",\"url\":\"https:\\\/\\\/secure.gravatar.com\\\/avatar\\\/c5a7ef84c66fa914f55bc4f7ce26cfa275a3b9a1c5568b907bd184fb4dde7b40?s=96&d=mm&r=g\",\"contentUrl\":\"https:\\\/\\\/secure.gravatar.com\\\/avatar\\\/c5a7ef84c66fa914f55bc4f7ce26cfa275a3b9a1c5568b907bd184fb4dde7b40?s=96&d=mm&r=g\",\"caption\":\"inclusivenews2024\"},\"sameAs\":[\"https:\\\/\\\/inclusivenews.com.br\"],\"url\":\"https:\\\/\\\/inclusivenews.com.br\\\/?author=1\"}]}<\/script>\n<!-- \/ Yoast SEO plugin. -->","yoast_head_json":{"title":"Poli cria identificador de cores para deficientes visuais -","robots":{"index":"index","follow":"follow","max-snippet":"max-snippet:-1","max-image-preview":"max-image-preview:large","max-video-preview":"max-video-preview:-1"},"canonical":"https:\/\/inclusivenews.com.br\/?p=13575","og_locale":"pt_PT","og_type":"article","og_title":"Poli cria identificador de cores para deficientes visuais -","og_description":"Um identificador de cores para deficientes visuais, desenvolvido por pesquisadores da Escola Polit\u00e9cnica (Poli) da USP, \u00e9 finalista da competi\u00e7\u00e3o internacional Unreasonable Finalists Marketplace. Batizado de Auire, o aparelho \u00e9 port\u00e1til e serve para identificar cores de objetos e notas de dinheiro.","og_url":"https:\/\/inclusivenews.com.br\/?p=13575","article_publisher":"https:\/\/www.facebook.com\/agenciainclusive\/","article_published_time":"2010-01-27T18:08:04+00:00","og_image":[{"url":"http:\/\/inclusivenews.com.br\/wp-content\/uploads\/2010\/01\/spring-colors-150x150.jpg","type":"","width":"","height":""}],"author":"inclusivenews2024","twitter_card":"summary_large_image","twitter_misc":{"Escrito por":"inclusivenews2024","Tempo estimado de leitura":"4 minutos"},"schema":{"@context":"https:\/\/schema.org","@graph":[{"@type":"Article","@id":"https:\/\/inclusivenews.com.br\/?p=13575#article","isPartOf":{"@id":"https:\/\/inclusivenews.com.br\/?p=13575"},"author":{"name":"inclusivenews2024","@id":"https:\/\/inclusivenews.com.br\/#\/schema\/person\/ae4ec7087559b8692fb33b6fffd2273b"},"headline":"Poli cria identificador de cores para deficientes visuais","datePublished":"2010-01-27T18:08:04+00:00","mainEntityOfPage":{"@id":"https:\/\/inclusivenews.com.br\/?p=13575"},"wordCount":771,"commentCount":0,"publisher":{"@id":"https:\/\/inclusivenews.com.br\/#organization"},"image":{"@id":"https:\/\/inclusivenews.com.br\/?p=13575#primaryimage"},"thumbnailUrl":"http:\/\/inclusivenews.com.br\/wp-content\/uploads\/2010\/01\/spring-colors-150x150.jpg","articleSection":["ACESSIBILIDADE","NOT\u00cdCIAS"],"inLanguage":"pt-PT","potentialAction":[{"@type":"CommentAction","name":"Comment","target":["https:\/\/inclusivenews.com.br\/?p=13575#respond"]}]},{"@type":"WebPage","@id":"https:\/\/inclusivenews.com.br\/?p=13575","url":"https:\/\/inclusivenews.com.br\/?p=13575","name":"Poli cria identificador de cores para deficientes visuais -","isPartOf":{"@id":"https:\/\/inclusivenews.com.br\/#website"},"primaryImageOfPage":{"@id":"https:\/\/inclusivenews.com.br\/?p=13575#primaryimage"},"image":{"@id":"https:\/\/inclusivenews.com.br\/?p=13575#primaryimage"},"thumbnailUrl":"http:\/\/inclusivenews.com.br\/wp-content\/uploads\/2010\/01\/spring-colors-150x150.jpg","datePublished":"2010-01-27T18:08:04+00:00","breadcrumb":{"@id":"https:\/\/inclusivenews.com.br\/?p=13575#breadcrumb"},"inLanguage":"pt-PT","potentialAction":[{"@type":"ReadAction","target":["https:\/\/inclusivenews.com.br\/?p=13575"]}]},{"@type":"ImageObject","inLanguage":"pt-PT","@id":"https:\/\/inclusivenews.com.br\/?p=13575#primaryimage","url":"","contentUrl":""},{"@type":"BreadcrumbList","@id":"https:\/\/inclusivenews.com.br\/?p=13575#breadcrumb","itemListElement":[{"@type":"ListItem","position":1,"name":"In\u00edcio","item":"https:\/\/inclusivenews.com.br\/"},{"@type":"ListItem","position":2,"name":"Poli cria identificador de cores para deficientes visuais"}]},{"@type":"WebSite","@id":"https:\/\/inclusivenews.com.br\/#website","url":"https:\/\/inclusivenews.com.br\/","name":"Inclusive News","description":"Inclusive News","publisher":{"@id":"https:\/\/inclusivenews.com.br\/#organization"},"potentialAction":[{"@type":"SearchAction","target":{"@type":"EntryPoint","urlTemplate":"https:\/\/inclusivenews.com.br\/?s={search_term_string}"},"query-input":{"@type":"PropertyValueSpecification","valueRequired":true,"valueName":"search_term_string"}}],"inLanguage":"pt-PT"},{"@type":"Organization","@id":"https:\/\/inclusivenews.com.br\/#organization","name":"Inclusive - inclus\u00e3o e cidadania","url":"https:\/\/inclusivenews.com.br\/","logo":{"@type":"ImageObject","inLanguage":"pt-PT","@id":"https:\/\/inclusivenews.com.br\/#\/schema\/logo\/image\/","url":"https:\/\/inclusivenews.com.br\/wp-content\/uploads\/2024\/03\/@grandesite.png","contentUrl":"https:\/\/inclusivenews.com.br\/wp-content\/uploads\/2024\/03\/@grandesite.png","width":1080,"height":1080,"caption":"Inclusive - inclus\u00e3o e cidadania"},"image":{"@id":"https:\/\/inclusivenews.com.br\/#\/schema\/logo\/image\/"},"sameAs":["https:\/\/www.facebook.com\/agenciainclusive\/","https:\/\/www.instagram.com\/newsinclusive\/"]},{"@type":"Person","@id":"https:\/\/inclusivenews.com.br\/#\/schema\/person\/ae4ec7087559b8692fb33b6fffd2273b","name":"inclusivenews2024","image":{"@type":"ImageObject","inLanguage":"pt-PT","@id":"https:\/\/secure.gravatar.com\/avatar\/c5a7ef84c66fa914f55bc4f7ce26cfa275a3b9a1c5568b907bd184fb4dde7b40?s=96&d=mm&r=g","url":"https:\/\/secure.gravatar.com\/avatar\/c5a7ef84c66fa914f55bc4f7ce26cfa275a3b9a1c5568b907bd184fb4dde7b40?s=96&d=mm&r=g","contentUrl":"https:\/\/secure.gravatar.com\/avatar\/c5a7ef84c66fa914f55bc4f7ce26cfa275a3b9a1c5568b907bd184fb4dde7b40?s=96&d=mm&r=g","caption":"inclusivenews2024"},"sameAs":["https:\/\/inclusivenews.com.br"],"url":"https:\/\/inclusivenews.com.br\/?author=1"}]}},"_links":{"self":[{"href":"https:\/\/inclusivenews.com.br\/index.php?rest_route=\/wp\/v2\/posts\/13575","targetHints":{"allow":["GET"]}}],"collection":[{"href":"https:\/\/inclusivenews.com.br\/index.php?rest_route=\/wp\/v2\/posts"}],"about":[{"href":"https:\/\/inclusivenews.com.br\/index.php?rest_route=\/wp\/v2\/types\/post"}],"author":[{"embeddable":true,"href":"https:\/\/inclusivenews.com.br\/index.php?rest_route=\/wp\/v2\/users\/1"}],"replies":[{"embeddable":true,"href":"https:\/\/inclusivenews.com.br\/index.php?rest_route=%2Fwp%2Fv2%2Fcomments&post=13575"}],"version-history":[{"count":0,"href":"https:\/\/inclusivenews.com.br\/index.php?rest_route=\/wp\/v2\/posts\/13575\/revisions"}],"wp:attachment":[{"href":"https:\/\/inclusivenews.com.br\/index.php?rest_route=%2Fwp%2Fv2%2Fmedia&parent=13575"}],"wp:term":[{"taxonomy":"category","embeddable":true,"href":"https:\/\/inclusivenews.com.br\/index.php?rest_route=%2Fwp%2Fv2%2Fcategories&post=13575"},{"taxonomy":"post_tag","embeddable":true,"href":"https:\/\/inclusivenews.com.br\/index.php?rest_route=%2Fwp%2Fv2%2Ftags&post=13575"}],"curies":[{"name":"wp","href":"https:\/\/api.w.org\/{rel}","templated":true}]}}