{"id":13585,"date":"2010-01-27T22:49:52","date_gmt":"2010-01-28T01:49:52","guid":{"rendered":"http:\/\/www.inclusive.org.br\/?p=13585"},"modified":"2010-01-27T22:49:52","modified_gmt":"2010-01-28T01:49:52","slug":"decreto-do-prefeito-do-rio-reconhece-vitoria-do-ibdd-na-justica","status":"publish","type":"post","link":"https:\/\/inclusivenews.com.br\/?p=13585","title":{"rendered":"Decreto do Prefeito do Rio reconhece vit\u00f3ria do IBDD na Justi\u00e7a"},"content":{"rendered":"<figure id=\"attachment_13347\" aria-describedby=\"caption-attachment-13347\" style=\"width: 150px\" class=\"wp-caption alignnone\"><a href=\"http:\/\/www.inclusivenews.com.br\/wp-content\/uploads\/2010\/01\/acessibilidade.gif\"><img loading=\"lazy\" decoding=\"async\" class=\"size-thumbnail wp-image-13347\" title=\"acessibilidade\" src=\"http:\/\/inclusivenews.com.br\/wp-content\/uploads\/2010\/01\/acessibilidade-150x150.gif\" alt=\"\" width=\"150\" height=\"150\" \/><\/a><figcaption id=\"caption-attachment-13347\" class=\"wp-caption-text\">S\u00edmbolo internacional da acessibilidade - boneco em cadeira de rodas sobre fundo azul<\/figcaption><\/figure>\n<p>Decreto do prefeito Eduardo Paes publicado dia 18 de janeiro, no Di\u00e1rio<br \/>\nOficial do Munic\u00edpio, atende \u00e0 demanda da a\u00e7\u00e3o civil p\u00fablica ajuizada<br \/>\npelo IBDD: s\u00f3 ser\u00e3o concedidos alvar\u00e1s de funcionamento para os<br \/>\nestabelecimentos de uso coletivo que atendam \u00e0s normas de acessibilidade<br \/>\npara pessoas com defici\u00eancia. A decis\u00e3o altera os artigos 16 e 18 do<br \/>\ndecreto n\u00ba29.881, que consolida as posturas da cidade do Rio de Janeiro.<\/p>\n<p>O IBDD obteve em julho de 2009 liminar concedida pela Ju\u00edza Nath\u00e1lia<br \/>\nCalil Miguel Magluta, da 3\u00aa Vara de Fazenda P\u00fablica, determinando que, a<br \/>\npartir do dia 2 de dezembro, o Munic\u00edpio s\u00f3 poderia conceder alvar\u00e1s de<br \/>\nfuncionamento aos estabelecimentos que comprovassem serem acess\u00edveis \u00e0s<br \/>\npessoas com defici\u00eancia, segundo as normas da Associa\u00e7\u00e3o Brasileira das<br \/>\nNormas T\u00e9cnicas(ABNT). A multa seria de R$ 5 mil por ato de<br \/>\ndescumprimento comprovado. A Prefeitura entrou com recursos contra a<br \/>\ndecis\u00e3o judicial. Mas o apelo foi negado por unanimidade, conforme<br \/>\njulgamento realizado pela 20\u00aa C\u00e2mara C\u00edvel, \u00a0em novembro.<\/p>\n<p>A resposta da Prefeitura para essa senten\u00e7a, portanto, foi a publica\u00e7\u00e3o<br \/>\ndo decreto que exige a acessibilidade para a concess\u00e3o do alvar\u00e1. A a\u00e7\u00e3o<br \/>\ndo IBDD baseou-se na determina\u00e7\u00e3o da Lei 10.098, que garante<br \/>\nacessibilidade em constru\u00e7\u00f5es, meios de transporte e meios de<br \/>\ncomunica\u00e7\u00e3o. Para Alexandre Magnavita, advogado do Instituto, o alvar\u00e1 \u00e9<br \/>\num instrumento para garantir a adapta\u00e7\u00e3o dos estabelecimentos de forma<br \/>\nmais pr\u00e1tica e efetiva. Foi um meio que o IBDD encontrou para encurtar<br \/>\nos processos , um caminho para o controle e fiscaliza\u00e7\u00e3o das leis de<br \/>\nacessibilidade. Assim, o descumprimento da lei e as irregularidades s\u00e3o<br \/>\ncortados logo pela raiz. &#8220;Afinal, se o alvar\u00e1 n\u00e3o for concedido, o<br \/>\nestabelecimento n\u00e3o poder\u00e1 funcionar. Evita termos que fotografar e<br \/>\nfiscalizar individualmente todos as irregularidades dos pr\u00e9dios<br \/>\ncoletivos para depois abrirmos processos contra cada um&#8221;.<\/p>\n<p>Para a superintendente do IBDD, Teresa Costa d#Amaral, essa vit\u00f3ria tem<br \/>\num ganho significativo de justi\u00e7a social para a cidade do Rio de<br \/>\nJaneiro: &#8220;Al\u00e9m do enorme ganho concreto de come\u00e7ar a tornar a cidade<br \/>\nacess\u00edvel para pessoas com defici\u00eancia, ela deixa claro que n\u00e3o se deve<br \/>\nquestionar o direito de transitar livremente pelos locais de uso<br \/>\ncoletivo&#8221;. A partir de agora, o Rio come\u00e7a a se inscrever nas cidades que<br \/>\npodem come\u00e7ar a mudar a sua face de acolhimento a pessoas com<br \/>\ndefici\u00eancia. A superintendente do IBDD ressalta a facilidade com que o<br \/>\npoder p\u00fablico resolveu um antigo problema ao seguir a senten\u00e7a judicial<br \/>\na favor do IBDD. &#8220;Agora, cabe tamb\u00e9m \u00e0 sociedade fazer a sua parte na<br \/>\nfiscaliza\u00e7\u00e3o do cumprimento da leis&#8221; , completa.<\/p>\n<p>Alexandre Magnavita alerta que o processo judicial n\u00e3o acabou. &#8220;Se o<br \/>\ndecreto for descumprido a senten\u00e7a ser\u00e1 executada- e a multa ser\u00e1 de<br \/>\nR$5.000, por ato irregular, conforme a senten\u00e7a de julho de 2009. Se,<br \/>\npor um acaso, eles concederem alvar\u00e1 a estabelecimentos sem<br \/>\nacessibilidade adequada, a multa ser\u00e1 aplicada&#8221;, afirma o advogado.<\/p>\n<p>Fonte: IBDD<\/p>\n","protected":false},"excerpt":{"rendered":"<p>Decreto do prefeito Eduardo Paes publicado dia 18 de janeiro, no Di\u00e1rio Oficial do Munic\u00edpio, atende \u00e0 demanda da a\u00e7\u00e3o civil p\u00fablica ajuizada pelo IBDD: s\u00f3 ser\u00e3o concedidos alvar\u00e1s de funcionamento para os estabelecimentos de uso coletivo que atendam \u00e0s normas de acessibilidade para pessoas com defici\u00eancia. A decis\u00e3o altera os artigos 16 e 18 [&hellip;]<\/p>\n","protected":false},"author":1,"featured_media":0,"comment_status":"open","ping_status":"open","sticky":false,"template":"","format":"standard","meta":{"site-container-style":"default","site-container-layout":"default","site-sidebar-layout":"default","disable-article-header":"default","disable-site-header":"default","disable-site-footer":"default","disable-content-area-spacing":"default","footnotes":""},"categories":[44,4],"tags":[],"class_list":["post-13585","post","type-post","status-publish","format-standard","hentry","category-acessibilidade","category-noticias"],"yoast_head":"<!-- This site is optimized with the Yoast SEO plugin v27.4 - https:\/\/yoast.com\/product\/yoast-seo-wordpress\/ -->\n<title>Decreto do Prefeito do Rio reconhece vit\u00f3ria do IBDD na Justi\u00e7a -<\/title>\n<meta name=\"robots\" content=\"index, follow, max-snippet:-1, max-image-preview:large, max-video-preview:-1\" \/>\n<link rel=\"canonical\" href=\"https:\/\/inclusivenews.com.br\/?p=13585\" \/>\n<meta property=\"og:locale\" content=\"pt_PT\" \/>\n<meta property=\"og:type\" content=\"article\" \/>\n<meta property=\"og:title\" content=\"Decreto do Prefeito do Rio reconhece vit\u00f3ria do IBDD na Justi\u00e7a -\" \/>\n<meta property=\"og:description\" content=\"Decreto do prefeito Eduardo Paes publicado dia 18 de janeiro, no Di\u00e1rio Oficial do Munic\u00edpio, atende \u00e0 demanda da a\u00e7\u00e3o civil p\u00fablica ajuizada pelo IBDD: s\u00f3 ser\u00e3o concedidos alvar\u00e1s de funcionamento para os estabelecimentos de uso coletivo que atendam \u00e0s normas de acessibilidade para pessoas com defici\u00eancia. A decis\u00e3o altera os artigos 16 e 18 [&hellip;]\" \/>\n<meta property=\"og:url\" content=\"https:\/\/inclusivenews.com.br\/?p=13585\" \/>\n<meta property=\"article:publisher\" content=\"https:\/\/www.facebook.com\/agenciainclusive\/\" \/>\n<meta property=\"article:published_time\" content=\"2010-01-28T01:49:52+00:00\" \/>\n<meta property=\"og:image\" content=\"http:\/\/inclusivenews.com.br\/wp-content\/uploads\/2010\/01\/acessibilidade-150x150.gif\" \/>\n<meta name=\"author\" content=\"inclusivenews2024\" \/>\n<meta name=\"twitter:card\" content=\"summary_large_image\" \/>\n<meta name=\"twitter:label1\" content=\"Escrito por\" \/>\n\t<meta name=\"twitter:data1\" content=\"inclusivenews2024\" \/>\n\t<meta name=\"twitter:label2\" content=\"Tempo estimado de leitura\" \/>\n\t<meta name=\"twitter:data2\" content=\"3 minutos\" \/>\n<script type=\"application\/ld+json\" class=\"yoast-schema-graph\">{\"@context\":\"https:\\\/\\\/schema.org\",\"@graph\":[{\"@type\":\"Article\",\"@id\":\"https:\\\/\\\/inclusivenews.com.br\\\/?p=13585#article\",\"isPartOf\":{\"@id\":\"https:\\\/\\\/inclusivenews.com.br\\\/?p=13585\"},\"author\":{\"name\":\"inclusivenews2024\",\"@id\":\"https:\\\/\\\/inclusivenews.com.br\\\/#\\\/schema\\\/person\\\/ae4ec7087559b8692fb33b6fffd2273b\"},\"headline\":\"Decreto do Prefeito do Rio reconhece vit\u00f3ria do IBDD na Justi\u00e7a\",\"datePublished\":\"2010-01-28T01:49:52+00:00\",\"mainEntityOfPage\":{\"@id\":\"https:\\\/\\\/inclusivenews.com.br\\\/?p=13585\"},\"wordCount\":551,\"commentCount\":0,\"publisher\":{\"@id\":\"https:\\\/\\\/inclusivenews.com.br\\\/#organization\"},\"image\":{\"@id\":\"https:\\\/\\\/inclusivenews.com.br\\\/?p=13585#primaryimage\"},\"thumbnailUrl\":\"http:\\\/\\\/inclusivenews.com.br\\\/wp-content\\\/uploads\\\/2010\\\/01\\\/acessibilidade-150x150.gif\",\"articleSection\":[\"ACESSIBILIDADE\",\"NOT\u00cdCIAS\"],\"inLanguage\":\"pt-PT\",\"potentialAction\":[{\"@type\":\"CommentAction\",\"name\":\"Comment\",\"target\":[\"https:\\\/\\\/inclusivenews.com.br\\\/?p=13585#respond\"]}]},{\"@type\":\"WebPage\",\"@id\":\"https:\\\/\\\/inclusivenews.com.br\\\/?p=13585\",\"url\":\"https:\\\/\\\/inclusivenews.com.br\\\/?p=13585\",\"name\":\"Decreto do Prefeito do Rio reconhece vit\u00f3ria do IBDD na Justi\u00e7a -\",\"isPartOf\":{\"@id\":\"https:\\\/\\\/inclusivenews.com.br\\\/#website\"},\"primaryImageOfPage\":{\"@id\":\"https:\\\/\\\/inclusivenews.com.br\\\/?p=13585#primaryimage\"},\"image\":{\"@id\":\"https:\\\/\\\/inclusivenews.com.br\\\/?p=13585#primaryimage\"},\"thumbnailUrl\":\"http:\\\/\\\/inclusivenews.com.br\\\/wp-content\\\/uploads\\\/2010\\\/01\\\/acessibilidade-150x150.gif\",\"datePublished\":\"2010-01-28T01:49:52+00:00\",\"breadcrumb\":{\"@id\":\"https:\\\/\\\/inclusivenews.com.br\\\/?p=13585#breadcrumb\"},\"inLanguage\":\"pt-PT\",\"potentialAction\":[{\"@type\":\"ReadAction\",\"target\":[\"https:\\\/\\\/inclusivenews.com.br\\\/?p=13585\"]}]},{\"@type\":\"ImageObject\",\"inLanguage\":\"pt-PT\",\"@id\":\"https:\\\/\\\/inclusivenews.com.br\\\/?p=13585#primaryimage\",\"url\":\"\",\"contentUrl\":\"\"},{\"@type\":\"BreadcrumbList\",\"@id\":\"https:\\\/\\\/inclusivenews.com.br\\\/?p=13585#breadcrumb\",\"itemListElement\":[{\"@type\":\"ListItem\",\"position\":1,\"name\":\"In\u00edcio\",\"item\":\"https:\\\/\\\/inclusivenews.com.br\\\/\"},{\"@type\":\"ListItem\",\"position\":2,\"name\":\"Decreto do Prefeito do Rio reconhece vit\u00f3ria do IBDD na Justi\u00e7a\"}]},{\"@type\":\"WebSite\",\"@id\":\"https:\\\/\\\/inclusivenews.com.br\\\/#website\",\"url\":\"https:\\\/\\\/inclusivenews.com.br\\\/\",\"name\":\"Inclusive News\",\"description\":\"Inclusive News\",\"publisher\":{\"@id\":\"https:\\\/\\\/inclusivenews.com.br\\\/#organization\"},\"potentialAction\":[{\"@type\":\"SearchAction\",\"target\":{\"@type\":\"EntryPoint\",\"urlTemplate\":\"https:\\\/\\\/inclusivenews.com.br\\\/?s={search_term_string}\"},\"query-input\":{\"@type\":\"PropertyValueSpecification\",\"valueRequired\":true,\"valueName\":\"search_term_string\"}}],\"inLanguage\":\"pt-PT\"},{\"@type\":\"Organization\",\"@id\":\"https:\\\/\\\/inclusivenews.com.br\\\/#organization\",\"name\":\"Inclusive - inclus\u00e3o e cidadania\",\"url\":\"https:\\\/\\\/inclusivenews.com.br\\\/\",\"logo\":{\"@type\":\"ImageObject\",\"inLanguage\":\"pt-PT\",\"@id\":\"https:\\\/\\\/inclusivenews.com.br\\\/#\\\/schema\\\/logo\\\/image\\\/\",\"url\":\"https:\\\/\\\/inclusivenews.com.br\\\/wp-content\\\/uploads\\\/2024\\\/03\\\/@grandesite.png\",\"contentUrl\":\"https:\\\/\\\/inclusivenews.com.br\\\/wp-content\\\/uploads\\\/2024\\\/03\\\/@grandesite.png\",\"width\":1080,\"height\":1080,\"caption\":\"Inclusive - inclus\u00e3o e cidadania\"},\"image\":{\"@id\":\"https:\\\/\\\/inclusivenews.com.br\\\/#\\\/schema\\\/logo\\\/image\\\/\"},\"sameAs\":[\"https:\\\/\\\/www.facebook.com\\\/agenciainclusive\\\/\",\"https:\\\/\\\/www.instagram.com\\\/newsinclusive\\\/\"]},{\"@type\":\"Person\",\"@id\":\"https:\\\/\\\/inclusivenews.com.br\\\/#\\\/schema\\\/person\\\/ae4ec7087559b8692fb33b6fffd2273b\",\"name\":\"inclusivenews2024\",\"image\":{\"@type\":\"ImageObject\",\"inLanguage\":\"pt-PT\",\"@id\":\"https:\\\/\\\/secure.gravatar.com\\\/avatar\\\/c5a7ef84c66fa914f55bc4f7ce26cfa275a3b9a1c5568b907bd184fb4dde7b40?s=96&d=mm&r=g\",\"url\":\"https:\\\/\\\/secure.gravatar.com\\\/avatar\\\/c5a7ef84c66fa914f55bc4f7ce26cfa275a3b9a1c5568b907bd184fb4dde7b40?s=96&d=mm&r=g\",\"contentUrl\":\"https:\\\/\\\/secure.gravatar.com\\\/avatar\\\/c5a7ef84c66fa914f55bc4f7ce26cfa275a3b9a1c5568b907bd184fb4dde7b40?s=96&d=mm&r=g\",\"caption\":\"inclusivenews2024\"},\"sameAs\":[\"https:\\\/\\\/inclusivenews.com.br\"],\"url\":\"https:\\\/\\\/inclusivenews.com.br\\\/?author=1\"}]}<\/script>\n<!-- \/ Yoast SEO plugin. -->","yoast_head_json":{"title":"Decreto do Prefeito do Rio reconhece vit\u00f3ria do IBDD na Justi\u00e7a -","robots":{"index":"index","follow":"follow","max-snippet":"max-snippet:-1","max-image-preview":"max-image-preview:large","max-video-preview":"max-video-preview:-1"},"canonical":"https:\/\/inclusivenews.com.br\/?p=13585","og_locale":"pt_PT","og_type":"article","og_title":"Decreto do Prefeito do Rio reconhece vit\u00f3ria do IBDD na Justi\u00e7a -","og_description":"Decreto do prefeito Eduardo Paes publicado dia 18 de janeiro, no Di\u00e1rio Oficial do Munic\u00edpio, atende \u00e0 demanda da a\u00e7\u00e3o civil p\u00fablica ajuizada pelo IBDD: s\u00f3 ser\u00e3o concedidos alvar\u00e1s de funcionamento para os estabelecimentos de uso coletivo que atendam \u00e0s normas de acessibilidade para pessoas com defici\u00eancia. A decis\u00e3o altera os artigos 16 e 18 [&hellip;]","og_url":"https:\/\/inclusivenews.com.br\/?p=13585","article_publisher":"https:\/\/www.facebook.com\/agenciainclusive\/","article_published_time":"2010-01-28T01:49:52+00:00","og_image":[{"url":"http:\/\/inclusivenews.com.br\/wp-content\/uploads\/2010\/01\/acessibilidade-150x150.gif","type":"","width":"","height":""}],"author":"inclusivenews2024","twitter_card":"summary_large_image","twitter_misc":{"Escrito por":"inclusivenews2024","Tempo estimado de leitura":"3 minutos"},"schema":{"@context":"https:\/\/schema.org","@graph":[{"@type":"Article","@id":"https:\/\/inclusivenews.com.br\/?p=13585#article","isPartOf":{"@id":"https:\/\/inclusivenews.com.br\/?p=13585"},"author":{"name":"inclusivenews2024","@id":"https:\/\/inclusivenews.com.br\/#\/schema\/person\/ae4ec7087559b8692fb33b6fffd2273b"},"headline":"Decreto do Prefeito do Rio reconhece vit\u00f3ria do IBDD na Justi\u00e7a","datePublished":"2010-01-28T01:49:52+00:00","mainEntityOfPage":{"@id":"https:\/\/inclusivenews.com.br\/?p=13585"},"wordCount":551,"commentCount":0,"publisher":{"@id":"https:\/\/inclusivenews.com.br\/#organization"},"image":{"@id":"https:\/\/inclusivenews.com.br\/?p=13585#primaryimage"},"thumbnailUrl":"http:\/\/inclusivenews.com.br\/wp-content\/uploads\/2010\/01\/acessibilidade-150x150.gif","articleSection":["ACESSIBILIDADE","NOT\u00cdCIAS"],"inLanguage":"pt-PT","potentialAction":[{"@type":"CommentAction","name":"Comment","target":["https:\/\/inclusivenews.com.br\/?p=13585#respond"]}]},{"@type":"WebPage","@id":"https:\/\/inclusivenews.com.br\/?p=13585","url":"https:\/\/inclusivenews.com.br\/?p=13585","name":"Decreto do Prefeito do Rio reconhece vit\u00f3ria do IBDD na Justi\u00e7a -","isPartOf":{"@id":"https:\/\/inclusivenews.com.br\/#website"},"primaryImageOfPage":{"@id":"https:\/\/inclusivenews.com.br\/?p=13585#primaryimage"},"image":{"@id":"https:\/\/inclusivenews.com.br\/?p=13585#primaryimage"},"thumbnailUrl":"http:\/\/inclusivenews.com.br\/wp-content\/uploads\/2010\/01\/acessibilidade-150x150.gif","datePublished":"2010-01-28T01:49:52+00:00","breadcrumb":{"@id":"https:\/\/inclusivenews.com.br\/?p=13585#breadcrumb"},"inLanguage":"pt-PT","potentialAction":[{"@type":"ReadAction","target":["https:\/\/inclusivenews.com.br\/?p=13585"]}]},{"@type":"ImageObject","inLanguage":"pt-PT","@id":"https:\/\/inclusivenews.com.br\/?p=13585#primaryimage","url":"","contentUrl":""},{"@type":"BreadcrumbList","@id":"https:\/\/inclusivenews.com.br\/?p=13585#breadcrumb","itemListElement":[{"@type":"ListItem","position":1,"name":"In\u00edcio","item":"https:\/\/inclusivenews.com.br\/"},{"@type":"ListItem","position":2,"name":"Decreto do Prefeito do Rio reconhece vit\u00f3ria do IBDD na Justi\u00e7a"}]},{"@type":"WebSite","@id":"https:\/\/inclusivenews.com.br\/#website","url":"https:\/\/inclusivenews.com.br\/","name":"Inclusive News","description":"Inclusive News","publisher":{"@id":"https:\/\/inclusivenews.com.br\/#organization"},"potentialAction":[{"@type":"SearchAction","target":{"@type":"EntryPoint","urlTemplate":"https:\/\/inclusivenews.com.br\/?s={search_term_string}"},"query-input":{"@type":"PropertyValueSpecification","valueRequired":true,"valueName":"search_term_string"}}],"inLanguage":"pt-PT"},{"@type":"Organization","@id":"https:\/\/inclusivenews.com.br\/#organization","name":"Inclusive - inclus\u00e3o e cidadania","url":"https:\/\/inclusivenews.com.br\/","logo":{"@type":"ImageObject","inLanguage":"pt-PT","@id":"https:\/\/inclusivenews.com.br\/#\/schema\/logo\/image\/","url":"https:\/\/inclusivenews.com.br\/wp-content\/uploads\/2024\/03\/@grandesite.png","contentUrl":"https:\/\/inclusivenews.com.br\/wp-content\/uploads\/2024\/03\/@grandesite.png","width":1080,"height":1080,"caption":"Inclusive - inclus\u00e3o e cidadania"},"image":{"@id":"https:\/\/inclusivenews.com.br\/#\/schema\/logo\/image\/"},"sameAs":["https:\/\/www.facebook.com\/agenciainclusive\/","https:\/\/www.instagram.com\/newsinclusive\/"]},{"@type":"Person","@id":"https:\/\/inclusivenews.com.br\/#\/schema\/person\/ae4ec7087559b8692fb33b6fffd2273b","name":"inclusivenews2024","image":{"@type":"ImageObject","inLanguage":"pt-PT","@id":"https:\/\/secure.gravatar.com\/avatar\/c5a7ef84c66fa914f55bc4f7ce26cfa275a3b9a1c5568b907bd184fb4dde7b40?s=96&d=mm&r=g","url":"https:\/\/secure.gravatar.com\/avatar\/c5a7ef84c66fa914f55bc4f7ce26cfa275a3b9a1c5568b907bd184fb4dde7b40?s=96&d=mm&r=g","contentUrl":"https:\/\/secure.gravatar.com\/avatar\/c5a7ef84c66fa914f55bc4f7ce26cfa275a3b9a1c5568b907bd184fb4dde7b40?s=96&d=mm&r=g","caption":"inclusivenews2024"},"sameAs":["https:\/\/inclusivenews.com.br"],"url":"https:\/\/inclusivenews.com.br\/?author=1"}]}},"_links":{"self":[{"href":"https:\/\/inclusivenews.com.br\/index.php?rest_route=\/wp\/v2\/posts\/13585","targetHints":{"allow":["GET"]}}],"collection":[{"href":"https:\/\/inclusivenews.com.br\/index.php?rest_route=\/wp\/v2\/posts"}],"about":[{"href":"https:\/\/inclusivenews.com.br\/index.php?rest_route=\/wp\/v2\/types\/post"}],"author":[{"embeddable":true,"href":"https:\/\/inclusivenews.com.br\/index.php?rest_route=\/wp\/v2\/users\/1"}],"replies":[{"embeddable":true,"href":"https:\/\/inclusivenews.com.br\/index.php?rest_route=%2Fwp%2Fv2%2Fcomments&post=13585"}],"version-history":[{"count":0,"href":"https:\/\/inclusivenews.com.br\/index.php?rest_route=\/wp\/v2\/posts\/13585\/revisions"}],"wp:attachment":[{"href":"https:\/\/inclusivenews.com.br\/index.php?rest_route=%2Fwp%2Fv2%2Fmedia&parent=13585"}],"wp:term":[{"taxonomy":"category","embeddable":true,"href":"https:\/\/inclusivenews.com.br\/index.php?rest_route=%2Fwp%2Fv2%2Fcategories&post=13585"},{"taxonomy":"post_tag","embeddable":true,"href":"https:\/\/inclusivenews.com.br\/index.php?rest_route=%2Fwp%2Fv2%2Ftags&post=13585"}],"curies":[{"name":"wp","href":"https:\/\/api.w.org\/{rel}","templated":true}]}}