{"id":13587,"date":"2010-01-27T22:59:26","date_gmt":"2010-01-28T01:59:26","guid":{"rendered":"http:\/\/www.inclusive.org.br\/?p=13587"},"modified":"2010-01-27T22:59:26","modified_gmt":"2010-01-28T01:59:26","slug":"informacao-handicap-international-do-haiti","status":"publish","type":"post","link":"https:\/\/inclusivenews.com.br\/?p=13587","title":{"rendered":"Informa\u00e7\u00e3o: Handicap International do Haiti"},"content":{"rendered":"<p><span style=\"font-size: small;\"><a href=\"http:\/\/www.inclusivenews.com.br\/wp-content\/uploads\/2009\/12\/defnet.jpg\"><img loading=\"lazy\" decoding=\"async\" class=\"alignnone size-full wp-image-12868\" title=\"defnet\" src=\"http:\/\/inclusivenews.com.br\/wp-content\/uploads\/2009\/12\/defnet.jpg\" alt=\"\" width=\"150\" height=\"88\" \/><\/a>A Equipe de Sa\u00fade da Handicap International no Haiti tem enfrentado um imenso n\u00famero de feridos e agora est\u00e1 avaliando o n\u00famero de amputados para mais de 2 000. <\/span><span style=\"font-size: small;\">A associa\u00e7\u00e3o solicita um plano de a\u00e7\u00e3o\u00a0que deve durar\u00a0v\u00e1rios anos.<\/span><\/p>\n<p>Para ajudar os muitos feridos, a Equipe de Sa\u00fade Handicap International tem atualmente\u00a0uma equipe de trinta pessoas (incluindo oito estrangeiros) , divididos em seis equipes m\u00f3veis de sa\u00fade. <span style=\"font-size: small;\">Este n\u00famero deve ser aumentado para cerca de uma centena de pessoas (metade composta por exilados), dentro de duas a tr\u00eas semanas.<\/span><\/p>\n<p>Duas dessas equipes m\u00f3veis, compostas de especialistas em reabilita\u00e7\u00e3o f\u00edsica, diretamente envolvidos em oito hospitais em Port-au-Prince, onde apenas os casos mais graves podem ser admitidos, devido\u00a0ao afluxo de feridos.\u00a0Amputa\u00e7\u00f5es representam a maioria das opera\u00e7\u00f5es.\u00a0Alguns pacientes com fraturas\u00a0n\u00e3o expostas\u00a0devem aguardar, at\u00e9 que os casos mais urgentes tenham sido tratados.\u00a0\u00c9 atrav\u00e9s do trabalho em oito hospitais, onde mais de 500 amputados foram identificados, e de coleta de\u00a0de dados por outras organiza\u00e7\u00f5es, que a equipe foi capaz de avaliar o n\u00famero de amputados\u00a0para <span style=\"font-size: small;\">mais de 2 000 no in\u00edcio da semana.<\/span><\/p>\n<p><span style=\"font-size: small;\">Estruturas de sa\u00fade digitalizados<br \/>\n&#8220;A situa\u00e7\u00e3o no Haiti hoje \u00e9 verdadeiramente sem precedentes&#8221; , disse Thomas\u00a0Calvot\u00a0,\u00a0 especialista de feridos durante os terremotos na Handicap International.\u00a0A extens\u00e3o das les\u00f5es, 250 000 segundo a ONU, \u00e9\u00a0associado com o fato de que\u00a0as instala\u00e7\u00f5es de sa\u00fade foram digitalizadas.\u00a0Em caso de emerg\u00eancia, os m\u00e9dicos muitas vezes n\u00e3o t\u00eam outra alternativa sen\u00e3o a amputa\u00e7\u00e3o.\u00a0Durante os terremotos na China em 2008 eo Paquist\u00e3o em 2005, a situa\u00e7\u00e3o era menos cr\u00edtica por causa da presen\u00e7a\u00a0e do\u00a0desempenho de hospitais.\u00a0No Haiti, nenhuma organiza\u00e7\u00e3o pode pretender cobrir todas as necessidades neste setor.\u00a0N\u00f3s trabalhamos com as associa\u00e7\u00f5es parceiras, a fim de apoiar o m\u00e1ximo de feridos em uma forma coordenada. <\/span><span style=\"font-size: small;\">&#8220;<\/span><\/p>\n<p><span style=\"font-size: small;\">Em concord\u00e2ncia com os funcion\u00e1rios do hospital, os membros da Handicap International na presta\u00e7\u00e3o de cuidados de reabilita\u00e7\u00e3o p\u00f3s-operat\u00f3ria, distribuir andadores e aparelhos ortop\u00e9dicos, e estabelecer um sistema de monitoramento de pacientes ao longo do tempo.<\/span><\/p>\n<p>As outras quatro equipes m\u00f3veis da Handicap International criss quatro bairros e sub\u00farbios mais pobres da capital (Carrefour, Carrefour Feuilles, Cristo Rei, Petionville) , e prestar cuidados e distribui\u00e7\u00e3o de ajudas de mobilidade nos campos\u00a0de <span style=\"font-size: small;\">sem-teto e nos locais de\u00a0 popula\u00e7\u00f5es dessasistidas.<\/span><\/p>\n<p>As necessidades\u00a0de recursos\u00a0ser\u00e1 consider\u00e1vel.\u00a0Esta atividade n\u00e3o ser\u00e1 iniciado at\u00e9 mar\u00e7o, ap\u00f3s\u00a0o cuidado m\u00e9dico das amputa\u00e7\u00f5es.\u00a0Handicap International vai produzir entre 300 e 400 pr\u00f3teses de emerg\u00eancia durante os primeiros seis meses.\u00a0Estes dispositivos tempor\u00e1rios ser\u00e1 substitu\u00eddo por uma pr\u00f3tese permanente.\u00a0O objectivo da associa\u00e7\u00e3o \u00e9 criar e coordenar uma capacidade de equipamentos de reabilita\u00e7\u00e3o e treinamento de pessoal, a longo prazo, no Haiti para garantir a sustentabilidade.<\/p>\n<p><span style=\"font-size: small;\">Tradu\u00e7\u00e3o livre por Dr. Jorge M\u00e1rcio Pereira de Andrade<\/span><\/p>\n<p><span style=\"font-size: small;\">Fonte: InfoAtivo DefNet<\/span><\/p>\n<p><span style=\"font-size: small;\"><a rel=\"nofollow noopener\" href=\"http:\/\/infoativodefnet.blogspot.com\/\" target=\"_blank\"><span style=\"text-decoration: underline;\"><span style=\"font-size: medium;\">http:\/\/infoativodef net.blogspot. com<\/span><\/span><\/a><\/span><\/p>\n","protected":false},"excerpt":{"rendered":"<p>A Equipe de Sa\u00fade da Handicap International no Haiti tem enfrentado um imenso n\u00famero de feridos e agora est\u00e1 avaliando o n\u00famero de amputados para mais de 2 000. A associa\u00e7\u00e3o solicita um plano de a\u00e7\u00e3o\u00a0que deve durar\u00a0v\u00e1rios anos. Para ajudar os muitos feridos, a Equipe de Sa\u00fade Handicap International tem atualmente\u00a0uma equipe de trinta [&hellip;]<\/p>\n","protected":false},"author":1,"featured_media":0,"comment_status":"open","ping_status":"open","sticky":false,"template":"","format":"standard","meta":{"site-container-style":"default","site-container-layout":"default","site-sidebar-layout":"default","disable-article-header":"default","disable-site-header":"default","disable-site-footer":"default","disable-content-area-spacing":"default","footnotes":""},"categories":[38,4],"tags":[],"class_list":["post-13587","post","type-post","status-publish","format-standard","hentry","category-deficiencia","category-noticias"],"yoast_head":"<!-- This site is optimized with the Yoast SEO plugin v27.4 - https:\/\/yoast.com\/product\/yoast-seo-wordpress\/ -->\n<title>Informa\u00e7\u00e3o: Handicap International do Haiti -<\/title>\n<meta name=\"robots\" content=\"index, follow, max-snippet:-1, max-image-preview:large, max-video-preview:-1\" \/>\n<link rel=\"canonical\" href=\"https:\/\/inclusivenews.com.br\/?p=13587\" \/>\n<meta property=\"og:locale\" content=\"pt_PT\" \/>\n<meta property=\"og:type\" content=\"article\" \/>\n<meta property=\"og:title\" content=\"Informa\u00e7\u00e3o: Handicap International do Haiti -\" \/>\n<meta property=\"og:description\" content=\"A Equipe de Sa\u00fade da Handicap International no Haiti tem enfrentado um imenso n\u00famero de feridos e agora est\u00e1 avaliando o n\u00famero de amputados para mais de 2 000. A associa\u00e7\u00e3o solicita um plano de a\u00e7\u00e3o\u00a0que deve durar\u00a0v\u00e1rios anos. Para ajudar os muitos feridos, a Equipe de Sa\u00fade Handicap International tem atualmente\u00a0uma equipe de trinta [&hellip;]\" \/>\n<meta property=\"og:url\" content=\"https:\/\/inclusivenews.com.br\/?p=13587\" \/>\n<meta property=\"article:publisher\" content=\"https:\/\/www.facebook.com\/agenciainclusive\/\" \/>\n<meta property=\"article:published_time\" content=\"2010-01-28T01:59:26+00:00\" \/>\n<meta property=\"og:image\" content=\"http:\/\/inclusivenews.com.br\/wp-content\/uploads\/2009\/12\/defnet.jpg\" \/>\n<meta name=\"author\" content=\"inclusivenews2024\" \/>\n<meta name=\"twitter:card\" content=\"summary_large_image\" \/>\n<meta name=\"twitter:label1\" content=\"Escrito por\" \/>\n\t<meta name=\"twitter:data1\" content=\"inclusivenews2024\" \/>\n\t<meta name=\"twitter:label2\" content=\"Tempo estimado de leitura\" \/>\n\t<meta name=\"twitter:data2\" content=\"3 minutos\" \/>\n<script type=\"application\/ld+json\" class=\"yoast-schema-graph\">{\"@context\":\"https:\\\/\\\/schema.org\",\"@graph\":[{\"@type\":\"Article\",\"@id\":\"https:\\\/\\\/inclusivenews.com.br\\\/?p=13587#article\",\"isPartOf\":{\"@id\":\"https:\\\/\\\/inclusivenews.com.br\\\/?p=13587\"},\"author\":{\"name\":\"inclusivenews2024\",\"@id\":\"https:\\\/\\\/inclusivenews.com.br\\\/#\\\/schema\\\/person\\\/ae4ec7087559b8692fb33b6fffd2273b\"},\"headline\":\"Informa\u00e7\u00e3o: Handicap International do Haiti\",\"datePublished\":\"2010-01-28T01:59:26+00:00\",\"mainEntityOfPage\":{\"@id\":\"https:\\\/\\\/inclusivenews.com.br\\\/?p=13587\"},\"wordCount\":529,\"commentCount\":0,\"publisher\":{\"@id\":\"https:\\\/\\\/inclusivenews.com.br\\\/#organization\"},\"image\":{\"@id\":\"https:\\\/\\\/inclusivenews.com.br\\\/?p=13587#primaryimage\"},\"thumbnailUrl\":\"http:\\\/\\\/inclusivenews.com.br\\\/wp-content\\\/uploads\\\/2009\\\/12\\\/defnet.jpg\",\"articleSection\":[\"Defici\u00eancia\",\"NOT\u00cdCIAS\"],\"inLanguage\":\"pt-PT\",\"potentialAction\":[{\"@type\":\"CommentAction\",\"name\":\"Comment\",\"target\":[\"https:\\\/\\\/inclusivenews.com.br\\\/?p=13587#respond\"]}]},{\"@type\":\"WebPage\",\"@id\":\"https:\\\/\\\/inclusivenews.com.br\\\/?p=13587\",\"url\":\"https:\\\/\\\/inclusivenews.com.br\\\/?p=13587\",\"name\":\"Informa\u00e7\u00e3o: Handicap International do Haiti -\",\"isPartOf\":{\"@id\":\"https:\\\/\\\/inclusivenews.com.br\\\/#website\"},\"primaryImageOfPage\":{\"@id\":\"https:\\\/\\\/inclusivenews.com.br\\\/?p=13587#primaryimage\"},\"image\":{\"@id\":\"https:\\\/\\\/inclusivenews.com.br\\\/?p=13587#primaryimage\"},\"thumbnailUrl\":\"http:\\\/\\\/inclusivenews.com.br\\\/wp-content\\\/uploads\\\/2009\\\/12\\\/defnet.jpg\",\"datePublished\":\"2010-01-28T01:59:26+00:00\",\"breadcrumb\":{\"@id\":\"https:\\\/\\\/inclusivenews.com.br\\\/?p=13587#breadcrumb\"},\"inLanguage\":\"pt-PT\",\"potentialAction\":[{\"@type\":\"ReadAction\",\"target\":[\"https:\\\/\\\/inclusivenews.com.br\\\/?p=13587\"]}]},{\"@type\":\"ImageObject\",\"inLanguage\":\"pt-PT\",\"@id\":\"https:\\\/\\\/inclusivenews.com.br\\\/?p=13587#primaryimage\",\"url\":\"\",\"contentUrl\":\"\"},{\"@type\":\"BreadcrumbList\",\"@id\":\"https:\\\/\\\/inclusivenews.com.br\\\/?p=13587#breadcrumb\",\"itemListElement\":[{\"@type\":\"ListItem\",\"position\":1,\"name\":\"In\u00edcio\",\"item\":\"https:\\\/\\\/inclusivenews.com.br\\\/\"},{\"@type\":\"ListItem\",\"position\":2,\"name\":\"Informa\u00e7\u00e3o: Handicap International do Haiti\"}]},{\"@type\":\"WebSite\",\"@id\":\"https:\\\/\\\/inclusivenews.com.br\\\/#website\",\"url\":\"https:\\\/\\\/inclusivenews.com.br\\\/\",\"name\":\"Inclusive News\",\"description\":\"Inclusive News\",\"publisher\":{\"@id\":\"https:\\\/\\\/inclusivenews.com.br\\\/#organization\"},\"potentialAction\":[{\"@type\":\"SearchAction\",\"target\":{\"@type\":\"EntryPoint\",\"urlTemplate\":\"https:\\\/\\\/inclusivenews.com.br\\\/?s={search_term_string}\"},\"query-input\":{\"@type\":\"PropertyValueSpecification\",\"valueRequired\":true,\"valueName\":\"search_term_string\"}}],\"inLanguage\":\"pt-PT\"},{\"@type\":\"Organization\",\"@id\":\"https:\\\/\\\/inclusivenews.com.br\\\/#organization\",\"name\":\"Inclusive - inclus\u00e3o e cidadania\",\"url\":\"https:\\\/\\\/inclusivenews.com.br\\\/\",\"logo\":{\"@type\":\"ImageObject\",\"inLanguage\":\"pt-PT\",\"@id\":\"https:\\\/\\\/inclusivenews.com.br\\\/#\\\/schema\\\/logo\\\/image\\\/\",\"url\":\"https:\\\/\\\/inclusivenews.com.br\\\/wp-content\\\/uploads\\\/2024\\\/03\\\/@grandesite.png\",\"contentUrl\":\"https:\\\/\\\/inclusivenews.com.br\\\/wp-content\\\/uploads\\\/2024\\\/03\\\/@grandesite.png\",\"width\":1080,\"height\":1080,\"caption\":\"Inclusive - inclus\u00e3o e cidadania\"},\"image\":{\"@id\":\"https:\\\/\\\/inclusivenews.com.br\\\/#\\\/schema\\\/logo\\\/image\\\/\"},\"sameAs\":[\"https:\\\/\\\/www.facebook.com\\\/agenciainclusive\\\/\",\"https:\\\/\\\/www.instagram.com\\\/newsinclusive\\\/\"]},{\"@type\":\"Person\",\"@id\":\"https:\\\/\\\/inclusivenews.com.br\\\/#\\\/schema\\\/person\\\/ae4ec7087559b8692fb33b6fffd2273b\",\"name\":\"inclusivenews2024\",\"image\":{\"@type\":\"ImageObject\",\"inLanguage\":\"pt-PT\",\"@id\":\"https:\\\/\\\/secure.gravatar.com\\\/avatar\\\/c5a7ef84c66fa914f55bc4f7ce26cfa275a3b9a1c5568b907bd184fb4dde7b40?s=96&d=mm&r=g\",\"url\":\"https:\\\/\\\/secure.gravatar.com\\\/avatar\\\/c5a7ef84c66fa914f55bc4f7ce26cfa275a3b9a1c5568b907bd184fb4dde7b40?s=96&d=mm&r=g\",\"contentUrl\":\"https:\\\/\\\/secure.gravatar.com\\\/avatar\\\/c5a7ef84c66fa914f55bc4f7ce26cfa275a3b9a1c5568b907bd184fb4dde7b40?s=96&d=mm&r=g\",\"caption\":\"inclusivenews2024\"},\"sameAs\":[\"https:\\\/\\\/inclusivenews.com.br\"],\"url\":\"https:\\\/\\\/inclusivenews.com.br\\\/?author=1\"}]}<\/script>\n<!-- \/ Yoast SEO plugin. -->","yoast_head_json":{"title":"Informa\u00e7\u00e3o: Handicap International do Haiti -","robots":{"index":"index","follow":"follow","max-snippet":"max-snippet:-1","max-image-preview":"max-image-preview:large","max-video-preview":"max-video-preview:-1"},"canonical":"https:\/\/inclusivenews.com.br\/?p=13587","og_locale":"pt_PT","og_type":"article","og_title":"Informa\u00e7\u00e3o: Handicap International do Haiti -","og_description":"A Equipe de Sa\u00fade da Handicap International no Haiti tem enfrentado um imenso n\u00famero de feridos e agora est\u00e1 avaliando o n\u00famero de amputados para mais de 2 000. A associa\u00e7\u00e3o solicita um plano de a\u00e7\u00e3o\u00a0que deve durar\u00a0v\u00e1rios anos. Para ajudar os muitos feridos, a Equipe de Sa\u00fade Handicap International tem atualmente\u00a0uma equipe de trinta [&hellip;]","og_url":"https:\/\/inclusivenews.com.br\/?p=13587","article_publisher":"https:\/\/www.facebook.com\/agenciainclusive\/","article_published_time":"2010-01-28T01:59:26+00:00","og_image":[{"url":"http:\/\/inclusivenews.com.br\/wp-content\/uploads\/2009\/12\/defnet.jpg","type":"","width":"","height":""}],"author":"inclusivenews2024","twitter_card":"summary_large_image","twitter_misc":{"Escrito por":"inclusivenews2024","Tempo estimado de leitura":"3 minutos"},"schema":{"@context":"https:\/\/schema.org","@graph":[{"@type":"Article","@id":"https:\/\/inclusivenews.com.br\/?p=13587#article","isPartOf":{"@id":"https:\/\/inclusivenews.com.br\/?p=13587"},"author":{"name":"inclusivenews2024","@id":"https:\/\/inclusivenews.com.br\/#\/schema\/person\/ae4ec7087559b8692fb33b6fffd2273b"},"headline":"Informa\u00e7\u00e3o: Handicap International do Haiti","datePublished":"2010-01-28T01:59:26+00:00","mainEntityOfPage":{"@id":"https:\/\/inclusivenews.com.br\/?p=13587"},"wordCount":529,"commentCount":0,"publisher":{"@id":"https:\/\/inclusivenews.com.br\/#organization"},"image":{"@id":"https:\/\/inclusivenews.com.br\/?p=13587#primaryimage"},"thumbnailUrl":"http:\/\/inclusivenews.com.br\/wp-content\/uploads\/2009\/12\/defnet.jpg","articleSection":["Defici\u00eancia","NOT\u00cdCIAS"],"inLanguage":"pt-PT","potentialAction":[{"@type":"CommentAction","name":"Comment","target":["https:\/\/inclusivenews.com.br\/?p=13587#respond"]}]},{"@type":"WebPage","@id":"https:\/\/inclusivenews.com.br\/?p=13587","url":"https:\/\/inclusivenews.com.br\/?p=13587","name":"Informa\u00e7\u00e3o: Handicap International do Haiti -","isPartOf":{"@id":"https:\/\/inclusivenews.com.br\/#website"},"primaryImageOfPage":{"@id":"https:\/\/inclusivenews.com.br\/?p=13587#primaryimage"},"image":{"@id":"https:\/\/inclusivenews.com.br\/?p=13587#primaryimage"},"thumbnailUrl":"http:\/\/inclusivenews.com.br\/wp-content\/uploads\/2009\/12\/defnet.jpg","datePublished":"2010-01-28T01:59:26+00:00","breadcrumb":{"@id":"https:\/\/inclusivenews.com.br\/?p=13587#breadcrumb"},"inLanguage":"pt-PT","potentialAction":[{"@type":"ReadAction","target":["https:\/\/inclusivenews.com.br\/?p=13587"]}]},{"@type":"ImageObject","inLanguage":"pt-PT","@id":"https:\/\/inclusivenews.com.br\/?p=13587#primaryimage","url":"","contentUrl":""},{"@type":"BreadcrumbList","@id":"https:\/\/inclusivenews.com.br\/?p=13587#breadcrumb","itemListElement":[{"@type":"ListItem","position":1,"name":"In\u00edcio","item":"https:\/\/inclusivenews.com.br\/"},{"@type":"ListItem","position":2,"name":"Informa\u00e7\u00e3o: Handicap International do Haiti"}]},{"@type":"WebSite","@id":"https:\/\/inclusivenews.com.br\/#website","url":"https:\/\/inclusivenews.com.br\/","name":"Inclusive News","description":"Inclusive News","publisher":{"@id":"https:\/\/inclusivenews.com.br\/#organization"},"potentialAction":[{"@type":"SearchAction","target":{"@type":"EntryPoint","urlTemplate":"https:\/\/inclusivenews.com.br\/?s={search_term_string}"},"query-input":{"@type":"PropertyValueSpecification","valueRequired":true,"valueName":"search_term_string"}}],"inLanguage":"pt-PT"},{"@type":"Organization","@id":"https:\/\/inclusivenews.com.br\/#organization","name":"Inclusive - inclus\u00e3o e cidadania","url":"https:\/\/inclusivenews.com.br\/","logo":{"@type":"ImageObject","inLanguage":"pt-PT","@id":"https:\/\/inclusivenews.com.br\/#\/schema\/logo\/image\/","url":"https:\/\/inclusivenews.com.br\/wp-content\/uploads\/2024\/03\/@grandesite.png","contentUrl":"https:\/\/inclusivenews.com.br\/wp-content\/uploads\/2024\/03\/@grandesite.png","width":1080,"height":1080,"caption":"Inclusive - inclus\u00e3o e cidadania"},"image":{"@id":"https:\/\/inclusivenews.com.br\/#\/schema\/logo\/image\/"},"sameAs":["https:\/\/www.facebook.com\/agenciainclusive\/","https:\/\/www.instagram.com\/newsinclusive\/"]},{"@type":"Person","@id":"https:\/\/inclusivenews.com.br\/#\/schema\/person\/ae4ec7087559b8692fb33b6fffd2273b","name":"inclusivenews2024","image":{"@type":"ImageObject","inLanguage":"pt-PT","@id":"https:\/\/secure.gravatar.com\/avatar\/c5a7ef84c66fa914f55bc4f7ce26cfa275a3b9a1c5568b907bd184fb4dde7b40?s=96&d=mm&r=g","url":"https:\/\/secure.gravatar.com\/avatar\/c5a7ef84c66fa914f55bc4f7ce26cfa275a3b9a1c5568b907bd184fb4dde7b40?s=96&d=mm&r=g","contentUrl":"https:\/\/secure.gravatar.com\/avatar\/c5a7ef84c66fa914f55bc4f7ce26cfa275a3b9a1c5568b907bd184fb4dde7b40?s=96&d=mm&r=g","caption":"inclusivenews2024"},"sameAs":["https:\/\/inclusivenews.com.br"],"url":"https:\/\/inclusivenews.com.br\/?author=1"}]}},"_links":{"self":[{"href":"https:\/\/inclusivenews.com.br\/index.php?rest_route=\/wp\/v2\/posts\/13587","targetHints":{"allow":["GET"]}}],"collection":[{"href":"https:\/\/inclusivenews.com.br\/index.php?rest_route=\/wp\/v2\/posts"}],"about":[{"href":"https:\/\/inclusivenews.com.br\/index.php?rest_route=\/wp\/v2\/types\/post"}],"author":[{"embeddable":true,"href":"https:\/\/inclusivenews.com.br\/index.php?rest_route=\/wp\/v2\/users\/1"}],"replies":[{"embeddable":true,"href":"https:\/\/inclusivenews.com.br\/index.php?rest_route=%2Fwp%2Fv2%2Fcomments&post=13587"}],"version-history":[{"count":0,"href":"https:\/\/inclusivenews.com.br\/index.php?rest_route=\/wp\/v2\/posts\/13587\/revisions"}],"wp:attachment":[{"href":"https:\/\/inclusivenews.com.br\/index.php?rest_route=%2Fwp%2Fv2%2Fmedia&parent=13587"}],"wp:term":[{"taxonomy":"category","embeddable":true,"href":"https:\/\/inclusivenews.com.br\/index.php?rest_route=%2Fwp%2Fv2%2Fcategories&post=13587"},{"taxonomy":"post_tag","embeddable":true,"href":"https:\/\/inclusivenews.com.br\/index.php?rest_route=%2Fwp%2Fv2%2Ftags&post=13587"}],"curies":[{"name":"wp","href":"https:\/\/api.w.org\/{rel}","templated":true}]}}