{"id":13612,"date":"2010-01-28T21:29:18","date_gmt":"2010-01-29T00:29:18","guid":{"rendered":"http:\/\/www.inclusive.org.br\/?p=13612"},"modified":"2010-01-28T21:29:18","modified_gmt":"2010-01-29T00:29:18","slug":"ufrj-e-credenciada-a-fazer-cirurgia-de-implante-para-surdez-pelo-sus","status":"publish","type":"post","link":"https:\/\/inclusivenews.com.br\/?p=13612","title":{"rendered":"UFRJ \u00e9 credenciada a fazer cirurgia de implante para surdez pelo SUS"},"content":{"rendered":"<p><img decoding=\"async\" src=\"http:\/\/www.olharvital.ufrj.br\/2006\/imagens\/edicoes\/204\/tira_saude.jpg\" border=\"0\" alt=\"\" width=\"200\" align=\"left\" \/><\/p>\n<p>No dia 18 de dezembro de 2009, o Hospital Universit\u00e1rio Clementino Fraga Filho (HUCFF) foi credenciado, pelo Sistema \u00danico de Sa\u00fade, a fazer a cirurgia de implante coclear, tamb\u00e9m conhecido como ouvido bi\u00f4nico. O hospital \u00e9 o \u00fanico lugar no estado do Rio de Janeiro a prestar tal servi\u00e7o. Agora, os pacientes n\u00e3o s\u00e3o mais obrigados a se deslocar a S\u00e3o Paulo para realizar a cirurgia.<\/p>\n<p>A professora Maria Isabel K\u00f3s, chefe do Servi\u00e7o de Fonoaudiologia do HUCFF e coordenadora do Programa de Sa\u00fade Auditiva, explica que o implante coclear permite aos surdos que a audi\u00e7\u00e3o seja quase que completamente restaurada. Para realizar o procedimento \u00e9 necess\u00e1rio que o problema se localize na c\u00f3clea, \u00f3rg\u00e3o do ouvido interno que transforma sons em impulsos el\u00e9tricos. Quase 99% das perdas auditivas enquadram-se neste caso, e podem ter causas variadas, como meningite e rub\u00e9ola, al\u00e9m de doen\u00e7as gen\u00e9ticas.<\/p>\n<p>O procedimento consiste em implantar eletrodos no ouvido interno, que far\u00e3o o papel da c\u00f3clea. Externamente, \u00e9 colocado um aparelho que capta os sons do ambiente e os manda, por uma antena, para a parte interna. O som produzido \u00e9 diferente do captado pelo ouvido normal, mas permite resultados muito al\u00e9m do aparelho de audi\u00e7\u00e3o convencional.<\/p>\n<p>\u201cO tratamento \u00e9 realizado em conjunto com o Servi\u00e7o de Otorrinolaringologia, coordenado pelo professor Shiro Tomita, e vai desde uma avalia\u00e7\u00e3o da perda auditiva, com a audiometria, at\u00e9 testes como a tomografia e a resson\u00e2ncia magn\u00e9tica. Antes da cirurgia, o paciente conversa com psic\u00f3logos e faz tamb\u00e9m uma avalia\u00e7\u00e3o de sa\u00fade para atestar a possibilidade de receber anestesia geral\u201d, explica a professora Maria Isabel. A ativa\u00e7\u00e3o do aparelho n\u00e3o \u00e9 feita logo ap\u00f3s a cirurgia, para que o corte possa cicatrizar. Depois de um m\u00eas ele \u00e9 ativado e o paciente deve fazer tratamento fonoaudiol\u00f3gico para aprender, ou reaprender, a ouvir.<\/p>\n<p>Ap\u00f3s a cirurgia, ele deve comparecer mensalmente ao hospital para a calibra\u00e7\u00e3o dos eletrodos. O tratamento todo \u00e9 custeado pelo SUS, que antes de credenciar o HUCFF concedia o transporte at\u00e9 S\u00e3o Paulo. Este era um tempo longo que trazia custos tanto para pacientes quanto para a prefeitura. Agora, com a possibilidade de tratamento no Hospital Universit\u00e1rio, mais pessoas podem ter esse benef\u00edcio.<\/p>\n<p>Nota Inclusive: A UFSC tamb\u00e9m em breve estar\u00e1 credenciada.<\/p>\n<p>Fonte: <a rel=\"nofollow noopener\" href=\"http:\/\/www.olharvital.ufrj.br\/2006\/index.php?id_edicao=204&amp;codigo=9\" target=\"_blank\">http:\/\/www.olharvital.ufrj.br\/2006\/index.php?id_edicao=204&amp;codigo=9<\/a><\/p>\n","protected":false},"excerpt":{"rendered":"<p>O hospital \u00e9 o \u00fanico lugar no estado do Rio de Janeiro a prestar tal servi\u00e7o. Agora, os pacientes n\u00e3o s\u00e3o mais obrigados a se deslocar a S\u00e3o Paulo para realizar a cirurgia.<\/p>\n","protected":false},"author":1,"featured_media":0,"comment_status":"open","ping_status":"open","sticky":false,"template":"","format":"standard","meta":{"site-container-style":"default","site-container-layout":"default","site-sidebar-layout":"default","disable-article-header":"default","disable-site-header":"default","disable-site-footer":"default","disable-content-area-spacing":"default","footnotes":""},"categories":[4],"tags":[],"class_list":["post-13612","post","type-post","status-publish","format-standard","hentry","category-noticias"],"yoast_head":"<!-- This site is optimized with the Yoast SEO plugin v27.4 - https:\/\/yoast.com\/product\/yoast-seo-wordpress\/ -->\n<title>UFRJ \u00e9 credenciada a fazer cirurgia de implante para surdez pelo SUS -<\/title>\n<meta name=\"robots\" content=\"index, follow, max-snippet:-1, max-image-preview:large, max-video-preview:-1\" \/>\n<link rel=\"canonical\" href=\"https:\/\/inclusivenews.com.br\/?p=13612\" \/>\n<meta property=\"og:locale\" content=\"pt_PT\" \/>\n<meta property=\"og:type\" content=\"article\" \/>\n<meta property=\"og:title\" content=\"UFRJ \u00e9 credenciada a fazer cirurgia de implante para surdez pelo SUS -\" \/>\n<meta property=\"og:description\" content=\"O hospital \u00e9 o \u00fanico lugar no estado do Rio de Janeiro a prestar tal servi\u00e7o. Agora, os pacientes n\u00e3o s\u00e3o mais obrigados a se deslocar a S\u00e3o Paulo para realizar a cirurgia.\" \/>\n<meta property=\"og:url\" content=\"https:\/\/inclusivenews.com.br\/?p=13612\" \/>\n<meta property=\"article:publisher\" content=\"https:\/\/www.facebook.com\/agenciainclusive\/\" \/>\n<meta property=\"article:published_time\" content=\"2010-01-29T00:29:18+00:00\" \/>\n<meta property=\"og:image\" content=\"http:\/\/www.olharvital.ufrj.br\/2006\/imagens\/edicoes\/204\/tira_saude.jpg\" \/>\n<meta name=\"author\" content=\"inclusivenews2024\" \/>\n<meta name=\"twitter:card\" content=\"summary_large_image\" \/>\n<meta name=\"twitter:label1\" content=\"Escrito por\" \/>\n\t<meta name=\"twitter:data1\" content=\"inclusivenews2024\" \/>\n\t<meta name=\"twitter:label2\" content=\"Tempo estimado de leitura\" \/>\n\t<meta name=\"twitter:data2\" content=\"2 minutos\" \/>\n<script type=\"application\/ld+json\" class=\"yoast-schema-graph\">{\"@context\":\"https:\\\/\\\/schema.org\",\"@graph\":[{\"@type\":\"Article\",\"@id\":\"https:\\\/\\\/inclusivenews.com.br\\\/?p=13612#article\",\"isPartOf\":{\"@id\":\"https:\\\/\\\/inclusivenews.com.br\\\/?p=13612\"},\"author\":{\"name\":\"inclusivenews2024\",\"@id\":\"https:\\\/\\\/inclusivenews.com.br\\\/#\\\/schema\\\/person\\\/ae4ec7087559b8692fb33b6fffd2273b\"},\"headline\":\"UFRJ \u00e9 credenciada a fazer cirurgia de implante para surdez pelo SUS\",\"datePublished\":\"2010-01-29T00:29:18+00:00\",\"mainEntityOfPage\":{\"@id\":\"https:\\\/\\\/inclusivenews.com.br\\\/?p=13612\"},\"wordCount\":429,\"commentCount\":3,\"publisher\":{\"@id\":\"https:\\\/\\\/inclusivenews.com.br\\\/#organization\"},\"image\":{\"@id\":\"https:\\\/\\\/inclusivenews.com.br\\\/?p=13612#primaryimage\"},\"thumbnailUrl\":\"http:\\\/\\\/www.olharvital.ufrj.br\\\/2006\\\/imagens\\\/edicoes\\\/204\\\/tira_saude.jpg\",\"articleSection\":[\"NOT\u00cdCIAS\"],\"inLanguage\":\"pt-PT\",\"potentialAction\":[{\"@type\":\"CommentAction\",\"name\":\"Comment\",\"target\":[\"https:\\\/\\\/inclusivenews.com.br\\\/?p=13612#respond\"]}]},{\"@type\":\"WebPage\",\"@id\":\"https:\\\/\\\/inclusivenews.com.br\\\/?p=13612\",\"url\":\"https:\\\/\\\/inclusivenews.com.br\\\/?p=13612\",\"name\":\"UFRJ \u00e9 credenciada a fazer cirurgia de implante para surdez pelo SUS -\",\"isPartOf\":{\"@id\":\"https:\\\/\\\/inclusivenews.com.br\\\/#website\"},\"primaryImageOfPage\":{\"@id\":\"https:\\\/\\\/inclusivenews.com.br\\\/?p=13612#primaryimage\"},\"image\":{\"@id\":\"https:\\\/\\\/inclusivenews.com.br\\\/?p=13612#primaryimage\"},\"thumbnailUrl\":\"http:\\\/\\\/www.olharvital.ufrj.br\\\/2006\\\/imagens\\\/edicoes\\\/204\\\/tira_saude.jpg\",\"datePublished\":\"2010-01-29T00:29:18+00:00\",\"breadcrumb\":{\"@id\":\"https:\\\/\\\/inclusivenews.com.br\\\/?p=13612#breadcrumb\"},\"inLanguage\":\"pt-PT\",\"potentialAction\":[{\"@type\":\"ReadAction\",\"target\":[\"https:\\\/\\\/inclusivenews.com.br\\\/?p=13612\"]}]},{\"@type\":\"ImageObject\",\"inLanguage\":\"pt-PT\",\"@id\":\"https:\\\/\\\/inclusivenews.com.br\\\/?p=13612#primaryimage\",\"url\":\"http:\\\/\\\/www.olharvital.ufrj.br\\\/2006\\\/imagens\\\/edicoes\\\/204\\\/tira_saude.jpg\",\"contentUrl\":\"http:\\\/\\\/www.olharvital.ufrj.br\\\/2006\\\/imagens\\\/edicoes\\\/204\\\/tira_saude.jpg\"},{\"@type\":\"BreadcrumbList\",\"@id\":\"https:\\\/\\\/inclusivenews.com.br\\\/?p=13612#breadcrumb\",\"itemListElement\":[{\"@type\":\"ListItem\",\"position\":1,\"name\":\"In\u00edcio\",\"item\":\"https:\\\/\\\/inclusivenews.com.br\\\/\"},{\"@type\":\"ListItem\",\"position\":2,\"name\":\"UFRJ \u00e9 credenciada a fazer cirurgia de implante para surdez pelo SUS\"}]},{\"@type\":\"WebSite\",\"@id\":\"https:\\\/\\\/inclusivenews.com.br\\\/#website\",\"url\":\"https:\\\/\\\/inclusivenews.com.br\\\/\",\"name\":\"Inclusive News\",\"description\":\"Inclusive News\",\"publisher\":{\"@id\":\"https:\\\/\\\/inclusivenews.com.br\\\/#organization\"},\"potentialAction\":[{\"@type\":\"SearchAction\",\"target\":{\"@type\":\"EntryPoint\",\"urlTemplate\":\"https:\\\/\\\/inclusivenews.com.br\\\/?s={search_term_string}\"},\"query-input\":{\"@type\":\"PropertyValueSpecification\",\"valueRequired\":true,\"valueName\":\"search_term_string\"}}],\"inLanguage\":\"pt-PT\"},{\"@type\":\"Organization\",\"@id\":\"https:\\\/\\\/inclusivenews.com.br\\\/#organization\",\"name\":\"Inclusive - inclus\u00e3o e cidadania\",\"url\":\"https:\\\/\\\/inclusivenews.com.br\\\/\",\"logo\":{\"@type\":\"ImageObject\",\"inLanguage\":\"pt-PT\",\"@id\":\"https:\\\/\\\/inclusivenews.com.br\\\/#\\\/schema\\\/logo\\\/image\\\/\",\"url\":\"https:\\\/\\\/inclusivenews.com.br\\\/wp-content\\\/uploads\\\/2024\\\/03\\\/@grandesite.png\",\"contentUrl\":\"https:\\\/\\\/inclusivenews.com.br\\\/wp-content\\\/uploads\\\/2024\\\/03\\\/@grandesite.png\",\"width\":1080,\"height\":1080,\"caption\":\"Inclusive - inclus\u00e3o e cidadania\"},\"image\":{\"@id\":\"https:\\\/\\\/inclusivenews.com.br\\\/#\\\/schema\\\/logo\\\/image\\\/\"},\"sameAs\":[\"https:\\\/\\\/www.facebook.com\\\/agenciainclusive\\\/\",\"https:\\\/\\\/www.instagram.com\\\/newsinclusive\\\/\"]},{\"@type\":\"Person\",\"@id\":\"https:\\\/\\\/inclusivenews.com.br\\\/#\\\/schema\\\/person\\\/ae4ec7087559b8692fb33b6fffd2273b\",\"name\":\"inclusivenews2024\",\"image\":{\"@type\":\"ImageObject\",\"inLanguage\":\"pt-PT\",\"@id\":\"https:\\\/\\\/secure.gravatar.com\\\/avatar\\\/c5a7ef84c66fa914f55bc4f7ce26cfa275a3b9a1c5568b907bd184fb4dde7b40?s=96&d=mm&r=g\",\"url\":\"https:\\\/\\\/secure.gravatar.com\\\/avatar\\\/c5a7ef84c66fa914f55bc4f7ce26cfa275a3b9a1c5568b907bd184fb4dde7b40?s=96&d=mm&r=g\",\"contentUrl\":\"https:\\\/\\\/secure.gravatar.com\\\/avatar\\\/c5a7ef84c66fa914f55bc4f7ce26cfa275a3b9a1c5568b907bd184fb4dde7b40?s=96&d=mm&r=g\",\"caption\":\"inclusivenews2024\"},\"sameAs\":[\"https:\\\/\\\/inclusivenews.com.br\"],\"url\":\"https:\\\/\\\/inclusivenews.com.br\\\/?author=1\"}]}<\/script>\n<!-- \/ Yoast SEO plugin. -->","yoast_head_json":{"title":"UFRJ \u00e9 credenciada a fazer cirurgia de implante para surdez pelo SUS -","robots":{"index":"index","follow":"follow","max-snippet":"max-snippet:-1","max-image-preview":"max-image-preview:large","max-video-preview":"max-video-preview:-1"},"canonical":"https:\/\/inclusivenews.com.br\/?p=13612","og_locale":"pt_PT","og_type":"article","og_title":"UFRJ \u00e9 credenciada a fazer cirurgia de implante para surdez pelo SUS -","og_description":"O hospital \u00e9 o \u00fanico lugar no estado do Rio de Janeiro a prestar tal servi\u00e7o. Agora, os pacientes n\u00e3o s\u00e3o mais obrigados a se deslocar a S\u00e3o Paulo para realizar a cirurgia.","og_url":"https:\/\/inclusivenews.com.br\/?p=13612","article_publisher":"https:\/\/www.facebook.com\/agenciainclusive\/","article_published_time":"2010-01-29T00:29:18+00:00","og_image":[{"url":"http:\/\/www.olharvital.ufrj.br\/2006\/imagens\/edicoes\/204\/tira_saude.jpg","type":"","width":"","height":""}],"author":"inclusivenews2024","twitter_card":"summary_large_image","twitter_misc":{"Escrito por":"inclusivenews2024","Tempo estimado de leitura":"2 minutos"},"schema":{"@context":"https:\/\/schema.org","@graph":[{"@type":"Article","@id":"https:\/\/inclusivenews.com.br\/?p=13612#article","isPartOf":{"@id":"https:\/\/inclusivenews.com.br\/?p=13612"},"author":{"name":"inclusivenews2024","@id":"https:\/\/inclusivenews.com.br\/#\/schema\/person\/ae4ec7087559b8692fb33b6fffd2273b"},"headline":"UFRJ \u00e9 credenciada a fazer cirurgia de implante para surdez pelo SUS","datePublished":"2010-01-29T00:29:18+00:00","mainEntityOfPage":{"@id":"https:\/\/inclusivenews.com.br\/?p=13612"},"wordCount":429,"commentCount":3,"publisher":{"@id":"https:\/\/inclusivenews.com.br\/#organization"},"image":{"@id":"https:\/\/inclusivenews.com.br\/?p=13612#primaryimage"},"thumbnailUrl":"http:\/\/www.olharvital.ufrj.br\/2006\/imagens\/edicoes\/204\/tira_saude.jpg","articleSection":["NOT\u00cdCIAS"],"inLanguage":"pt-PT","potentialAction":[{"@type":"CommentAction","name":"Comment","target":["https:\/\/inclusivenews.com.br\/?p=13612#respond"]}]},{"@type":"WebPage","@id":"https:\/\/inclusivenews.com.br\/?p=13612","url":"https:\/\/inclusivenews.com.br\/?p=13612","name":"UFRJ \u00e9 credenciada a fazer cirurgia de implante para surdez pelo SUS -","isPartOf":{"@id":"https:\/\/inclusivenews.com.br\/#website"},"primaryImageOfPage":{"@id":"https:\/\/inclusivenews.com.br\/?p=13612#primaryimage"},"image":{"@id":"https:\/\/inclusivenews.com.br\/?p=13612#primaryimage"},"thumbnailUrl":"http:\/\/www.olharvital.ufrj.br\/2006\/imagens\/edicoes\/204\/tira_saude.jpg","datePublished":"2010-01-29T00:29:18+00:00","breadcrumb":{"@id":"https:\/\/inclusivenews.com.br\/?p=13612#breadcrumb"},"inLanguage":"pt-PT","potentialAction":[{"@type":"ReadAction","target":["https:\/\/inclusivenews.com.br\/?p=13612"]}]},{"@type":"ImageObject","inLanguage":"pt-PT","@id":"https:\/\/inclusivenews.com.br\/?p=13612#primaryimage","url":"http:\/\/www.olharvital.ufrj.br\/2006\/imagens\/edicoes\/204\/tira_saude.jpg","contentUrl":"http:\/\/www.olharvital.ufrj.br\/2006\/imagens\/edicoes\/204\/tira_saude.jpg"},{"@type":"BreadcrumbList","@id":"https:\/\/inclusivenews.com.br\/?p=13612#breadcrumb","itemListElement":[{"@type":"ListItem","position":1,"name":"In\u00edcio","item":"https:\/\/inclusivenews.com.br\/"},{"@type":"ListItem","position":2,"name":"UFRJ \u00e9 credenciada a fazer cirurgia de implante para surdez pelo SUS"}]},{"@type":"WebSite","@id":"https:\/\/inclusivenews.com.br\/#website","url":"https:\/\/inclusivenews.com.br\/","name":"Inclusive News","description":"Inclusive News","publisher":{"@id":"https:\/\/inclusivenews.com.br\/#organization"},"potentialAction":[{"@type":"SearchAction","target":{"@type":"EntryPoint","urlTemplate":"https:\/\/inclusivenews.com.br\/?s={search_term_string}"},"query-input":{"@type":"PropertyValueSpecification","valueRequired":true,"valueName":"search_term_string"}}],"inLanguage":"pt-PT"},{"@type":"Organization","@id":"https:\/\/inclusivenews.com.br\/#organization","name":"Inclusive - inclus\u00e3o e cidadania","url":"https:\/\/inclusivenews.com.br\/","logo":{"@type":"ImageObject","inLanguage":"pt-PT","@id":"https:\/\/inclusivenews.com.br\/#\/schema\/logo\/image\/","url":"https:\/\/inclusivenews.com.br\/wp-content\/uploads\/2024\/03\/@grandesite.png","contentUrl":"https:\/\/inclusivenews.com.br\/wp-content\/uploads\/2024\/03\/@grandesite.png","width":1080,"height":1080,"caption":"Inclusive - inclus\u00e3o e cidadania"},"image":{"@id":"https:\/\/inclusivenews.com.br\/#\/schema\/logo\/image\/"},"sameAs":["https:\/\/www.facebook.com\/agenciainclusive\/","https:\/\/www.instagram.com\/newsinclusive\/"]},{"@type":"Person","@id":"https:\/\/inclusivenews.com.br\/#\/schema\/person\/ae4ec7087559b8692fb33b6fffd2273b","name":"inclusivenews2024","image":{"@type":"ImageObject","inLanguage":"pt-PT","@id":"https:\/\/secure.gravatar.com\/avatar\/c5a7ef84c66fa914f55bc4f7ce26cfa275a3b9a1c5568b907bd184fb4dde7b40?s=96&d=mm&r=g","url":"https:\/\/secure.gravatar.com\/avatar\/c5a7ef84c66fa914f55bc4f7ce26cfa275a3b9a1c5568b907bd184fb4dde7b40?s=96&d=mm&r=g","contentUrl":"https:\/\/secure.gravatar.com\/avatar\/c5a7ef84c66fa914f55bc4f7ce26cfa275a3b9a1c5568b907bd184fb4dde7b40?s=96&d=mm&r=g","caption":"inclusivenews2024"},"sameAs":["https:\/\/inclusivenews.com.br"],"url":"https:\/\/inclusivenews.com.br\/?author=1"}]}},"_links":{"self":[{"href":"https:\/\/inclusivenews.com.br\/index.php?rest_route=\/wp\/v2\/posts\/13612","targetHints":{"allow":["GET"]}}],"collection":[{"href":"https:\/\/inclusivenews.com.br\/index.php?rest_route=\/wp\/v2\/posts"}],"about":[{"href":"https:\/\/inclusivenews.com.br\/index.php?rest_route=\/wp\/v2\/types\/post"}],"author":[{"embeddable":true,"href":"https:\/\/inclusivenews.com.br\/index.php?rest_route=\/wp\/v2\/users\/1"}],"replies":[{"embeddable":true,"href":"https:\/\/inclusivenews.com.br\/index.php?rest_route=%2Fwp%2Fv2%2Fcomments&post=13612"}],"version-history":[{"count":0,"href":"https:\/\/inclusivenews.com.br\/index.php?rest_route=\/wp\/v2\/posts\/13612\/revisions"}],"wp:attachment":[{"href":"https:\/\/inclusivenews.com.br\/index.php?rest_route=%2Fwp%2Fv2%2Fmedia&parent=13612"}],"wp:term":[{"taxonomy":"category","embeddable":true,"href":"https:\/\/inclusivenews.com.br\/index.php?rest_route=%2Fwp%2Fv2%2Fcategories&post=13612"},{"taxonomy":"post_tag","embeddable":true,"href":"https:\/\/inclusivenews.com.br\/index.php?rest_route=%2Fwp%2Fv2%2Ftags&post=13612"}],"curies":[{"name":"wp","href":"https:\/\/api.w.org\/{rel}","templated":true}]}}