{"id":13615,"date":"2010-01-28T21:44:54","date_gmt":"2010-01-29T00:44:54","guid":{"rendered":"http:\/\/www.inclusive.org.br\/?p=13615"},"modified":"2010-01-28T21:44:54","modified_gmt":"2010-01-29T00:44:54","slug":"conferencia-nacional-de-cultura-a-diversidade-na-midia-em-pauta","status":"publish","type":"post","link":"https:\/\/inclusivenews.com.br\/?p=13615","title":{"rendered":"Confer\u00eancia Nacional de Cultura &#8211; A diversidade na m\u00eddia em pauta"},"content":{"rendered":"<p><a href=\"http:\/\/www.inclusivenews.com.br\/wp-content\/uploads\/2010\/01\/imprensa.gif\"><img loading=\"lazy\" decoding=\"async\" class=\"alignnone size-full wp-image-13616\" title=\"imprensa\" src=\"http:\/\/inclusivenews.com.br\/wp-content\/uploads\/2010\/01\/imprensa.gif\" alt=\"\" width=\"335\" height=\"46\" \/><\/a>Por Mariana Martins<\/p>\n<p>Reproduzido do Observat\u00f3rio do Direito \u00e0 Comunica\u00e7\u00e3o, 27\/1\/2010; t\u00edtulo original &#8220;Confer\u00eancia Nacional de Cultura pede diversidade na m\u00eddia&#8221;<br \/>\n\u00a0<br \/>\nFoco de mais um ataque das maiores empresas de comunica\u00e7\u00e3o do Brasil, a 2\u00aa Confer\u00eancia Nacional de Cultura (CNC), marcada para acontecer de 11 a 14 de mar\u00e7o, em Bras\u00edlia, segue na reta final dos seus preparativos. Dentre os pontos importantes da pauta da CNC est\u00e1 a associa\u00e7\u00e3o entre as pol\u00edticas de comunica\u00e7\u00e3o e cultura. Esta diretriz est\u00e1 expressa no texto base da confer\u00eancia, que traz cr\u00edticas ao monop\u00f3lio das comunica\u00e7\u00f5es e \u00e0 falta de regulamenta\u00e7\u00e3o do cap\u00edtulo da comunica\u00e7\u00e3o na Constitui\u00e7\u00e3o Federal, mais especificamente os artigos que dizem respeito \u00e0 regionaliza\u00e7\u00e3o e produ\u00e7\u00e3o de conte\u00fado.<\/p>\n<p>Foram exatamente as interse\u00e7\u00f5es entre comunica\u00e7\u00e3o e cultura e a parte do documento que trata deste ponto que fez com que, na ter\u00e7a-feira (19\/1), a Associa\u00e7\u00e3o Brasileira de Emissoras de R\u00e1dio e TV (Abert) lan\u00e7asse nota criticando o texto base da II CNC. A rea\u00e7\u00e3o das associa\u00e7\u00f5es empresariais, por meio de notas e de mat\u00e9rias nos principais ve\u00edculos a elas vinculados, se d\u00e1 quase seis meses ap\u00f3s a divulga\u00e7\u00e3o do texto base, que est\u00e1 dispon\u00edvel desde agosto na p\u00e1gina do Minist\u00e9rio da Cultura (Minc), \u00f3rg\u00e3o respons\u00e1vel pela organiza\u00e7\u00e3o da confer\u00eancia.<\/p>\n<p>De acordo com a interpreta\u00e7\u00e3o feita pela Abert, que credita ao documento uma previs\u00e3o de controle dos meios de comunica\u00e7\u00e3o, &#8220;o texto base da II CNC representa uma amea\u00e7a \u00e0 liberdade de express\u00e3o&#8221;. Al\u00e9m da nota da Abert, os jornais O Estado de S. Paulo e O Globo (&#8220;Ideia fixa&#8221;) lan\u00e7aram editoriais e mat\u00e9rias referindo-se \u00e0 confer\u00eancia como um atentado \u00e0 liberdade de express\u00e3o, al\u00e9m de entrevistas questionando o formato e a representatividade de confer\u00eancias sobre quaisquer tem\u00e1ticas.<\/p>\n<p>&#8220;Controle social&#8221;<\/p>\n<p>O Estado de S. Paulo, em seu editorial (&#8220;Nova investida contra a democracia&#8221;), referiu-se \u00e0 2\u00aa CNC como &#8220;mais um ataque \u00e0 liberdade de informa\u00e7\u00e3o e de opini\u00e3o, preparado n\u00e3o por skinheads ou outros grupos de arruaceiros, mas por bandos igualmente antidemocr\u00e1ticos, patrocinados e coordenados pelo governo do presidente Luiz In\u00e1cio Lula da Silva&#8221;. E completou: &#8220;O texto-base da confer\u00eancia poderia figurar num museu de teratologia pol\u00edtica, como exemplo do alcance da estupidez humana.&#8221;<\/p>\n<p>Apesar de concordar com a avalia\u00e7\u00e3o de que com o monop\u00f3lio das comunica\u00e7\u00f5es n\u00e3o h\u00e1 democracia, o editorial do Estad\u00e3o afirma que &#8220;n\u00e3o existe esse monop\u00f3lio no Brasil nem nas verdadeiras democracias&#8221;. O jornal do Grupo Estado d\u00e1 a entender que afirmar que a comunica\u00e7\u00e3o \u00e9 monopolizada no Brasil \u00e9 uma desculpa &#8220;dos companheiros do presidente Lula, entre eles alguns de seus ministros&#8221; para impor a censura no pa\u00eds.<\/p>\n<p>J\u00e1 O Globo registrou sua opini\u00e3o em mat\u00e9ria assinada pela jornalista Martha Beck, segundo a qual &#8220;o governo Lula n\u00e3o desistiu de aprovar algum tipo de controle de conte\u00fado dos meios de comunica\u00e7\u00e3o no Brasil, como aconteceu recentemente na Argentina e na Venezuela&#8221;. A mat\u00e9ria deixa claro que a CNC somou-se ao rol alvos recentes da grande imprensa formado pela Confer\u00eancia Nacional de Comunica\u00e7\u00e3o e o 3\u00ba Programa Nacional de Direitos Humanos. &#8220;Depois da discuss\u00e3o do tema na Confer\u00eancia Nacional de Comunica\u00e7\u00e3o (Confecom) e da criticada abordagem no Programa Nacional de Direitos Humanos, o governo agora prepara uma nova investida para estabelecer o `controle social\u00b4 dos meios de comunica\u00e7\u00e3o. A II Confer\u00eancia Nacional de Cultura promete trazer \u00e0 tona, mais uma vez, o debate sobre liberdade dos meios de comunica\u00e7\u00e3o no pa\u00eds&#8221;, registra o jornal das Organiza\u00e7\u00f5es Globo.<\/p>\n<p>Papel educativo<\/p>\n<p>Jo\u00e3ozinho Ribeiro, secret\u00e1rio executivo da 2\u00aa Confer\u00eancia Nacional de Cultura, defende o texto base lembrando que a confer\u00eancia de cultura \u00e9 bem maior que esta quest\u00e3o do monop\u00f3lio dos meios de comunica\u00e7\u00e3o. &#8220;O nosso tema \u00e9 `Cultura, diversidade, cidadania e desenvolvimento\u00b4 e, com essa abrang\u00eancia, n\u00e3o tinha como deixar de se discutir a cultura como um direito fundamental e isso tem uma liga\u00e7\u00e3o muito forte com o direito \u00e0 informa\u00e7\u00e3o, que tamb\u00e9m \u00e9 muito importante&#8221;, afirma.<\/p>\n<p>O secret\u00e1rio lembra tamb\u00e9m que o texto base da 2\u00aa Confer\u00eancia Nacional de Cultura foi elaborado pelo Minist\u00e9rio da Cultura, mas foi apreciado e aprovado pelo Conselho Nacional de Pol\u00edticas para Cultura. &#8220;Tanto o texto base quanto o regimento interno da 2\u00aa CNC foram aprovados pelo Conselho Nacional de Pol\u00edticas para Cultura. Inclusive, esse sub-eixo da comunica\u00e7\u00e3o foi inserido pelo conselho. A discuss\u00e3o estava presente, mas n\u00e3o como um sub-eixo espec\u00edfico&#8221;, relata Jo\u00e3ozinho.<\/p>\n<p>Uma semana antes da nota publicada pela Abert contra o texto base da CNC, a associa\u00e7\u00e3o e tamb\u00e9m jornais da m\u00eddia tradicional, al\u00e9m da Rede Globo, fizeram cr\u00edticas semelhantes ao 3\u00ba Programa Nacional de Direitos Humanos (PNDH3). O PNDH3 tamb\u00e9m questiona a falta de controle da sociedade sobre o conte\u00fado audiovisual produzido por emissoras de r\u00e1dio e TV, que muitas vezes desvirtuam os princ\u00edpios constitucionais, deixando de cumprir seu papel educativo e passando a atuar como violadores de direitos humanos.<\/p>\n<p>A comunica\u00e7\u00e3o na 2\u00aa CNC<\/p>\n<p>As quest\u00f5es que tratam das comunica\u00e7\u00f5es est\u00e3o inseridas no 1\u00ba eixo tem\u00e1tico do Texto Base da 2\u00aa Confer\u00eancia Nacional de Cultura, intitulado &#8220;Produ\u00e7\u00e3o Simb\u00f3lica e Diversidade Cultural&#8221;. Dentro desse eixo, existem quatro pontos e, dentre eles, o de &#8220;Cultura, Comunica\u00e7\u00e3o e Democracia&#8221;. Vale ressaltar que, antes de chegar aos eixos, o documento fala da vis\u00e3o que o Minist\u00e9rio da Cultura (MinC), \u00f3rg\u00e3o respons\u00e1vel pela convoca\u00e7\u00e3o dessa confer\u00eancia, adotou para trabalhar as pol\u00edticas de cultura do pa\u00eds.<\/p>\n<p>Primeiramente o texto diz que a cultura, desde a gest\u00e3o do ex-ministro Gilberto Gil \u2013 empossado pelo presidente Luiz In\u00e1cio Lula da Silva em 2002 \u2013 \u00e9 vista pelo MinC a partir de tr\u00eas dimens\u00f5es: a simb\u00f3lica, a cidad\u00e3 e a econ\u00f4mica. O texto diz ainda que &#8220;os direitos culturais s\u00e3o direitos humanos e devem constituir-se como plataforma de sustenta\u00e7\u00e3o das pol\u00edticas culturais&#8221;. Mais adiante, o documento ressalta que a cultura \u00e9 um elemento estrat\u00e9gico da nova economia, que se baseia na informa\u00e7\u00e3o, na criatividade e no conhecimento.<\/p>\n<p>Ao iniciar o \u00fanico ponto do texto em que fala da comunica\u00e7\u00e3o, o documento faz a seguinte contextualiza\u00e7\u00e3o:<\/p>\n<p>&#8220;As atividades relacionadas \u00e0 informa\u00e7\u00e3o est\u00e3o adquirindo import\u00e2ncia crescente no mundo atual. A produ\u00e7\u00e3o, difus\u00e3o e acesso \u00e0s informa\u00e7\u00f5es s\u00e3o requisitos b\u00e1sicos para o exerc\u00edcio das liberdades civis, pol\u00edticas, econ\u00f4micas, sociais e culturais. O monop\u00f3lio dos meios de comunica\u00e7\u00e3o (m\u00eddias) representa uma amea\u00e7a \u00e0 democracia e aos direitos humanos, principalmente no Brasil, onde a televis\u00e3o e o r\u00e1dio s\u00e3o os equipamentos de produ\u00e7\u00e3o e distribui\u00e7\u00e3o de bens simb\u00f3licos mais disseminados, e por isso cumprem fun\u00e7\u00e3o relevante na vida cultural.&#8221;<\/p>\n<p>Mais adiante o texto fala da integra\u00e7\u00e3o entre cultura e comunica\u00e7\u00e3o. &#8220;T\u00e3o necess\u00e1rio quanto reatar o v\u00ednculo entre cultura e educa\u00e7\u00e3o \u00e9 integrar as pol\u00edticas culturais e de comunica\u00e7\u00e3o&#8221;, aponta o documento.<\/p>\n<p>A segunda parte deste trecho do texto base aponta a necessidade de se regulamentar o cap\u00edtulo &#8220;Da Comunica\u00e7\u00e3o Social&#8221; da Constitui\u00e7\u00e3o Federal. Este cap\u00edtulo, dentre outras coisas, prev\u00ea que sejam estabelecidas regras para que se promova a regionaliza\u00e7\u00e3o e a veicula\u00e7\u00e3o de produ\u00e7\u00e3o independente, o que pode ser claramente entendido como o estabelecimento de cotas a serem respeitadas pelos concession\u00e1rios de r\u00e1dio e TV.<\/p>\n<p>Os f\u00f3runs de cultura e de comunica\u00e7\u00e3o, diz ainda o documento,&#8230;<\/p>\n<p>&#8220;&#8230;devem unir-se na luta pela regulamenta\u00e7\u00e3o dos artigos da CF\/88 relativos ao tema. Entre eles o que obriga as emissoras de r\u00e1dio e televis\u00e3o a adaptar sua programa\u00e7\u00e3o ao princ\u00edpio da regionaliza\u00e7\u00e3o da produ\u00e7\u00e3o cultural, art\u00edstica e jornal\u00edstica, bem como o que estabelece a prefer\u00eancia que deve ser dada \u00e0s finalidades educativas, art\u00edsticas, culturais e informativas, \u00e0 promo\u00e7\u00e3o da cultura nacional e regional e \u00e0 produ\u00e7\u00e3o independente (art. 221)&#8221;.<\/p>\n<p>Justamente este trecho sobre a regulamenta\u00e7\u00e3o da Constitui\u00e7\u00e3o \u00e9 que, ao lado do primeiro par\u00e1grafo que acusa o fato de a forma\u00e7\u00e3o de monop\u00f3lios na comunica\u00e7\u00e3o de ser uma amea\u00e7a a democracia, serviu de mote para a rea\u00e7\u00e3o dos empres\u00e1rios de m\u00eddia. Na l\u00f3gica empresarial, estabelecer normas para o setor da comunica\u00e7\u00e3o e fazer com que sejam cumpridas deve ser considerado como censura, mesmo que estas normas sejam obriga\u00e7\u00f5es constitucionais previstas para concession\u00e1rios de um servi\u00e7o p\u00fablico \u2013 as emissoras de r\u00e1dio e televis\u00e3o.<\/p>\n<p>Faltou leitura<\/p>\n<p>A exposi\u00e7\u00e3o desta l\u00f3gica nos grandes ve\u00edculos da m\u00eddia tradicional tem obedecido um roteiro que quase sempre ignora a apresenta\u00e7\u00e3o das opini\u00f5es expressas nos documentos pelos atores respons\u00e1veis, quando n\u00e3o deixa de citar o pr\u00f3prio processo que deu origem as propostas. No caso da CNC, tanto o MinC como movimentos historicamente ligados \u00e0s an\u00e1lises e demandas expostas no texto base da confer\u00eancia n\u00e3o foram ouvidos.<\/p>\n<p>Na opini\u00e3o de Jo\u00e3ozinho Ribeiro, o debate em torno da democratiza\u00e7\u00e3o dos meios de comunica\u00e7\u00e3o vem sendo feito desde 1988, com a promulga\u00e7\u00e3o da Constitui\u00e7\u00e3o Federal, e a discuss\u00e3o j\u00e1 atravessou v\u00e1rios governos, sempre gerando pol\u00eamica. &#8220;Na verdade, essa situa\u00e7\u00e3o se parece muito com o famoso poema de [M\u00e1rio] Quintana quando diz que os verdadeiros analfabetos s\u00e3o os que aprenderam a ler e, em sabendo, n\u00e3o o fazem&#8221;, diz o secret\u00e1rio.<\/p>\n<p>Os textos cuja leitura n\u00e3o foi feita por aqueles que atacam a Confer\u00eancia Nacional de Cultura, aponta o secret\u00e1rio, mostram que a quest\u00e3o da democratiza\u00e7\u00e3o dos meios de comunica\u00e7\u00e3o \u00e9 parte da maioria dos tratados e conven\u00e7\u00f5es internacionais assinadas pelo Brasil, inclusive a Conven\u00e7\u00e3o da Diversidade Cultural da Organiza\u00e7\u00e3o das Na\u00e7\u00f5es Unidas, de 2005, e tamb\u00e9m da Agenda 21 das Culturas, aprovada em Barcelona em 2004.<\/p>\n<p>Fonte: Observat\u00f3rio da Imprensa<\/p>\n<p><a href=\"http:\/\/www.observatoriodaimprensa.com.br\/artigos.asp?cod=574IPB006\">http:\/\/www.observatoriodaimprensa.com.br\/artigos.asp?cod=574IPB006<\/a><\/p>\n","protected":false},"excerpt":{"rendered":"<p>Foco de mais um ataque das maiores empresas de comunica\u00e7\u00e3o do Brasil, a 2\u00aa Confer\u00eancia Nacional de Cultura (CNC), marcada para acontecer de 11 a 14 de mar\u00e7o, em Bras\u00edlia, segue na reta final dos seus preparativos. Dentre os pontos importantes da pauta da CNC est\u00e1 a associa\u00e7\u00e3o entre as pol\u00edticas de comunica\u00e7\u00e3o e cultura.<\/p>\n","protected":false},"author":1,"featured_media":0,"comment_status":"open","ping_status":"open","sticky":false,"template":"","format":"standard","meta":{"site-container-style":"default","site-container-layout":"default","site-sidebar-layout":"default","disable-article-header":"default","disable-site-header":"default","disable-site-footer":"default","disable-content-area-spacing":"default","footnotes":""},"categories":[29,40,4,49],"tags":[],"class_list":["post-13615","post","type-post","status-publish","format-standard","hentry","category-cultura","category-diversidade","category-noticias","category-politicas-publicas"],"yoast_head":"<!-- This site is optimized with the Yoast SEO plugin v27.4 - https:\/\/yoast.com\/product\/yoast-seo-wordpress\/ -->\n<title>Confer\u00eancia Nacional de Cultura - A diversidade na m\u00eddia em pauta -<\/title>\n<meta name=\"robots\" content=\"index, follow, max-snippet:-1, max-image-preview:large, max-video-preview:-1\" \/>\n<link rel=\"canonical\" href=\"https:\/\/inclusivenews.com.br\/?p=13615\" \/>\n<meta property=\"og:locale\" content=\"pt_PT\" \/>\n<meta property=\"og:type\" content=\"article\" \/>\n<meta property=\"og:title\" content=\"Confer\u00eancia Nacional de Cultura - A diversidade na m\u00eddia em pauta -\" \/>\n<meta property=\"og:description\" content=\"Foco de mais um ataque das maiores empresas de comunica\u00e7\u00e3o do Brasil, a 2\u00aa Confer\u00eancia Nacional de Cultura (CNC), marcada para acontecer de 11 a 14 de mar\u00e7o, em Bras\u00edlia, segue na reta final dos seus preparativos. Dentre os pontos importantes da pauta da CNC est\u00e1 a associa\u00e7\u00e3o entre as pol\u00edticas de comunica\u00e7\u00e3o e cultura.\" \/>\n<meta property=\"og:url\" content=\"https:\/\/inclusivenews.com.br\/?p=13615\" \/>\n<meta property=\"article:publisher\" content=\"https:\/\/www.facebook.com\/agenciainclusive\/\" \/>\n<meta property=\"article:published_time\" content=\"2010-01-29T00:44:54+00:00\" \/>\n<meta property=\"og:image\" content=\"http:\/\/inclusivenews.com.br\/wp-content\/uploads\/2010\/01\/imprensa.gif\" \/>\n<meta name=\"author\" content=\"inclusivenews2024\" \/>\n<meta name=\"twitter:card\" content=\"summary_large_image\" \/>\n<meta name=\"twitter:label1\" content=\"Escrito por\" \/>\n\t<meta name=\"twitter:data1\" content=\"inclusivenews2024\" \/>\n\t<meta name=\"twitter:label2\" content=\"Tempo estimado de leitura\" \/>\n\t<meta name=\"twitter:data2\" content=\"9 minutos\" \/>\n<script type=\"application\/ld+json\" class=\"yoast-schema-graph\">{\"@context\":\"https:\\\/\\\/schema.org\",\"@graph\":[{\"@type\":\"Article\",\"@id\":\"https:\\\/\\\/inclusivenews.com.br\\\/?p=13615#article\",\"isPartOf\":{\"@id\":\"https:\\\/\\\/inclusivenews.com.br\\\/?p=13615\"},\"author\":{\"name\":\"inclusivenews2024\",\"@id\":\"https:\\\/\\\/inclusivenews.com.br\\\/#\\\/schema\\\/person\\\/ae4ec7087559b8692fb33b6fffd2273b\"},\"headline\":\"Confer\u00eancia Nacional de Cultura &#8211; A diversidade na m\u00eddia em pauta\",\"datePublished\":\"2010-01-29T00:44:54+00:00\",\"mainEntityOfPage\":{\"@id\":\"https:\\\/\\\/inclusivenews.com.br\\\/?p=13615\"},\"wordCount\":1767,\"commentCount\":0,\"publisher\":{\"@id\":\"https:\\\/\\\/inclusivenews.com.br\\\/#organization\"},\"image\":{\"@id\":\"https:\\\/\\\/inclusivenews.com.br\\\/?p=13615#primaryimage\"},\"thumbnailUrl\":\"http:\\\/\\\/inclusivenews.com.br\\\/wp-content\\\/uploads\\\/2010\\\/01\\\/imprensa.gif\",\"articleSection\":[\"Cultura\",\"Diversidade\",\"NOT\u00cdCIAS\",\"Pol\u00edticas p\u00fablicas\"],\"inLanguage\":\"pt-PT\",\"potentialAction\":[{\"@type\":\"CommentAction\",\"name\":\"Comment\",\"target\":[\"https:\\\/\\\/inclusivenews.com.br\\\/?p=13615#respond\"]}]},{\"@type\":\"WebPage\",\"@id\":\"https:\\\/\\\/inclusivenews.com.br\\\/?p=13615\",\"url\":\"https:\\\/\\\/inclusivenews.com.br\\\/?p=13615\",\"name\":\"Confer\u00eancia Nacional de Cultura - A diversidade na m\u00eddia em pauta -\",\"isPartOf\":{\"@id\":\"https:\\\/\\\/inclusivenews.com.br\\\/#website\"},\"primaryImageOfPage\":{\"@id\":\"https:\\\/\\\/inclusivenews.com.br\\\/?p=13615#primaryimage\"},\"image\":{\"@id\":\"https:\\\/\\\/inclusivenews.com.br\\\/?p=13615#primaryimage\"},\"thumbnailUrl\":\"http:\\\/\\\/inclusivenews.com.br\\\/wp-content\\\/uploads\\\/2010\\\/01\\\/imprensa.gif\",\"datePublished\":\"2010-01-29T00:44:54+00:00\",\"breadcrumb\":{\"@id\":\"https:\\\/\\\/inclusivenews.com.br\\\/?p=13615#breadcrumb\"},\"inLanguage\":\"pt-PT\",\"potentialAction\":[{\"@type\":\"ReadAction\",\"target\":[\"https:\\\/\\\/inclusivenews.com.br\\\/?p=13615\"]}]},{\"@type\":\"ImageObject\",\"inLanguage\":\"pt-PT\",\"@id\":\"https:\\\/\\\/inclusivenews.com.br\\\/?p=13615#primaryimage\",\"url\":\"\",\"contentUrl\":\"\"},{\"@type\":\"BreadcrumbList\",\"@id\":\"https:\\\/\\\/inclusivenews.com.br\\\/?p=13615#breadcrumb\",\"itemListElement\":[{\"@type\":\"ListItem\",\"position\":1,\"name\":\"In\u00edcio\",\"item\":\"https:\\\/\\\/inclusivenews.com.br\\\/\"},{\"@type\":\"ListItem\",\"position\":2,\"name\":\"Confer\u00eancia Nacional de Cultura &#8211; A diversidade na m\u00eddia em pauta\"}]},{\"@type\":\"WebSite\",\"@id\":\"https:\\\/\\\/inclusivenews.com.br\\\/#website\",\"url\":\"https:\\\/\\\/inclusivenews.com.br\\\/\",\"name\":\"Inclusive News\",\"description\":\"Inclusive News\",\"publisher\":{\"@id\":\"https:\\\/\\\/inclusivenews.com.br\\\/#organization\"},\"potentialAction\":[{\"@type\":\"SearchAction\",\"target\":{\"@type\":\"EntryPoint\",\"urlTemplate\":\"https:\\\/\\\/inclusivenews.com.br\\\/?s={search_term_string}\"},\"query-input\":{\"@type\":\"PropertyValueSpecification\",\"valueRequired\":true,\"valueName\":\"search_term_string\"}}],\"inLanguage\":\"pt-PT\"},{\"@type\":\"Organization\",\"@id\":\"https:\\\/\\\/inclusivenews.com.br\\\/#organization\",\"name\":\"Inclusive - inclus\u00e3o e cidadania\",\"url\":\"https:\\\/\\\/inclusivenews.com.br\\\/\",\"logo\":{\"@type\":\"ImageObject\",\"inLanguage\":\"pt-PT\",\"@id\":\"https:\\\/\\\/inclusivenews.com.br\\\/#\\\/schema\\\/logo\\\/image\\\/\",\"url\":\"https:\\\/\\\/inclusivenews.com.br\\\/wp-content\\\/uploads\\\/2024\\\/03\\\/@grandesite.png\",\"contentUrl\":\"https:\\\/\\\/inclusivenews.com.br\\\/wp-content\\\/uploads\\\/2024\\\/03\\\/@grandesite.png\",\"width\":1080,\"height\":1080,\"caption\":\"Inclusive - inclus\u00e3o e cidadania\"},\"image\":{\"@id\":\"https:\\\/\\\/inclusivenews.com.br\\\/#\\\/schema\\\/logo\\\/image\\\/\"},\"sameAs\":[\"https:\\\/\\\/www.facebook.com\\\/agenciainclusive\\\/\",\"https:\\\/\\\/www.instagram.com\\\/newsinclusive\\\/\"]},{\"@type\":\"Person\",\"@id\":\"https:\\\/\\\/inclusivenews.com.br\\\/#\\\/schema\\\/person\\\/ae4ec7087559b8692fb33b6fffd2273b\",\"name\":\"inclusivenews2024\",\"image\":{\"@type\":\"ImageObject\",\"inLanguage\":\"pt-PT\",\"@id\":\"https:\\\/\\\/secure.gravatar.com\\\/avatar\\\/c5a7ef84c66fa914f55bc4f7ce26cfa275a3b9a1c5568b907bd184fb4dde7b40?s=96&d=mm&r=g\",\"url\":\"https:\\\/\\\/secure.gravatar.com\\\/avatar\\\/c5a7ef84c66fa914f55bc4f7ce26cfa275a3b9a1c5568b907bd184fb4dde7b40?s=96&d=mm&r=g\",\"contentUrl\":\"https:\\\/\\\/secure.gravatar.com\\\/avatar\\\/c5a7ef84c66fa914f55bc4f7ce26cfa275a3b9a1c5568b907bd184fb4dde7b40?s=96&d=mm&r=g\",\"caption\":\"inclusivenews2024\"},\"sameAs\":[\"https:\\\/\\\/inclusivenews.com.br\"],\"url\":\"https:\\\/\\\/inclusivenews.com.br\\\/?author=1\"}]}<\/script>\n<!-- \/ Yoast SEO plugin. -->","yoast_head_json":{"title":"Confer\u00eancia Nacional de Cultura - A diversidade na m\u00eddia em pauta -","robots":{"index":"index","follow":"follow","max-snippet":"max-snippet:-1","max-image-preview":"max-image-preview:large","max-video-preview":"max-video-preview:-1"},"canonical":"https:\/\/inclusivenews.com.br\/?p=13615","og_locale":"pt_PT","og_type":"article","og_title":"Confer\u00eancia Nacional de Cultura - A diversidade na m\u00eddia em pauta -","og_description":"Foco de mais um ataque das maiores empresas de comunica\u00e7\u00e3o do Brasil, a 2\u00aa Confer\u00eancia Nacional de Cultura (CNC), marcada para acontecer de 11 a 14 de mar\u00e7o, em Bras\u00edlia, segue na reta final dos seus preparativos. Dentre os pontos importantes da pauta da CNC est\u00e1 a associa\u00e7\u00e3o entre as pol\u00edticas de comunica\u00e7\u00e3o e cultura.","og_url":"https:\/\/inclusivenews.com.br\/?p=13615","article_publisher":"https:\/\/www.facebook.com\/agenciainclusive\/","article_published_time":"2010-01-29T00:44:54+00:00","og_image":[{"url":"http:\/\/inclusivenews.com.br\/wp-content\/uploads\/2010\/01\/imprensa.gif","type":"","width":"","height":""}],"author":"inclusivenews2024","twitter_card":"summary_large_image","twitter_misc":{"Escrito por":"inclusivenews2024","Tempo estimado de leitura":"9 minutos"},"schema":{"@context":"https:\/\/schema.org","@graph":[{"@type":"Article","@id":"https:\/\/inclusivenews.com.br\/?p=13615#article","isPartOf":{"@id":"https:\/\/inclusivenews.com.br\/?p=13615"},"author":{"name":"inclusivenews2024","@id":"https:\/\/inclusivenews.com.br\/#\/schema\/person\/ae4ec7087559b8692fb33b6fffd2273b"},"headline":"Confer\u00eancia Nacional de Cultura &#8211; A diversidade na m\u00eddia em pauta","datePublished":"2010-01-29T00:44:54+00:00","mainEntityOfPage":{"@id":"https:\/\/inclusivenews.com.br\/?p=13615"},"wordCount":1767,"commentCount":0,"publisher":{"@id":"https:\/\/inclusivenews.com.br\/#organization"},"image":{"@id":"https:\/\/inclusivenews.com.br\/?p=13615#primaryimage"},"thumbnailUrl":"http:\/\/inclusivenews.com.br\/wp-content\/uploads\/2010\/01\/imprensa.gif","articleSection":["Cultura","Diversidade","NOT\u00cdCIAS","Pol\u00edticas p\u00fablicas"],"inLanguage":"pt-PT","potentialAction":[{"@type":"CommentAction","name":"Comment","target":["https:\/\/inclusivenews.com.br\/?p=13615#respond"]}]},{"@type":"WebPage","@id":"https:\/\/inclusivenews.com.br\/?p=13615","url":"https:\/\/inclusivenews.com.br\/?p=13615","name":"Confer\u00eancia Nacional de Cultura - A diversidade na m\u00eddia em pauta -","isPartOf":{"@id":"https:\/\/inclusivenews.com.br\/#website"},"primaryImageOfPage":{"@id":"https:\/\/inclusivenews.com.br\/?p=13615#primaryimage"},"image":{"@id":"https:\/\/inclusivenews.com.br\/?p=13615#primaryimage"},"thumbnailUrl":"http:\/\/inclusivenews.com.br\/wp-content\/uploads\/2010\/01\/imprensa.gif","datePublished":"2010-01-29T00:44:54+00:00","breadcrumb":{"@id":"https:\/\/inclusivenews.com.br\/?p=13615#breadcrumb"},"inLanguage":"pt-PT","potentialAction":[{"@type":"ReadAction","target":["https:\/\/inclusivenews.com.br\/?p=13615"]}]},{"@type":"ImageObject","inLanguage":"pt-PT","@id":"https:\/\/inclusivenews.com.br\/?p=13615#primaryimage","url":"","contentUrl":""},{"@type":"BreadcrumbList","@id":"https:\/\/inclusivenews.com.br\/?p=13615#breadcrumb","itemListElement":[{"@type":"ListItem","position":1,"name":"In\u00edcio","item":"https:\/\/inclusivenews.com.br\/"},{"@type":"ListItem","position":2,"name":"Confer\u00eancia Nacional de Cultura &#8211; A diversidade na m\u00eddia em pauta"}]},{"@type":"WebSite","@id":"https:\/\/inclusivenews.com.br\/#website","url":"https:\/\/inclusivenews.com.br\/","name":"Inclusive News","description":"Inclusive News","publisher":{"@id":"https:\/\/inclusivenews.com.br\/#organization"},"potentialAction":[{"@type":"SearchAction","target":{"@type":"EntryPoint","urlTemplate":"https:\/\/inclusivenews.com.br\/?s={search_term_string}"},"query-input":{"@type":"PropertyValueSpecification","valueRequired":true,"valueName":"search_term_string"}}],"inLanguage":"pt-PT"},{"@type":"Organization","@id":"https:\/\/inclusivenews.com.br\/#organization","name":"Inclusive - inclus\u00e3o e cidadania","url":"https:\/\/inclusivenews.com.br\/","logo":{"@type":"ImageObject","inLanguage":"pt-PT","@id":"https:\/\/inclusivenews.com.br\/#\/schema\/logo\/image\/","url":"https:\/\/inclusivenews.com.br\/wp-content\/uploads\/2024\/03\/@grandesite.png","contentUrl":"https:\/\/inclusivenews.com.br\/wp-content\/uploads\/2024\/03\/@grandesite.png","width":1080,"height":1080,"caption":"Inclusive - inclus\u00e3o e cidadania"},"image":{"@id":"https:\/\/inclusivenews.com.br\/#\/schema\/logo\/image\/"},"sameAs":["https:\/\/www.facebook.com\/agenciainclusive\/","https:\/\/www.instagram.com\/newsinclusive\/"]},{"@type":"Person","@id":"https:\/\/inclusivenews.com.br\/#\/schema\/person\/ae4ec7087559b8692fb33b6fffd2273b","name":"inclusivenews2024","image":{"@type":"ImageObject","inLanguage":"pt-PT","@id":"https:\/\/secure.gravatar.com\/avatar\/c5a7ef84c66fa914f55bc4f7ce26cfa275a3b9a1c5568b907bd184fb4dde7b40?s=96&d=mm&r=g","url":"https:\/\/secure.gravatar.com\/avatar\/c5a7ef84c66fa914f55bc4f7ce26cfa275a3b9a1c5568b907bd184fb4dde7b40?s=96&d=mm&r=g","contentUrl":"https:\/\/secure.gravatar.com\/avatar\/c5a7ef84c66fa914f55bc4f7ce26cfa275a3b9a1c5568b907bd184fb4dde7b40?s=96&d=mm&r=g","caption":"inclusivenews2024"},"sameAs":["https:\/\/inclusivenews.com.br"],"url":"https:\/\/inclusivenews.com.br\/?author=1"}]}},"_links":{"self":[{"href":"https:\/\/inclusivenews.com.br\/index.php?rest_route=\/wp\/v2\/posts\/13615","targetHints":{"allow":["GET"]}}],"collection":[{"href":"https:\/\/inclusivenews.com.br\/index.php?rest_route=\/wp\/v2\/posts"}],"about":[{"href":"https:\/\/inclusivenews.com.br\/index.php?rest_route=\/wp\/v2\/types\/post"}],"author":[{"embeddable":true,"href":"https:\/\/inclusivenews.com.br\/index.php?rest_route=\/wp\/v2\/users\/1"}],"replies":[{"embeddable":true,"href":"https:\/\/inclusivenews.com.br\/index.php?rest_route=%2Fwp%2Fv2%2Fcomments&post=13615"}],"version-history":[{"count":0,"href":"https:\/\/inclusivenews.com.br\/index.php?rest_route=\/wp\/v2\/posts\/13615\/revisions"}],"wp:attachment":[{"href":"https:\/\/inclusivenews.com.br\/index.php?rest_route=%2Fwp%2Fv2%2Fmedia&parent=13615"}],"wp:term":[{"taxonomy":"category","embeddable":true,"href":"https:\/\/inclusivenews.com.br\/index.php?rest_route=%2Fwp%2Fv2%2Fcategories&post=13615"},{"taxonomy":"post_tag","embeddable":true,"href":"https:\/\/inclusivenews.com.br\/index.php?rest_route=%2Fwp%2Fv2%2Ftags&post=13615"}],"curies":[{"name":"wp","href":"https:\/\/api.w.org\/{rel}","templated":true}]}}