{"id":13618,"date":"2010-01-28T22:08:05","date_gmt":"2010-01-29T01:08:05","guid":{"rendered":"http:\/\/www.inclusive.org.br\/?p=13618"},"modified":"2010-01-28T22:08:05","modified_gmt":"2010-01-29T01:08:05","slug":"procurador-defende-no-forum-social-mundial-que-mp-tem-que-criar-cultura-de-direitos-humanos","status":"publish","type":"post","link":"https:\/\/inclusivenews.com.br\/?p=13618","title":{"rendered":"Procurador defende no F\u00f3rum Social Mundial que MP tem que criar cultura de direitos humanos"},"content":{"rendered":"<figure id=\"attachment_13619\" aria-describedby=\"caption-attachment-13619\" style=\"width: 150px\" class=\"wp-caption alignnone\"><a href=\"http:\/\/www.inclusivenews.com.br\/wp-content\/uploads\/2010\/01\/pgr.jpg\"><img loading=\"lazy\" decoding=\"async\" class=\"size-thumbnail wp-image-13619\" title=\"pgr\" src=\"http:\/\/inclusivenews.com.br\/wp-content\/uploads\/2010\/01\/pgr-150x150.jpg\" alt=\"\" width=\"150\" height=\"150\" \/><\/a><figcaption id=\"caption-attachment-13619\" class=\"wp-caption-text\">Sede da Procuradoria Geral da Uni\u00e3o em Bras\u00edlia<\/figcaption><\/figure>\n<p>Membro do MPF lotado na PRR-4 participou hoje de encontro do Minist\u00e9rio P\u00fablico com a sociedade<\/p>\n<div>\n<div id=\"mudaFonte\">\n<p>Membros de todos os ramos do Minist\u00e9rio P\u00fablico dialogaram na manh\u00e3 de hoje, 28 de janeiro, com representantes da sociedade civil sobre o tema: \u201cMinist\u00e9rio P\u00fablico e Direitos Humanos: a d\u00e9cada que passou e a d\u00e9cada que vir\u00e1\u201d.<\/p>\n<p>Para o procurador regional Paulo Gilberto Cogo Leivas (MPF\/PRR-4), a composi\u00e7\u00e3o atual do MP reflete a da sociedade brasileira, ausente de cultura de direitos humanos. &#8220;O que ocorre aqui hoje, esse di\u00e1logo aberto, \u00e9 um exemplo de caminho para que se crie essa cultura&#8221;, disse durante o encontro, que integra a grade de programa\u00e7\u00e3o do F\u00f3rum Social Mundial.<\/p>\n<p>Os objetivos s\u00e3o avaliar a atua\u00e7\u00e3o do Minist\u00e9rio P\u00fablico em direitos humanos na \u00faltima d\u00e9cada e propor a\u00e7\u00f5es, conjuntas e espec\u00edficas, para a atua\u00e7\u00e3o da institui\u00e7\u00e3o nos pr\u00f3ximos dez anos. Al\u00e9m de Leivas, outros sete membros do MP e 23 associa\u00e7\u00f5es representantes de minorias tiveram oportunidade de se manifestar.<\/p>\n<p>As cr\u00edticas mais contundentes partiram do advogado do Movimento dos Trabalhadores Rurais Sem Terra (MST) Jacques T\u00e1vora Alfonsin e do soci\u00f3logo portugu\u00eas Boaventura de Sousa Santos, ambas relacionadas ao que consideram uma &#8220;criminaliza\u00e7\u00e3o dos movimentos sociais&#8221;. &#8220;Se isso continuar (a criminaliza\u00e7\u00e3o), o ar do RS torna-se irrespir\u00e1vel para o F\u00f3rum Social Mundial (&#8230;) ent\u00e3o venho aqui pedir respeitosamente ao MP que arquive todas as a\u00e7\u00f5es civis p\u00fablicas ajuizadas at\u00e9 hoje contra o MST&#8221;, disse Boaventura, arrancando os mais calorosos aplausos do p\u00fablico.<\/p>\n<p>Tamb\u00e9m representando o MPF, esteve presente a procuradora federal dos direitos do cidad\u00e3o, Gilda Pereira Carvalho, que amanh\u00e3 coordenar\u00e1, na capital, reuni\u00e3o do Grupo de Trabalho (GT) Direitos Sexuais e Reprodutivos. &#8220;Os GTs mant\u00eam uma liga\u00e7\u00e3o forte com a sociedade, que muitas vezes \u00e9 seus olhos e ouvidos. Eles t\u00eam import\u00e2ncia fundamental na cobran\u00e7a aos \u00f3rg\u00e3os de governo respons\u00e1veis por \u00e1reas ligadas aos direitos humanos&#8221;, explicou.<\/p>\n<p>Durante a tarde, os representantes do Minist\u00e9rio P\u00fablico se re\u00fanem no Centro de Estudos e Aperfei\u00e7oamento Funcional do MP Estadual para debater o que foi apontado pela manh\u00e3. Ao final, ser\u00e1 produzido um documento para direcionar o trabalho da institui\u00e7\u00e3o na pr\u00f3xima d\u00e9cada.<\/p>\n<p>Fonte: PGR<\/p>\n<p><a href=\"http:\/\/noticias.pgr.mpf.gov.br\/noticias\/noticias-do-site\/direitos-do-cidadao\/forum-social-mundial-mp-tem-que-ter-cultura-de-direitos-humanos-defende-procurador-paulo-leivas\">http:\/\/noticias.pgr.mpf.gov.br\/noticias\/noticias-do-site\/direitos-do-cidadao\/forum-social-mundial-mp-tem-que-ter-cultura-de-direitos-humanos-defende-procurador-paulo-leivas<\/a><\/p>\n<\/div>\n<\/div>\n","protected":false},"excerpt":{"rendered":"<p>Membro do MPF lotado na PRR-4 participou hoje de encontro do Minist\u00e9rio P\u00fablico com a sociedade Membros de todos os ramos do Minist\u00e9rio P\u00fablico dialogaram na manh\u00e3 de hoje, 28 de janeiro, com representantes da sociedade civil sobre o tema: \u201cMinist\u00e9rio P\u00fablico e Direitos Humanos: a d\u00e9cada que passou e a d\u00e9cada que vir\u00e1\u201d. Para [&hellip;]<\/p>\n","protected":false},"author":1,"featured_media":0,"comment_status":"open","ping_status":"open","sticky":false,"template":"","format":"standard","meta":{"site-container-style":"default","site-container-layout":"default","site-sidebar-layout":"default","disable-article-header":"default","disable-site-header":"default","disable-site-footer":"default","disable-content-area-spacing":"default","footnotes":""},"categories":[48,4,49],"tags":[],"class_list":["post-13618","post","type-post","status-publish","format-standard","hentry","category-inclusao","category-noticias","category-politicas-publicas"],"yoast_head":"<!-- This site is optimized with the Yoast SEO plugin v27.4 - https:\/\/yoast.com\/product\/yoast-seo-wordpress\/ -->\n<title>Procurador defende no F\u00f3rum Social Mundial que MP tem que criar cultura de direitos humanos -<\/title>\n<meta name=\"robots\" content=\"index, follow, max-snippet:-1, max-image-preview:large, max-video-preview:-1\" \/>\n<link rel=\"canonical\" href=\"https:\/\/inclusivenews.com.br\/?p=13618\" \/>\n<meta property=\"og:locale\" content=\"pt_PT\" \/>\n<meta property=\"og:type\" content=\"article\" \/>\n<meta property=\"og:title\" content=\"Procurador defende no F\u00f3rum Social Mundial que MP tem que criar cultura de direitos humanos -\" \/>\n<meta property=\"og:description\" content=\"Membro do MPF lotado na PRR-4 participou hoje de encontro do Minist\u00e9rio P\u00fablico com a sociedade Membros de todos os ramos do Minist\u00e9rio P\u00fablico dialogaram na manh\u00e3 de hoje, 28 de janeiro, com representantes da sociedade civil sobre o tema: \u201cMinist\u00e9rio P\u00fablico e Direitos Humanos: a d\u00e9cada que passou e a d\u00e9cada que vir\u00e1\u201d. Para [&hellip;]\" \/>\n<meta property=\"og:url\" content=\"https:\/\/inclusivenews.com.br\/?p=13618\" \/>\n<meta property=\"article:publisher\" content=\"https:\/\/www.facebook.com\/agenciainclusive\/\" \/>\n<meta property=\"article:published_time\" content=\"2010-01-29T01:08:05+00:00\" \/>\n<meta property=\"og:image\" content=\"http:\/\/inclusivenews.com.br\/wp-content\/uploads\/2010\/01\/pgr-150x150.jpg\" \/>\n<meta name=\"author\" content=\"inclusivenews2024\" \/>\n<meta name=\"twitter:card\" content=\"summary_large_image\" \/>\n<meta name=\"twitter:label1\" content=\"Escrito por\" \/>\n\t<meta name=\"twitter:data1\" content=\"inclusivenews2024\" \/>\n\t<meta name=\"twitter:label2\" content=\"Tempo estimado de leitura\" \/>\n\t<meta name=\"twitter:data2\" content=\"2 minutos\" \/>\n<script type=\"application\/ld+json\" class=\"yoast-schema-graph\">{\"@context\":\"https:\\\/\\\/schema.org\",\"@graph\":[{\"@type\":\"Article\",\"@id\":\"https:\\\/\\\/inclusivenews.com.br\\\/?p=13618#article\",\"isPartOf\":{\"@id\":\"https:\\\/\\\/inclusivenews.com.br\\\/?p=13618\"},\"author\":{\"name\":\"inclusivenews2024\",\"@id\":\"https:\\\/\\\/inclusivenews.com.br\\\/#\\\/schema\\\/person\\\/ae4ec7087559b8692fb33b6fffd2273b\"},\"headline\":\"Procurador defende no F\u00f3rum Social Mundial que MP tem que criar cultura de direitos humanos\",\"datePublished\":\"2010-01-29T01:08:05+00:00\",\"mainEntityOfPage\":{\"@id\":\"https:\\\/\\\/inclusivenews.com.br\\\/?p=13618\"},\"wordCount\":447,\"commentCount\":0,\"publisher\":{\"@id\":\"https:\\\/\\\/inclusivenews.com.br\\\/#organization\"},\"image\":{\"@id\":\"https:\\\/\\\/inclusivenews.com.br\\\/?p=13618#primaryimage\"},\"thumbnailUrl\":\"http:\\\/\\\/inclusivenews.com.br\\\/wp-content\\\/uploads\\\/2010\\\/01\\\/pgr-150x150.jpg\",\"articleSection\":[\"INCLUS\u00c3O SOCIAL\",\"NOT\u00cdCIAS\",\"Pol\u00edticas p\u00fablicas\"],\"inLanguage\":\"pt-PT\",\"potentialAction\":[{\"@type\":\"CommentAction\",\"name\":\"Comment\",\"target\":[\"https:\\\/\\\/inclusivenews.com.br\\\/?p=13618#respond\"]}]},{\"@type\":\"WebPage\",\"@id\":\"https:\\\/\\\/inclusivenews.com.br\\\/?p=13618\",\"url\":\"https:\\\/\\\/inclusivenews.com.br\\\/?p=13618\",\"name\":\"Procurador defende no F\u00f3rum Social Mundial que MP tem que criar cultura de direitos humanos -\",\"isPartOf\":{\"@id\":\"https:\\\/\\\/inclusivenews.com.br\\\/#website\"},\"primaryImageOfPage\":{\"@id\":\"https:\\\/\\\/inclusivenews.com.br\\\/?p=13618#primaryimage\"},\"image\":{\"@id\":\"https:\\\/\\\/inclusivenews.com.br\\\/?p=13618#primaryimage\"},\"thumbnailUrl\":\"http:\\\/\\\/inclusivenews.com.br\\\/wp-content\\\/uploads\\\/2010\\\/01\\\/pgr-150x150.jpg\",\"datePublished\":\"2010-01-29T01:08:05+00:00\",\"breadcrumb\":{\"@id\":\"https:\\\/\\\/inclusivenews.com.br\\\/?p=13618#breadcrumb\"},\"inLanguage\":\"pt-PT\",\"potentialAction\":[{\"@type\":\"ReadAction\",\"target\":[\"https:\\\/\\\/inclusivenews.com.br\\\/?p=13618\"]}]},{\"@type\":\"ImageObject\",\"inLanguage\":\"pt-PT\",\"@id\":\"https:\\\/\\\/inclusivenews.com.br\\\/?p=13618#primaryimage\",\"url\":\"\",\"contentUrl\":\"\"},{\"@type\":\"BreadcrumbList\",\"@id\":\"https:\\\/\\\/inclusivenews.com.br\\\/?p=13618#breadcrumb\",\"itemListElement\":[{\"@type\":\"ListItem\",\"position\":1,\"name\":\"In\u00edcio\",\"item\":\"https:\\\/\\\/inclusivenews.com.br\\\/\"},{\"@type\":\"ListItem\",\"position\":2,\"name\":\"Procurador defende no F\u00f3rum Social Mundial que MP tem que criar cultura de direitos humanos\"}]},{\"@type\":\"WebSite\",\"@id\":\"https:\\\/\\\/inclusivenews.com.br\\\/#website\",\"url\":\"https:\\\/\\\/inclusivenews.com.br\\\/\",\"name\":\"Inclusive News\",\"description\":\"Inclusive News\",\"publisher\":{\"@id\":\"https:\\\/\\\/inclusivenews.com.br\\\/#organization\"},\"potentialAction\":[{\"@type\":\"SearchAction\",\"target\":{\"@type\":\"EntryPoint\",\"urlTemplate\":\"https:\\\/\\\/inclusivenews.com.br\\\/?s={search_term_string}\"},\"query-input\":{\"@type\":\"PropertyValueSpecification\",\"valueRequired\":true,\"valueName\":\"search_term_string\"}}],\"inLanguage\":\"pt-PT\"},{\"@type\":\"Organization\",\"@id\":\"https:\\\/\\\/inclusivenews.com.br\\\/#organization\",\"name\":\"Inclusive - inclus\u00e3o e cidadania\",\"url\":\"https:\\\/\\\/inclusivenews.com.br\\\/\",\"logo\":{\"@type\":\"ImageObject\",\"inLanguage\":\"pt-PT\",\"@id\":\"https:\\\/\\\/inclusivenews.com.br\\\/#\\\/schema\\\/logo\\\/image\\\/\",\"url\":\"https:\\\/\\\/inclusivenews.com.br\\\/wp-content\\\/uploads\\\/2024\\\/03\\\/@grandesite.png\",\"contentUrl\":\"https:\\\/\\\/inclusivenews.com.br\\\/wp-content\\\/uploads\\\/2024\\\/03\\\/@grandesite.png\",\"width\":1080,\"height\":1080,\"caption\":\"Inclusive - inclus\u00e3o e cidadania\"},\"image\":{\"@id\":\"https:\\\/\\\/inclusivenews.com.br\\\/#\\\/schema\\\/logo\\\/image\\\/\"},\"sameAs\":[\"https:\\\/\\\/www.facebook.com\\\/agenciainclusive\\\/\",\"https:\\\/\\\/www.instagram.com\\\/newsinclusive\\\/\"]},{\"@type\":\"Person\",\"@id\":\"https:\\\/\\\/inclusivenews.com.br\\\/#\\\/schema\\\/person\\\/ae4ec7087559b8692fb33b6fffd2273b\",\"name\":\"inclusivenews2024\",\"image\":{\"@type\":\"ImageObject\",\"inLanguage\":\"pt-PT\",\"@id\":\"https:\\\/\\\/secure.gravatar.com\\\/avatar\\\/c5a7ef84c66fa914f55bc4f7ce26cfa275a3b9a1c5568b907bd184fb4dde7b40?s=96&d=mm&r=g\",\"url\":\"https:\\\/\\\/secure.gravatar.com\\\/avatar\\\/c5a7ef84c66fa914f55bc4f7ce26cfa275a3b9a1c5568b907bd184fb4dde7b40?s=96&d=mm&r=g\",\"contentUrl\":\"https:\\\/\\\/secure.gravatar.com\\\/avatar\\\/c5a7ef84c66fa914f55bc4f7ce26cfa275a3b9a1c5568b907bd184fb4dde7b40?s=96&d=mm&r=g\",\"caption\":\"inclusivenews2024\"},\"sameAs\":[\"https:\\\/\\\/inclusivenews.com.br\"],\"url\":\"https:\\\/\\\/inclusivenews.com.br\\\/?author=1\"}]}<\/script>\n<!-- \/ Yoast SEO plugin. -->","yoast_head_json":{"title":"Procurador defende no F\u00f3rum Social Mundial que MP tem que criar cultura de direitos humanos -","robots":{"index":"index","follow":"follow","max-snippet":"max-snippet:-1","max-image-preview":"max-image-preview:large","max-video-preview":"max-video-preview:-1"},"canonical":"https:\/\/inclusivenews.com.br\/?p=13618","og_locale":"pt_PT","og_type":"article","og_title":"Procurador defende no F\u00f3rum Social Mundial que MP tem que criar cultura de direitos humanos -","og_description":"Membro do MPF lotado na PRR-4 participou hoje de encontro do Minist\u00e9rio P\u00fablico com a sociedade Membros de todos os ramos do Minist\u00e9rio P\u00fablico dialogaram na manh\u00e3 de hoje, 28 de janeiro, com representantes da sociedade civil sobre o tema: \u201cMinist\u00e9rio P\u00fablico e Direitos Humanos: a d\u00e9cada que passou e a d\u00e9cada que vir\u00e1\u201d. Para [&hellip;]","og_url":"https:\/\/inclusivenews.com.br\/?p=13618","article_publisher":"https:\/\/www.facebook.com\/agenciainclusive\/","article_published_time":"2010-01-29T01:08:05+00:00","og_image":[{"url":"http:\/\/inclusivenews.com.br\/wp-content\/uploads\/2010\/01\/pgr-150x150.jpg","type":"","width":"","height":""}],"author":"inclusivenews2024","twitter_card":"summary_large_image","twitter_misc":{"Escrito por":"inclusivenews2024","Tempo estimado de leitura":"2 minutos"},"schema":{"@context":"https:\/\/schema.org","@graph":[{"@type":"Article","@id":"https:\/\/inclusivenews.com.br\/?p=13618#article","isPartOf":{"@id":"https:\/\/inclusivenews.com.br\/?p=13618"},"author":{"name":"inclusivenews2024","@id":"https:\/\/inclusivenews.com.br\/#\/schema\/person\/ae4ec7087559b8692fb33b6fffd2273b"},"headline":"Procurador defende no F\u00f3rum Social Mundial que MP tem que criar cultura de direitos humanos","datePublished":"2010-01-29T01:08:05+00:00","mainEntityOfPage":{"@id":"https:\/\/inclusivenews.com.br\/?p=13618"},"wordCount":447,"commentCount":0,"publisher":{"@id":"https:\/\/inclusivenews.com.br\/#organization"},"image":{"@id":"https:\/\/inclusivenews.com.br\/?p=13618#primaryimage"},"thumbnailUrl":"http:\/\/inclusivenews.com.br\/wp-content\/uploads\/2010\/01\/pgr-150x150.jpg","articleSection":["INCLUS\u00c3O SOCIAL","NOT\u00cdCIAS","Pol\u00edticas p\u00fablicas"],"inLanguage":"pt-PT","potentialAction":[{"@type":"CommentAction","name":"Comment","target":["https:\/\/inclusivenews.com.br\/?p=13618#respond"]}]},{"@type":"WebPage","@id":"https:\/\/inclusivenews.com.br\/?p=13618","url":"https:\/\/inclusivenews.com.br\/?p=13618","name":"Procurador defende no F\u00f3rum Social Mundial que MP tem que criar cultura de direitos humanos -","isPartOf":{"@id":"https:\/\/inclusivenews.com.br\/#website"},"primaryImageOfPage":{"@id":"https:\/\/inclusivenews.com.br\/?p=13618#primaryimage"},"image":{"@id":"https:\/\/inclusivenews.com.br\/?p=13618#primaryimage"},"thumbnailUrl":"http:\/\/inclusivenews.com.br\/wp-content\/uploads\/2010\/01\/pgr-150x150.jpg","datePublished":"2010-01-29T01:08:05+00:00","breadcrumb":{"@id":"https:\/\/inclusivenews.com.br\/?p=13618#breadcrumb"},"inLanguage":"pt-PT","potentialAction":[{"@type":"ReadAction","target":["https:\/\/inclusivenews.com.br\/?p=13618"]}]},{"@type":"ImageObject","inLanguage":"pt-PT","@id":"https:\/\/inclusivenews.com.br\/?p=13618#primaryimage","url":"","contentUrl":""},{"@type":"BreadcrumbList","@id":"https:\/\/inclusivenews.com.br\/?p=13618#breadcrumb","itemListElement":[{"@type":"ListItem","position":1,"name":"In\u00edcio","item":"https:\/\/inclusivenews.com.br\/"},{"@type":"ListItem","position":2,"name":"Procurador defende no F\u00f3rum Social Mundial que MP tem que criar cultura de direitos humanos"}]},{"@type":"WebSite","@id":"https:\/\/inclusivenews.com.br\/#website","url":"https:\/\/inclusivenews.com.br\/","name":"Inclusive News","description":"Inclusive News","publisher":{"@id":"https:\/\/inclusivenews.com.br\/#organization"},"potentialAction":[{"@type":"SearchAction","target":{"@type":"EntryPoint","urlTemplate":"https:\/\/inclusivenews.com.br\/?s={search_term_string}"},"query-input":{"@type":"PropertyValueSpecification","valueRequired":true,"valueName":"search_term_string"}}],"inLanguage":"pt-PT"},{"@type":"Organization","@id":"https:\/\/inclusivenews.com.br\/#organization","name":"Inclusive - inclus\u00e3o e cidadania","url":"https:\/\/inclusivenews.com.br\/","logo":{"@type":"ImageObject","inLanguage":"pt-PT","@id":"https:\/\/inclusivenews.com.br\/#\/schema\/logo\/image\/","url":"https:\/\/inclusivenews.com.br\/wp-content\/uploads\/2024\/03\/@grandesite.png","contentUrl":"https:\/\/inclusivenews.com.br\/wp-content\/uploads\/2024\/03\/@grandesite.png","width":1080,"height":1080,"caption":"Inclusive - inclus\u00e3o e cidadania"},"image":{"@id":"https:\/\/inclusivenews.com.br\/#\/schema\/logo\/image\/"},"sameAs":["https:\/\/www.facebook.com\/agenciainclusive\/","https:\/\/www.instagram.com\/newsinclusive\/"]},{"@type":"Person","@id":"https:\/\/inclusivenews.com.br\/#\/schema\/person\/ae4ec7087559b8692fb33b6fffd2273b","name":"inclusivenews2024","image":{"@type":"ImageObject","inLanguage":"pt-PT","@id":"https:\/\/secure.gravatar.com\/avatar\/c5a7ef84c66fa914f55bc4f7ce26cfa275a3b9a1c5568b907bd184fb4dde7b40?s=96&d=mm&r=g","url":"https:\/\/secure.gravatar.com\/avatar\/c5a7ef84c66fa914f55bc4f7ce26cfa275a3b9a1c5568b907bd184fb4dde7b40?s=96&d=mm&r=g","contentUrl":"https:\/\/secure.gravatar.com\/avatar\/c5a7ef84c66fa914f55bc4f7ce26cfa275a3b9a1c5568b907bd184fb4dde7b40?s=96&d=mm&r=g","caption":"inclusivenews2024"},"sameAs":["https:\/\/inclusivenews.com.br"],"url":"https:\/\/inclusivenews.com.br\/?author=1"}]}},"_links":{"self":[{"href":"https:\/\/inclusivenews.com.br\/index.php?rest_route=\/wp\/v2\/posts\/13618","targetHints":{"allow":["GET"]}}],"collection":[{"href":"https:\/\/inclusivenews.com.br\/index.php?rest_route=\/wp\/v2\/posts"}],"about":[{"href":"https:\/\/inclusivenews.com.br\/index.php?rest_route=\/wp\/v2\/types\/post"}],"author":[{"embeddable":true,"href":"https:\/\/inclusivenews.com.br\/index.php?rest_route=\/wp\/v2\/users\/1"}],"replies":[{"embeddable":true,"href":"https:\/\/inclusivenews.com.br\/index.php?rest_route=%2Fwp%2Fv2%2Fcomments&post=13618"}],"version-history":[{"count":0,"href":"https:\/\/inclusivenews.com.br\/index.php?rest_route=\/wp\/v2\/posts\/13618\/revisions"}],"wp:attachment":[{"href":"https:\/\/inclusivenews.com.br\/index.php?rest_route=%2Fwp%2Fv2%2Fmedia&parent=13618"}],"wp:term":[{"taxonomy":"category","embeddable":true,"href":"https:\/\/inclusivenews.com.br\/index.php?rest_route=%2Fwp%2Fv2%2Fcategories&post=13618"},{"taxonomy":"post_tag","embeddable":true,"href":"https:\/\/inclusivenews.com.br\/index.php?rest_route=%2Fwp%2Fv2%2Ftags&post=13618"}],"curies":[{"name":"wp","href":"https:\/\/api.w.org\/{rel}","templated":true}]}}