{"id":13620,"date":"2010-01-29T10:08:45","date_gmt":"2010-01-29T13:08:45","guid":{"rendered":"http:\/\/www.inclusive.org.br\/?p=13620"},"modified":"2010-01-29T10:08:45","modified_gmt":"2010-01-29T13:08:45","slug":"mpfsp-empresa-de-transporte-e-obrigada-a-cumprir-estatuto-do-idoso","status":"publish","type":"post","link":"https:\/\/inclusivenews.com.br\/?p=13620","title":{"rendered":"MPF\/SP: Empresa de transporte \u00e9 obrigada a cumprir Estatuto do Idoso"},"content":{"rendered":"<figure id=\"attachment_13621\" aria-describedby=\"caption-attachment-13621\" style=\"width: 150px\" class=\"wp-caption alignnone\"><a href=\"http:\/\/www.inclusivenews.com.br\/wp-content\/uploads\/2010\/01\/idosa-onibus.jpg\"><img loading=\"lazy\" decoding=\"async\" class=\"size-thumbnail wp-image-13621\" title=\"ESTATUTO DO IDOSO\" src=\"http:\/\/inclusivenews.com.br\/wp-content\/uploads\/2010\/01\/idosa-onibus-150x150.jpg\" alt=\"\" width=\"150\" height=\"150\" \/><\/a><figcaption id=\"caption-attachment-13621\" class=\"wp-caption-text\">Senhora idosa sobe em \u00f4nibus<\/figcaption><\/figure>\n<p>Liminar obriga empresa de turismo Transbrasiliana a cumprir artigo que obriga a disponibiliza\u00e7\u00e3o de vagas gratuitas para idosos com renda inferior a dois sal\u00e1rios-m\u00ednimos<\/p>\n<div>\n<div id=\"mudaFonte\">\n<p>A ju\u00edza da 3\u00aa Vara Federal de S\u00e3o Paulo, Maria Lucia Lencastre Ursaia, concedeu liminar, no \u00faltimo dia 12 de janeiro, em a\u00e7\u00e3o civil p\u00fablica movida pelo Minist\u00e9rio P\u00fablico Federal, e obrigou a empresa Transbrasiliana Transportes e Turismo Ltda a cumprir o art. 40 da Lei n\u00ba 10.741\/03 e ceder duas vagas gratuitas e dar desconto de 50% no valor da passagem, nas demais vagasm para idosos com renda de at\u00e9 dois sal\u00e1rios m\u00ednimos, por ve\u00edculo, para idosos com renda igual ou inferior a dois sal\u00e1rios-m\u00ednimos.<\/p>\n<p>A decis\u00e3o tamb\u00e9m obriga a Ag\u00eancia Nacional de Transportes Terrestres (ANTT) a fiscalizar e penalizar a empresa pelo descumprimento do art. 40 do Estatuto do Idoso. A ju\u00edza deu o prazo de 60 dias para o cumprimento da liminar e estabeleceu multa di\u00e1ria de R$ 1 mil pelo n\u00e3o cumprimento da decis\u00e3o.<\/p>\n<p>A a\u00e7\u00e3o do MPF foi motivada pela den\u00fancia de um cidad\u00e3o que ao tentar, em mar\u00e7o de 2009, conseguir uma passagem no Terminal Rodovi\u00e1rio do Tiet\u00ea-SP para retornar a Bel\u00e9m (PA) teve recusado o seu pedido. Ap\u00f3s averiguar a den\u00fancia, a Procuradoria Regional dos Direitos do Cidad\u00e3o, descobriu que a empresa j\u00e1 tinha sido autuada 101 vezes pela ANTT por descumprimento do Estatuto do Idoso.<\/p>\n<p>Apesar das atua\u00e7\u00f5es, a ag\u00eancia n\u00e3o tomou nenhuma provid\u00eancia para que o problema fosse resolvido de forma definitiva. Segundo o Decreto 2.521\/98, a ag\u00eancia tem poder de at\u00e9 cassar o contrato de permiss\u00e3o da empresa.<\/p>\n<p>Caso o cidad\u00e3o identifique que alguma empresa de \u00f4nibus do estado de S\u00e3o Paulo, que opere linhas interestaduais, n\u00e3o est\u00e1 reservando duas vagas e nem concedendo o desconto de 50% aos idosos, denuncie ao Minist\u00e9rio P\u00fablico Federal pelo\u00a0<a href=\"http:\/\/www.prsp.mpf.gov.br\/aplicativos\/digi-denuncia\">digi-den\u00fancia<\/a>.<\/p>\n<p>Fonte: Minist\u00e9rio P\u00fablico Federal<\/p>\n<p><a href=\"http:\/\/noticias.pgr.mpf.gov.br\/noticias\/noticias-do-site\/direitos-do-cidadao\/27-01-10-justica-federal-de-sp-obriga-empresa-de-transporte-a-cumprir-estatuto-do-idoso\">http:\/\/noticias.pgr.mpf.gov.br\/noticias\/noticias-do-site\/direitos-do-cidadao\/27-01-10-justica-federal-de-sp-obriga-empresa-de-transporte-a-cumprir-estatuto-do-idoso<\/a><\/p>\n<\/div>\n<\/div>\n","protected":false},"excerpt":{"rendered":"<p>Liminar obriga empresa de turismo Transbrasiliana a cumprir artigo que obriga a disponibiliza\u00e7\u00e3o de vagas gratuitas para idosos com renda inferior a dois sal\u00e1rios-m\u00ednimos A ju\u00edza da 3\u00aa Vara Federal de S\u00e3o Paulo, Maria Lucia Lencastre Ursaia, concedeu liminar, no \u00faltimo dia 12 de janeiro, em a\u00e7\u00e3o civil p\u00fablica movida pelo Minist\u00e9rio P\u00fablico Federal, e [&hellip;]<\/p>\n","protected":false},"author":1,"featured_media":0,"comment_status":"open","ping_status":"open","sticky":false,"template":"","format":"standard","meta":{"site-container-style":"default","site-container-layout":"default","site-sidebar-layout":"default","disable-article-header":"default","disable-site-header":"default","disable-site-footer":"default","disable-content-area-spacing":"default","footnotes":""},"categories":[26,4],"tags":[],"class_list":["post-13620","post","type-post","status-publish","format-standard","hentry","category-legislacao","category-noticias"],"yoast_head":"<!-- This site is optimized with the Yoast SEO plugin v27.4 - https:\/\/yoast.com\/product\/yoast-seo-wordpress\/ -->\n<title>MPF\/SP: Empresa de transporte \u00e9 obrigada a cumprir Estatuto do Idoso -<\/title>\n<meta name=\"robots\" content=\"index, follow, max-snippet:-1, max-image-preview:large, max-video-preview:-1\" \/>\n<link rel=\"canonical\" href=\"https:\/\/inclusivenews.com.br\/?p=13620\" \/>\n<meta property=\"og:locale\" content=\"pt_PT\" \/>\n<meta property=\"og:type\" content=\"article\" \/>\n<meta property=\"og:title\" content=\"MPF\/SP: Empresa de transporte \u00e9 obrigada a cumprir Estatuto do Idoso -\" \/>\n<meta property=\"og:description\" content=\"Liminar obriga empresa de turismo Transbrasiliana a cumprir artigo que obriga a disponibiliza\u00e7\u00e3o de vagas gratuitas para idosos com renda inferior a dois sal\u00e1rios-m\u00ednimos A ju\u00edza da 3\u00aa Vara Federal de S\u00e3o Paulo, Maria Lucia Lencastre Ursaia, concedeu liminar, no \u00faltimo dia 12 de janeiro, em a\u00e7\u00e3o civil p\u00fablica movida pelo Minist\u00e9rio P\u00fablico Federal, e [&hellip;]\" \/>\n<meta property=\"og:url\" content=\"https:\/\/inclusivenews.com.br\/?p=13620\" \/>\n<meta property=\"article:publisher\" content=\"https:\/\/www.facebook.com\/agenciainclusive\/\" \/>\n<meta property=\"article:published_time\" content=\"2010-01-29T13:08:45+00:00\" \/>\n<meta property=\"og:image\" content=\"http:\/\/inclusivenews.com.br\/wp-content\/uploads\/2010\/01\/idosa-onibus-150x150.jpg\" \/>\n<meta name=\"author\" content=\"inclusivenews2024\" \/>\n<meta name=\"twitter:card\" content=\"summary_large_image\" \/>\n<meta name=\"twitter:label1\" content=\"Escrito por\" \/>\n\t<meta name=\"twitter:data1\" content=\"inclusivenews2024\" \/>\n\t<meta name=\"twitter:label2\" content=\"Tempo estimado de leitura\" \/>\n\t<meta name=\"twitter:data2\" content=\"2 minutos\" \/>\n<script type=\"application\/ld+json\" class=\"yoast-schema-graph\">{\"@context\":\"https:\\\/\\\/schema.org\",\"@graph\":[{\"@type\":\"Article\",\"@id\":\"https:\\\/\\\/inclusivenews.com.br\\\/?p=13620#article\",\"isPartOf\":{\"@id\":\"https:\\\/\\\/inclusivenews.com.br\\\/?p=13620\"},\"author\":{\"name\":\"inclusivenews2024\",\"@id\":\"https:\\\/\\\/inclusivenews.com.br\\\/#\\\/schema\\\/person\\\/ae4ec7087559b8692fb33b6fffd2273b\"},\"headline\":\"MPF\\\/SP: Empresa de transporte \u00e9 obrigada a cumprir Estatuto do Idoso\",\"datePublished\":\"2010-01-29T13:08:45+00:00\",\"mainEntityOfPage\":{\"@id\":\"https:\\\/\\\/inclusivenews.com.br\\\/?p=13620\"},\"wordCount\":374,\"commentCount\":0,\"publisher\":{\"@id\":\"https:\\\/\\\/inclusivenews.com.br\\\/#organization\"},\"image\":{\"@id\":\"https:\\\/\\\/inclusivenews.com.br\\\/?p=13620#primaryimage\"},\"thumbnailUrl\":\"http:\\\/\\\/inclusivenews.com.br\\\/wp-content\\\/uploads\\\/2010\\\/01\\\/idosa-onibus-150x150.jpg\",\"articleSection\":[\"Legisla\u00e7\u00e3o ...\",\"NOT\u00cdCIAS\"],\"inLanguage\":\"pt-PT\",\"potentialAction\":[{\"@type\":\"CommentAction\",\"name\":\"Comment\",\"target\":[\"https:\\\/\\\/inclusivenews.com.br\\\/?p=13620#respond\"]}]},{\"@type\":\"WebPage\",\"@id\":\"https:\\\/\\\/inclusivenews.com.br\\\/?p=13620\",\"url\":\"https:\\\/\\\/inclusivenews.com.br\\\/?p=13620\",\"name\":\"MPF\\\/SP: Empresa de transporte \u00e9 obrigada a cumprir Estatuto do Idoso -\",\"isPartOf\":{\"@id\":\"https:\\\/\\\/inclusivenews.com.br\\\/#website\"},\"primaryImageOfPage\":{\"@id\":\"https:\\\/\\\/inclusivenews.com.br\\\/?p=13620#primaryimage\"},\"image\":{\"@id\":\"https:\\\/\\\/inclusivenews.com.br\\\/?p=13620#primaryimage\"},\"thumbnailUrl\":\"http:\\\/\\\/inclusivenews.com.br\\\/wp-content\\\/uploads\\\/2010\\\/01\\\/idosa-onibus-150x150.jpg\",\"datePublished\":\"2010-01-29T13:08:45+00:00\",\"breadcrumb\":{\"@id\":\"https:\\\/\\\/inclusivenews.com.br\\\/?p=13620#breadcrumb\"},\"inLanguage\":\"pt-PT\",\"potentialAction\":[{\"@type\":\"ReadAction\",\"target\":[\"https:\\\/\\\/inclusivenews.com.br\\\/?p=13620\"]}]},{\"@type\":\"ImageObject\",\"inLanguage\":\"pt-PT\",\"@id\":\"https:\\\/\\\/inclusivenews.com.br\\\/?p=13620#primaryimage\",\"url\":\"\",\"contentUrl\":\"\"},{\"@type\":\"BreadcrumbList\",\"@id\":\"https:\\\/\\\/inclusivenews.com.br\\\/?p=13620#breadcrumb\",\"itemListElement\":[{\"@type\":\"ListItem\",\"position\":1,\"name\":\"In\u00edcio\",\"item\":\"https:\\\/\\\/inclusivenews.com.br\\\/\"},{\"@type\":\"ListItem\",\"position\":2,\"name\":\"MPF\\\/SP: Empresa de transporte \u00e9 obrigada a cumprir Estatuto do Idoso\"}]},{\"@type\":\"WebSite\",\"@id\":\"https:\\\/\\\/inclusivenews.com.br\\\/#website\",\"url\":\"https:\\\/\\\/inclusivenews.com.br\\\/\",\"name\":\"Inclusive News\",\"description\":\"Inclusive News\",\"publisher\":{\"@id\":\"https:\\\/\\\/inclusivenews.com.br\\\/#organization\"},\"potentialAction\":[{\"@type\":\"SearchAction\",\"target\":{\"@type\":\"EntryPoint\",\"urlTemplate\":\"https:\\\/\\\/inclusivenews.com.br\\\/?s={search_term_string}\"},\"query-input\":{\"@type\":\"PropertyValueSpecification\",\"valueRequired\":true,\"valueName\":\"search_term_string\"}}],\"inLanguage\":\"pt-PT\"},{\"@type\":\"Organization\",\"@id\":\"https:\\\/\\\/inclusivenews.com.br\\\/#organization\",\"name\":\"Inclusive - inclus\u00e3o e cidadania\",\"url\":\"https:\\\/\\\/inclusivenews.com.br\\\/\",\"logo\":{\"@type\":\"ImageObject\",\"inLanguage\":\"pt-PT\",\"@id\":\"https:\\\/\\\/inclusivenews.com.br\\\/#\\\/schema\\\/logo\\\/image\\\/\",\"url\":\"https:\\\/\\\/inclusivenews.com.br\\\/wp-content\\\/uploads\\\/2024\\\/03\\\/@grandesite.png\",\"contentUrl\":\"https:\\\/\\\/inclusivenews.com.br\\\/wp-content\\\/uploads\\\/2024\\\/03\\\/@grandesite.png\",\"width\":1080,\"height\":1080,\"caption\":\"Inclusive - inclus\u00e3o e cidadania\"},\"image\":{\"@id\":\"https:\\\/\\\/inclusivenews.com.br\\\/#\\\/schema\\\/logo\\\/image\\\/\"},\"sameAs\":[\"https:\\\/\\\/www.facebook.com\\\/agenciainclusive\\\/\",\"https:\\\/\\\/www.instagram.com\\\/newsinclusive\\\/\"]},{\"@type\":\"Person\",\"@id\":\"https:\\\/\\\/inclusivenews.com.br\\\/#\\\/schema\\\/person\\\/ae4ec7087559b8692fb33b6fffd2273b\",\"name\":\"inclusivenews2024\",\"image\":{\"@type\":\"ImageObject\",\"inLanguage\":\"pt-PT\",\"@id\":\"https:\\\/\\\/secure.gravatar.com\\\/avatar\\\/c5a7ef84c66fa914f55bc4f7ce26cfa275a3b9a1c5568b907bd184fb4dde7b40?s=96&d=mm&r=g\",\"url\":\"https:\\\/\\\/secure.gravatar.com\\\/avatar\\\/c5a7ef84c66fa914f55bc4f7ce26cfa275a3b9a1c5568b907bd184fb4dde7b40?s=96&d=mm&r=g\",\"contentUrl\":\"https:\\\/\\\/secure.gravatar.com\\\/avatar\\\/c5a7ef84c66fa914f55bc4f7ce26cfa275a3b9a1c5568b907bd184fb4dde7b40?s=96&d=mm&r=g\",\"caption\":\"inclusivenews2024\"},\"sameAs\":[\"https:\\\/\\\/inclusivenews.com.br\"],\"url\":\"https:\\\/\\\/inclusivenews.com.br\\\/?author=1\"}]}<\/script>\n<!-- \/ Yoast SEO plugin. -->","yoast_head_json":{"title":"MPF\/SP: Empresa de transporte \u00e9 obrigada a cumprir Estatuto do Idoso -","robots":{"index":"index","follow":"follow","max-snippet":"max-snippet:-1","max-image-preview":"max-image-preview:large","max-video-preview":"max-video-preview:-1"},"canonical":"https:\/\/inclusivenews.com.br\/?p=13620","og_locale":"pt_PT","og_type":"article","og_title":"MPF\/SP: Empresa de transporte \u00e9 obrigada a cumprir Estatuto do Idoso -","og_description":"Liminar obriga empresa de turismo Transbrasiliana a cumprir artigo que obriga a disponibiliza\u00e7\u00e3o de vagas gratuitas para idosos com renda inferior a dois sal\u00e1rios-m\u00ednimos A ju\u00edza da 3\u00aa Vara Federal de S\u00e3o Paulo, Maria Lucia Lencastre Ursaia, concedeu liminar, no \u00faltimo dia 12 de janeiro, em a\u00e7\u00e3o civil p\u00fablica movida pelo Minist\u00e9rio P\u00fablico Federal, e [&hellip;]","og_url":"https:\/\/inclusivenews.com.br\/?p=13620","article_publisher":"https:\/\/www.facebook.com\/agenciainclusive\/","article_published_time":"2010-01-29T13:08:45+00:00","og_image":[{"url":"http:\/\/inclusivenews.com.br\/wp-content\/uploads\/2010\/01\/idosa-onibus-150x150.jpg","type":"","width":"","height":""}],"author":"inclusivenews2024","twitter_card":"summary_large_image","twitter_misc":{"Escrito por":"inclusivenews2024","Tempo estimado de leitura":"2 minutos"},"schema":{"@context":"https:\/\/schema.org","@graph":[{"@type":"Article","@id":"https:\/\/inclusivenews.com.br\/?p=13620#article","isPartOf":{"@id":"https:\/\/inclusivenews.com.br\/?p=13620"},"author":{"name":"inclusivenews2024","@id":"https:\/\/inclusivenews.com.br\/#\/schema\/person\/ae4ec7087559b8692fb33b6fffd2273b"},"headline":"MPF\/SP: Empresa de transporte \u00e9 obrigada a cumprir Estatuto do Idoso","datePublished":"2010-01-29T13:08:45+00:00","mainEntityOfPage":{"@id":"https:\/\/inclusivenews.com.br\/?p=13620"},"wordCount":374,"commentCount":0,"publisher":{"@id":"https:\/\/inclusivenews.com.br\/#organization"},"image":{"@id":"https:\/\/inclusivenews.com.br\/?p=13620#primaryimage"},"thumbnailUrl":"http:\/\/inclusivenews.com.br\/wp-content\/uploads\/2010\/01\/idosa-onibus-150x150.jpg","articleSection":["Legisla\u00e7\u00e3o ...","NOT\u00cdCIAS"],"inLanguage":"pt-PT","potentialAction":[{"@type":"CommentAction","name":"Comment","target":["https:\/\/inclusivenews.com.br\/?p=13620#respond"]}]},{"@type":"WebPage","@id":"https:\/\/inclusivenews.com.br\/?p=13620","url":"https:\/\/inclusivenews.com.br\/?p=13620","name":"MPF\/SP: Empresa de transporte \u00e9 obrigada a cumprir Estatuto do Idoso -","isPartOf":{"@id":"https:\/\/inclusivenews.com.br\/#website"},"primaryImageOfPage":{"@id":"https:\/\/inclusivenews.com.br\/?p=13620#primaryimage"},"image":{"@id":"https:\/\/inclusivenews.com.br\/?p=13620#primaryimage"},"thumbnailUrl":"http:\/\/inclusivenews.com.br\/wp-content\/uploads\/2010\/01\/idosa-onibus-150x150.jpg","datePublished":"2010-01-29T13:08:45+00:00","breadcrumb":{"@id":"https:\/\/inclusivenews.com.br\/?p=13620#breadcrumb"},"inLanguage":"pt-PT","potentialAction":[{"@type":"ReadAction","target":["https:\/\/inclusivenews.com.br\/?p=13620"]}]},{"@type":"ImageObject","inLanguage":"pt-PT","@id":"https:\/\/inclusivenews.com.br\/?p=13620#primaryimage","url":"","contentUrl":""},{"@type":"BreadcrumbList","@id":"https:\/\/inclusivenews.com.br\/?p=13620#breadcrumb","itemListElement":[{"@type":"ListItem","position":1,"name":"In\u00edcio","item":"https:\/\/inclusivenews.com.br\/"},{"@type":"ListItem","position":2,"name":"MPF\/SP: Empresa de transporte \u00e9 obrigada a cumprir Estatuto do Idoso"}]},{"@type":"WebSite","@id":"https:\/\/inclusivenews.com.br\/#website","url":"https:\/\/inclusivenews.com.br\/","name":"Inclusive News","description":"Inclusive News","publisher":{"@id":"https:\/\/inclusivenews.com.br\/#organization"},"potentialAction":[{"@type":"SearchAction","target":{"@type":"EntryPoint","urlTemplate":"https:\/\/inclusivenews.com.br\/?s={search_term_string}"},"query-input":{"@type":"PropertyValueSpecification","valueRequired":true,"valueName":"search_term_string"}}],"inLanguage":"pt-PT"},{"@type":"Organization","@id":"https:\/\/inclusivenews.com.br\/#organization","name":"Inclusive - inclus\u00e3o e cidadania","url":"https:\/\/inclusivenews.com.br\/","logo":{"@type":"ImageObject","inLanguage":"pt-PT","@id":"https:\/\/inclusivenews.com.br\/#\/schema\/logo\/image\/","url":"https:\/\/inclusivenews.com.br\/wp-content\/uploads\/2024\/03\/@grandesite.png","contentUrl":"https:\/\/inclusivenews.com.br\/wp-content\/uploads\/2024\/03\/@grandesite.png","width":1080,"height":1080,"caption":"Inclusive - inclus\u00e3o e cidadania"},"image":{"@id":"https:\/\/inclusivenews.com.br\/#\/schema\/logo\/image\/"},"sameAs":["https:\/\/www.facebook.com\/agenciainclusive\/","https:\/\/www.instagram.com\/newsinclusive\/"]},{"@type":"Person","@id":"https:\/\/inclusivenews.com.br\/#\/schema\/person\/ae4ec7087559b8692fb33b6fffd2273b","name":"inclusivenews2024","image":{"@type":"ImageObject","inLanguage":"pt-PT","@id":"https:\/\/secure.gravatar.com\/avatar\/c5a7ef84c66fa914f55bc4f7ce26cfa275a3b9a1c5568b907bd184fb4dde7b40?s=96&d=mm&r=g","url":"https:\/\/secure.gravatar.com\/avatar\/c5a7ef84c66fa914f55bc4f7ce26cfa275a3b9a1c5568b907bd184fb4dde7b40?s=96&d=mm&r=g","contentUrl":"https:\/\/secure.gravatar.com\/avatar\/c5a7ef84c66fa914f55bc4f7ce26cfa275a3b9a1c5568b907bd184fb4dde7b40?s=96&d=mm&r=g","caption":"inclusivenews2024"},"sameAs":["https:\/\/inclusivenews.com.br"],"url":"https:\/\/inclusivenews.com.br\/?author=1"}]}},"_links":{"self":[{"href":"https:\/\/inclusivenews.com.br\/index.php?rest_route=\/wp\/v2\/posts\/13620","targetHints":{"allow":["GET"]}}],"collection":[{"href":"https:\/\/inclusivenews.com.br\/index.php?rest_route=\/wp\/v2\/posts"}],"about":[{"href":"https:\/\/inclusivenews.com.br\/index.php?rest_route=\/wp\/v2\/types\/post"}],"author":[{"embeddable":true,"href":"https:\/\/inclusivenews.com.br\/index.php?rest_route=\/wp\/v2\/users\/1"}],"replies":[{"embeddable":true,"href":"https:\/\/inclusivenews.com.br\/index.php?rest_route=%2Fwp%2Fv2%2Fcomments&post=13620"}],"version-history":[{"count":0,"href":"https:\/\/inclusivenews.com.br\/index.php?rest_route=\/wp\/v2\/posts\/13620\/revisions"}],"wp:attachment":[{"href":"https:\/\/inclusivenews.com.br\/index.php?rest_route=%2Fwp%2Fv2%2Fmedia&parent=13620"}],"wp:term":[{"taxonomy":"category","embeddable":true,"href":"https:\/\/inclusivenews.com.br\/index.php?rest_route=%2Fwp%2Fv2%2Fcategories&post=13620"},{"taxonomy":"post_tag","embeddable":true,"href":"https:\/\/inclusivenews.com.br\/index.php?rest_route=%2Fwp%2Fv2%2Ftags&post=13620"}],"curies":[{"name":"wp","href":"https:\/\/api.w.org\/{rel}","templated":true}]}}