{"id":13703,"date":"2010-02-02T19:26:22","date_gmt":"2010-02-02T22:26:22","guid":{"rendered":"http:\/\/www.inclusive.org.br\/?p=13703"},"modified":"2010-02-02T19:26:22","modified_gmt":"2010-02-02T22:26:22","slug":"empresas-de-onibus-treinam-colaboradores-para-o-atendimento-de-deficientes-fisicos-no-acre","status":"publish","type":"post","link":"https:\/\/inclusivenews.com.br\/?p=13703","title":{"rendered":"Empresas de \u00f4nibus treinam colaboradores para o atendimento de deficientes f\u00edsicos no Acre"},"content":{"rendered":"<figure id=\"attachment_13704\" aria-describedby=\"caption-attachment-13704\" style=\"width: 150px\" class=\"wp-caption alignnone\"><a href=\"http:\/\/www.inclusivenews.com.br\/wp-content\/uploads\/2010\/02\/thumb_cadeirante_trnsporte_10_rs_.jpg\"><img loading=\"lazy\" decoding=\"async\" class=\"size-thumbnail wp-image-13704\" title=\"thumb_cadeirante_trnsporte_10_rs_\" src=\"http:\/\/inclusivenews.com.br\/wp-content\/uploads\/2010\/02\/thumb_cadeirante_trnsporte_10_rs_-150x119.jpg\" alt=\"\" width=\"150\" height=\"119\" \/><\/a><figcaption id=\"caption-attachment-13704\" class=\"wp-caption-text\">Quatro homens, entre eles um cadeirante, diante de um \u00f4nibus com elevador para cadeira de rodas<\/figcaption><\/figure>\n<p>Depois de assumirem o compromisso de renova\u00e7\u00e3o da frota, as empresas que operam o sistema de transporte coletivo em Rio Branco, agora est\u00e3o voltadas para a capacita\u00e7\u00e3o de seus colaboradores.<\/p>\n<p>Atendendo a uma recomenda\u00e7\u00e3o da Superintend\u00eancia de Transito de Rio Branco (RBTrans), as empresas R\u00e1pido S\u00e3o Roque e Via Verde, realizaram na manh\u00e3 do ultimo s\u00e1bado, um treinamento para cobradores\u00a0 e motoristas se adaptarem \u00e1s plataformas de embarque e desembarque para usu\u00e1rios cadeirantes.<br \/>\nQuarenta colaboradores das duas empresas tiveram acesso ao equipamento que permite o embarque do passageiro em cadeira de rodas. As plataformas, j\u00e1 dispon\u00edveis em v\u00e1rios carros, ser\u00e3o uma constante na vida dos trabalhadores do sistema daqui pra frente. Todos os carros novos que ir\u00e3o chegar para refor\u00e7ar e renovar a frota, possuem o equipamento.<\/p>\n<p>O gerente de opera\u00e7\u00f5es da R\u00e1pido S\u00e3o Roque, Valciclei Almada coordenou o treinamento, que teve a participa\u00e7\u00e3o do volunt\u00e1rio Ademar Maia Duarte, de 31 anos, que h\u00e1 sete est\u00e1 numa cadeira de rodas. Uma queda de um telhado deixou o trabalhador parapl\u00e9gico.<br \/>\nMorador do bairro Santa In\u00eas, diariamente Ademar usa o transporte coletivo.Ele ficou satisfeito ao saber que em breve, todos os carros estar\u00e3o dotados com o equipamento.<\/p>\n<p>\u201cPra gente que vive numa cadeira de rodas, subir e descer do \u00f4nibus sem a plataforma \u00e9 um sofrimento. Se n\u00e3o tiver ninguem pra ajudar, a gente fica na parada at\u00e9 aparecer um carro que possui o equipamento. Vendo que as empresas est\u00e3o preocupadas em capacitar seus colaboradores, fico na certeza de que o transporte coletivo de Rio Branco vai oferecer mais seguran\u00e7a e qualidade para n\u00f3s e os demais usu\u00e1rios\u201d, comentou ele.<br \/>\nPara o diretor da empresa, Ant\u00f4nio C\u00e9sar, o treinamento tamb\u00e9m motiva os colaboradores. Ele atesta isso pelo grande numero de cobradores e motoristas que aproveitaram o dia de folga para se familiarizarem com o equipamento. At\u00e9 abril desse ano, todos os carros novos da empresa v\u00e3o nas linhas oferecendo para essa categoria de usu\u00e1rio, o embarque e desembarque pelas plataformas.<\/p>\n<p>Fonte: P\u00e1gina 20<\/p>\n<p><a href=\"http:\/\/www.pagina20.com.br\/index.php?option=com_content&amp;task=view&amp;id=11912&amp;Itemid=14\">http:\/\/www.pagina20.com.br\/index.php?option=com_content&amp;task=view&amp;id=11912&amp;Itemid=14<\/a><\/p>\n","protected":false},"excerpt":{"rendered":"<p>Depois de assumirem o compromisso de renova\u00e7\u00e3o da frota, as empresas que operam o sistema de transporte coletivo em Rio Branco, agora est\u00e3o voltadas para a capacita\u00e7\u00e3o de seus colaboradores. Atendendo a uma recomenda\u00e7\u00e3o da Superintend\u00eancia de Transito de Rio Branco (RBTrans), as empresas R\u00e1pido S\u00e3o Roque e Via Verde, realizaram na manh\u00e3 do ultimo [&hellip;]<\/p>\n","protected":false},"author":1,"featured_media":0,"comment_status":"open","ping_status":"open","sticky":false,"template":"","format":"standard","meta":{"site-container-style":"default","site-container-layout":"default","site-sidebar-layout":"default","disable-article-header":"default","disable-site-header":"default","disable-site-footer":"default","disable-content-area-spacing":"default","footnotes":""},"categories":[44,4],"tags":[],"class_list":["post-13703","post","type-post","status-publish","format-standard","hentry","category-acessibilidade","category-noticias"],"yoast_head":"<!-- This site is optimized with the Yoast SEO plugin v27.4 - https:\/\/yoast.com\/product\/yoast-seo-wordpress\/ -->\n<title>Empresas de \u00f4nibus treinam colaboradores para o atendimento de deficientes f\u00edsicos no Acre -<\/title>\n<meta name=\"robots\" content=\"index, follow, max-snippet:-1, max-image-preview:large, max-video-preview:-1\" \/>\n<link rel=\"canonical\" href=\"https:\/\/inclusivenews.com.br\/?p=13703\" \/>\n<meta property=\"og:locale\" content=\"pt_PT\" \/>\n<meta property=\"og:type\" content=\"article\" \/>\n<meta property=\"og:title\" content=\"Empresas de \u00f4nibus treinam colaboradores para o atendimento de deficientes f\u00edsicos no Acre -\" \/>\n<meta property=\"og:description\" content=\"Depois de assumirem o compromisso de renova\u00e7\u00e3o da frota, as empresas que operam o sistema de transporte coletivo em Rio Branco, agora est\u00e3o voltadas para a capacita\u00e7\u00e3o de seus colaboradores. Atendendo a uma recomenda\u00e7\u00e3o da Superintend\u00eancia de Transito de Rio Branco (RBTrans), as empresas R\u00e1pido S\u00e3o Roque e Via Verde, realizaram na manh\u00e3 do ultimo [&hellip;]\" \/>\n<meta property=\"og:url\" content=\"https:\/\/inclusivenews.com.br\/?p=13703\" \/>\n<meta property=\"article:publisher\" content=\"https:\/\/www.facebook.com\/agenciainclusive\/\" \/>\n<meta property=\"article:published_time\" content=\"2010-02-02T22:26:22+00:00\" \/>\n<meta property=\"og:image\" content=\"http:\/\/inclusivenews.com.br\/wp-content\/uploads\/2010\/02\/thumb_cadeirante_trnsporte_10_rs_-150x119.jpg\" \/>\n<meta name=\"author\" content=\"inclusivenews2024\" \/>\n<meta name=\"twitter:card\" content=\"summary_large_image\" \/>\n<meta name=\"twitter:label1\" content=\"Escrito por\" \/>\n\t<meta name=\"twitter:data1\" content=\"inclusivenews2024\" \/>\n\t<meta name=\"twitter:label2\" content=\"Tempo estimado de leitura\" \/>\n\t<meta name=\"twitter:data2\" content=\"2 minutos\" \/>\n<script type=\"application\/ld+json\" class=\"yoast-schema-graph\">{\"@context\":\"https:\\\/\\\/schema.org\",\"@graph\":[{\"@type\":\"Article\",\"@id\":\"https:\\\/\\\/inclusivenews.com.br\\\/?p=13703#article\",\"isPartOf\":{\"@id\":\"https:\\\/\\\/inclusivenews.com.br\\\/?p=13703\"},\"author\":{\"name\":\"inclusivenews2024\",\"@id\":\"https:\\\/\\\/inclusivenews.com.br\\\/#\\\/schema\\\/person\\\/ae4ec7087559b8692fb33b6fffd2273b\"},\"headline\":\"Empresas de \u00f4nibus treinam colaboradores para o atendimento de deficientes f\u00edsicos no Acre\",\"datePublished\":\"2010-02-02T22:26:22+00:00\",\"mainEntityOfPage\":{\"@id\":\"https:\\\/\\\/inclusivenews.com.br\\\/?p=13703\"},\"wordCount\":417,\"commentCount\":0,\"publisher\":{\"@id\":\"https:\\\/\\\/inclusivenews.com.br\\\/#organization\"},\"image\":{\"@id\":\"https:\\\/\\\/inclusivenews.com.br\\\/?p=13703#primaryimage\"},\"thumbnailUrl\":\"http:\\\/\\\/inclusivenews.com.br\\\/wp-content\\\/uploads\\\/2010\\\/02\\\/thumb_cadeirante_trnsporte_10_rs_-150x119.jpg\",\"articleSection\":[\"ACESSIBILIDADE\",\"NOT\u00cdCIAS\"],\"inLanguage\":\"pt-PT\",\"potentialAction\":[{\"@type\":\"CommentAction\",\"name\":\"Comment\",\"target\":[\"https:\\\/\\\/inclusivenews.com.br\\\/?p=13703#respond\"]}]},{\"@type\":\"WebPage\",\"@id\":\"https:\\\/\\\/inclusivenews.com.br\\\/?p=13703\",\"url\":\"https:\\\/\\\/inclusivenews.com.br\\\/?p=13703\",\"name\":\"Empresas de \u00f4nibus treinam colaboradores para o atendimento de deficientes f\u00edsicos no Acre -\",\"isPartOf\":{\"@id\":\"https:\\\/\\\/inclusivenews.com.br\\\/#website\"},\"primaryImageOfPage\":{\"@id\":\"https:\\\/\\\/inclusivenews.com.br\\\/?p=13703#primaryimage\"},\"image\":{\"@id\":\"https:\\\/\\\/inclusivenews.com.br\\\/?p=13703#primaryimage\"},\"thumbnailUrl\":\"http:\\\/\\\/inclusivenews.com.br\\\/wp-content\\\/uploads\\\/2010\\\/02\\\/thumb_cadeirante_trnsporte_10_rs_-150x119.jpg\",\"datePublished\":\"2010-02-02T22:26:22+00:00\",\"breadcrumb\":{\"@id\":\"https:\\\/\\\/inclusivenews.com.br\\\/?p=13703#breadcrumb\"},\"inLanguage\":\"pt-PT\",\"potentialAction\":[{\"@type\":\"ReadAction\",\"target\":[\"https:\\\/\\\/inclusivenews.com.br\\\/?p=13703\"]}]},{\"@type\":\"ImageObject\",\"inLanguage\":\"pt-PT\",\"@id\":\"https:\\\/\\\/inclusivenews.com.br\\\/?p=13703#primaryimage\",\"url\":\"\",\"contentUrl\":\"\"},{\"@type\":\"BreadcrumbList\",\"@id\":\"https:\\\/\\\/inclusivenews.com.br\\\/?p=13703#breadcrumb\",\"itemListElement\":[{\"@type\":\"ListItem\",\"position\":1,\"name\":\"In\u00edcio\",\"item\":\"https:\\\/\\\/inclusivenews.com.br\\\/\"},{\"@type\":\"ListItem\",\"position\":2,\"name\":\"Empresas de \u00f4nibus treinam colaboradores para o atendimento de deficientes f\u00edsicos no Acre\"}]},{\"@type\":\"WebSite\",\"@id\":\"https:\\\/\\\/inclusivenews.com.br\\\/#website\",\"url\":\"https:\\\/\\\/inclusivenews.com.br\\\/\",\"name\":\"Inclusive News\",\"description\":\"Inclusive News\",\"publisher\":{\"@id\":\"https:\\\/\\\/inclusivenews.com.br\\\/#organization\"},\"potentialAction\":[{\"@type\":\"SearchAction\",\"target\":{\"@type\":\"EntryPoint\",\"urlTemplate\":\"https:\\\/\\\/inclusivenews.com.br\\\/?s={search_term_string}\"},\"query-input\":{\"@type\":\"PropertyValueSpecification\",\"valueRequired\":true,\"valueName\":\"search_term_string\"}}],\"inLanguage\":\"pt-PT\"},{\"@type\":\"Organization\",\"@id\":\"https:\\\/\\\/inclusivenews.com.br\\\/#organization\",\"name\":\"Inclusive - inclus\u00e3o e cidadania\",\"url\":\"https:\\\/\\\/inclusivenews.com.br\\\/\",\"logo\":{\"@type\":\"ImageObject\",\"inLanguage\":\"pt-PT\",\"@id\":\"https:\\\/\\\/inclusivenews.com.br\\\/#\\\/schema\\\/logo\\\/image\\\/\",\"url\":\"https:\\\/\\\/inclusivenews.com.br\\\/wp-content\\\/uploads\\\/2024\\\/03\\\/@grandesite.png\",\"contentUrl\":\"https:\\\/\\\/inclusivenews.com.br\\\/wp-content\\\/uploads\\\/2024\\\/03\\\/@grandesite.png\",\"width\":1080,\"height\":1080,\"caption\":\"Inclusive - inclus\u00e3o e cidadania\"},\"image\":{\"@id\":\"https:\\\/\\\/inclusivenews.com.br\\\/#\\\/schema\\\/logo\\\/image\\\/\"},\"sameAs\":[\"https:\\\/\\\/www.facebook.com\\\/agenciainclusive\\\/\",\"https:\\\/\\\/www.instagram.com\\\/newsinclusive\\\/\"]},{\"@type\":\"Person\",\"@id\":\"https:\\\/\\\/inclusivenews.com.br\\\/#\\\/schema\\\/person\\\/ae4ec7087559b8692fb33b6fffd2273b\",\"name\":\"inclusivenews2024\",\"image\":{\"@type\":\"ImageObject\",\"inLanguage\":\"pt-PT\",\"@id\":\"https:\\\/\\\/secure.gravatar.com\\\/avatar\\\/c5a7ef84c66fa914f55bc4f7ce26cfa275a3b9a1c5568b907bd184fb4dde7b40?s=96&d=mm&r=g\",\"url\":\"https:\\\/\\\/secure.gravatar.com\\\/avatar\\\/c5a7ef84c66fa914f55bc4f7ce26cfa275a3b9a1c5568b907bd184fb4dde7b40?s=96&d=mm&r=g\",\"contentUrl\":\"https:\\\/\\\/secure.gravatar.com\\\/avatar\\\/c5a7ef84c66fa914f55bc4f7ce26cfa275a3b9a1c5568b907bd184fb4dde7b40?s=96&d=mm&r=g\",\"caption\":\"inclusivenews2024\"},\"sameAs\":[\"https:\\\/\\\/inclusivenews.com.br\"],\"url\":\"https:\\\/\\\/inclusivenews.com.br\\\/?author=1\"}]}<\/script>\n<!-- \/ Yoast SEO plugin. -->","yoast_head_json":{"title":"Empresas de \u00f4nibus treinam colaboradores para o atendimento de deficientes f\u00edsicos no Acre -","robots":{"index":"index","follow":"follow","max-snippet":"max-snippet:-1","max-image-preview":"max-image-preview:large","max-video-preview":"max-video-preview:-1"},"canonical":"https:\/\/inclusivenews.com.br\/?p=13703","og_locale":"pt_PT","og_type":"article","og_title":"Empresas de \u00f4nibus treinam colaboradores para o atendimento de deficientes f\u00edsicos no Acre -","og_description":"Depois de assumirem o compromisso de renova\u00e7\u00e3o da frota, as empresas que operam o sistema de transporte coletivo em Rio Branco, agora est\u00e3o voltadas para a capacita\u00e7\u00e3o de seus colaboradores. Atendendo a uma recomenda\u00e7\u00e3o da Superintend\u00eancia de Transito de Rio Branco (RBTrans), as empresas R\u00e1pido S\u00e3o Roque e Via Verde, realizaram na manh\u00e3 do ultimo [&hellip;]","og_url":"https:\/\/inclusivenews.com.br\/?p=13703","article_publisher":"https:\/\/www.facebook.com\/agenciainclusive\/","article_published_time":"2010-02-02T22:26:22+00:00","og_image":[{"url":"http:\/\/inclusivenews.com.br\/wp-content\/uploads\/2010\/02\/thumb_cadeirante_trnsporte_10_rs_-150x119.jpg","type":"","width":"","height":""}],"author":"inclusivenews2024","twitter_card":"summary_large_image","twitter_misc":{"Escrito por":"inclusivenews2024","Tempo estimado de leitura":"2 minutos"},"schema":{"@context":"https:\/\/schema.org","@graph":[{"@type":"Article","@id":"https:\/\/inclusivenews.com.br\/?p=13703#article","isPartOf":{"@id":"https:\/\/inclusivenews.com.br\/?p=13703"},"author":{"name":"inclusivenews2024","@id":"https:\/\/inclusivenews.com.br\/#\/schema\/person\/ae4ec7087559b8692fb33b6fffd2273b"},"headline":"Empresas de \u00f4nibus treinam colaboradores para o atendimento de deficientes f\u00edsicos no Acre","datePublished":"2010-02-02T22:26:22+00:00","mainEntityOfPage":{"@id":"https:\/\/inclusivenews.com.br\/?p=13703"},"wordCount":417,"commentCount":0,"publisher":{"@id":"https:\/\/inclusivenews.com.br\/#organization"},"image":{"@id":"https:\/\/inclusivenews.com.br\/?p=13703#primaryimage"},"thumbnailUrl":"http:\/\/inclusivenews.com.br\/wp-content\/uploads\/2010\/02\/thumb_cadeirante_trnsporte_10_rs_-150x119.jpg","articleSection":["ACESSIBILIDADE","NOT\u00cdCIAS"],"inLanguage":"pt-PT","potentialAction":[{"@type":"CommentAction","name":"Comment","target":["https:\/\/inclusivenews.com.br\/?p=13703#respond"]}]},{"@type":"WebPage","@id":"https:\/\/inclusivenews.com.br\/?p=13703","url":"https:\/\/inclusivenews.com.br\/?p=13703","name":"Empresas de \u00f4nibus treinam colaboradores para o atendimento de deficientes f\u00edsicos no Acre -","isPartOf":{"@id":"https:\/\/inclusivenews.com.br\/#website"},"primaryImageOfPage":{"@id":"https:\/\/inclusivenews.com.br\/?p=13703#primaryimage"},"image":{"@id":"https:\/\/inclusivenews.com.br\/?p=13703#primaryimage"},"thumbnailUrl":"http:\/\/inclusivenews.com.br\/wp-content\/uploads\/2010\/02\/thumb_cadeirante_trnsporte_10_rs_-150x119.jpg","datePublished":"2010-02-02T22:26:22+00:00","breadcrumb":{"@id":"https:\/\/inclusivenews.com.br\/?p=13703#breadcrumb"},"inLanguage":"pt-PT","potentialAction":[{"@type":"ReadAction","target":["https:\/\/inclusivenews.com.br\/?p=13703"]}]},{"@type":"ImageObject","inLanguage":"pt-PT","@id":"https:\/\/inclusivenews.com.br\/?p=13703#primaryimage","url":"","contentUrl":""},{"@type":"BreadcrumbList","@id":"https:\/\/inclusivenews.com.br\/?p=13703#breadcrumb","itemListElement":[{"@type":"ListItem","position":1,"name":"In\u00edcio","item":"https:\/\/inclusivenews.com.br\/"},{"@type":"ListItem","position":2,"name":"Empresas de \u00f4nibus treinam colaboradores para o atendimento de deficientes f\u00edsicos no Acre"}]},{"@type":"WebSite","@id":"https:\/\/inclusivenews.com.br\/#website","url":"https:\/\/inclusivenews.com.br\/","name":"Inclusive News","description":"Inclusive News","publisher":{"@id":"https:\/\/inclusivenews.com.br\/#organization"},"potentialAction":[{"@type":"SearchAction","target":{"@type":"EntryPoint","urlTemplate":"https:\/\/inclusivenews.com.br\/?s={search_term_string}"},"query-input":{"@type":"PropertyValueSpecification","valueRequired":true,"valueName":"search_term_string"}}],"inLanguage":"pt-PT"},{"@type":"Organization","@id":"https:\/\/inclusivenews.com.br\/#organization","name":"Inclusive - inclus\u00e3o e cidadania","url":"https:\/\/inclusivenews.com.br\/","logo":{"@type":"ImageObject","inLanguage":"pt-PT","@id":"https:\/\/inclusivenews.com.br\/#\/schema\/logo\/image\/","url":"https:\/\/inclusivenews.com.br\/wp-content\/uploads\/2024\/03\/@grandesite.png","contentUrl":"https:\/\/inclusivenews.com.br\/wp-content\/uploads\/2024\/03\/@grandesite.png","width":1080,"height":1080,"caption":"Inclusive - inclus\u00e3o e cidadania"},"image":{"@id":"https:\/\/inclusivenews.com.br\/#\/schema\/logo\/image\/"},"sameAs":["https:\/\/www.facebook.com\/agenciainclusive\/","https:\/\/www.instagram.com\/newsinclusive\/"]},{"@type":"Person","@id":"https:\/\/inclusivenews.com.br\/#\/schema\/person\/ae4ec7087559b8692fb33b6fffd2273b","name":"inclusivenews2024","image":{"@type":"ImageObject","inLanguage":"pt-PT","@id":"https:\/\/secure.gravatar.com\/avatar\/c5a7ef84c66fa914f55bc4f7ce26cfa275a3b9a1c5568b907bd184fb4dde7b40?s=96&d=mm&r=g","url":"https:\/\/secure.gravatar.com\/avatar\/c5a7ef84c66fa914f55bc4f7ce26cfa275a3b9a1c5568b907bd184fb4dde7b40?s=96&d=mm&r=g","contentUrl":"https:\/\/secure.gravatar.com\/avatar\/c5a7ef84c66fa914f55bc4f7ce26cfa275a3b9a1c5568b907bd184fb4dde7b40?s=96&d=mm&r=g","caption":"inclusivenews2024"},"sameAs":["https:\/\/inclusivenews.com.br"],"url":"https:\/\/inclusivenews.com.br\/?author=1"}]}},"_links":{"self":[{"href":"https:\/\/inclusivenews.com.br\/index.php?rest_route=\/wp\/v2\/posts\/13703","targetHints":{"allow":["GET"]}}],"collection":[{"href":"https:\/\/inclusivenews.com.br\/index.php?rest_route=\/wp\/v2\/posts"}],"about":[{"href":"https:\/\/inclusivenews.com.br\/index.php?rest_route=\/wp\/v2\/types\/post"}],"author":[{"embeddable":true,"href":"https:\/\/inclusivenews.com.br\/index.php?rest_route=\/wp\/v2\/users\/1"}],"replies":[{"embeddable":true,"href":"https:\/\/inclusivenews.com.br\/index.php?rest_route=%2Fwp%2Fv2%2Fcomments&post=13703"}],"version-history":[{"count":0,"href":"https:\/\/inclusivenews.com.br\/index.php?rest_route=\/wp\/v2\/posts\/13703\/revisions"}],"wp:attachment":[{"href":"https:\/\/inclusivenews.com.br\/index.php?rest_route=%2Fwp%2Fv2%2Fmedia&parent=13703"}],"wp:term":[{"taxonomy":"category","embeddable":true,"href":"https:\/\/inclusivenews.com.br\/index.php?rest_route=%2Fwp%2Fv2%2Fcategories&post=13703"},{"taxonomy":"post_tag","embeddable":true,"href":"https:\/\/inclusivenews.com.br\/index.php?rest_route=%2Fwp%2Fv2%2Ftags&post=13703"}],"curies":[{"name":"wp","href":"https:\/\/api.w.org\/{rel}","templated":true}]}}