{"id":13707,"date":"2010-02-03T10:13:11","date_gmt":"2010-02-03T13:13:11","guid":{"rendered":"http:\/\/www.inclusive.org.br\/?p=13707"},"modified":"2010-02-03T10:13:11","modified_gmt":"2010-02-03T13:13:11","slug":"camara-comissao-de-direitos-humanos-retomara-debate-sobre-o-programa-nac-ional-de-direitos-humanos-via-postie","status":"publish","type":"post","link":"https:\/\/inclusivenews.com.br\/?p=13707","title":{"rendered":"C\u00e2mara: Comiss\u00e3o de Direitos Humanos retomar\u00e1 debate sobre o Programa Nacional de Direitos Humanos"},"content":{"rendered":"<p><a href=\"http:\/\/www.inclusivenews.com.br\/wp-content\/uploads\/2009\/12\/img_logoagencia.jpg\"><img loading=\"lazy\" decoding=\"async\" class=\"alignnone size-thumbnail wp-image-13120\" title=\"Ag\u00eancia C\u00e2mara\" src=\"http:\/\/inclusivenews.com.br\/wp-content\/uploads\/2009\/12\/img_logoagencia-150x122.jpg\" alt=\"\" width=\"150\" height=\"122\" \/><\/a>A Comiss\u00e3o de Direitos Humanos e Minorias realiza na quinta-feira (4) nova audi\u00eancia p\u00fablica para debater o 3\u00ba Programa Nacional de Direitos Humanos (PNDH 3). O\u00a0<br \/>\nplano prev\u00ea medidas consideradas pol\u00eamicas, como a abertura dos arquivos do regime militar (1964-1985), o fortalecimento da reforma agr\u00e1ria e a prioridade para a\u00a0<br \/>\naplica\u00e7\u00e3o de penas alternativas no sistema penitenci\u00e1rio.<\/p>\n<p>Para efetivar as medidas do plano, o governo prev\u00ea o envio de 27 projetos de lei ao Congresso, ao longo dos pr\u00f3ximos 11 meses.<\/p>\n<p>No \u00faltimo dia 18, a comiss\u00e3o promoveu audi\u00eancia com organiza\u00e7\u00f5es defensoras dos direitos humanos para rebater as cr\u00edticas que o plano vem recebendo desde que foi\u00a0<br \/>\nlan\u00e7ado por meio de decreto pelo presidente da Rep\u00fablica, em dezembro.<\/p>\n<p>O presidente da Comiss\u00e3o de Direitos Humanos, deputado Luiz Couto (PT-PB), disse que as cr\u00edticas partem de setores conservadores. &#8220;O programa tem sido alvo dos mais\u00a0<br \/>\nduros ataques desses setores, com o aval de parte dos meios de comunica\u00e7\u00e3o. As cr\u00edticas ao plano t\u00eam ignorado o seu car\u00e1ter propositivo. O texto esteve sob consulta\u00a0<br \/>\np\u00fablica e dispon\u00edvel \u00e0 aprecia\u00e7\u00e3o cr\u00edtica da sociedade e da imprensa durante quase um ano&#8221;, afirmou o deputado, durante a audi\u00eancia.<\/p>\n<p>Convidados<br \/>\nForam convidados para o debate de quinta-feira:<br \/>\no presidente da Ordem dos Advogados do Brasil (OAB), Cezar Brito;<br \/>\no coordenador do Movimento Nacional de Direitos Humanos, Gilson Cardoso;<br \/>\nAlexandre Ciconello, representante do F\u00f3rum de Entidades Nacionais de Direitos Humanos;<br \/>\no presidente da Confedera\u00e7\u00e3o Nacional dos Trabalhadores na Agricultura (Contag), Alberto Broch;<br \/>\no presidente da Associa\u00e7\u00e3o Brasileira de Emissoras de R\u00e1dio e Televis\u00e3o (Abert), Daniel Pimentel Slaviero;<br \/>\no reitor da Universidade de Bras\u00edlia (UnB), Jos\u00e9 Geraldo de Souza J\u00fanior;<br \/>\no presidente da Confer\u00eancia Nacional dos Bispos do Brasil (CNBB), dom Geraldo L\u00edrio Rocha.<\/p>\n<p>A audi\u00eancia est\u00e1 marcada para as 9 horas, no plen\u00e1rio 9.<\/p>\n","protected":false},"excerpt":{"rendered":"<p>A Comiss\u00e3o de Direitos Humanos e Minorias realiza na quinta-feira (4) nova audi\u00eancia p\u00fablica para debater o 3\u00ba Programa Nacional de Direitos Humanos (PNDH 3). O\u00a0 plano prev\u00ea medidas consideradas pol\u00eamicas, como a abertura dos arquivos do regime militar (1964-1985), o fortalecimento da reforma agr\u00e1ria e a prioridade para a\u00a0 aplica\u00e7\u00e3o de penas alternativas no [&hellip;]<\/p>\n","protected":false},"author":1,"featured_media":0,"comment_status":"open","ping_status":"open","sticky":false,"template":"","format":"standard","meta":{"site-container-style":"default","site-container-layout":"default","site-sidebar-layout":"default","disable-article-header":"default","disable-site-header":"default","disable-site-footer":"default","disable-content-area-spacing":"default","footnotes":""},"categories":[26,4],"tags":[],"class_list":["post-13707","post","type-post","status-publish","format-standard","hentry","category-legislacao","category-noticias"],"yoast_head":"<!-- This site is optimized with the Yoast SEO plugin v27.4 - https:\/\/yoast.com\/product\/yoast-seo-wordpress\/ -->\n<title>C\u00e2mara: Comiss\u00e3o de Direitos Humanos retomar\u00e1 debate sobre o Programa Nacional de Direitos Humanos -<\/title>\n<meta name=\"robots\" content=\"index, follow, max-snippet:-1, max-image-preview:large, max-video-preview:-1\" \/>\n<link rel=\"canonical\" href=\"https:\/\/inclusivenews.com.br\/?p=13707\" \/>\n<meta property=\"og:locale\" content=\"pt_PT\" \/>\n<meta property=\"og:type\" content=\"article\" \/>\n<meta property=\"og:title\" content=\"C\u00e2mara: Comiss\u00e3o de Direitos Humanos retomar\u00e1 debate sobre o Programa Nacional de Direitos Humanos -\" \/>\n<meta property=\"og:description\" content=\"A Comiss\u00e3o de Direitos Humanos e Minorias realiza na quinta-feira (4) nova audi\u00eancia p\u00fablica para debater o 3\u00ba Programa Nacional de Direitos Humanos (PNDH 3). O\u00a0 plano prev\u00ea medidas consideradas pol\u00eamicas, como a abertura dos arquivos do regime militar (1964-1985), o fortalecimento da reforma agr\u00e1ria e a prioridade para a\u00a0 aplica\u00e7\u00e3o de penas alternativas no [&hellip;]\" \/>\n<meta property=\"og:url\" content=\"https:\/\/inclusivenews.com.br\/?p=13707\" \/>\n<meta property=\"article:publisher\" content=\"https:\/\/www.facebook.com\/agenciainclusive\/\" \/>\n<meta property=\"article:published_time\" content=\"2010-02-03T13:13:11+00:00\" \/>\n<meta property=\"og:image\" content=\"http:\/\/inclusivenews.com.br\/wp-content\/uploads\/2009\/12\/img_logoagencia-150x122.jpg\" \/>\n<meta name=\"author\" content=\"inclusivenews2024\" \/>\n<meta name=\"twitter:card\" content=\"summary_large_image\" \/>\n<meta name=\"twitter:label1\" content=\"Escrito por\" \/>\n\t<meta name=\"twitter:data1\" content=\"inclusivenews2024\" \/>\n\t<meta name=\"twitter:label2\" content=\"Tempo estimado de leitura\" \/>\n\t<meta name=\"twitter:data2\" content=\"2 minutos\" \/>\n<script type=\"application\/ld+json\" class=\"yoast-schema-graph\">{\"@context\":\"https:\\\/\\\/schema.org\",\"@graph\":[{\"@type\":\"Article\",\"@id\":\"https:\\\/\\\/inclusivenews.com.br\\\/?p=13707#article\",\"isPartOf\":{\"@id\":\"https:\\\/\\\/inclusivenews.com.br\\\/?p=13707\"},\"author\":{\"name\":\"inclusivenews2024\",\"@id\":\"https:\\\/\\\/inclusivenews.com.br\\\/#\\\/schema\\\/person\\\/ae4ec7087559b8692fb33b6fffd2273b\"},\"headline\":\"C\u00e2mara: Comiss\u00e3o de Direitos Humanos retomar\u00e1 debate sobre o Programa Nacional de Direitos Humanos\",\"datePublished\":\"2010-02-03T13:13:11+00:00\",\"mainEntityOfPage\":{\"@id\":\"https:\\\/\\\/inclusivenews.com.br\\\/?p=13707\"},\"wordCount\":340,\"commentCount\":0,\"publisher\":{\"@id\":\"https:\\\/\\\/inclusivenews.com.br\\\/#organization\"},\"image\":{\"@id\":\"https:\\\/\\\/inclusivenews.com.br\\\/?p=13707#primaryimage\"},\"thumbnailUrl\":\"http:\\\/\\\/inclusivenews.com.br\\\/wp-content\\\/uploads\\\/2009\\\/12\\\/img_logoagencia-150x122.jpg\",\"articleSection\":[\"Legisla\u00e7\u00e3o ...\",\"NOT\u00cdCIAS\"],\"inLanguage\":\"pt-PT\",\"potentialAction\":[{\"@type\":\"CommentAction\",\"name\":\"Comment\",\"target\":[\"https:\\\/\\\/inclusivenews.com.br\\\/?p=13707#respond\"]}]},{\"@type\":\"WebPage\",\"@id\":\"https:\\\/\\\/inclusivenews.com.br\\\/?p=13707\",\"url\":\"https:\\\/\\\/inclusivenews.com.br\\\/?p=13707\",\"name\":\"C\u00e2mara: Comiss\u00e3o de Direitos Humanos retomar\u00e1 debate sobre o Programa Nacional de Direitos Humanos -\",\"isPartOf\":{\"@id\":\"https:\\\/\\\/inclusivenews.com.br\\\/#website\"},\"primaryImageOfPage\":{\"@id\":\"https:\\\/\\\/inclusivenews.com.br\\\/?p=13707#primaryimage\"},\"image\":{\"@id\":\"https:\\\/\\\/inclusivenews.com.br\\\/?p=13707#primaryimage\"},\"thumbnailUrl\":\"http:\\\/\\\/inclusivenews.com.br\\\/wp-content\\\/uploads\\\/2009\\\/12\\\/img_logoagencia-150x122.jpg\",\"datePublished\":\"2010-02-03T13:13:11+00:00\",\"breadcrumb\":{\"@id\":\"https:\\\/\\\/inclusivenews.com.br\\\/?p=13707#breadcrumb\"},\"inLanguage\":\"pt-PT\",\"potentialAction\":[{\"@type\":\"ReadAction\",\"target\":[\"https:\\\/\\\/inclusivenews.com.br\\\/?p=13707\"]}]},{\"@type\":\"ImageObject\",\"inLanguage\":\"pt-PT\",\"@id\":\"https:\\\/\\\/inclusivenews.com.br\\\/?p=13707#primaryimage\",\"url\":\"\",\"contentUrl\":\"\"},{\"@type\":\"BreadcrumbList\",\"@id\":\"https:\\\/\\\/inclusivenews.com.br\\\/?p=13707#breadcrumb\",\"itemListElement\":[{\"@type\":\"ListItem\",\"position\":1,\"name\":\"In\u00edcio\",\"item\":\"https:\\\/\\\/inclusivenews.com.br\\\/\"},{\"@type\":\"ListItem\",\"position\":2,\"name\":\"C\u00e2mara: Comiss\u00e3o de Direitos Humanos retomar\u00e1 debate sobre o Programa Nacional de Direitos Humanos\"}]},{\"@type\":\"WebSite\",\"@id\":\"https:\\\/\\\/inclusivenews.com.br\\\/#website\",\"url\":\"https:\\\/\\\/inclusivenews.com.br\\\/\",\"name\":\"Inclusive News\",\"description\":\"Inclusive News\",\"publisher\":{\"@id\":\"https:\\\/\\\/inclusivenews.com.br\\\/#organization\"},\"potentialAction\":[{\"@type\":\"SearchAction\",\"target\":{\"@type\":\"EntryPoint\",\"urlTemplate\":\"https:\\\/\\\/inclusivenews.com.br\\\/?s={search_term_string}\"},\"query-input\":{\"@type\":\"PropertyValueSpecification\",\"valueRequired\":true,\"valueName\":\"search_term_string\"}}],\"inLanguage\":\"pt-PT\"},{\"@type\":\"Organization\",\"@id\":\"https:\\\/\\\/inclusivenews.com.br\\\/#organization\",\"name\":\"Inclusive - inclus\u00e3o e cidadania\",\"url\":\"https:\\\/\\\/inclusivenews.com.br\\\/\",\"logo\":{\"@type\":\"ImageObject\",\"inLanguage\":\"pt-PT\",\"@id\":\"https:\\\/\\\/inclusivenews.com.br\\\/#\\\/schema\\\/logo\\\/image\\\/\",\"url\":\"https:\\\/\\\/inclusivenews.com.br\\\/wp-content\\\/uploads\\\/2024\\\/03\\\/@grandesite.png\",\"contentUrl\":\"https:\\\/\\\/inclusivenews.com.br\\\/wp-content\\\/uploads\\\/2024\\\/03\\\/@grandesite.png\",\"width\":1080,\"height\":1080,\"caption\":\"Inclusive - inclus\u00e3o e cidadania\"},\"image\":{\"@id\":\"https:\\\/\\\/inclusivenews.com.br\\\/#\\\/schema\\\/logo\\\/image\\\/\"},\"sameAs\":[\"https:\\\/\\\/www.facebook.com\\\/agenciainclusive\\\/\",\"https:\\\/\\\/www.instagram.com\\\/newsinclusive\\\/\"]},{\"@type\":\"Person\",\"@id\":\"https:\\\/\\\/inclusivenews.com.br\\\/#\\\/schema\\\/person\\\/ae4ec7087559b8692fb33b6fffd2273b\",\"name\":\"inclusivenews2024\",\"image\":{\"@type\":\"ImageObject\",\"inLanguage\":\"pt-PT\",\"@id\":\"https:\\\/\\\/secure.gravatar.com\\\/avatar\\\/c5a7ef84c66fa914f55bc4f7ce26cfa275a3b9a1c5568b907bd184fb4dde7b40?s=96&d=mm&r=g\",\"url\":\"https:\\\/\\\/secure.gravatar.com\\\/avatar\\\/c5a7ef84c66fa914f55bc4f7ce26cfa275a3b9a1c5568b907bd184fb4dde7b40?s=96&d=mm&r=g\",\"contentUrl\":\"https:\\\/\\\/secure.gravatar.com\\\/avatar\\\/c5a7ef84c66fa914f55bc4f7ce26cfa275a3b9a1c5568b907bd184fb4dde7b40?s=96&d=mm&r=g\",\"caption\":\"inclusivenews2024\"},\"sameAs\":[\"https:\\\/\\\/inclusivenews.com.br\"],\"url\":\"https:\\\/\\\/inclusivenews.com.br\\\/?author=1\"}]}<\/script>\n<!-- \/ Yoast SEO plugin. -->","yoast_head_json":{"title":"C\u00e2mara: Comiss\u00e3o de Direitos Humanos retomar\u00e1 debate sobre o Programa Nacional de Direitos Humanos -","robots":{"index":"index","follow":"follow","max-snippet":"max-snippet:-1","max-image-preview":"max-image-preview:large","max-video-preview":"max-video-preview:-1"},"canonical":"https:\/\/inclusivenews.com.br\/?p=13707","og_locale":"pt_PT","og_type":"article","og_title":"C\u00e2mara: Comiss\u00e3o de Direitos Humanos retomar\u00e1 debate sobre o Programa Nacional de Direitos Humanos -","og_description":"A Comiss\u00e3o de Direitos Humanos e Minorias realiza na quinta-feira (4) nova audi\u00eancia p\u00fablica para debater o 3\u00ba Programa Nacional de Direitos Humanos (PNDH 3). O\u00a0 plano prev\u00ea medidas consideradas pol\u00eamicas, como a abertura dos arquivos do regime militar (1964-1985), o fortalecimento da reforma agr\u00e1ria e a prioridade para a\u00a0 aplica\u00e7\u00e3o de penas alternativas no [&hellip;]","og_url":"https:\/\/inclusivenews.com.br\/?p=13707","article_publisher":"https:\/\/www.facebook.com\/agenciainclusive\/","article_published_time":"2010-02-03T13:13:11+00:00","og_image":[{"url":"http:\/\/inclusivenews.com.br\/wp-content\/uploads\/2009\/12\/img_logoagencia-150x122.jpg","type":"","width":"","height":""}],"author":"inclusivenews2024","twitter_card":"summary_large_image","twitter_misc":{"Escrito por":"inclusivenews2024","Tempo estimado de leitura":"2 minutos"},"schema":{"@context":"https:\/\/schema.org","@graph":[{"@type":"Article","@id":"https:\/\/inclusivenews.com.br\/?p=13707#article","isPartOf":{"@id":"https:\/\/inclusivenews.com.br\/?p=13707"},"author":{"name":"inclusivenews2024","@id":"https:\/\/inclusivenews.com.br\/#\/schema\/person\/ae4ec7087559b8692fb33b6fffd2273b"},"headline":"C\u00e2mara: Comiss\u00e3o de Direitos Humanos retomar\u00e1 debate sobre o Programa Nacional de Direitos Humanos","datePublished":"2010-02-03T13:13:11+00:00","mainEntityOfPage":{"@id":"https:\/\/inclusivenews.com.br\/?p=13707"},"wordCount":340,"commentCount":0,"publisher":{"@id":"https:\/\/inclusivenews.com.br\/#organization"},"image":{"@id":"https:\/\/inclusivenews.com.br\/?p=13707#primaryimage"},"thumbnailUrl":"http:\/\/inclusivenews.com.br\/wp-content\/uploads\/2009\/12\/img_logoagencia-150x122.jpg","articleSection":["Legisla\u00e7\u00e3o ...","NOT\u00cdCIAS"],"inLanguage":"pt-PT","potentialAction":[{"@type":"CommentAction","name":"Comment","target":["https:\/\/inclusivenews.com.br\/?p=13707#respond"]}]},{"@type":"WebPage","@id":"https:\/\/inclusivenews.com.br\/?p=13707","url":"https:\/\/inclusivenews.com.br\/?p=13707","name":"C\u00e2mara: Comiss\u00e3o de Direitos Humanos retomar\u00e1 debate sobre o Programa Nacional de Direitos Humanos -","isPartOf":{"@id":"https:\/\/inclusivenews.com.br\/#website"},"primaryImageOfPage":{"@id":"https:\/\/inclusivenews.com.br\/?p=13707#primaryimage"},"image":{"@id":"https:\/\/inclusivenews.com.br\/?p=13707#primaryimage"},"thumbnailUrl":"http:\/\/inclusivenews.com.br\/wp-content\/uploads\/2009\/12\/img_logoagencia-150x122.jpg","datePublished":"2010-02-03T13:13:11+00:00","breadcrumb":{"@id":"https:\/\/inclusivenews.com.br\/?p=13707#breadcrumb"},"inLanguage":"pt-PT","potentialAction":[{"@type":"ReadAction","target":["https:\/\/inclusivenews.com.br\/?p=13707"]}]},{"@type":"ImageObject","inLanguage":"pt-PT","@id":"https:\/\/inclusivenews.com.br\/?p=13707#primaryimage","url":"","contentUrl":""},{"@type":"BreadcrumbList","@id":"https:\/\/inclusivenews.com.br\/?p=13707#breadcrumb","itemListElement":[{"@type":"ListItem","position":1,"name":"In\u00edcio","item":"https:\/\/inclusivenews.com.br\/"},{"@type":"ListItem","position":2,"name":"C\u00e2mara: Comiss\u00e3o de Direitos Humanos retomar\u00e1 debate sobre o Programa Nacional de Direitos Humanos"}]},{"@type":"WebSite","@id":"https:\/\/inclusivenews.com.br\/#website","url":"https:\/\/inclusivenews.com.br\/","name":"Inclusive News","description":"Inclusive News","publisher":{"@id":"https:\/\/inclusivenews.com.br\/#organization"},"potentialAction":[{"@type":"SearchAction","target":{"@type":"EntryPoint","urlTemplate":"https:\/\/inclusivenews.com.br\/?s={search_term_string}"},"query-input":{"@type":"PropertyValueSpecification","valueRequired":true,"valueName":"search_term_string"}}],"inLanguage":"pt-PT"},{"@type":"Organization","@id":"https:\/\/inclusivenews.com.br\/#organization","name":"Inclusive - inclus\u00e3o e cidadania","url":"https:\/\/inclusivenews.com.br\/","logo":{"@type":"ImageObject","inLanguage":"pt-PT","@id":"https:\/\/inclusivenews.com.br\/#\/schema\/logo\/image\/","url":"https:\/\/inclusivenews.com.br\/wp-content\/uploads\/2024\/03\/@grandesite.png","contentUrl":"https:\/\/inclusivenews.com.br\/wp-content\/uploads\/2024\/03\/@grandesite.png","width":1080,"height":1080,"caption":"Inclusive - inclus\u00e3o e cidadania"},"image":{"@id":"https:\/\/inclusivenews.com.br\/#\/schema\/logo\/image\/"},"sameAs":["https:\/\/www.facebook.com\/agenciainclusive\/","https:\/\/www.instagram.com\/newsinclusive\/"]},{"@type":"Person","@id":"https:\/\/inclusivenews.com.br\/#\/schema\/person\/ae4ec7087559b8692fb33b6fffd2273b","name":"inclusivenews2024","image":{"@type":"ImageObject","inLanguage":"pt-PT","@id":"https:\/\/secure.gravatar.com\/avatar\/c5a7ef84c66fa914f55bc4f7ce26cfa275a3b9a1c5568b907bd184fb4dde7b40?s=96&d=mm&r=g","url":"https:\/\/secure.gravatar.com\/avatar\/c5a7ef84c66fa914f55bc4f7ce26cfa275a3b9a1c5568b907bd184fb4dde7b40?s=96&d=mm&r=g","contentUrl":"https:\/\/secure.gravatar.com\/avatar\/c5a7ef84c66fa914f55bc4f7ce26cfa275a3b9a1c5568b907bd184fb4dde7b40?s=96&d=mm&r=g","caption":"inclusivenews2024"},"sameAs":["https:\/\/inclusivenews.com.br"],"url":"https:\/\/inclusivenews.com.br\/?author=1"}]}},"_links":{"self":[{"href":"https:\/\/inclusivenews.com.br\/index.php?rest_route=\/wp\/v2\/posts\/13707","targetHints":{"allow":["GET"]}}],"collection":[{"href":"https:\/\/inclusivenews.com.br\/index.php?rest_route=\/wp\/v2\/posts"}],"about":[{"href":"https:\/\/inclusivenews.com.br\/index.php?rest_route=\/wp\/v2\/types\/post"}],"author":[{"embeddable":true,"href":"https:\/\/inclusivenews.com.br\/index.php?rest_route=\/wp\/v2\/users\/1"}],"replies":[{"embeddable":true,"href":"https:\/\/inclusivenews.com.br\/index.php?rest_route=%2Fwp%2Fv2%2Fcomments&post=13707"}],"version-history":[{"count":0,"href":"https:\/\/inclusivenews.com.br\/index.php?rest_route=\/wp\/v2\/posts\/13707\/revisions"}],"wp:attachment":[{"href":"https:\/\/inclusivenews.com.br\/index.php?rest_route=%2Fwp%2Fv2%2Fmedia&parent=13707"}],"wp:term":[{"taxonomy":"category","embeddable":true,"href":"https:\/\/inclusivenews.com.br\/index.php?rest_route=%2Fwp%2Fv2%2Fcategories&post=13707"},{"taxonomy":"post_tag","embeddable":true,"href":"https:\/\/inclusivenews.com.br\/index.php?rest_route=%2Fwp%2Fv2%2Ftags&post=13707"}],"curies":[{"name":"wp","href":"https:\/\/api.w.org\/{rel}","templated":true}]}}