{"id":13719,"date":"2010-02-03T22:59:13","date_gmt":"2010-02-04T01:59:13","guid":{"rendered":"http:\/\/www.inclusive.org.br\/?p=13719"},"modified":"2010-02-03T22:59:13","modified_gmt":"2010-02-04T01:59:13","slug":"curso-sobre-a-sindrome-pos-poliomielite","status":"publish","type":"post","link":"https:\/\/inclusivenews.com.br\/?p=13719","title":{"rendered":"Curso sobre a S\u00edndrome P\u00f3s-Poliomielite"},"content":{"rendered":"<p>\u00a0<\/p>\n<figure id=\"attachment_13727\" aria-describedby=\"caption-attachment-13727\" style=\"width: 150px\" class=\"wp-caption alignnone\"><a href=\"http:\/\/www.inclusivenews.com.br\/wp-content\/uploads\/2010\/02\/marca_unifesp_cor_m.jpg\"><img loading=\"lazy\" decoding=\"async\" class=\"size-thumbnail wp-image-13727\" title=\"marca_unifesp_cor_m\" src=\"http:\/\/inclusivenews.com.br\/wp-content\/uploads\/2010\/02\/marca_unifesp_cor_m-150x91.jpg\" alt=\"\" width=\"150\" height=\"91\" \/><\/a><figcaption id=\"caption-attachment-13727\" class=\"wp-caption-text\">Logotipo Unifesp<\/figcaption><\/figure>\n<p>Gratuito, o curso \u00e9\u00a0voltado aos PROFISSIONAIS DA \u00c1REA DE SA\u00daDE, especialistas em Neurologia, Ortopedia, Fisiatria, Fonoaudiologia, Fisioterapia, Psic\u00f3logos, Nutricionistas, Educa\u00e7\u00e3o F\u00edsica, Terapeutas Ocupacionais, preferencialmente ao profissionais que prestem Servi\u00e7os do Sistema \u00danico de Sa\u00fade.<\/p>\n<p>Este Curso de capacita\u00e7\u00e3o para profissionais de sa\u00fade sobre a S\u00edndrome P\u00f3s-Poliomielite (SPP) \u00e9 in\u00e9dito no Pa\u00eds. Para melhor atender a demanda nacional, foram planejados cinco (5) cursos, com 200 vagas para cada um totalizando 1.000 vagas para todo o Curso.<\/p>\n<p>O Minist\u00e9rio da Sa\u00fade, maior Institui\u00e7\u00e3o p\u00fablica brasileira, patrocina sua realiza\u00e7\u00e3o, com vistas a promover, no menor lapso de tempo, a correta habilita\u00e7\u00e3o dos candidatos para recepcionarem adequadamente o dia gn\u00f3stico dos brasileiros acometidos com a SPP.<\/p>\n<p>Ao ser confirmada a inscri\u00e7\u00e3o, o candidato ao Curso deve entender que fica naturalmente ratificado um tipo de &#8220;compromisso de m\u00e3o dupla&#8221; onde, por um lado, a Coordena\u00e7\u00e3o se prontifica a receb\u00ea-lo com todas as informa\u00e7\u00f5es b\u00e1sicas necess\u00e1rias para o bom desempenho do candidato. Por outro lado, o profissional expressa sua garantia de que estar\u00e1 de fato presente.<\/p>\n<p>Este coment\u00e1rio decorre da constata\u00e7\u00e3o do uma aus\u00eancia significativa de pessoas nos dois \u00faltimos cursos que tiveram suas inscri\u00e7\u00f5es confirmadas. Tais candidatos tamb\u00e9m n\u00e3o fizeram nenhum tipo de retorno pr\u00e9vio manifestando, com anteced\u00eancia aceit\u00e1vel, que n\u00e3o mais iria comparecer.<\/p>\n<p>Vale ressaltar que este tipo de conduta tem prejudicado outros profissionais que n\u00e3o puderam fazer o Curso em pauta por ter sido esgotado, em tese, o n\u00famero m\u00e1ximo de participantes.<\/p>\n<p>Por fim, \u00e9 solicitado que apenas fa\u00e7a sua inscri\u00e7\u00e3o se realmente poder\u00e1 comparecer ao curso escolhido.<br \/>\nMaiores informa\u00e7\u00f5es:\u00a0<a rel=\"nofollow noopener\" href=\"http:\/\/proex.epm.br\/eventos09\/poliomielite\/programacao.htm\" target=\"_blank\">http:\/\/proex. epm.br\/eventos09 \/poliomielite\/ programacao. htm<\/a><\/p>\n<p>Fonte: Minist\u00e9rio da Sa\u00fade<\/p>\n","protected":false},"excerpt":{"rendered":"<p>\u00a0 Gratuito, o curso \u00e9\u00a0voltado aos PROFISSIONAIS DA \u00c1REA DE SA\u00daDE, especialistas em Neurologia, Ortopedia, Fisiatria, Fonoaudiologia, Fisioterapia, Psic\u00f3logos, Nutricionistas, Educa\u00e7\u00e3o F\u00edsica, Terapeutas Ocupacionais, preferencialmente ao profissionais que prestem Servi\u00e7os do Sistema \u00danico de Sa\u00fade. Este Curso de capacita\u00e7\u00e3o para profissionais de sa\u00fade sobre a S\u00edndrome P\u00f3s-Poliomielite (SPP) \u00e9 in\u00e9dito no Pa\u00eds. Para melhor atender [&hellip;]<\/p>\n","protected":false},"author":1,"featured_media":0,"comment_status":"open","ping_status":"open","sticky":false,"template":"","format":"standard","meta":{"site-container-style":"default","site-container-layout":"default","site-sidebar-layout":"default","disable-article-header":"default","disable-site-header":"default","disable-site-footer":"default","disable-content-area-spacing":"default","footnotes":""},"categories":[12,4,37],"tags":[],"class_list":["post-13719","post","type-post","status-publish","format-standard","hentry","category-cursos-e-eventos","category-noticias","category-saude"],"yoast_head":"<!-- This site is optimized with the Yoast SEO plugin v27.4 - https:\/\/yoast.com\/product\/yoast-seo-wordpress\/ -->\n<title>Curso sobre a S\u00edndrome P\u00f3s-Poliomielite -<\/title>\n<meta name=\"robots\" content=\"index, follow, max-snippet:-1, max-image-preview:large, max-video-preview:-1\" \/>\n<link rel=\"canonical\" href=\"https:\/\/inclusivenews.com.br\/?p=13719\" \/>\n<meta property=\"og:locale\" content=\"pt_PT\" \/>\n<meta property=\"og:type\" content=\"article\" \/>\n<meta property=\"og:title\" content=\"Curso sobre a S\u00edndrome P\u00f3s-Poliomielite -\" \/>\n<meta property=\"og:description\" content=\"\u00a0 Gratuito, o curso \u00e9\u00a0voltado aos PROFISSIONAIS DA \u00c1REA DE SA\u00daDE, especialistas em Neurologia, Ortopedia, Fisiatria, Fonoaudiologia, Fisioterapia, Psic\u00f3logos, Nutricionistas, Educa\u00e7\u00e3o F\u00edsica, Terapeutas Ocupacionais, preferencialmente ao profissionais que prestem Servi\u00e7os do Sistema \u00danico de Sa\u00fade. Este Curso de capacita\u00e7\u00e3o para profissionais de sa\u00fade sobre a S\u00edndrome P\u00f3s-Poliomielite (SPP) \u00e9 in\u00e9dito no Pa\u00eds. Para melhor atender [&hellip;]\" \/>\n<meta property=\"og:url\" content=\"https:\/\/inclusivenews.com.br\/?p=13719\" \/>\n<meta property=\"article:publisher\" content=\"https:\/\/www.facebook.com\/agenciainclusive\/\" \/>\n<meta property=\"article:published_time\" content=\"2010-02-04T01:59:13+00:00\" \/>\n<meta property=\"og:image\" content=\"http:\/\/inclusivenews.com.br\/wp-content\/uploads\/2010\/02\/marca_unifesp_cor_m-150x91.jpg\" \/>\n<meta name=\"author\" content=\"inclusivenews2024\" \/>\n<meta name=\"twitter:card\" content=\"summary_large_image\" \/>\n<meta name=\"twitter:label1\" content=\"Escrito por\" \/>\n\t<meta name=\"twitter:data1\" content=\"inclusivenews2024\" \/>\n\t<meta name=\"twitter:label2\" content=\"Tempo estimado de leitura\" \/>\n\t<meta name=\"twitter:data2\" content=\"2 minutos\" \/>\n<script type=\"application\/ld+json\" class=\"yoast-schema-graph\">{\"@context\":\"https:\\\/\\\/schema.org\",\"@graph\":[{\"@type\":\"Article\",\"@id\":\"https:\\\/\\\/inclusivenews.com.br\\\/?p=13719#article\",\"isPartOf\":{\"@id\":\"https:\\\/\\\/inclusivenews.com.br\\\/?p=13719\"},\"author\":{\"name\":\"inclusivenews2024\",\"@id\":\"https:\\\/\\\/inclusivenews.com.br\\\/#\\\/schema\\\/person\\\/ae4ec7087559b8692fb33b6fffd2273b\"},\"headline\":\"Curso sobre a S\u00edndrome P\u00f3s-Poliomielite\",\"datePublished\":\"2010-02-04T01:59:13+00:00\",\"mainEntityOfPage\":{\"@id\":\"https:\\\/\\\/inclusivenews.com.br\\\/?p=13719\"},\"wordCount\":325,\"commentCount\":1,\"publisher\":{\"@id\":\"https:\\\/\\\/inclusivenews.com.br\\\/#organization\"},\"image\":{\"@id\":\"https:\\\/\\\/inclusivenews.com.br\\\/?p=13719#primaryimage\"},\"thumbnailUrl\":\"http:\\\/\\\/inclusivenews.com.br\\\/wp-content\\\/uploads\\\/2010\\\/02\\\/marca_unifesp_cor_m-150x91.jpg\",\"articleSection\":[\"Cursos e eventos\",\"NOT\u00cdCIAS\",\"Sa\u00fade\"],\"inLanguage\":\"pt-PT\",\"potentialAction\":[{\"@type\":\"CommentAction\",\"name\":\"Comment\",\"target\":[\"https:\\\/\\\/inclusivenews.com.br\\\/?p=13719#respond\"]}]},{\"@type\":\"WebPage\",\"@id\":\"https:\\\/\\\/inclusivenews.com.br\\\/?p=13719\",\"url\":\"https:\\\/\\\/inclusivenews.com.br\\\/?p=13719\",\"name\":\"Curso sobre a S\u00edndrome P\u00f3s-Poliomielite -\",\"isPartOf\":{\"@id\":\"https:\\\/\\\/inclusivenews.com.br\\\/#website\"},\"primaryImageOfPage\":{\"@id\":\"https:\\\/\\\/inclusivenews.com.br\\\/?p=13719#primaryimage\"},\"image\":{\"@id\":\"https:\\\/\\\/inclusivenews.com.br\\\/?p=13719#primaryimage\"},\"thumbnailUrl\":\"http:\\\/\\\/inclusivenews.com.br\\\/wp-content\\\/uploads\\\/2010\\\/02\\\/marca_unifesp_cor_m-150x91.jpg\",\"datePublished\":\"2010-02-04T01:59:13+00:00\",\"breadcrumb\":{\"@id\":\"https:\\\/\\\/inclusivenews.com.br\\\/?p=13719#breadcrumb\"},\"inLanguage\":\"pt-PT\",\"potentialAction\":[{\"@type\":\"ReadAction\",\"target\":[\"https:\\\/\\\/inclusivenews.com.br\\\/?p=13719\"]}]},{\"@type\":\"ImageObject\",\"inLanguage\":\"pt-PT\",\"@id\":\"https:\\\/\\\/inclusivenews.com.br\\\/?p=13719#primaryimage\",\"url\":\"\",\"contentUrl\":\"\"},{\"@type\":\"BreadcrumbList\",\"@id\":\"https:\\\/\\\/inclusivenews.com.br\\\/?p=13719#breadcrumb\",\"itemListElement\":[{\"@type\":\"ListItem\",\"position\":1,\"name\":\"In\u00edcio\",\"item\":\"https:\\\/\\\/inclusivenews.com.br\\\/\"},{\"@type\":\"ListItem\",\"position\":2,\"name\":\"Curso sobre a S\u00edndrome P\u00f3s-Poliomielite\"}]},{\"@type\":\"WebSite\",\"@id\":\"https:\\\/\\\/inclusivenews.com.br\\\/#website\",\"url\":\"https:\\\/\\\/inclusivenews.com.br\\\/\",\"name\":\"Inclusive News\",\"description\":\"Inclusive News\",\"publisher\":{\"@id\":\"https:\\\/\\\/inclusivenews.com.br\\\/#organization\"},\"potentialAction\":[{\"@type\":\"SearchAction\",\"target\":{\"@type\":\"EntryPoint\",\"urlTemplate\":\"https:\\\/\\\/inclusivenews.com.br\\\/?s={search_term_string}\"},\"query-input\":{\"@type\":\"PropertyValueSpecification\",\"valueRequired\":true,\"valueName\":\"search_term_string\"}}],\"inLanguage\":\"pt-PT\"},{\"@type\":\"Organization\",\"@id\":\"https:\\\/\\\/inclusivenews.com.br\\\/#organization\",\"name\":\"Inclusive - inclus\u00e3o e cidadania\",\"url\":\"https:\\\/\\\/inclusivenews.com.br\\\/\",\"logo\":{\"@type\":\"ImageObject\",\"inLanguage\":\"pt-PT\",\"@id\":\"https:\\\/\\\/inclusivenews.com.br\\\/#\\\/schema\\\/logo\\\/image\\\/\",\"url\":\"https:\\\/\\\/inclusivenews.com.br\\\/wp-content\\\/uploads\\\/2024\\\/03\\\/@grandesite.png\",\"contentUrl\":\"https:\\\/\\\/inclusivenews.com.br\\\/wp-content\\\/uploads\\\/2024\\\/03\\\/@grandesite.png\",\"width\":1080,\"height\":1080,\"caption\":\"Inclusive - inclus\u00e3o e cidadania\"},\"image\":{\"@id\":\"https:\\\/\\\/inclusivenews.com.br\\\/#\\\/schema\\\/logo\\\/image\\\/\"},\"sameAs\":[\"https:\\\/\\\/www.facebook.com\\\/agenciainclusive\\\/\",\"https:\\\/\\\/www.instagram.com\\\/newsinclusive\\\/\"]},{\"@type\":\"Person\",\"@id\":\"https:\\\/\\\/inclusivenews.com.br\\\/#\\\/schema\\\/person\\\/ae4ec7087559b8692fb33b6fffd2273b\",\"name\":\"inclusivenews2024\",\"image\":{\"@type\":\"ImageObject\",\"inLanguage\":\"pt-PT\",\"@id\":\"https:\\\/\\\/secure.gravatar.com\\\/avatar\\\/c5a7ef84c66fa914f55bc4f7ce26cfa275a3b9a1c5568b907bd184fb4dde7b40?s=96&d=mm&r=g\",\"url\":\"https:\\\/\\\/secure.gravatar.com\\\/avatar\\\/c5a7ef84c66fa914f55bc4f7ce26cfa275a3b9a1c5568b907bd184fb4dde7b40?s=96&d=mm&r=g\",\"contentUrl\":\"https:\\\/\\\/secure.gravatar.com\\\/avatar\\\/c5a7ef84c66fa914f55bc4f7ce26cfa275a3b9a1c5568b907bd184fb4dde7b40?s=96&d=mm&r=g\",\"caption\":\"inclusivenews2024\"},\"sameAs\":[\"https:\\\/\\\/inclusivenews.com.br\"],\"url\":\"https:\\\/\\\/inclusivenews.com.br\\\/?author=1\"}]}<\/script>\n<!-- \/ Yoast SEO plugin. -->","yoast_head_json":{"title":"Curso sobre a S\u00edndrome P\u00f3s-Poliomielite -","robots":{"index":"index","follow":"follow","max-snippet":"max-snippet:-1","max-image-preview":"max-image-preview:large","max-video-preview":"max-video-preview:-1"},"canonical":"https:\/\/inclusivenews.com.br\/?p=13719","og_locale":"pt_PT","og_type":"article","og_title":"Curso sobre a S\u00edndrome P\u00f3s-Poliomielite -","og_description":"\u00a0 Gratuito, o curso \u00e9\u00a0voltado aos PROFISSIONAIS DA \u00c1REA DE SA\u00daDE, especialistas em Neurologia, Ortopedia, Fisiatria, Fonoaudiologia, Fisioterapia, Psic\u00f3logos, Nutricionistas, Educa\u00e7\u00e3o F\u00edsica, Terapeutas Ocupacionais, preferencialmente ao profissionais que prestem Servi\u00e7os do Sistema \u00danico de Sa\u00fade. Este Curso de capacita\u00e7\u00e3o para profissionais de sa\u00fade sobre a S\u00edndrome P\u00f3s-Poliomielite (SPP) \u00e9 in\u00e9dito no Pa\u00eds. Para melhor atender [&hellip;]","og_url":"https:\/\/inclusivenews.com.br\/?p=13719","article_publisher":"https:\/\/www.facebook.com\/agenciainclusive\/","article_published_time":"2010-02-04T01:59:13+00:00","og_image":[{"url":"http:\/\/inclusivenews.com.br\/wp-content\/uploads\/2010\/02\/marca_unifesp_cor_m-150x91.jpg","type":"","width":"","height":""}],"author":"inclusivenews2024","twitter_card":"summary_large_image","twitter_misc":{"Escrito por":"inclusivenews2024","Tempo estimado de leitura":"2 minutos"},"schema":{"@context":"https:\/\/schema.org","@graph":[{"@type":"Article","@id":"https:\/\/inclusivenews.com.br\/?p=13719#article","isPartOf":{"@id":"https:\/\/inclusivenews.com.br\/?p=13719"},"author":{"name":"inclusivenews2024","@id":"https:\/\/inclusivenews.com.br\/#\/schema\/person\/ae4ec7087559b8692fb33b6fffd2273b"},"headline":"Curso sobre a S\u00edndrome P\u00f3s-Poliomielite","datePublished":"2010-02-04T01:59:13+00:00","mainEntityOfPage":{"@id":"https:\/\/inclusivenews.com.br\/?p=13719"},"wordCount":325,"commentCount":1,"publisher":{"@id":"https:\/\/inclusivenews.com.br\/#organization"},"image":{"@id":"https:\/\/inclusivenews.com.br\/?p=13719#primaryimage"},"thumbnailUrl":"http:\/\/inclusivenews.com.br\/wp-content\/uploads\/2010\/02\/marca_unifesp_cor_m-150x91.jpg","articleSection":["Cursos e eventos","NOT\u00cdCIAS","Sa\u00fade"],"inLanguage":"pt-PT","potentialAction":[{"@type":"CommentAction","name":"Comment","target":["https:\/\/inclusivenews.com.br\/?p=13719#respond"]}]},{"@type":"WebPage","@id":"https:\/\/inclusivenews.com.br\/?p=13719","url":"https:\/\/inclusivenews.com.br\/?p=13719","name":"Curso sobre a S\u00edndrome P\u00f3s-Poliomielite -","isPartOf":{"@id":"https:\/\/inclusivenews.com.br\/#website"},"primaryImageOfPage":{"@id":"https:\/\/inclusivenews.com.br\/?p=13719#primaryimage"},"image":{"@id":"https:\/\/inclusivenews.com.br\/?p=13719#primaryimage"},"thumbnailUrl":"http:\/\/inclusivenews.com.br\/wp-content\/uploads\/2010\/02\/marca_unifesp_cor_m-150x91.jpg","datePublished":"2010-02-04T01:59:13+00:00","breadcrumb":{"@id":"https:\/\/inclusivenews.com.br\/?p=13719#breadcrumb"},"inLanguage":"pt-PT","potentialAction":[{"@type":"ReadAction","target":["https:\/\/inclusivenews.com.br\/?p=13719"]}]},{"@type":"ImageObject","inLanguage":"pt-PT","@id":"https:\/\/inclusivenews.com.br\/?p=13719#primaryimage","url":"","contentUrl":""},{"@type":"BreadcrumbList","@id":"https:\/\/inclusivenews.com.br\/?p=13719#breadcrumb","itemListElement":[{"@type":"ListItem","position":1,"name":"In\u00edcio","item":"https:\/\/inclusivenews.com.br\/"},{"@type":"ListItem","position":2,"name":"Curso sobre a S\u00edndrome P\u00f3s-Poliomielite"}]},{"@type":"WebSite","@id":"https:\/\/inclusivenews.com.br\/#website","url":"https:\/\/inclusivenews.com.br\/","name":"Inclusive News","description":"Inclusive News","publisher":{"@id":"https:\/\/inclusivenews.com.br\/#organization"},"potentialAction":[{"@type":"SearchAction","target":{"@type":"EntryPoint","urlTemplate":"https:\/\/inclusivenews.com.br\/?s={search_term_string}"},"query-input":{"@type":"PropertyValueSpecification","valueRequired":true,"valueName":"search_term_string"}}],"inLanguage":"pt-PT"},{"@type":"Organization","@id":"https:\/\/inclusivenews.com.br\/#organization","name":"Inclusive - inclus\u00e3o e cidadania","url":"https:\/\/inclusivenews.com.br\/","logo":{"@type":"ImageObject","inLanguage":"pt-PT","@id":"https:\/\/inclusivenews.com.br\/#\/schema\/logo\/image\/","url":"https:\/\/inclusivenews.com.br\/wp-content\/uploads\/2024\/03\/@grandesite.png","contentUrl":"https:\/\/inclusivenews.com.br\/wp-content\/uploads\/2024\/03\/@grandesite.png","width":1080,"height":1080,"caption":"Inclusive - inclus\u00e3o e cidadania"},"image":{"@id":"https:\/\/inclusivenews.com.br\/#\/schema\/logo\/image\/"},"sameAs":["https:\/\/www.facebook.com\/agenciainclusive\/","https:\/\/www.instagram.com\/newsinclusive\/"]},{"@type":"Person","@id":"https:\/\/inclusivenews.com.br\/#\/schema\/person\/ae4ec7087559b8692fb33b6fffd2273b","name":"inclusivenews2024","image":{"@type":"ImageObject","inLanguage":"pt-PT","@id":"https:\/\/secure.gravatar.com\/avatar\/c5a7ef84c66fa914f55bc4f7ce26cfa275a3b9a1c5568b907bd184fb4dde7b40?s=96&d=mm&r=g","url":"https:\/\/secure.gravatar.com\/avatar\/c5a7ef84c66fa914f55bc4f7ce26cfa275a3b9a1c5568b907bd184fb4dde7b40?s=96&d=mm&r=g","contentUrl":"https:\/\/secure.gravatar.com\/avatar\/c5a7ef84c66fa914f55bc4f7ce26cfa275a3b9a1c5568b907bd184fb4dde7b40?s=96&d=mm&r=g","caption":"inclusivenews2024"},"sameAs":["https:\/\/inclusivenews.com.br"],"url":"https:\/\/inclusivenews.com.br\/?author=1"}]}},"_links":{"self":[{"href":"https:\/\/inclusivenews.com.br\/index.php?rest_route=\/wp\/v2\/posts\/13719","targetHints":{"allow":["GET"]}}],"collection":[{"href":"https:\/\/inclusivenews.com.br\/index.php?rest_route=\/wp\/v2\/posts"}],"about":[{"href":"https:\/\/inclusivenews.com.br\/index.php?rest_route=\/wp\/v2\/types\/post"}],"author":[{"embeddable":true,"href":"https:\/\/inclusivenews.com.br\/index.php?rest_route=\/wp\/v2\/users\/1"}],"replies":[{"embeddable":true,"href":"https:\/\/inclusivenews.com.br\/index.php?rest_route=%2Fwp%2Fv2%2Fcomments&post=13719"}],"version-history":[{"count":0,"href":"https:\/\/inclusivenews.com.br\/index.php?rest_route=\/wp\/v2\/posts\/13719\/revisions"}],"wp:attachment":[{"href":"https:\/\/inclusivenews.com.br\/index.php?rest_route=%2Fwp%2Fv2%2Fmedia&parent=13719"}],"wp:term":[{"taxonomy":"category","embeddable":true,"href":"https:\/\/inclusivenews.com.br\/index.php?rest_route=%2Fwp%2Fv2%2Fcategories&post=13719"},{"taxonomy":"post_tag","embeddable":true,"href":"https:\/\/inclusivenews.com.br\/index.php?rest_route=%2Fwp%2Fv2%2Ftags&post=13719"}],"curies":[{"name":"wp","href":"https:\/\/api.w.org\/{rel}","templated":true}]}}