{"id":13736,"date":"2010-02-04T00:11:17","date_gmt":"2010-02-04T03:11:17","guid":{"rendered":"http:\/\/www.inclusive.org.br\/?p=13736"},"modified":"2010-02-04T00:11:17","modified_gmt":"2010-02-04T03:11:17","slug":"plano-de-direitos-humanos-preve-a-criacao-de-um-sistema-de-registro-de-violencia-escolar","status":"publish","type":"post","link":"https:\/\/inclusivenews.com.br\/?p=13736","title":{"rendered":"Plano de Direitos Humanos prev\u00ea a cria\u00e7\u00e3o de um sistema de registro de viol\u00eancia escolar"},"content":{"rendered":"<p><a href=\"http:\/\/www.inclusivenews.com.br\/wp-content\/uploads\/2010\/01\/logo_final_observatorio.jpg\"><img loading=\"lazy\" decoding=\"async\" class=\"alignnone size-thumbnail wp-image-13656\" title=\"logo_final_observatorio\" src=\"http:\/\/inclusivenews.com.br\/wp-content\/uploads\/2010\/01\/logo_final_observatorio-150x150.jpg\" alt=\"\" width=\"150\" height=\"150\" \/><\/a>Entre as a\u00e7\u00f5es previstas no terceiro Programa Nacional de Direitos Humanos, lan\u00e7ado em janeiro, est\u00e1 a \u201cimplanta\u00e7\u00e3o de um sistema nacional de registro de ocorr\u00eancia de viol\u00eancia escolar, incluindo as pr\u00e1ticas de viol\u00eancia gratuita e reiterada entre estudantes (bullying)\u201d, com a ado\u00e7\u00e3o de um formul\u00e1rio unificado de registro a ser utilizado por todas as escolas.<\/p>\n<p>A recorr\u00eancia de casos de agress\u00e3o contra professores nas escolas tem motivado a apresenta\u00e7\u00e3o de diversos projetos de lei no Congresso, e o assunto \u00e9 pol\u00eamico. Um desses projetos, de autoria do senador Paulo Paim (PT-RS), foi aprovado em novembro pela Comiss\u00e3o de Educa\u00e7\u00e3o do Senado. O texto tipifica crimes e prev\u00ea prote\u00e7\u00e3o legal a docentes agredidos. Especialistas criticam o tom de criminaliza\u00e7\u00e3o das condutas violentas em sala de aula, que, segundo eles, pouco contribuiria para resolver os problemas que se apresentam no cotidiano escolar.<\/p>\n<p>Para Helena Singer, soci\u00f3loga e diretora pedag\u00f3gica da Associa\u00e7\u00e3o Cidade Escola Aprendiz, a proposta do PNDH \u00e9 complexa, e exige um debate mais aprofundado. \u201cA preocupa\u00e7\u00e3o com a viol\u00eancia escolar existe, \u00e9 uma demanda de professores, pais, alunos. Mas acho que se deve refletir o que \u00e9 viol\u00eancia escolar, de que tipo de viol\u00eancia se est\u00e1 falando. Tem que ter cuidado para n\u00e3o \u2018policiar\u2019 a quest\u00e3o, que \u00e9 o que tem acontecido\u201d, afirma.<\/p>\n<p>Denise Carreira, relatora do direito humano \u00e0 educa\u00e7\u00e3o da Plataforma Brasileira de Direitos Humanos Econ\u00f4micos, Sociais, Culturais e Ambientais (DhESCA), avalia que a a\u00e7\u00e3o \u00e9 uma iniciativa t\u00edmida, ainda como proposta de mapeamento, mas \u201ccom base no levantamento desses dados \u00e9 que se podem estruturar pol\u00edticas p\u00fablicas mais consistentes\u201d.<\/p>\n<p>Fonte: Observat\u00f3rio da Educa\u00e7\u00e3o<br \/>\n<a href=\"http:\/\/www.observatoriodaeducacao.org.br\/index.php?option=com_content&amp;view=article&amp;id=849:plano-de-direitos-humanos-preve-a-criacao-de-um-sistema-de-registro-de-violencia-escolar&amp;catid=48:sugestoes-de-pautas&amp;Itemid=98\">http:\/\/www.observatoriodaeducacao.org.br\/index.php?option=com_content&amp;view=article&amp;id=849:plano-de-direitos-humanos-preve-a-criacao-de-um-sistema-de-registro-de-violencia-escolar&amp;catid=48:sugestoes-de-pautas&amp;Itemid=98<\/a><\/p>\n","protected":false},"excerpt":{"rendered":"<p>Entre as a\u00e7\u00f5es previstas no terceiro Programa Nacional de Direitos Humanos, lan\u00e7ado em janeiro, est\u00e1 a \u201cimplanta\u00e7\u00e3o de um sistema nacional de registro de ocorr\u00eancia de viol\u00eancia escolar, incluindo as pr\u00e1ticas de viol\u00eancia gratuita e reiterada entre estudantes (bullying)\u201d, com a ado\u00e7\u00e3o de um formul\u00e1rio unificado de registro a ser utilizado por todas as escolas. [&hellip;]<\/p>\n","protected":false},"author":1,"featured_media":0,"comment_status":"open","ping_status":"open","sticky":false,"template":"","format":"standard","meta":{"site-container-style":"default","site-container-layout":"default","site-sidebar-layout":"default","disable-article-header":"default","disable-site-header":"default","disable-site-footer":"default","disable-content-area-spacing":"default","footnotes":""},"categories":[6,4],"tags":[],"class_list":["post-13736","post","type-post","status-publish","format-standard","hentry","category-educacao","category-noticias"],"yoast_head":"<!-- This site is optimized with the Yoast SEO plugin v27.4 - https:\/\/yoast.com\/product\/yoast-seo-wordpress\/ -->\n<title>Plano de Direitos Humanos prev\u00ea a cria\u00e7\u00e3o de um sistema de registro de viol\u00eancia escolar -<\/title>\n<meta name=\"robots\" content=\"index, follow, max-snippet:-1, max-image-preview:large, max-video-preview:-1\" \/>\n<link rel=\"canonical\" href=\"https:\/\/inclusivenews.com.br\/?p=13736\" \/>\n<meta property=\"og:locale\" content=\"pt_PT\" \/>\n<meta property=\"og:type\" content=\"article\" \/>\n<meta property=\"og:title\" content=\"Plano de Direitos Humanos prev\u00ea a cria\u00e7\u00e3o de um sistema de registro de viol\u00eancia escolar -\" \/>\n<meta property=\"og:description\" content=\"Entre as a\u00e7\u00f5es previstas no terceiro Programa Nacional de Direitos Humanos, lan\u00e7ado em janeiro, est\u00e1 a \u201cimplanta\u00e7\u00e3o de um sistema nacional de registro de ocorr\u00eancia de viol\u00eancia escolar, incluindo as pr\u00e1ticas de viol\u00eancia gratuita e reiterada entre estudantes (bullying)\u201d, com a ado\u00e7\u00e3o de um formul\u00e1rio unificado de registro a ser utilizado por todas as escolas. [&hellip;]\" \/>\n<meta property=\"og:url\" content=\"https:\/\/inclusivenews.com.br\/?p=13736\" \/>\n<meta property=\"article:publisher\" content=\"https:\/\/www.facebook.com\/agenciainclusive\/\" \/>\n<meta property=\"article:published_time\" content=\"2010-02-04T03:11:17+00:00\" \/>\n<meta property=\"og:image\" content=\"http:\/\/inclusivenews.com.br\/wp-content\/uploads\/2010\/01\/logo_final_observatorio-150x150.jpg\" \/>\n<meta name=\"author\" content=\"inclusivenews2024\" \/>\n<meta name=\"twitter:card\" content=\"summary_large_image\" \/>\n<meta name=\"twitter:label1\" content=\"Escrito por\" \/>\n\t<meta name=\"twitter:data1\" content=\"inclusivenews2024\" \/>\n\t<meta name=\"twitter:label2\" content=\"Tempo estimado de leitura\" \/>\n\t<meta name=\"twitter:data2\" content=\"2 minutos\" \/>\n<script type=\"application\/ld+json\" class=\"yoast-schema-graph\">{\"@context\":\"https:\\\/\\\/schema.org\",\"@graph\":[{\"@type\":\"Article\",\"@id\":\"https:\\\/\\\/inclusivenews.com.br\\\/?p=13736#article\",\"isPartOf\":{\"@id\":\"https:\\\/\\\/inclusivenews.com.br\\\/?p=13736\"},\"author\":{\"name\":\"inclusivenews2024\",\"@id\":\"https:\\\/\\\/inclusivenews.com.br\\\/#\\\/schema\\\/person\\\/ae4ec7087559b8692fb33b6fffd2273b\"},\"headline\":\"Plano de Direitos Humanos prev\u00ea a cria\u00e7\u00e3o de um sistema de registro de viol\u00eancia escolar\",\"datePublished\":\"2010-02-04T03:11:17+00:00\",\"mainEntityOfPage\":{\"@id\":\"https:\\\/\\\/inclusivenews.com.br\\\/?p=13736\"},\"wordCount\":330,\"commentCount\":0,\"publisher\":{\"@id\":\"https:\\\/\\\/inclusivenews.com.br\\\/#organization\"},\"image\":{\"@id\":\"https:\\\/\\\/inclusivenews.com.br\\\/?p=13736#primaryimage\"},\"thumbnailUrl\":\"http:\\\/\\\/inclusivenews.com.br\\\/wp-content\\\/uploads\\\/2010\\\/01\\\/logo_final_observatorio-150x150.jpg\",\"articleSection\":[\"EDUCA\u00c7\u00c3O\",\"NOT\u00cdCIAS\"],\"inLanguage\":\"pt-PT\",\"potentialAction\":[{\"@type\":\"CommentAction\",\"name\":\"Comment\",\"target\":[\"https:\\\/\\\/inclusivenews.com.br\\\/?p=13736#respond\"]}]},{\"@type\":\"WebPage\",\"@id\":\"https:\\\/\\\/inclusivenews.com.br\\\/?p=13736\",\"url\":\"https:\\\/\\\/inclusivenews.com.br\\\/?p=13736\",\"name\":\"Plano de Direitos Humanos prev\u00ea a cria\u00e7\u00e3o de um sistema de registro de viol\u00eancia escolar -\",\"isPartOf\":{\"@id\":\"https:\\\/\\\/inclusivenews.com.br\\\/#website\"},\"primaryImageOfPage\":{\"@id\":\"https:\\\/\\\/inclusivenews.com.br\\\/?p=13736#primaryimage\"},\"image\":{\"@id\":\"https:\\\/\\\/inclusivenews.com.br\\\/?p=13736#primaryimage\"},\"thumbnailUrl\":\"http:\\\/\\\/inclusivenews.com.br\\\/wp-content\\\/uploads\\\/2010\\\/01\\\/logo_final_observatorio-150x150.jpg\",\"datePublished\":\"2010-02-04T03:11:17+00:00\",\"breadcrumb\":{\"@id\":\"https:\\\/\\\/inclusivenews.com.br\\\/?p=13736#breadcrumb\"},\"inLanguage\":\"pt-PT\",\"potentialAction\":[{\"@type\":\"ReadAction\",\"target\":[\"https:\\\/\\\/inclusivenews.com.br\\\/?p=13736\"]}]},{\"@type\":\"ImageObject\",\"inLanguage\":\"pt-PT\",\"@id\":\"https:\\\/\\\/inclusivenews.com.br\\\/?p=13736#primaryimage\",\"url\":\"\",\"contentUrl\":\"\"},{\"@type\":\"BreadcrumbList\",\"@id\":\"https:\\\/\\\/inclusivenews.com.br\\\/?p=13736#breadcrumb\",\"itemListElement\":[{\"@type\":\"ListItem\",\"position\":1,\"name\":\"In\u00edcio\",\"item\":\"https:\\\/\\\/inclusivenews.com.br\\\/\"},{\"@type\":\"ListItem\",\"position\":2,\"name\":\"Plano de Direitos Humanos prev\u00ea a cria\u00e7\u00e3o de um sistema de registro de viol\u00eancia escolar\"}]},{\"@type\":\"WebSite\",\"@id\":\"https:\\\/\\\/inclusivenews.com.br\\\/#website\",\"url\":\"https:\\\/\\\/inclusivenews.com.br\\\/\",\"name\":\"Inclusive News\",\"description\":\"Inclusive News\",\"publisher\":{\"@id\":\"https:\\\/\\\/inclusivenews.com.br\\\/#organization\"},\"potentialAction\":[{\"@type\":\"SearchAction\",\"target\":{\"@type\":\"EntryPoint\",\"urlTemplate\":\"https:\\\/\\\/inclusivenews.com.br\\\/?s={search_term_string}\"},\"query-input\":{\"@type\":\"PropertyValueSpecification\",\"valueRequired\":true,\"valueName\":\"search_term_string\"}}],\"inLanguage\":\"pt-PT\"},{\"@type\":\"Organization\",\"@id\":\"https:\\\/\\\/inclusivenews.com.br\\\/#organization\",\"name\":\"Inclusive - inclus\u00e3o e cidadania\",\"url\":\"https:\\\/\\\/inclusivenews.com.br\\\/\",\"logo\":{\"@type\":\"ImageObject\",\"inLanguage\":\"pt-PT\",\"@id\":\"https:\\\/\\\/inclusivenews.com.br\\\/#\\\/schema\\\/logo\\\/image\\\/\",\"url\":\"https:\\\/\\\/inclusivenews.com.br\\\/wp-content\\\/uploads\\\/2024\\\/03\\\/@grandesite.png\",\"contentUrl\":\"https:\\\/\\\/inclusivenews.com.br\\\/wp-content\\\/uploads\\\/2024\\\/03\\\/@grandesite.png\",\"width\":1080,\"height\":1080,\"caption\":\"Inclusive - inclus\u00e3o e cidadania\"},\"image\":{\"@id\":\"https:\\\/\\\/inclusivenews.com.br\\\/#\\\/schema\\\/logo\\\/image\\\/\"},\"sameAs\":[\"https:\\\/\\\/www.facebook.com\\\/agenciainclusive\\\/\",\"https:\\\/\\\/www.instagram.com\\\/newsinclusive\\\/\"]},{\"@type\":\"Person\",\"@id\":\"https:\\\/\\\/inclusivenews.com.br\\\/#\\\/schema\\\/person\\\/ae4ec7087559b8692fb33b6fffd2273b\",\"name\":\"inclusivenews2024\",\"image\":{\"@type\":\"ImageObject\",\"inLanguage\":\"pt-PT\",\"@id\":\"https:\\\/\\\/secure.gravatar.com\\\/avatar\\\/c5a7ef84c66fa914f55bc4f7ce26cfa275a3b9a1c5568b907bd184fb4dde7b40?s=96&d=mm&r=g\",\"url\":\"https:\\\/\\\/secure.gravatar.com\\\/avatar\\\/c5a7ef84c66fa914f55bc4f7ce26cfa275a3b9a1c5568b907bd184fb4dde7b40?s=96&d=mm&r=g\",\"contentUrl\":\"https:\\\/\\\/secure.gravatar.com\\\/avatar\\\/c5a7ef84c66fa914f55bc4f7ce26cfa275a3b9a1c5568b907bd184fb4dde7b40?s=96&d=mm&r=g\",\"caption\":\"inclusivenews2024\"},\"sameAs\":[\"https:\\\/\\\/inclusivenews.com.br\"],\"url\":\"https:\\\/\\\/inclusivenews.com.br\\\/?author=1\"}]}<\/script>\n<!-- \/ Yoast SEO plugin. -->","yoast_head_json":{"title":"Plano de Direitos Humanos prev\u00ea a cria\u00e7\u00e3o de um sistema de registro de viol\u00eancia escolar -","robots":{"index":"index","follow":"follow","max-snippet":"max-snippet:-1","max-image-preview":"max-image-preview:large","max-video-preview":"max-video-preview:-1"},"canonical":"https:\/\/inclusivenews.com.br\/?p=13736","og_locale":"pt_PT","og_type":"article","og_title":"Plano de Direitos Humanos prev\u00ea a cria\u00e7\u00e3o de um sistema de registro de viol\u00eancia escolar -","og_description":"Entre as a\u00e7\u00f5es previstas no terceiro Programa Nacional de Direitos Humanos, lan\u00e7ado em janeiro, est\u00e1 a \u201cimplanta\u00e7\u00e3o de um sistema nacional de registro de ocorr\u00eancia de viol\u00eancia escolar, incluindo as pr\u00e1ticas de viol\u00eancia gratuita e reiterada entre estudantes (bullying)\u201d, com a ado\u00e7\u00e3o de um formul\u00e1rio unificado de registro a ser utilizado por todas as escolas. [&hellip;]","og_url":"https:\/\/inclusivenews.com.br\/?p=13736","article_publisher":"https:\/\/www.facebook.com\/agenciainclusive\/","article_published_time":"2010-02-04T03:11:17+00:00","og_image":[{"url":"http:\/\/inclusivenews.com.br\/wp-content\/uploads\/2010\/01\/logo_final_observatorio-150x150.jpg","type":"","width":"","height":""}],"author":"inclusivenews2024","twitter_card":"summary_large_image","twitter_misc":{"Escrito por":"inclusivenews2024","Tempo estimado de leitura":"2 minutos"},"schema":{"@context":"https:\/\/schema.org","@graph":[{"@type":"Article","@id":"https:\/\/inclusivenews.com.br\/?p=13736#article","isPartOf":{"@id":"https:\/\/inclusivenews.com.br\/?p=13736"},"author":{"name":"inclusivenews2024","@id":"https:\/\/inclusivenews.com.br\/#\/schema\/person\/ae4ec7087559b8692fb33b6fffd2273b"},"headline":"Plano de Direitos Humanos prev\u00ea a cria\u00e7\u00e3o de um sistema de registro de viol\u00eancia escolar","datePublished":"2010-02-04T03:11:17+00:00","mainEntityOfPage":{"@id":"https:\/\/inclusivenews.com.br\/?p=13736"},"wordCount":330,"commentCount":0,"publisher":{"@id":"https:\/\/inclusivenews.com.br\/#organization"},"image":{"@id":"https:\/\/inclusivenews.com.br\/?p=13736#primaryimage"},"thumbnailUrl":"http:\/\/inclusivenews.com.br\/wp-content\/uploads\/2010\/01\/logo_final_observatorio-150x150.jpg","articleSection":["EDUCA\u00c7\u00c3O","NOT\u00cdCIAS"],"inLanguage":"pt-PT","potentialAction":[{"@type":"CommentAction","name":"Comment","target":["https:\/\/inclusivenews.com.br\/?p=13736#respond"]}]},{"@type":"WebPage","@id":"https:\/\/inclusivenews.com.br\/?p=13736","url":"https:\/\/inclusivenews.com.br\/?p=13736","name":"Plano de Direitos Humanos prev\u00ea a cria\u00e7\u00e3o de um sistema de registro de viol\u00eancia escolar -","isPartOf":{"@id":"https:\/\/inclusivenews.com.br\/#website"},"primaryImageOfPage":{"@id":"https:\/\/inclusivenews.com.br\/?p=13736#primaryimage"},"image":{"@id":"https:\/\/inclusivenews.com.br\/?p=13736#primaryimage"},"thumbnailUrl":"http:\/\/inclusivenews.com.br\/wp-content\/uploads\/2010\/01\/logo_final_observatorio-150x150.jpg","datePublished":"2010-02-04T03:11:17+00:00","breadcrumb":{"@id":"https:\/\/inclusivenews.com.br\/?p=13736#breadcrumb"},"inLanguage":"pt-PT","potentialAction":[{"@type":"ReadAction","target":["https:\/\/inclusivenews.com.br\/?p=13736"]}]},{"@type":"ImageObject","inLanguage":"pt-PT","@id":"https:\/\/inclusivenews.com.br\/?p=13736#primaryimage","url":"","contentUrl":""},{"@type":"BreadcrumbList","@id":"https:\/\/inclusivenews.com.br\/?p=13736#breadcrumb","itemListElement":[{"@type":"ListItem","position":1,"name":"In\u00edcio","item":"https:\/\/inclusivenews.com.br\/"},{"@type":"ListItem","position":2,"name":"Plano de Direitos Humanos prev\u00ea a cria\u00e7\u00e3o de um sistema de registro de viol\u00eancia escolar"}]},{"@type":"WebSite","@id":"https:\/\/inclusivenews.com.br\/#website","url":"https:\/\/inclusivenews.com.br\/","name":"Inclusive News","description":"Inclusive News","publisher":{"@id":"https:\/\/inclusivenews.com.br\/#organization"},"potentialAction":[{"@type":"SearchAction","target":{"@type":"EntryPoint","urlTemplate":"https:\/\/inclusivenews.com.br\/?s={search_term_string}"},"query-input":{"@type":"PropertyValueSpecification","valueRequired":true,"valueName":"search_term_string"}}],"inLanguage":"pt-PT"},{"@type":"Organization","@id":"https:\/\/inclusivenews.com.br\/#organization","name":"Inclusive - inclus\u00e3o e cidadania","url":"https:\/\/inclusivenews.com.br\/","logo":{"@type":"ImageObject","inLanguage":"pt-PT","@id":"https:\/\/inclusivenews.com.br\/#\/schema\/logo\/image\/","url":"https:\/\/inclusivenews.com.br\/wp-content\/uploads\/2024\/03\/@grandesite.png","contentUrl":"https:\/\/inclusivenews.com.br\/wp-content\/uploads\/2024\/03\/@grandesite.png","width":1080,"height":1080,"caption":"Inclusive - inclus\u00e3o e cidadania"},"image":{"@id":"https:\/\/inclusivenews.com.br\/#\/schema\/logo\/image\/"},"sameAs":["https:\/\/www.facebook.com\/agenciainclusive\/","https:\/\/www.instagram.com\/newsinclusive\/"]},{"@type":"Person","@id":"https:\/\/inclusivenews.com.br\/#\/schema\/person\/ae4ec7087559b8692fb33b6fffd2273b","name":"inclusivenews2024","image":{"@type":"ImageObject","inLanguage":"pt-PT","@id":"https:\/\/secure.gravatar.com\/avatar\/c5a7ef84c66fa914f55bc4f7ce26cfa275a3b9a1c5568b907bd184fb4dde7b40?s=96&d=mm&r=g","url":"https:\/\/secure.gravatar.com\/avatar\/c5a7ef84c66fa914f55bc4f7ce26cfa275a3b9a1c5568b907bd184fb4dde7b40?s=96&d=mm&r=g","contentUrl":"https:\/\/secure.gravatar.com\/avatar\/c5a7ef84c66fa914f55bc4f7ce26cfa275a3b9a1c5568b907bd184fb4dde7b40?s=96&d=mm&r=g","caption":"inclusivenews2024"},"sameAs":["https:\/\/inclusivenews.com.br"],"url":"https:\/\/inclusivenews.com.br\/?author=1"}]}},"_links":{"self":[{"href":"https:\/\/inclusivenews.com.br\/index.php?rest_route=\/wp\/v2\/posts\/13736","targetHints":{"allow":["GET"]}}],"collection":[{"href":"https:\/\/inclusivenews.com.br\/index.php?rest_route=\/wp\/v2\/posts"}],"about":[{"href":"https:\/\/inclusivenews.com.br\/index.php?rest_route=\/wp\/v2\/types\/post"}],"author":[{"embeddable":true,"href":"https:\/\/inclusivenews.com.br\/index.php?rest_route=\/wp\/v2\/users\/1"}],"replies":[{"embeddable":true,"href":"https:\/\/inclusivenews.com.br\/index.php?rest_route=%2Fwp%2Fv2%2Fcomments&post=13736"}],"version-history":[{"count":0,"href":"https:\/\/inclusivenews.com.br\/index.php?rest_route=\/wp\/v2\/posts\/13736\/revisions"}],"wp:attachment":[{"href":"https:\/\/inclusivenews.com.br\/index.php?rest_route=%2Fwp%2Fv2%2Fmedia&parent=13736"}],"wp:term":[{"taxonomy":"category","embeddable":true,"href":"https:\/\/inclusivenews.com.br\/index.php?rest_route=%2Fwp%2Fv2%2Fcategories&post=13736"},{"taxonomy":"post_tag","embeddable":true,"href":"https:\/\/inclusivenews.com.br\/index.php?rest_route=%2Fwp%2Fv2%2Ftags&post=13736"}],"curies":[{"name":"wp","href":"https:\/\/api.w.org\/{rel}","templated":true}]}}