{"id":13749,"date":"2010-02-04T10:34:09","date_gmt":"2010-02-04T13:34:09","guid":{"rendered":"http:\/\/www.inclusive.org.br\/?p=13749"},"modified":"2010-02-04T10:34:09","modified_gmt":"2010-02-04T13:34:09","slug":"chefe-de-gabinete-de-obama-se-engaja-em-campanha-para-banir-termo-pejorativo-sobre-pessoas-com-deficiencia-intelectual","status":"publish","type":"post","link":"https:\/\/inclusivenews.com.br\/?p=13749","title":{"rendered":"Casa Branca vai se engajar em campanha para banir termo pejorativo sobre pessoas com defici\u00eancia intelectual"},"content":{"rendered":"<figure id=\"attachment_13750\" aria-describedby=\"caption-attachment-13750\" style=\"width: 250px\" class=\"wp-caption alignnone\"><a href=\"http:\/\/www.inclusivenews.com.br\/wp-content\/uploads\/2010\/02\/rword.jpg\"><img loading=\"lazy\" decoding=\"async\" class=\"size-full wp-image-13750\" title=\"rword\" src=\"http:\/\/inclusivenews.com.br\/wp-content\/uploads\/2010\/02\/rword.jpg\" alt=\"\" width=\"250\" height=\"340\" \/><\/a><figcaption id=\"caption-attachment-13750\" class=\"wp-caption-text\">Broche Eu me comprometo - www.r-word.org<\/figcaption><\/figure>\n<p>O Chefe de Gabinete da Casa Branca, Rahm Emanuel, desculpou-se por ter usado a palavra &#8221; retardado&#8221; em uma reuni\u00e3o particular no ano passado e disse a defensores dos direitos das pessoas com defici\u00eancia que se engajar\u00e1 na campanha para acabar com o uso da palavra.<\/p>\n<p>A comitiva que esteve ontem na Casa Branca para receber o pedido de desculpas, divulgou a nota abaixo ap\u00f3s o encontro:<\/p>\n<p>Viemos aqui hoje para nos encontrarmos com Rahm Emanuel e compartilhar com ele nossa vis\u00e3o sobre a\u00a0relev\u00e2ncia do uso da linguagem. Queremos convidar o senhor Emanuel e toda Am\u00e9rica para compreender os esfor\u00e7os coletivos de nossa comunidade para remover as palavras &#8220;retardo&#8221; e &#8220;retardado&#8221; do nosso discurso do dia-a-dia.<\/p>\n<p>A palavra R&#8230; est\u00e1 poluino a nossa l\u00edngua. Todos os dias a membros da nossa comunidade ouvem essa palavra &#8211; em escolas e locais de trabalho,\u00a0na imprensa escrita\u00a0e em filmes, no r\u00e1dio e na TV. E todos os dias\u00a0eles sofrem os seus efeitos\u00a0degradantes &#8211; tro\u00e7a, estigma, rid\u00edculo. Esta \u00e9 uma palavra extremamente ofensiva &#8211; n\u00e3o apenas para as 7 milh\u00f5es de pessoas com defici\u00eancia intelectual nos Estados Unidos, mas tamb\u00e9m para seus amigos, suas fam\u00edlias e para todos n\u00f3s.<\/p>\n<p>N\u00f3s agradecemos ao senhor Emanuel por ter-se reunido conosco hoje e ouvido nossos argumentos. Ele se desculpou sinceramente pelo seu erro e pela dor que causou a nossa comunidade.<\/p>\n<p>Ficamos felizes em saber que ele se uniu \u00e0s mais de 54 mil pessoas que pedem o fim do uso da palavra R&#8230; no site <a href=\"http:\/\/www.r-word.org\">www.r-word.org<\/a> , e que tenha se comprometido\u00a0 a que \u00a0administra\u00e7\u00e3o p\u00fablica siga\u00a0buscando maneiras de ajudar nesses esfor\u00e7os, inclusive examinando a legisla\u00e7\u00e3o no Congresso para remover a palavra R&#8230; das leis federais.<\/p>\n<p>Nossa comunidade conquistou o direito de ser respeitada ao inv\u00e9s de ser ridicularizada. Por v\u00e1rias gera\u00e7\u00f5es n\u00f3s sofremos injusti\u00e7a e exigimos que isso acabe.\u00a0<\/p>\n<p>Este \u00e9 mais um pequeno passo no caminho por um pa\u00eds que aceita as habilidades de todos.<\/p>\n<p>###<\/p>\n<p><strong>Timothy Shriver<\/strong>, Presidente do Special Olympics (Olimp\u00edadas Especiais)\u00a0\u00a0<br \/>\n<strong>Andrew Imparato<\/strong>, Presidente da Associa\u00e7\u00e3o Americana de Pessoas com Defici\u00eancias<br \/>\n<strong>Peter V. Berns<\/strong>, Presidente do The Arc<br \/>\n<strong>Hannah Jacobs<\/strong>, m\u00e3e e ativista pela erradica\u00e7\u00e3o da palavra R&#8230;<br \/>\n<strong>Julie Petty<\/strong>, auto-defensor e ex-Presidente da SABE<br \/>\n<strong>Ricardo Thornton<\/strong>, auto-defensor e atleta das Olimp\u00edadas Especiais\u00a0<\/p>\n<p>\u00a0Fonte: Inclusive<\/p>\n","protected":false},"excerpt":{"rendered":"<p>O Chefe de Gabinete da Casa Branca, Rahm Emanuel, desculpou-se por ter usado a palavra &#8221; retardado&#8221; em uma reuni\u00e3o particular no ano passado e disse a defensores dos direitos das pessoas com defici\u00eancia que se engajar\u00e1 na campanha para acabar com o uso da palavra. A comitiva que esteve ontem na Casa Branca para [&hellip;]<\/p>\n","protected":false},"author":1,"featured_media":0,"comment_status":"open","ping_status":"open","sticky":false,"template":"","format":"standard","meta":{"site-container-style":"default","site-container-layout":"default","site-sidebar-layout":"default","disable-article-header":"default","disable-site-header":"default","disable-site-footer":"default","disable-content-area-spacing":"default","footnotes":""},"categories":[3,11,4],"tags":[],"class_list":["post-13749","post","type-post","status-publish","format-standard","hentry","category-campanhas","category-direitos-humanos","category-noticias"],"yoast_head":"<!-- This site is optimized with the Yoast SEO plugin v27.4 - https:\/\/yoast.com\/product\/yoast-seo-wordpress\/ -->\n<title>Casa Branca vai se engajar em campanha para banir termo pejorativo sobre pessoas com defici\u00eancia intelectual -<\/title>\n<meta name=\"robots\" content=\"index, follow, max-snippet:-1, max-image-preview:large, max-video-preview:-1\" \/>\n<link rel=\"canonical\" href=\"https:\/\/inclusivenews.com.br\/?p=13749\" \/>\n<meta property=\"og:locale\" content=\"pt_PT\" \/>\n<meta property=\"og:type\" content=\"article\" \/>\n<meta property=\"og:title\" content=\"Casa Branca vai se engajar em campanha para banir termo pejorativo sobre pessoas com defici\u00eancia intelectual -\" \/>\n<meta property=\"og:description\" content=\"O Chefe de Gabinete da Casa Branca, Rahm Emanuel, desculpou-se por ter usado a palavra &#8221; retardado&#8221; em uma reuni\u00e3o particular no ano passado e disse a defensores dos direitos das pessoas com defici\u00eancia que se engajar\u00e1 na campanha para acabar com o uso da palavra. A comitiva que esteve ontem na Casa Branca para [&hellip;]\" \/>\n<meta property=\"og:url\" content=\"https:\/\/inclusivenews.com.br\/?p=13749\" \/>\n<meta property=\"article:publisher\" content=\"https:\/\/www.facebook.com\/agenciainclusive\/\" \/>\n<meta property=\"article:published_time\" content=\"2010-02-04T13:34:09+00:00\" \/>\n<meta property=\"og:image\" content=\"http:\/\/inclusivenews.com.br\/wp-content\/uploads\/2010\/02\/rword.jpg\" \/>\n<meta name=\"author\" content=\"inclusivenews2024\" \/>\n<meta name=\"twitter:card\" content=\"summary_large_image\" \/>\n<meta name=\"twitter:label1\" content=\"Escrito por\" \/>\n\t<meta name=\"twitter:data1\" content=\"inclusivenews2024\" \/>\n\t<meta name=\"twitter:label2\" content=\"Tempo estimado de leitura\" \/>\n\t<meta name=\"twitter:data2\" content=\"2 minutos\" \/>\n<script type=\"application\/ld+json\" class=\"yoast-schema-graph\">{\"@context\":\"https:\\\/\\\/schema.org\",\"@graph\":[{\"@type\":\"Article\",\"@id\":\"https:\\\/\\\/inclusivenews.com.br\\\/?p=13749#article\",\"isPartOf\":{\"@id\":\"https:\\\/\\\/inclusivenews.com.br\\\/?p=13749\"},\"author\":{\"name\":\"inclusivenews2024\",\"@id\":\"https:\\\/\\\/inclusivenews.com.br\\\/#\\\/schema\\\/person\\\/ae4ec7087559b8692fb33b6fffd2273b\"},\"headline\":\"Casa Branca vai se engajar em campanha para banir termo pejorativo sobre pessoas com defici\u00eancia intelectual\",\"datePublished\":\"2010-02-04T13:34:09+00:00\",\"mainEntityOfPage\":{\"@id\":\"https:\\\/\\\/inclusivenews.com.br\\\/?p=13749\"},\"wordCount\":442,\"commentCount\":0,\"publisher\":{\"@id\":\"https:\\\/\\\/inclusivenews.com.br\\\/#organization\"},\"image\":{\"@id\":\"https:\\\/\\\/inclusivenews.com.br\\\/?p=13749#primaryimage\"},\"thumbnailUrl\":\"http:\\\/\\\/inclusivenews.com.br\\\/wp-content\\\/uploads\\\/2010\\\/02\\\/rword.jpg\",\"articleSection\":[\"CAMPANHAS\",\"DIREITOS HUMANOS\",\"NOT\u00cdCIAS\"],\"inLanguage\":\"pt-PT\",\"potentialAction\":[{\"@type\":\"CommentAction\",\"name\":\"Comment\",\"target\":[\"https:\\\/\\\/inclusivenews.com.br\\\/?p=13749#respond\"]}]},{\"@type\":\"WebPage\",\"@id\":\"https:\\\/\\\/inclusivenews.com.br\\\/?p=13749\",\"url\":\"https:\\\/\\\/inclusivenews.com.br\\\/?p=13749\",\"name\":\"Casa Branca vai se engajar em campanha para banir termo pejorativo sobre pessoas com defici\u00eancia intelectual -\",\"isPartOf\":{\"@id\":\"https:\\\/\\\/inclusivenews.com.br\\\/#website\"},\"primaryImageOfPage\":{\"@id\":\"https:\\\/\\\/inclusivenews.com.br\\\/?p=13749#primaryimage\"},\"image\":{\"@id\":\"https:\\\/\\\/inclusivenews.com.br\\\/?p=13749#primaryimage\"},\"thumbnailUrl\":\"http:\\\/\\\/inclusivenews.com.br\\\/wp-content\\\/uploads\\\/2010\\\/02\\\/rword.jpg\",\"datePublished\":\"2010-02-04T13:34:09+00:00\",\"breadcrumb\":{\"@id\":\"https:\\\/\\\/inclusivenews.com.br\\\/?p=13749#breadcrumb\"},\"inLanguage\":\"pt-PT\",\"potentialAction\":[{\"@type\":\"ReadAction\",\"target\":[\"https:\\\/\\\/inclusivenews.com.br\\\/?p=13749\"]}]},{\"@type\":\"ImageObject\",\"inLanguage\":\"pt-PT\",\"@id\":\"https:\\\/\\\/inclusivenews.com.br\\\/?p=13749#primaryimage\",\"url\":\"\",\"contentUrl\":\"\"},{\"@type\":\"BreadcrumbList\",\"@id\":\"https:\\\/\\\/inclusivenews.com.br\\\/?p=13749#breadcrumb\",\"itemListElement\":[{\"@type\":\"ListItem\",\"position\":1,\"name\":\"In\u00edcio\",\"item\":\"https:\\\/\\\/inclusivenews.com.br\\\/\"},{\"@type\":\"ListItem\",\"position\":2,\"name\":\"Casa Branca vai se engajar em campanha para banir termo pejorativo sobre pessoas com defici\u00eancia intelectual\"}]},{\"@type\":\"WebSite\",\"@id\":\"https:\\\/\\\/inclusivenews.com.br\\\/#website\",\"url\":\"https:\\\/\\\/inclusivenews.com.br\\\/\",\"name\":\"Inclusive News\",\"description\":\"Inclusive News\",\"publisher\":{\"@id\":\"https:\\\/\\\/inclusivenews.com.br\\\/#organization\"},\"potentialAction\":[{\"@type\":\"SearchAction\",\"target\":{\"@type\":\"EntryPoint\",\"urlTemplate\":\"https:\\\/\\\/inclusivenews.com.br\\\/?s={search_term_string}\"},\"query-input\":{\"@type\":\"PropertyValueSpecification\",\"valueRequired\":true,\"valueName\":\"search_term_string\"}}],\"inLanguage\":\"pt-PT\"},{\"@type\":\"Organization\",\"@id\":\"https:\\\/\\\/inclusivenews.com.br\\\/#organization\",\"name\":\"Inclusive - inclus\u00e3o e cidadania\",\"url\":\"https:\\\/\\\/inclusivenews.com.br\\\/\",\"logo\":{\"@type\":\"ImageObject\",\"inLanguage\":\"pt-PT\",\"@id\":\"https:\\\/\\\/inclusivenews.com.br\\\/#\\\/schema\\\/logo\\\/image\\\/\",\"url\":\"https:\\\/\\\/inclusivenews.com.br\\\/wp-content\\\/uploads\\\/2024\\\/03\\\/@grandesite.png\",\"contentUrl\":\"https:\\\/\\\/inclusivenews.com.br\\\/wp-content\\\/uploads\\\/2024\\\/03\\\/@grandesite.png\",\"width\":1080,\"height\":1080,\"caption\":\"Inclusive - inclus\u00e3o e cidadania\"},\"image\":{\"@id\":\"https:\\\/\\\/inclusivenews.com.br\\\/#\\\/schema\\\/logo\\\/image\\\/\"},\"sameAs\":[\"https:\\\/\\\/www.facebook.com\\\/agenciainclusive\\\/\",\"https:\\\/\\\/www.instagram.com\\\/newsinclusive\\\/\"]},{\"@type\":\"Person\",\"@id\":\"https:\\\/\\\/inclusivenews.com.br\\\/#\\\/schema\\\/person\\\/ae4ec7087559b8692fb33b6fffd2273b\",\"name\":\"inclusivenews2024\",\"image\":{\"@type\":\"ImageObject\",\"inLanguage\":\"pt-PT\",\"@id\":\"https:\\\/\\\/secure.gravatar.com\\\/avatar\\\/c5a7ef84c66fa914f55bc4f7ce26cfa275a3b9a1c5568b907bd184fb4dde7b40?s=96&d=mm&r=g\",\"url\":\"https:\\\/\\\/secure.gravatar.com\\\/avatar\\\/c5a7ef84c66fa914f55bc4f7ce26cfa275a3b9a1c5568b907bd184fb4dde7b40?s=96&d=mm&r=g\",\"contentUrl\":\"https:\\\/\\\/secure.gravatar.com\\\/avatar\\\/c5a7ef84c66fa914f55bc4f7ce26cfa275a3b9a1c5568b907bd184fb4dde7b40?s=96&d=mm&r=g\",\"caption\":\"inclusivenews2024\"},\"sameAs\":[\"https:\\\/\\\/inclusivenews.com.br\"],\"url\":\"https:\\\/\\\/inclusivenews.com.br\\\/?author=1\"}]}<\/script>\n<!-- \/ Yoast SEO plugin. -->","yoast_head_json":{"title":"Casa Branca vai se engajar em campanha para banir termo pejorativo sobre pessoas com defici\u00eancia intelectual -","robots":{"index":"index","follow":"follow","max-snippet":"max-snippet:-1","max-image-preview":"max-image-preview:large","max-video-preview":"max-video-preview:-1"},"canonical":"https:\/\/inclusivenews.com.br\/?p=13749","og_locale":"pt_PT","og_type":"article","og_title":"Casa Branca vai se engajar em campanha para banir termo pejorativo sobre pessoas com defici\u00eancia intelectual -","og_description":"O Chefe de Gabinete da Casa Branca, Rahm Emanuel, desculpou-se por ter usado a palavra &#8221; retardado&#8221; em uma reuni\u00e3o particular no ano passado e disse a defensores dos direitos das pessoas com defici\u00eancia que se engajar\u00e1 na campanha para acabar com o uso da palavra. A comitiva que esteve ontem na Casa Branca para [&hellip;]","og_url":"https:\/\/inclusivenews.com.br\/?p=13749","article_publisher":"https:\/\/www.facebook.com\/agenciainclusive\/","article_published_time":"2010-02-04T13:34:09+00:00","og_image":[{"url":"http:\/\/inclusivenews.com.br\/wp-content\/uploads\/2010\/02\/rword.jpg","type":"","width":"","height":""}],"author":"inclusivenews2024","twitter_card":"summary_large_image","twitter_misc":{"Escrito por":"inclusivenews2024","Tempo estimado de leitura":"2 minutos"},"schema":{"@context":"https:\/\/schema.org","@graph":[{"@type":"Article","@id":"https:\/\/inclusivenews.com.br\/?p=13749#article","isPartOf":{"@id":"https:\/\/inclusivenews.com.br\/?p=13749"},"author":{"name":"inclusivenews2024","@id":"https:\/\/inclusivenews.com.br\/#\/schema\/person\/ae4ec7087559b8692fb33b6fffd2273b"},"headline":"Casa Branca vai se engajar em campanha para banir termo pejorativo sobre pessoas com defici\u00eancia intelectual","datePublished":"2010-02-04T13:34:09+00:00","mainEntityOfPage":{"@id":"https:\/\/inclusivenews.com.br\/?p=13749"},"wordCount":442,"commentCount":0,"publisher":{"@id":"https:\/\/inclusivenews.com.br\/#organization"},"image":{"@id":"https:\/\/inclusivenews.com.br\/?p=13749#primaryimage"},"thumbnailUrl":"http:\/\/inclusivenews.com.br\/wp-content\/uploads\/2010\/02\/rword.jpg","articleSection":["CAMPANHAS","DIREITOS HUMANOS","NOT\u00cdCIAS"],"inLanguage":"pt-PT","potentialAction":[{"@type":"CommentAction","name":"Comment","target":["https:\/\/inclusivenews.com.br\/?p=13749#respond"]}]},{"@type":"WebPage","@id":"https:\/\/inclusivenews.com.br\/?p=13749","url":"https:\/\/inclusivenews.com.br\/?p=13749","name":"Casa Branca vai se engajar em campanha para banir termo pejorativo sobre pessoas com defici\u00eancia intelectual -","isPartOf":{"@id":"https:\/\/inclusivenews.com.br\/#website"},"primaryImageOfPage":{"@id":"https:\/\/inclusivenews.com.br\/?p=13749#primaryimage"},"image":{"@id":"https:\/\/inclusivenews.com.br\/?p=13749#primaryimage"},"thumbnailUrl":"http:\/\/inclusivenews.com.br\/wp-content\/uploads\/2010\/02\/rword.jpg","datePublished":"2010-02-04T13:34:09+00:00","breadcrumb":{"@id":"https:\/\/inclusivenews.com.br\/?p=13749#breadcrumb"},"inLanguage":"pt-PT","potentialAction":[{"@type":"ReadAction","target":["https:\/\/inclusivenews.com.br\/?p=13749"]}]},{"@type":"ImageObject","inLanguage":"pt-PT","@id":"https:\/\/inclusivenews.com.br\/?p=13749#primaryimage","url":"","contentUrl":""},{"@type":"BreadcrumbList","@id":"https:\/\/inclusivenews.com.br\/?p=13749#breadcrumb","itemListElement":[{"@type":"ListItem","position":1,"name":"In\u00edcio","item":"https:\/\/inclusivenews.com.br\/"},{"@type":"ListItem","position":2,"name":"Casa Branca vai se engajar em campanha para banir termo pejorativo sobre pessoas com defici\u00eancia intelectual"}]},{"@type":"WebSite","@id":"https:\/\/inclusivenews.com.br\/#website","url":"https:\/\/inclusivenews.com.br\/","name":"Inclusive News","description":"Inclusive News","publisher":{"@id":"https:\/\/inclusivenews.com.br\/#organization"},"potentialAction":[{"@type":"SearchAction","target":{"@type":"EntryPoint","urlTemplate":"https:\/\/inclusivenews.com.br\/?s={search_term_string}"},"query-input":{"@type":"PropertyValueSpecification","valueRequired":true,"valueName":"search_term_string"}}],"inLanguage":"pt-PT"},{"@type":"Organization","@id":"https:\/\/inclusivenews.com.br\/#organization","name":"Inclusive - inclus\u00e3o e cidadania","url":"https:\/\/inclusivenews.com.br\/","logo":{"@type":"ImageObject","inLanguage":"pt-PT","@id":"https:\/\/inclusivenews.com.br\/#\/schema\/logo\/image\/","url":"https:\/\/inclusivenews.com.br\/wp-content\/uploads\/2024\/03\/@grandesite.png","contentUrl":"https:\/\/inclusivenews.com.br\/wp-content\/uploads\/2024\/03\/@grandesite.png","width":1080,"height":1080,"caption":"Inclusive - inclus\u00e3o e cidadania"},"image":{"@id":"https:\/\/inclusivenews.com.br\/#\/schema\/logo\/image\/"},"sameAs":["https:\/\/www.facebook.com\/agenciainclusive\/","https:\/\/www.instagram.com\/newsinclusive\/"]},{"@type":"Person","@id":"https:\/\/inclusivenews.com.br\/#\/schema\/person\/ae4ec7087559b8692fb33b6fffd2273b","name":"inclusivenews2024","image":{"@type":"ImageObject","inLanguage":"pt-PT","@id":"https:\/\/secure.gravatar.com\/avatar\/c5a7ef84c66fa914f55bc4f7ce26cfa275a3b9a1c5568b907bd184fb4dde7b40?s=96&d=mm&r=g","url":"https:\/\/secure.gravatar.com\/avatar\/c5a7ef84c66fa914f55bc4f7ce26cfa275a3b9a1c5568b907bd184fb4dde7b40?s=96&d=mm&r=g","contentUrl":"https:\/\/secure.gravatar.com\/avatar\/c5a7ef84c66fa914f55bc4f7ce26cfa275a3b9a1c5568b907bd184fb4dde7b40?s=96&d=mm&r=g","caption":"inclusivenews2024"},"sameAs":["https:\/\/inclusivenews.com.br"],"url":"https:\/\/inclusivenews.com.br\/?author=1"}]}},"_links":{"self":[{"href":"https:\/\/inclusivenews.com.br\/index.php?rest_route=\/wp\/v2\/posts\/13749","targetHints":{"allow":["GET"]}}],"collection":[{"href":"https:\/\/inclusivenews.com.br\/index.php?rest_route=\/wp\/v2\/posts"}],"about":[{"href":"https:\/\/inclusivenews.com.br\/index.php?rest_route=\/wp\/v2\/types\/post"}],"author":[{"embeddable":true,"href":"https:\/\/inclusivenews.com.br\/index.php?rest_route=\/wp\/v2\/users\/1"}],"replies":[{"embeddable":true,"href":"https:\/\/inclusivenews.com.br\/index.php?rest_route=%2Fwp%2Fv2%2Fcomments&post=13749"}],"version-history":[{"count":0,"href":"https:\/\/inclusivenews.com.br\/index.php?rest_route=\/wp\/v2\/posts\/13749\/revisions"}],"wp:attachment":[{"href":"https:\/\/inclusivenews.com.br\/index.php?rest_route=%2Fwp%2Fv2%2Fmedia&parent=13749"}],"wp:term":[{"taxonomy":"category","embeddable":true,"href":"https:\/\/inclusivenews.com.br\/index.php?rest_route=%2Fwp%2Fv2%2Fcategories&post=13749"},{"taxonomy":"post_tag","embeddable":true,"href":"https:\/\/inclusivenews.com.br\/index.php?rest_route=%2Fwp%2Fv2%2Ftags&post=13749"}],"curies":[{"name":"wp","href":"https:\/\/api.w.org\/{rel}","templated":true}]}}