{"id":13816,"date":"2010-02-08T17:10:54","date_gmt":"2010-02-08T20:10:54","guid":{"rendered":"http:\/\/www.inclusive.org.br\/?p=13816"},"modified":"2010-02-08T17:10:54","modified_gmt":"2010-02-08T20:10:54","slug":"jangada-leva-cadeirantes-para-banho-de-mar-em-maceio","status":"publish","type":"post","link":"https:\/\/inclusivenews.com.br\/?p=13816","title":{"rendered":"Jangada leva cadeirantes para banho de mar em Macei\u00f3"},"content":{"rendered":"<p><strong><\/p>\n<figure id=\"attachment_13817\" aria-describedby=\"caption-attachment-13817\" style=\"width: 261px\" class=\"wp-caption alignnone\"><a href=\"http:\/\/www.inclusivenews.com.br\/wp-content\/uploads\/2010\/02\/jangada.jpg\"><img loading=\"lazy\" decoding=\"async\" class=\"size-full wp-image-13817\" title=\"jangada\" src=\"http:\/\/inclusivenews.com.br\/wp-content\/uploads\/2010\/02\/jangada.jpg\" alt=\"\" width=\"261\" height=\"196\" \/><\/a><figcaption id=\"caption-attachment-13817\" class=\"wp-caption-text\">Jangada adaptada<\/figcaption><\/figure>\n<p>A embarca\u00e7\u00e3o, agora, tem espa\u00e7o para acomodar duas cadeiras de rodas, cercada por toda a <a onclick=\"hwClick1813174(undefined);return false;\" onmouseover=\"hw1813174(event, this, 'undefined'); this.style.cursor='hand'; this.style.textDecoration='underline'; this.style.borderBottom='solid';\" onmouseout=\"hideMaybe('HOTWordsTitle'); this.style.cursor='hand'; this.style.textDecoration='underline'; this.style.borderBottom='dotted 1px'; \" href=\"http:\/\/www.jornalfloripa.com.br\/brasil\/ver_info_jornalfloripa.asp?NewsID=3269#\">seguran\u00e7a<\/a>.<\/p>\n<p><\/strong><\/p>\n<p>Jos\u00e9 Batista, de 35 anos. Luiz Carlos, de 52. Ambos s\u00e3o cadeirantes. Faz tempo que eles sonhavam com algo que estava muito perto deles: as piscinas naturais de Macei\u00f3. Mas como chegar l\u00e1?<\/p>\n<p>\u201cQuando \u00e9 que um dia eu vou poder chegar at\u00e9 a beira-mar, pegar uma jangada e conhecer as piscinas naturais?&#8221;, questiona o gestor de marketing Jos\u00e9 Batista.<\/p>\n<p>&#8220;Conhecer, realmente, isso que \u00e9 uma atra\u00e7\u00e3o tur\u00edstica da nossa cidade de Macei\u00f3&#8221;, comenta o presidente da Associa\u00e7\u00e3o de Deficientes F\u00edsicos de Alagoas Luiz Carlos Santos.<\/p>\n<p>O caminho do sonho de Jos\u00e9 e Luiz come\u00e7ou a aparecer quando um <a style=\"cursor: hand; color: #cc0000; border-bottom: 1px dotted; text-decoration: underline;\" onclick=\"hwClick0813174(undefined);return false;\" onmouseover=\"hw0813174(event, this, 'undefined'); this.style.cursor='hand'; this.style.textDecoration='underline'; this.style.borderBottom='solid';\" onmouseout=\"hideMaybe('HOTWordsTitle'); this.style.cursor='hand'; this.style.textDecoration='underline'; this.style.borderBottom='dotted 1px'; \" href=\"http:\/\/www.jornalfloripa.com.br\/brasil\/ver_info_jornalfloripa.asp?NewsID=3269#\">arquiteto<\/a> carioca teve uma id\u00e9ia inusitada.<\/p>\n<p>&#8220;Fui ao primeiro encontro internacional de pessoas com defici\u00eancia em Bras\u00edlia. Aqueles quatro dias convivendo com 800, 900 pessoa com defici\u00eancia me trouxe uma grandeza interior e pessoal t\u00e3o grande&#8221;, lembra o arquiteto Jorge Luiz Silva.<\/p>\n<p>Essa &#8220;grandeza&#8221; tomou forma de jangada. Tem 6,5 metros de comprimento, dois de largura e, finalmente, deu acesso a quem n\u00e3o pode frequentar a praia.<\/p>\n<p>Leia o restante da mat\u00e9ria no link abaixo<\/p>\n<p><a href=\"http:\/\/www.jornalfloripa.com.br\/brasil\/ver_info_jornalfloripa.asp?NewsID=3269\">http:\/\/www.jornalfloripa.com.br\/brasil\/ver_info_jornalfloripa.asp?NewsID=3269<\/a><\/p>\n<p>Fonte: Jornal Floripa<\/p>\n","protected":false},"excerpt":{"rendered":"<p>A embarca\u00e7\u00e3o, agora, tem espa\u00e7o para acomodar duas cadeiras de rodas, cercada por toda a seguran\u00e7a. Jos\u00e9 Batista, de 35 anos. Luiz Carlos, de 52. Ambos s\u00e3o cadeirantes. Faz tempo que eles sonhavam com algo que estava muito perto deles: as piscinas naturais de Macei\u00f3. Mas como chegar l\u00e1? \u201cQuando \u00e9 que um dia eu [&hellip;]<\/p>\n","protected":false},"author":1,"featured_media":0,"comment_status":"open","ping_status":"open","sticky":false,"template":"","format":"standard","meta":{"site-container-style":"default","site-container-layout":"default","site-sidebar-layout":"default","disable-article-header":"default","disable-site-header":"default","disable-site-footer":"default","disable-content-area-spacing":"default","footnotes":""},"categories":[44,38,27,4],"tags":[],"class_list":["post-13816","post","type-post","status-publish","format-standard","hentry","category-acessibilidade","category-deficiencia","category-esporte","category-noticias"],"yoast_head":"<!-- This site is optimized with the Yoast SEO plugin v27.4 - https:\/\/yoast.com\/product\/yoast-seo-wordpress\/ -->\n<title>Jangada leva cadeirantes para banho de mar em Macei\u00f3 -<\/title>\n<meta name=\"robots\" content=\"index, follow, max-snippet:-1, max-image-preview:large, max-video-preview:-1\" \/>\n<link rel=\"canonical\" href=\"https:\/\/inclusivenews.com.br\/?p=13816\" \/>\n<meta property=\"og:locale\" content=\"pt_PT\" \/>\n<meta property=\"og:type\" content=\"article\" \/>\n<meta property=\"og:title\" content=\"Jangada leva cadeirantes para banho de mar em Macei\u00f3 -\" \/>\n<meta property=\"og:description\" content=\"A embarca\u00e7\u00e3o, agora, tem espa\u00e7o para acomodar duas cadeiras de rodas, cercada por toda a seguran\u00e7a. Jos\u00e9 Batista, de 35 anos. Luiz Carlos, de 52. Ambos s\u00e3o cadeirantes. Faz tempo que eles sonhavam com algo que estava muito perto deles: as piscinas naturais de Macei\u00f3. Mas como chegar l\u00e1? \u201cQuando \u00e9 que um dia eu [&hellip;]\" \/>\n<meta property=\"og:url\" content=\"https:\/\/inclusivenews.com.br\/?p=13816\" \/>\n<meta property=\"article:publisher\" content=\"https:\/\/www.facebook.com\/agenciainclusive\/\" \/>\n<meta property=\"article:published_time\" content=\"2010-02-08T20:10:54+00:00\" \/>\n<meta property=\"og:image\" content=\"http:\/\/inclusivenews.com.br\/wp-content\/uploads\/2010\/02\/jangada.jpg\" \/>\n<meta name=\"author\" content=\"inclusivenews2024\" \/>\n<meta name=\"twitter:card\" content=\"summary_large_image\" \/>\n<meta name=\"twitter:label1\" content=\"Escrito por\" \/>\n\t<meta name=\"twitter:data1\" content=\"inclusivenews2024\" \/>\n\t<meta name=\"twitter:label2\" content=\"Tempo estimado de leitura\" \/>\n\t<meta name=\"twitter:data2\" content=\"1 minuto\" \/>\n<script type=\"application\/ld+json\" class=\"yoast-schema-graph\">{\"@context\":\"https:\\\/\\\/schema.org\",\"@graph\":[{\"@type\":\"Article\",\"@id\":\"https:\\\/\\\/inclusivenews.com.br\\\/?p=13816#article\",\"isPartOf\":{\"@id\":\"https:\\\/\\\/inclusivenews.com.br\\\/?p=13816\"},\"author\":{\"name\":\"inclusivenews2024\",\"@id\":\"https:\\\/\\\/inclusivenews.com.br\\\/#\\\/schema\\\/person\\\/ae4ec7087559b8692fb33b6fffd2273b\"},\"headline\":\"Jangada leva cadeirantes para banho de mar em Macei\u00f3\",\"datePublished\":\"2010-02-08T20:10:54+00:00\",\"mainEntityOfPage\":{\"@id\":\"https:\\\/\\\/inclusivenews.com.br\\\/?p=13816\"},\"wordCount\":232,\"commentCount\":2,\"publisher\":{\"@id\":\"https:\\\/\\\/inclusivenews.com.br\\\/#organization\"},\"image\":{\"@id\":\"https:\\\/\\\/inclusivenews.com.br\\\/?p=13816#primaryimage\"},\"thumbnailUrl\":\"http:\\\/\\\/inclusivenews.com.br\\\/wp-content\\\/uploads\\\/2010\\\/02\\\/jangada.jpg\",\"articleSection\":[\"ACESSIBILIDADE\",\"Defici\u00eancia\",\"Esporte\",\"NOT\u00cdCIAS\"],\"inLanguage\":\"pt-PT\",\"potentialAction\":[{\"@type\":\"CommentAction\",\"name\":\"Comment\",\"target\":[\"https:\\\/\\\/inclusivenews.com.br\\\/?p=13816#respond\"]}]},{\"@type\":\"WebPage\",\"@id\":\"https:\\\/\\\/inclusivenews.com.br\\\/?p=13816\",\"url\":\"https:\\\/\\\/inclusivenews.com.br\\\/?p=13816\",\"name\":\"Jangada leva cadeirantes para banho de mar em Macei\u00f3 -\",\"isPartOf\":{\"@id\":\"https:\\\/\\\/inclusivenews.com.br\\\/#website\"},\"primaryImageOfPage\":{\"@id\":\"https:\\\/\\\/inclusivenews.com.br\\\/?p=13816#primaryimage\"},\"image\":{\"@id\":\"https:\\\/\\\/inclusivenews.com.br\\\/?p=13816#primaryimage\"},\"thumbnailUrl\":\"http:\\\/\\\/inclusivenews.com.br\\\/wp-content\\\/uploads\\\/2010\\\/02\\\/jangada.jpg\",\"datePublished\":\"2010-02-08T20:10:54+00:00\",\"breadcrumb\":{\"@id\":\"https:\\\/\\\/inclusivenews.com.br\\\/?p=13816#breadcrumb\"},\"inLanguage\":\"pt-PT\",\"potentialAction\":[{\"@type\":\"ReadAction\",\"target\":[\"https:\\\/\\\/inclusivenews.com.br\\\/?p=13816\"]}]},{\"@type\":\"ImageObject\",\"inLanguage\":\"pt-PT\",\"@id\":\"https:\\\/\\\/inclusivenews.com.br\\\/?p=13816#primaryimage\",\"url\":\"\",\"contentUrl\":\"\"},{\"@type\":\"BreadcrumbList\",\"@id\":\"https:\\\/\\\/inclusivenews.com.br\\\/?p=13816#breadcrumb\",\"itemListElement\":[{\"@type\":\"ListItem\",\"position\":1,\"name\":\"In\u00edcio\",\"item\":\"https:\\\/\\\/inclusivenews.com.br\\\/\"},{\"@type\":\"ListItem\",\"position\":2,\"name\":\"Jangada leva cadeirantes para banho de mar em Macei\u00f3\"}]},{\"@type\":\"WebSite\",\"@id\":\"https:\\\/\\\/inclusivenews.com.br\\\/#website\",\"url\":\"https:\\\/\\\/inclusivenews.com.br\\\/\",\"name\":\"Inclusive News\",\"description\":\"Inclusive News\",\"publisher\":{\"@id\":\"https:\\\/\\\/inclusivenews.com.br\\\/#organization\"},\"potentialAction\":[{\"@type\":\"SearchAction\",\"target\":{\"@type\":\"EntryPoint\",\"urlTemplate\":\"https:\\\/\\\/inclusivenews.com.br\\\/?s={search_term_string}\"},\"query-input\":{\"@type\":\"PropertyValueSpecification\",\"valueRequired\":true,\"valueName\":\"search_term_string\"}}],\"inLanguage\":\"pt-PT\"},{\"@type\":\"Organization\",\"@id\":\"https:\\\/\\\/inclusivenews.com.br\\\/#organization\",\"name\":\"Inclusive - inclus\u00e3o e cidadania\",\"url\":\"https:\\\/\\\/inclusivenews.com.br\\\/\",\"logo\":{\"@type\":\"ImageObject\",\"inLanguage\":\"pt-PT\",\"@id\":\"https:\\\/\\\/inclusivenews.com.br\\\/#\\\/schema\\\/logo\\\/image\\\/\",\"url\":\"https:\\\/\\\/inclusivenews.com.br\\\/wp-content\\\/uploads\\\/2024\\\/03\\\/@grandesite.png\",\"contentUrl\":\"https:\\\/\\\/inclusivenews.com.br\\\/wp-content\\\/uploads\\\/2024\\\/03\\\/@grandesite.png\",\"width\":1080,\"height\":1080,\"caption\":\"Inclusive - inclus\u00e3o e cidadania\"},\"image\":{\"@id\":\"https:\\\/\\\/inclusivenews.com.br\\\/#\\\/schema\\\/logo\\\/image\\\/\"},\"sameAs\":[\"https:\\\/\\\/www.facebook.com\\\/agenciainclusive\\\/\",\"https:\\\/\\\/www.instagram.com\\\/newsinclusive\\\/\"]},{\"@type\":\"Person\",\"@id\":\"https:\\\/\\\/inclusivenews.com.br\\\/#\\\/schema\\\/person\\\/ae4ec7087559b8692fb33b6fffd2273b\",\"name\":\"inclusivenews2024\",\"image\":{\"@type\":\"ImageObject\",\"inLanguage\":\"pt-PT\",\"@id\":\"https:\\\/\\\/secure.gravatar.com\\\/avatar\\\/c5a7ef84c66fa914f55bc4f7ce26cfa275a3b9a1c5568b907bd184fb4dde7b40?s=96&d=mm&r=g\",\"url\":\"https:\\\/\\\/secure.gravatar.com\\\/avatar\\\/c5a7ef84c66fa914f55bc4f7ce26cfa275a3b9a1c5568b907bd184fb4dde7b40?s=96&d=mm&r=g\",\"contentUrl\":\"https:\\\/\\\/secure.gravatar.com\\\/avatar\\\/c5a7ef84c66fa914f55bc4f7ce26cfa275a3b9a1c5568b907bd184fb4dde7b40?s=96&d=mm&r=g\",\"caption\":\"inclusivenews2024\"},\"sameAs\":[\"https:\\\/\\\/inclusivenews.com.br\"],\"url\":\"https:\\\/\\\/inclusivenews.com.br\\\/?author=1\"}]}<\/script>\n<!-- \/ Yoast SEO plugin. -->","yoast_head_json":{"title":"Jangada leva cadeirantes para banho de mar em Macei\u00f3 -","robots":{"index":"index","follow":"follow","max-snippet":"max-snippet:-1","max-image-preview":"max-image-preview:large","max-video-preview":"max-video-preview:-1"},"canonical":"https:\/\/inclusivenews.com.br\/?p=13816","og_locale":"pt_PT","og_type":"article","og_title":"Jangada leva cadeirantes para banho de mar em Macei\u00f3 -","og_description":"A embarca\u00e7\u00e3o, agora, tem espa\u00e7o para acomodar duas cadeiras de rodas, cercada por toda a seguran\u00e7a. Jos\u00e9 Batista, de 35 anos. Luiz Carlos, de 52. Ambos s\u00e3o cadeirantes. Faz tempo que eles sonhavam com algo que estava muito perto deles: as piscinas naturais de Macei\u00f3. Mas como chegar l\u00e1? \u201cQuando \u00e9 que um dia eu [&hellip;]","og_url":"https:\/\/inclusivenews.com.br\/?p=13816","article_publisher":"https:\/\/www.facebook.com\/agenciainclusive\/","article_published_time":"2010-02-08T20:10:54+00:00","og_image":[{"url":"http:\/\/inclusivenews.com.br\/wp-content\/uploads\/2010\/02\/jangada.jpg","type":"","width":"","height":""}],"author":"inclusivenews2024","twitter_card":"summary_large_image","twitter_misc":{"Escrito por":"inclusivenews2024","Tempo estimado de leitura":"1 minuto"},"schema":{"@context":"https:\/\/schema.org","@graph":[{"@type":"Article","@id":"https:\/\/inclusivenews.com.br\/?p=13816#article","isPartOf":{"@id":"https:\/\/inclusivenews.com.br\/?p=13816"},"author":{"name":"inclusivenews2024","@id":"https:\/\/inclusivenews.com.br\/#\/schema\/person\/ae4ec7087559b8692fb33b6fffd2273b"},"headline":"Jangada leva cadeirantes para banho de mar em Macei\u00f3","datePublished":"2010-02-08T20:10:54+00:00","mainEntityOfPage":{"@id":"https:\/\/inclusivenews.com.br\/?p=13816"},"wordCount":232,"commentCount":2,"publisher":{"@id":"https:\/\/inclusivenews.com.br\/#organization"},"image":{"@id":"https:\/\/inclusivenews.com.br\/?p=13816#primaryimage"},"thumbnailUrl":"http:\/\/inclusivenews.com.br\/wp-content\/uploads\/2010\/02\/jangada.jpg","articleSection":["ACESSIBILIDADE","Defici\u00eancia","Esporte","NOT\u00cdCIAS"],"inLanguage":"pt-PT","potentialAction":[{"@type":"CommentAction","name":"Comment","target":["https:\/\/inclusivenews.com.br\/?p=13816#respond"]}]},{"@type":"WebPage","@id":"https:\/\/inclusivenews.com.br\/?p=13816","url":"https:\/\/inclusivenews.com.br\/?p=13816","name":"Jangada leva cadeirantes para banho de mar em Macei\u00f3 -","isPartOf":{"@id":"https:\/\/inclusivenews.com.br\/#website"},"primaryImageOfPage":{"@id":"https:\/\/inclusivenews.com.br\/?p=13816#primaryimage"},"image":{"@id":"https:\/\/inclusivenews.com.br\/?p=13816#primaryimage"},"thumbnailUrl":"http:\/\/inclusivenews.com.br\/wp-content\/uploads\/2010\/02\/jangada.jpg","datePublished":"2010-02-08T20:10:54+00:00","breadcrumb":{"@id":"https:\/\/inclusivenews.com.br\/?p=13816#breadcrumb"},"inLanguage":"pt-PT","potentialAction":[{"@type":"ReadAction","target":["https:\/\/inclusivenews.com.br\/?p=13816"]}]},{"@type":"ImageObject","inLanguage":"pt-PT","@id":"https:\/\/inclusivenews.com.br\/?p=13816#primaryimage","url":"","contentUrl":""},{"@type":"BreadcrumbList","@id":"https:\/\/inclusivenews.com.br\/?p=13816#breadcrumb","itemListElement":[{"@type":"ListItem","position":1,"name":"In\u00edcio","item":"https:\/\/inclusivenews.com.br\/"},{"@type":"ListItem","position":2,"name":"Jangada leva cadeirantes para banho de mar em Macei\u00f3"}]},{"@type":"WebSite","@id":"https:\/\/inclusivenews.com.br\/#website","url":"https:\/\/inclusivenews.com.br\/","name":"Inclusive News","description":"Inclusive News","publisher":{"@id":"https:\/\/inclusivenews.com.br\/#organization"},"potentialAction":[{"@type":"SearchAction","target":{"@type":"EntryPoint","urlTemplate":"https:\/\/inclusivenews.com.br\/?s={search_term_string}"},"query-input":{"@type":"PropertyValueSpecification","valueRequired":true,"valueName":"search_term_string"}}],"inLanguage":"pt-PT"},{"@type":"Organization","@id":"https:\/\/inclusivenews.com.br\/#organization","name":"Inclusive - inclus\u00e3o e cidadania","url":"https:\/\/inclusivenews.com.br\/","logo":{"@type":"ImageObject","inLanguage":"pt-PT","@id":"https:\/\/inclusivenews.com.br\/#\/schema\/logo\/image\/","url":"https:\/\/inclusivenews.com.br\/wp-content\/uploads\/2024\/03\/@grandesite.png","contentUrl":"https:\/\/inclusivenews.com.br\/wp-content\/uploads\/2024\/03\/@grandesite.png","width":1080,"height":1080,"caption":"Inclusive - inclus\u00e3o e cidadania"},"image":{"@id":"https:\/\/inclusivenews.com.br\/#\/schema\/logo\/image\/"},"sameAs":["https:\/\/www.facebook.com\/agenciainclusive\/","https:\/\/www.instagram.com\/newsinclusive\/"]},{"@type":"Person","@id":"https:\/\/inclusivenews.com.br\/#\/schema\/person\/ae4ec7087559b8692fb33b6fffd2273b","name":"inclusivenews2024","image":{"@type":"ImageObject","inLanguage":"pt-PT","@id":"https:\/\/secure.gravatar.com\/avatar\/c5a7ef84c66fa914f55bc4f7ce26cfa275a3b9a1c5568b907bd184fb4dde7b40?s=96&d=mm&r=g","url":"https:\/\/secure.gravatar.com\/avatar\/c5a7ef84c66fa914f55bc4f7ce26cfa275a3b9a1c5568b907bd184fb4dde7b40?s=96&d=mm&r=g","contentUrl":"https:\/\/secure.gravatar.com\/avatar\/c5a7ef84c66fa914f55bc4f7ce26cfa275a3b9a1c5568b907bd184fb4dde7b40?s=96&d=mm&r=g","caption":"inclusivenews2024"},"sameAs":["https:\/\/inclusivenews.com.br"],"url":"https:\/\/inclusivenews.com.br\/?author=1"}]}},"_links":{"self":[{"href":"https:\/\/inclusivenews.com.br\/index.php?rest_route=\/wp\/v2\/posts\/13816","targetHints":{"allow":["GET"]}}],"collection":[{"href":"https:\/\/inclusivenews.com.br\/index.php?rest_route=\/wp\/v2\/posts"}],"about":[{"href":"https:\/\/inclusivenews.com.br\/index.php?rest_route=\/wp\/v2\/types\/post"}],"author":[{"embeddable":true,"href":"https:\/\/inclusivenews.com.br\/index.php?rest_route=\/wp\/v2\/users\/1"}],"replies":[{"embeddable":true,"href":"https:\/\/inclusivenews.com.br\/index.php?rest_route=%2Fwp%2Fv2%2Fcomments&post=13816"}],"version-history":[{"count":0,"href":"https:\/\/inclusivenews.com.br\/index.php?rest_route=\/wp\/v2\/posts\/13816\/revisions"}],"wp:attachment":[{"href":"https:\/\/inclusivenews.com.br\/index.php?rest_route=%2Fwp%2Fv2%2Fmedia&parent=13816"}],"wp:term":[{"taxonomy":"category","embeddable":true,"href":"https:\/\/inclusivenews.com.br\/index.php?rest_route=%2Fwp%2Fv2%2Fcategories&post=13816"},{"taxonomy":"post_tag","embeddable":true,"href":"https:\/\/inclusivenews.com.br\/index.php?rest_route=%2Fwp%2Fv2%2Ftags&post=13816"}],"curies":[{"name":"wp","href":"https:\/\/api.w.org\/{rel}","templated":true}]}}