{"id":13820,"date":"2010-02-08T21:59:52","date_gmt":"2010-02-09T00:59:52","guid":{"rendered":"http:\/\/www.inclusive.org.br\/?p=13820"},"modified":"2010-02-08T21:59:52","modified_gmt":"2010-02-09T00:59:52","slug":"cursos-de-libras-sp","status":"publish","type":"post","link":"https:\/\/inclusivenews.com.br\/?p=13820","title":{"rendered":"Cursos de Libras SP"},"content":{"rendered":"<figure id=\"attachment_13821\" aria-describedby=\"caption-attachment-13821\" style=\"width: 500px\" class=\"wp-caption alignnone\"><a href=\"http:\/\/www.inclusivenews.com.br\/wp-content\/uploads\/2010\/02\/libras-708316.png\"><img loading=\"lazy\" decoding=\"async\" class=\"size-full wp-image-13821\" title=\"libras-708316\" src=\"http:\/\/inclusivenews.com.br\/wp-content\/uploads\/2010\/02\/libras-708316.png\" alt=\"\" width=\"500\" height=\"375\" \/><\/a><figcaption id=\"caption-attachment-13821\" class=\"wp-caption-text\">Alfabeto em libras<\/figcaption><\/figure>\n<p>CBS \u2013 S\u00c3O PAULO<\/p>\n<p><strong>OFICINA RELAMPAGO de LIBRAS em 2010<\/strong><\/p>\n<p><strong> <\/strong><\/p>\n<p>Os cursos s\u00e3o feitos pela CBS\/SP \u2013 Confedera\u00e7\u00e3o Brasileira de Surdos, regional S\u00e3o Paulo. Iniciara em MAR\u00c7O, com objetivo de orientar e como deve ser a comunica\u00e7\u00e3o com surdo, a id\u00e9ia surgiu para ter a informa\u00e7\u00e3o mais r\u00e1pida para iniciar uma conversa\u00e7\u00e3o com Surdos, em apenas um m\u00eas. Oportunidade \u00fanica.<\/p>\n<p>MINI \u2013 BASICO\u00a015\u00a0horas:<\/p>\n<p>OFICINA RELAMPAGO DE LIBRAS<\/p>\n<p><strong>Turma A<\/strong> \u2013 2 \u00aa e 4\u00aa &#8211; 13:30\/16<\/p>\n<p><strong>Turma B<\/strong> 3 \u00aa e 5 \u00aa\u00a0 9:30\/12<\/p>\n<p><strong>Turma<\/strong> C \u2013 3\u00aa e 5\u00aa &#8211; 16\/18:30<\/p>\n<p>Escolher o m\u00eas<\/p>\n<p>MAR\u00c7O\/ABRIL\/MAIO\/JUNHO<\/p>\n<p>Valor da matricula: R$ 20,00<\/p>\n<p>Apostila: R$ 25,00<\/p>\n<p>Parcela \u00fanica: R$ 55,00<\/p>\n<p>PRA\u00c7A DA SE, 411 SALA 8\u00a0\u00a0\u00a0\u00a0\u00a03 ANDAR &#8211; CENTRO &#8211; ao lado da OAB<\/p>\n<p>MINI \u2013 BASICO\u00a016\u00a0horas:<\/p>\n<p>OFICINA RELAMPAGO DE LIBRAS<\/p>\n<p><strong>S\u00e1bado 13\/17<\/strong><\/p>\n<p>Escolher o m\u00eas<\/p>\n<p>MAR\u00c7O\/ABRIL\/MAIO\/JUNHO<\/p>\n<p><span style=\"font-family: 'Times New Roman';\"> Parcela \u00fanica: R$ 55,00<\/span><\/p>\n<p><span style=\"font-family: 'Times New Roman';\">Coordena\u00e7\u00e3o do Curso: T\u00e2nia Camargo<\/span><\/p>\n<p><span style=\"font-family: 'Times New Roman';\">Informa\u00e7\u00f5es: <a rel=\"nofollow noopener\" href=\"mailto:Cbs_sp@cbsurdos.org.br\" target=\"_blank\"><strong><span style=\"font-family: 'Times New Roman'; color: #0000ff;\">Cbs_sp@cbsurdos.org.br<\/span><\/strong><\/a><\/span><\/p>\n","protected":false},"excerpt":{"rendered":"<p>CBS \u2013 S\u00c3O PAULO OFICINA RELAMPAGO de LIBRAS em 2010 Os cursos s\u00e3o feitos pela CBS\/SP \u2013 Confedera\u00e7\u00e3o Brasileira de Surdos, regional S\u00e3o Paulo. Iniciara em MAR\u00c7O, com objetivo de orientar e como deve ser a comunica\u00e7\u00e3o com surdo, a id\u00e9ia surgiu para ter a informa\u00e7\u00e3o mais r\u00e1pida para iniciar uma conversa\u00e7\u00e3o com Surdos, em [&hellip;]<\/p>\n","protected":false},"author":1,"featured_media":0,"comment_status":"open","ping_status":"open","sticky":false,"template":"","format":"standard","meta":{"site-container-style":"default","site-container-layout":"default","site-sidebar-layout":"default","disable-article-header":"default","disable-site-header":"default","disable-site-footer":"default","disable-content-area-spacing":"default","footnotes":""},"categories":[12,38,6,4],"tags":[],"class_list":["post-13820","post","type-post","status-publish","format-standard","hentry","category-cursos-e-eventos","category-deficiencia","category-educacao","category-noticias"],"yoast_head":"<!-- This site is optimized with the Yoast SEO plugin v27.4 - https:\/\/yoast.com\/product\/yoast-seo-wordpress\/ -->\n<title>Cursos de Libras SP -<\/title>\n<meta name=\"robots\" content=\"index, follow, max-snippet:-1, max-image-preview:large, max-video-preview:-1\" \/>\n<link rel=\"canonical\" href=\"https:\/\/inclusivenews.com.br\/?p=13820\" \/>\n<meta property=\"og:locale\" content=\"pt_PT\" \/>\n<meta property=\"og:type\" content=\"article\" \/>\n<meta property=\"og:title\" content=\"Cursos de Libras SP -\" \/>\n<meta property=\"og:description\" content=\"CBS \u2013 S\u00c3O PAULO OFICINA RELAMPAGO de LIBRAS em 2010 Os cursos s\u00e3o feitos pela CBS\/SP \u2013 Confedera\u00e7\u00e3o Brasileira de Surdos, regional S\u00e3o Paulo. Iniciara em MAR\u00c7O, com objetivo de orientar e como deve ser a comunica\u00e7\u00e3o com surdo, a id\u00e9ia surgiu para ter a informa\u00e7\u00e3o mais r\u00e1pida para iniciar uma conversa\u00e7\u00e3o com Surdos, em [&hellip;]\" \/>\n<meta property=\"og:url\" content=\"https:\/\/inclusivenews.com.br\/?p=13820\" \/>\n<meta property=\"article:publisher\" content=\"https:\/\/www.facebook.com\/agenciainclusive\/\" \/>\n<meta property=\"article:published_time\" content=\"2010-02-09T00:59:52+00:00\" \/>\n<meta property=\"og:image\" content=\"http:\/\/inclusivenews.com.br\/wp-content\/uploads\/2010\/02\/libras-708316.png\" \/>\n<meta name=\"author\" content=\"inclusivenews2024\" \/>\n<meta name=\"twitter:card\" content=\"summary_large_image\" \/>\n<meta name=\"twitter:label1\" content=\"Escrito por\" \/>\n\t<meta name=\"twitter:data1\" content=\"inclusivenews2024\" \/>\n\t<meta name=\"twitter:label2\" content=\"Tempo estimado de leitura\" \/>\n\t<meta name=\"twitter:data2\" content=\"1 minuto\" \/>\n<script type=\"application\/ld+json\" class=\"yoast-schema-graph\">{\"@context\":\"https:\\\/\\\/schema.org\",\"@graph\":[{\"@type\":\"Article\",\"@id\":\"https:\\\/\\\/inclusivenews.com.br\\\/?p=13820#article\",\"isPartOf\":{\"@id\":\"https:\\\/\\\/inclusivenews.com.br\\\/?p=13820\"},\"author\":{\"name\":\"inclusivenews2024\",\"@id\":\"https:\\\/\\\/inclusivenews.com.br\\\/#\\\/schema\\\/person\\\/ae4ec7087559b8692fb33b6fffd2273b\"},\"headline\":\"Cursos de Libras SP\",\"datePublished\":\"2010-02-09T00:59:52+00:00\",\"mainEntityOfPage\":{\"@id\":\"https:\\\/\\\/inclusivenews.com.br\\\/?p=13820\"},\"wordCount\":168,\"commentCount\":7,\"publisher\":{\"@id\":\"https:\\\/\\\/inclusivenews.com.br\\\/#organization\"},\"image\":{\"@id\":\"https:\\\/\\\/inclusivenews.com.br\\\/?p=13820#primaryimage\"},\"thumbnailUrl\":\"http:\\\/\\\/inclusivenews.com.br\\\/wp-content\\\/uploads\\\/2010\\\/02\\\/libras-708316.png\",\"articleSection\":[\"Cursos e eventos\",\"Defici\u00eancia\",\"EDUCA\u00c7\u00c3O\",\"NOT\u00cdCIAS\"],\"inLanguage\":\"pt-PT\",\"potentialAction\":[{\"@type\":\"CommentAction\",\"name\":\"Comment\",\"target\":[\"https:\\\/\\\/inclusivenews.com.br\\\/?p=13820#respond\"]}]},{\"@type\":\"WebPage\",\"@id\":\"https:\\\/\\\/inclusivenews.com.br\\\/?p=13820\",\"url\":\"https:\\\/\\\/inclusivenews.com.br\\\/?p=13820\",\"name\":\"Cursos de Libras SP -\",\"isPartOf\":{\"@id\":\"https:\\\/\\\/inclusivenews.com.br\\\/#website\"},\"primaryImageOfPage\":{\"@id\":\"https:\\\/\\\/inclusivenews.com.br\\\/?p=13820#primaryimage\"},\"image\":{\"@id\":\"https:\\\/\\\/inclusivenews.com.br\\\/?p=13820#primaryimage\"},\"thumbnailUrl\":\"http:\\\/\\\/inclusivenews.com.br\\\/wp-content\\\/uploads\\\/2010\\\/02\\\/libras-708316.png\",\"datePublished\":\"2010-02-09T00:59:52+00:00\",\"breadcrumb\":{\"@id\":\"https:\\\/\\\/inclusivenews.com.br\\\/?p=13820#breadcrumb\"},\"inLanguage\":\"pt-PT\",\"potentialAction\":[{\"@type\":\"ReadAction\",\"target\":[\"https:\\\/\\\/inclusivenews.com.br\\\/?p=13820\"]}]},{\"@type\":\"ImageObject\",\"inLanguage\":\"pt-PT\",\"@id\":\"https:\\\/\\\/inclusivenews.com.br\\\/?p=13820#primaryimage\",\"url\":\"\",\"contentUrl\":\"\"},{\"@type\":\"BreadcrumbList\",\"@id\":\"https:\\\/\\\/inclusivenews.com.br\\\/?p=13820#breadcrumb\",\"itemListElement\":[{\"@type\":\"ListItem\",\"position\":1,\"name\":\"In\u00edcio\",\"item\":\"https:\\\/\\\/inclusivenews.com.br\\\/\"},{\"@type\":\"ListItem\",\"position\":2,\"name\":\"Cursos de Libras SP\"}]},{\"@type\":\"WebSite\",\"@id\":\"https:\\\/\\\/inclusivenews.com.br\\\/#website\",\"url\":\"https:\\\/\\\/inclusivenews.com.br\\\/\",\"name\":\"Inclusive News\",\"description\":\"Inclusive News\",\"publisher\":{\"@id\":\"https:\\\/\\\/inclusivenews.com.br\\\/#organization\"},\"potentialAction\":[{\"@type\":\"SearchAction\",\"target\":{\"@type\":\"EntryPoint\",\"urlTemplate\":\"https:\\\/\\\/inclusivenews.com.br\\\/?s={search_term_string}\"},\"query-input\":{\"@type\":\"PropertyValueSpecification\",\"valueRequired\":true,\"valueName\":\"search_term_string\"}}],\"inLanguage\":\"pt-PT\"},{\"@type\":\"Organization\",\"@id\":\"https:\\\/\\\/inclusivenews.com.br\\\/#organization\",\"name\":\"Inclusive - inclus\u00e3o e cidadania\",\"url\":\"https:\\\/\\\/inclusivenews.com.br\\\/\",\"logo\":{\"@type\":\"ImageObject\",\"inLanguage\":\"pt-PT\",\"@id\":\"https:\\\/\\\/inclusivenews.com.br\\\/#\\\/schema\\\/logo\\\/image\\\/\",\"url\":\"https:\\\/\\\/inclusivenews.com.br\\\/wp-content\\\/uploads\\\/2024\\\/03\\\/@grandesite.png\",\"contentUrl\":\"https:\\\/\\\/inclusivenews.com.br\\\/wp-content\\\/uploads\\\/2024\\\/03\\\/@grandesite.png\",\"width\":1080,\"height\":1080,\"caption\":\"Inclusive - inclus\u00e3o e cidadania\"},\"image\":{\"@id\":\"https:\\\/\\\/inclusivenews.com.br\\\/#\\\/schema\\\/logo\\\/image\\\/\"},\"sameAs\":[\"https:\\\/\\\/www.facebook.com\\\/agenciainclusive\\\/\",\"https:\\\/\\\/www.instagram.com\\\/newsinclusive\\\/\"]},{\"@type\":\"Person\",\"@id\":\"https:\\\/\\\/inclusivenews.com.br\\\/#\\\/schema\\\/person\\\/ae4ec7087559b8692fb33b6fffd2273b\",\"name\":\"inclusivenews2024\",\"image\":{\"@type\":\"ImageObject\",\"inLanguage\":\"pt-PT\",\"@id\":\"https:\\\/\\\/secure.gravatar.com\\\/avatar\\\/c5a7ef84c66fa914f55bc4f7ce26cfa275a3b9a1c5568b907bd184fb4dde7b40?s=96&d=mm&r=g\",\"url\":\"https:\\\/\\\/secure.gravatar.com\\\/avatar\\\/c5a7ef84c66fa914f55bc4f7ce26cfa275a3b9a1c5568b907bd184fb4dde7b40?s=96&d=mm&r=g\",\"contentUrl\":\"https:\\\/\\\/secure.gravatar.com\\\/avatar\\\/c5a7ef84c66fa914f55bc4f7ce26cfa275a3b9a1c5568b907bd184fb4dde7b40?s=96&d=mm&r=g\",\"caption\":\"inclusivenews2024\"},\"sameAs\":[\"https:\\\/\\\/inclusivenews.com.br\"],\"url\":\"https:\\\/\\\/inclusivenews.com.br\\\/?author=1\"}]}<\/script>\n<!-- \/ Yoast SEO plugin. -->","yoast_head_json":{"title":"Cursos de Libras SP -","robots":{"index":"index","follow":"follow","max-snippet":"max-snippet:-1","max-image-preview":"max-image-preview:large","max-video-preview":"max-video-preview:-1"},"canonical":"https:\/\/inclusivenews.com.br\/?p=13820","og_locale":"pt_PT","og_type":"article","og_title":"Cursos de Libras SP -","og_description":"CBS \u2013 S\u00c3O PAULO OFICINA RELAMPAGO de LIBRAS em 2010 Os cursos s\u00e3o feitos pela CBS\/SP \u2013 Confedera\u00e7\u00e3o Brasileira de Surdos, regional S\u00e3o Paulo. Iniciara em MAR\u00c7O, com objetivo de orientar e como deve ser a comunica\u00e7\u00e3o com surdo, a id\u00e9ia surgiu para ter a informa\u00e7\u00e3o mais r\u00e1pida para iniciar uma conversa\u00e7\u00e3o com Surdos, em [&hellip;]","og_url":"https:\/\/inclusivenews.com.br\/?p=13820","article_publisher":"https:\/\/www.facebook.com\/agenciainclusive\/","article_published_time":"2010-02-09T00:59:52+00:00","og_image":[{"url":"http:\/\/inclusivenews.com.br\/wp-content\/uploads\/2010\/02\/libras-708316.png","type":"","width":"","height":""}],"author":"inclusivenews2024","twitter_card":"summary_large_image","twitter_misc":{"Escrito por":"inclusivenews2024","Tempo estimado de leitura":"1 minuto"},"schema":{"@context":"https:\/\/schema.org","@graph":[{"@type":"Article","@id":"https:\/\/inclusivenews.com.br\/?p=13820#article","isPartOf":{"@id":"https:\/\/inclusivenews.com.br\/?p=13820"},"author":{"name":"inclusivenews2024","@id":"https:\/\/inclusivenews.com.br\/#\/schema\/person\/ae4ec7087559b8692fb33b6fffd2273b"},"headline":"Cursos de Libras SP","datePublished":"2010-02-09T00:59:52+00:00","mainEntityOfPage":{"@id":"https:\/\/inclusivenews.com.br\/?p=13820"},"wordCount":168,"commentCount":7,"publisher":{"@id":"https:\/\/inclusivenews.com.br\/#organization"},"image":{"@id":"https:\/\/inclusivenews.com.br\/?p=13820#primaryimage"},"thumbnailUrl":"http:\/\/inclusivenews.com.br\/wp-content\/uploads\/2010\/02\/libras-708316.png","articleSection":["Cursos e eventos","Defici\u00eancia","EDUCA\u00c7\u00c3O","NOT\u00cdCIAS"],"inLanguage":"pt-PT","potentialAction":[{"@type":"CommentAction","name":"Comment","target":["https:\/\/inclusivenews.com.br\/?p=13820#respond"]}]},{"@type":"WebPage","@id":"https:\/\/inclusivenews.com.br\/?p=13820","url":"https:\/\/inclusivenews.com.br\/?p=13820","name":"Cursos de Libras SP -","isPartOf":{"@id":"https:\/\/inclusivenews.com.br\/#website"},"primaryImageOfPage":{"@id":"https:\/\/inclusivenews.com.br\/?p=13820#primaryimage"},"image":{"@id":"https:\/\/inclusivenews.com.br\/?p=13820#primaryimage"},"thumbnailUrl":"http:\/\/inclusivenews.com.br\/wp-content\/uploads\/2010\/02\/libras-708316.png","datePublished":"2010-02-09T00:59:52+00:00","breadcrumb":{"@id":"https:\/\/inclusivenews.com.br\/?p=13820#breadcrumb"},"inLanguage":"pt-PT","potentialAction":[{"@type":"ReadAction","target":["https:\/\/inclusivenews.com.br\/?p=13820"]}]},{"@type":"ImageObject","inLanguage":"pt-PT","@id":"https:\/\/inclusivenews.com.br\/?p=13820#primaryimage","url":"","contentUrl":""},{"@type":"BreadcrumbList","@id":"https:\/\/inclusivenews.com.br\/?p=13820#breadcrumb","itemListElement":[{"@type":"ListItem","position":1,"name":"In\u00edcio","item":"https:\/\/inclusivenews.com.br\/"},{"@type":"ListItem","position":2,"name":"Cursos de Libras SP"}]},{"@type":"WebSite","@id":"https:\/\/inclusivenews.com.br\/#website","url":"https:\/\/inclusivenews.com.br\/","name":"Inclusive News","description":"Inclusive News","publisher":{"@id":"https:\/\/inclusivenews.com.br\/#organization"},"potentialAction":[{"@type":"SearchAction","target":{"@type":"EntryPoint","urlTemplate":"https:\/\/inclusivenews.com.br\/?s={search_term_string}"},"query-input":{"@type":"PropertyValueSpecification","valueRequired":true,"valueName":"search_term_string"}}],"inLanguage":"pt-PT"},{"@type":"Organization","@id":"https:\/\/inclusivenews.com.br\/#organization","name":"Inclusive - inclus\u00e3o e cidadania","url":"https:\/\/inclusivenews.com.br\/","logo":{"@type":"ImageObject","inLanguage":"pt-PT","@id":"https:\/\/inclusivenews.com.br\/#\/schema\/logo\/image\/","url":"https:\/\/inclusivenews.com.br\/wp-content\/uploads\/2024\/03\/@grandesite.png","contentUrl":"https:\/\/inclusivenews.com.br\/wp-content\/uploads\/2024\/03\/@grandesite.png","width":1080,"height":1080,"caption":"Inclusive - inclus\u00e3o e cidadania"},"image":{"@id":"https:\/\/inclusivenews.com.br\/#\/schema\/logo\/image\/"},"sameAs":["https:\/\/www.facebook.com\/agenciainclusive\/","https:\/\/www.instagram.com\/newsinclusive\/"]},{"@type":"Person","@id":"https:\/\/inclusivenews.com.br\/#\/schema\/person\/ae4ec7087559b8692fb33b6fffd2273b","name":"inclusivenews2024","image":{"@type":"ImageObject","inLanguage":"pt-PT","@id":"https:\/\/secure.gravatar.com\/avatar\/c5a7ef84c66fa914f55bc4f7ce26cfa275a3b9a1c5568b907bd184fb4dde7b40?s=96&d=mm&r=g","url":"https:\/\/secure.gravatar.com\/avatar\/c5a7ef84c66fa914f55bc4f7ce26cfa275a3b9a1c5568b907bd184fb4dde7b40?s=96&d=mm&r=g","contentUrl":"https:\/\/secure.gravatar.com\/avatar\/c5a7ef84c66fa914f55bc4f7ce26cfa275a3b9a1c5568b907bd184fb4dde7b40?s=96&d=mm&r=g","caption":"inclusivenews2024"},"sameAs":["https:\/\/inclusivenews.com.br"],"url":"https:\/\/inclusivenews.com.br\/?author=1"}]}},"_links":{"self":[{"href":"https:\/\/inclusivenews.com.br\/index.php?rest_route=\/wp\/v2\/posts\/13820","targetHints":{"allow":["GET"]}}],"collection":[{"href":"https:\/\/inclusivenews.com.br\/index.php?rest_route=\/wp\/v2\/posts"}],"about":[{"href":"https:\/\/inclusivenews.com.br\/index.php?rest_route=\/wp\/v2\/types\/post"}],"author":[{"embeddable":true,"href":"https:\/\/inclusivenews.com.br\/index.php?rest_route=\/wp\/v2\/users\/1"}],"replies":[{"embeddable":true,"href":"https:\/\/inclusivenews.com.br\/index.php?rest_route=%2Fwp%2Fv2%2Fcomments&post=13820"}],"version-history":[{"count":0,"href":"https:\/\/inclusivenews.com.br\/index.php?rest_route=\/wp\/v2\/posts\/13820\/revisions"}],"wp:attachment":[{"href":"https:\/\/inclusivenews.com.br\/index.php?rest_route=%2Fwp%2Fv2%2Fmedia&parent=13820"}],"wp:term":[{"taxonomy":"category","embeddable":true,"href":"https:\/\/inclusivenews.com.br\/index.php?rest_route=%2Fwp%2Fv2%2Fcategories&post=13820"},{"taxonomy":"post_tag","embeddable":true,"href":"https:\/\/inclusivenews.com.br\/index.php?rest_route=%2Fwp%2Fv2%2Ftags&post=13820"}],"curies":[{"name":"wp","href":"https:\/\/api.w.org\/{rel}","templated":true}]}}