{"id":13825,"date":"2010-02-08T22:10:22","date_gmt":"2010-02-09T01:10:22","guid":{"rendered":"http:\/\/www.inclusive.org.br\/?p=13825"},"modified":"2010-02-08T22:10:22","modified_gmt":"2010-02-09T01:10:22","slug":"brasil-adere-a-campanha-mundial-contra-a-aids-pelos-correios","status":"publish","type":"post","link":"https:\/\/inclusivenews.com.br\/?p=13825","title":{"rendered":"Brasil adere \u00e0 campanha mundial contra a aids pelos correios"},"content":{"rendered":"<figure id=\"attachment_13826\" aria-describedby=\"caption-attachment-13826\" style=\"width: 280px\" class=\"wp-caption alignnone\"><a href=\"http:\/\/www.inclusivenews.com.br\/wp-content\/uploads\/2010\/02\/correios2.jpg\"><img loading=\"lazy\" decoding=\"async\" class=\"size-full wp-image-13826\" title=\"correios2\" src=\"http:\/\/inclusivenews.com.br\/wp-content\/uploads\/2010\/02\/correios2.jpg\" alt=\"\" width=\"280\" height=\"277\" \/><\/a><figcaption id=\"caption-attachment-13826\" class=\"wp-caption-text\">Logotipo dos Correios<\/figcaption><\/figure>\n<p>Cerca de 660 mil ag\u00eancias de correios de todo o mundo exibir\u00e3o e distribuir\u00e3o material informativo sobre o HIV<\/p>\n<p>BRAS\u00cdLIA &#8211; O Brasil vai aderir \u00e0 campanha mundial da Uni\u00e3o Postal Universal (UPU) para a preven\u00e7\u00e3o e combate \u00e0 aids. O Minist\u00e9rio da Sa\u00fade calcula que existam\u00a0no pa\u00eds cerca de 600 mil pessoas com a doen\u00e7a. Bras\u00edlia e algumas cidades do Entorno do Distrito Federal, assim como tr\u00eas cidades do Amazonas e 24 da Bahia v\u00e3o ser<br \/>\nalvo do lan\u00e7amento da campanha piloto no Brasil.<\/p>\n<p>Os minist\u00e9rios das Comunica\u00e7\u00f5es, da Sa\u00fade e a Empresa Brasileira de Correios (ECT) v\u00e3o lan\u00e7ar na pr\u00f3xima ter\u00e7a-feira, 9, a campanha &#8220;Correios contra a aids&#8221;,\u00a0que marcar\u00e1 a ades\u00e3o do Brasil \u00e0 a\u00e7\u00e3o mundial contra a doen\u00e7a. V\u00e3o estar presentes ministros e representantes de entidades internacionais que tamb\u00e9m trabalham com\u00a0o tema, como da Organiza\u00e7\u00e3o Internacional do Trabalho (OIT) e a Federa\u00e7\u00e3o Nacional dos Trabalhadores em Empresas de Correios e Tel\u00e9grafos e Similares (Fentect).<\/p>\n<p>De acordo com a ECT, 660 mil ag\u00eancias de correios de todo o mundo v\u00e3o estar integradas \u00e0 campanha mundial, quando ela for expandida. Na primeira fase, aberta\u00a0em julho, cerca de 24 mil postos de correios exibiram e distribu\u00edram material informativo sobre HIV\/aids, o que tamb\u00e9m vai ocorrer no Brasil.<\/p>\n<p>V\u00e3o ser confeccionados cart\u00f5es postais sobre o tema que ser\u00e3o distribu\u00eddos por 150 ag\u00eancias brasileiras dos Correios. Est\u00e1 previsto tamb\u00e9m o envio de 800 mil\u00a0mensagens sobre a doen\u00e7a por mala direta postal domicili\u00e1ria. Al\u00e9m disso, ser\u00e3o distribu\u00eddos 15 mil panfletos e expostos mil cartazes em pontos estrat\u00e9gicos em diversos\u00a0estados.<\/p>\n<p>A Uni\u00e3o Postal Universal lan\u00e7ou no ano passado campanha de abrang\u00eancia mundial, dentro do Concurso Internacional de Reda\u00e7\u00e3o de Cartas, com o tema &#8220;Escreva\u00a0uma carta a algu\u00e9m para dizer-lhe porque \u00e9 importante falar da aids e se proteger dela&#8221;. A edi\u00e7\u00e3o do concurso no Brasil vai receber trabalhos de estudantes de 9\u00a0a 15 anos de idade matriculados em escolas de ensino p\u00fablicas e privadas.<\/p>\n<p>Fonte: Ag\u00eancia Brasil<\/p>\n","protected":false},"excerpt":{"rendered":"<p>Cerca de 660 mil ag\u00eancias de correios de todo o mundo exibir\u00e3o e distribuir\u00e3o material informativo sobre o HIV BRAS\u00cdLIA &#8211; O Brasil vai aderir \u00e0 campanha mundial da Uni\u00e3o Postal Universal (UPU) para a preven\u00e7\u00e3o e combate \u00e0 aids. O Minist\u00e9rio da Sa\u00fade calcula que existam\u00a0no pa\u00eds cerca de 600 mil pessoas com a [&hellip;]<\/p>\n","protected":false},"author":1,"featured_media":0,"comment_status":"open","ping_status":"open","sticky":false,"template":"","format":"standard","meta":{"site-container-style":"default","site-container-layout":"default","site-sidebar-layout":"default","disable-article-header":"default","disable-site-header":"default","disable-site-footer":"default","disable-content-area-spacing":"default","footnotes":""},"categories":[3,4,37],"tags":[],"class_list":["post-13825","post","type-post","status-publish","format-standard","hentry","category-campanhas","category-noticias","category-saude"],"yoast_head":"<!-- This site is optimized with the Yoast SEO plugin v27.4 - https:\/\/yoast.com\/product\/yoast-seo-wordpress\/ -->\n<title>Brasil adere \u00e0 campanha mundial contra a aids pelos correios -<\/title>\n<meta name=\"robots\" content=\"index, follow, max-snippet:-1, max-image-preview:large, max-video-preview:-1\" \/>\n<link rel=\"canonical\" href=\"https:\/\/inclusivenews.com.br\/?p=13825\" \/>\n<meta property=\"og:locale\" content=\"pt_PT\" \/>\n<meta property=\"og:type\" content=\"article\" \/>\n<meta property=\"og:title\" content=\"Brasil adere \u00e0 campanha mundial contra a aids pelos correios -\" \/>\n<meta property=\"og:description\" content=\"Cerca de 660 mil ag\u00eancias de correios de todo o mundo exibir\u00e3o e distribuir\u00e3o material informativo sobre o HIV BRAS\u00cdLIA &#8211; O Brasil vai aderir \u00e0 campanha mundial da Uni\u00e3o Postal Universal (UPU) para a preven\u00e7\u00e3o e combate \u00e0 aids. O Minist\u00e9rio da Sa\u00fade calcula que existam\u00a0no pa\u00eds cerca de 600 mil pessoas com a [&hellip;]\" \/>\n<meta property=\"og:url\" content=\"https:\/\/inclusivenews.com.br\/?p=13825\" \/>\n<meta property=\"article:publisher\" content=\"https:\/\/www.facebook.com\/agenciainclusive\/\" \/>\n<meta property=\"article:published_time\" content=\"2010-02-09T01:10:22+00:00\" \/>\n<meta property=\"og:image\" content=\"http:\/\/inclusivenews.com.br\/wp-content\/uploads\/2010\/02\/correios2.jpg\" \/>\n<meta name=\"author\" content=\"inclusivenews2024\" \/>\n<meta name=\"twitter:card\" content=\"summary_large_image\" \/>\n<meta name=\"twitter:label1\" content=\"Escrito por\" \/>\n\t<meta name=\"twitter:data1\" content=\"inclusivenews2024\" \/>\n\t<meta name=\"twitter:label2\" content=\"Tempo estimado de leitura\" \/>\n\t<meta name=\"twitter:data2\" content=\"2 minutos\" \/>\n<script type=\"application\/ld+json\" class=\"yoast-schema-graph\">{\"@context\":\"https:\\\/\\\/schema.org\",\"@graph\":[{\"@type\":\"Article\",\"@id\":\"https:\\\/\\\/inclusivenews.com.br\\\/?p=13825#article\",\"isPartOf\":{\"@id\":\"https:\\\/\\\/inclusivenews.com.br\\\/?p=13825\"},\"author\":{\"name\":\"inclusivenews2024\",\"@id\":\"https:\\\/\\\/inclusivenews.com.br\\\/#\\\/schema\\\/person\\\/ae4ec7087559b8692fb33b6fffd2273b\"},\"headline\":\"Brasil adere \u00e0 campanha mundial contra a aids pelos correios\",\"datePublished\":\"2010-02-09T01:10:22+00:00\",\"mainEntityOfPage\":{\"@id\":\"https:\\\/\\\/inclusivenews.com.br\\\/?p=13825\"},\"wordCount\":389,\"commentCount\":0,\"publisher\":{\"@id\":\"https:\\\/\\\/inclusivenews.com.br\\\/#organization\"},\"image\":{\"@id\":\"https:\\\/\\\/inclusivenews.com.br\\\/?p=13825#primaryimage\"},\"thumbnailUrl\":\"http:\\\/\\\/inclusivenews.com.br\\\/wp-content\\\/uploads\\\/2010\\\/02\\\/correios2.jpg\",\"articleSection\":[\"CAMPANHAS\",\"NOT\u00cdCIAS\",\"Sa\u00fade\"],\"inLanguage\":\"pt-PT\",\"potentialAction\":[{\"@type\":\"CommentAction\",\"name\":\"Comment\",\"target\":[\"https:\\\/\\\/inclusivenews.com.br\\\/?p=13825#respond\"]}]},{\"@type\":\"WebPage\",\"@id\":\"https:\\\/\\\/inclusivenews.com.br\\\/?p=13825\",\"url\":\"https:\\\/\\\/inclusivenews.com.br\\\/?p=13825\",\"name\":\"Brasil adere \u00e0 campanha mundial contra a aids pelos correios -\",\"isPartOf\":{\"@id\":\"https:\\\/\\\/inclusivenews.com.br\\\/#website\"},\"primaryImageOfPage\":{\"@id\":\"https:\\\/\\\/inclusivenews.com.br\\\/?p=13825#primaryimage\"},\"image\":{\"@id\":\"https:\\\/\\\/inclusivenews.com.br\\\/?p=13825#primaryimage\"},\"thumbnailUrl\":\"http:\\\/\\\/inclusivenews.com.br\\\/wp-content\\\/uploads\\\/2010\\\/02\\\/correios2.jpg\",\"datePublished\":\"2010-02-09T01:10:22+00:00\",\"breadcrumb\":{\"@id\":\"https:\\\/\\\/inclusivenews.com.br\\\/?p=13825#breadcrumb\"},\"inLanguage\":\"pt-PT\",\"potentialAction\":[{\"@type\":\"ReadAction\",\"target\":[\"https:\\\/\\\/inclusivenews.com.br\\\/?p=13825\"]}]},{\"@type\":\"ImageObject\",\"inLanguage\":\"pt-PT\",\"@id\":\"https:\\\/\\\/inclusivenews.com.br\\\/?p=13825#primaryimage\",\"url\":\"\",\"contentUrl\":\"\"},{\"@type\":\"BreadcrumbList\",\"@id\":\"https:\\\/\\\/inclusivenews.com.br\\\/?p=13825#breadcrumb\",\"itemListElement\":[{\"@type\":\"ListItem\",\"position\":1,\"name\":\"In\u00edcio\",\"item\":\"https:\\\/\\\/inclusivenews.com.br\\\/\"},{\"@type\":\"ListItem\",\"position\":2,\"name\":\"Brasil adere \u00e0 campanha mundial contra a aids pelos correios\"}]},{\"@type\":\"WebSite\",\"@id\":\"https:\\\/\\\/inclusivenews.com.br\\\/#website\",\"url\":\"https:\\\/\\\/inclusivenews.com.br\\\/\",\"name\":\"Inclusive News\",\"description\":\"Inclusive News\",\"publisher\":{\"@id\":\"https:\\\/\\\/inclusivenews.com.br\\\/#organization\"},\"potentialAction\":[{\"@type\":\"SearchAction\",\"target\":{\"@type\":\"EntryPoint\",\"urlTemplate\":\"https:\\\/\\\/inclusivenews.com.br\\\/?s={search_term_string}\"},\"query-input\":{\"@type\":\"PropertyValueSpecification\",\"valueRequired\":true,\"valueName\":\"search_term_string\"}}],\"inLanguage\":\"pt-PT\"},{\"@type\":\"Organization\",\"@id\":\"https:\\\/\\\/inclusivenews.com.br\\\/#organization\",\"name\":\"Inclusive - inclus\u00e3o e cidadania\",\"url\":\"https:\\\/\\\/inclusivenews.com.br\\\/\",\"logo\":{\"@type\":\"ImageObject\",\"inLanguage\":\"pt-PT\",\"@id\":\"https:\\\/\\\/inclusivenews.com.br\\\/#\\\/schema\\\/logo\\\/image\\\/\",\"url\":\"https:\\\/\\\/inclusivenews.com.br\\\/wp-content\\\/uploads\\\/2024\\\/03\\\/@grandesite.png\",\"contentUrl\":\"https:\\\/\\\/inclusivenews.com.br\\\/wp-content\\\/uploads\\\/2024\\\/03\\\/@grandesite.png\",\"width\":1080,\"height\":1080,\"caption\":\"Inclusive - inclus\u00e3o e cidadania\"},\"image\":{\"@id\":\"https:\\\/\\\/inclusivenews.com.br\\\/#\\\/schema\\\/logo\\\/image\\\/\"},\"sameAs\":[\"https:\\\/\\\/www.facebook.com\\\/agenciainclusive\\\/\",\"https:\\\/\\\/www.instagram.com\\\/newsinclusive\\\/\"]},{\"@type\":\"Person\",\"@id\":\"https:\\\/\\\/inclusivenews.com.br\\\/#\\\/schema\\\/person\\\/ae4ec7087559b8692fb33b6fffd2273b\",\"name\":\"inclusivenews2024\",\"image\":{\"@type\":\"ImageObject\",\"inLanguage\":\"pt-PT\",\"@id\":\"https:\\\/\\\/secure.gravatar.com\\\/avatar\\\/c5a7ef84c66fa914f55bc4f7ce26cfa275a3b9a1c5568b907bd184fb4dde7b40?s=96&d=mm&r=g\",\"url\":\"https:\\\/\\\/secure.gravatar.com\\\/avatar\\\/c5a7ef84c66fa914f55bc4f7ce26cfa275a3b9a1c5568b907bd184fb4dde7b40?s=96&d=mm&r=g\",\"contentUrl\":\"https:\\\/\\\/secure.gravatar.com\\\/avatar\\\/c5a7ef84c66fa914f55bc4f7ce26cfa275a3b9a1c5568b907bd184fb4dde7b40?s=96&d=mm&r=g\",\"caption\":\"inclusivenews2024\"},\"sameAs\":[\"https:\\\/\\\/inclusivenews.com.br\"],\"url\":\"https:\\\/\\\/inclusivenews.com.br\\\/?author=1\"}]}<\/script>\n<!-- \/ Yoast SEO plugin. -->","yoast_head_json":{"title":"Brasil adere \u00e0 campanha mundial contra a aids pelos correios -","robots":{"index":"index","follow":"follow","max-snippet":"max-snippet:-1","max-image-preview":"max-image-preview:large","max-video-preview":"max-video-preview:-1"},"canonical":"https:\/\/inclusivenews.com.br\/?p=13825","og_locale":"pt_PT","og_type":"article","og_title":"Brasil adere \u00e0 campanha mundial contra a aids pelos correios -","og_description":"Cerca de 660 mil ag\u00eancias de correios de todo o mundo exibir\u00e3o e distribuir\u00e3o material informativo sobre o HIV BRAS\u00cdLIA &#8211; O Brasil vai aderir \u00e0 campanha mundial da Uni\u00e3o Postal Universal (UPU) para a preven\u00e7\u00e3o e combate \u00e0 aids. O Minist\u00e9rio da Sa\u00fade calcula que existam\u00a0no pa\u00eds cerca de 600 mil pessoas com a [&hellip;]","og_url":"https:\/\/inclusivenews.com.br\/?p=13825","article_publisher":"https:\/\/www.facebook.com\/agenciainclusive\/","article_published_time":"2010-02-09T01:10:22+00:00","og_image":[{"url":"http:\/\/inclusivenews.com.br\/wp-content\/uploads\/2010\/02\/correios2.jpg","type":"","width":"","height":""}],"author":"inclusivenews2024","twitter_card":"summary_large_image","twitter_misc":{"Escrito por":"inclusivenews2024","Tempo estimado de leitura":"2 minutos"},"schema":{"@context":"https:\/\/schema.org","@graph":[{"@type":"Article","@id":"https:\/\/inclusivenews.com.br\/?p=13825#article","isPartOf":{"@id":"https:\/\/inclusivenews.com.br\/?p=13825"},"author":{"name":"inclusivenews2024","@id":"https:\/\/inclusivenews.com.br\/#\/schema\/person\/ae4ec7087559b8692fb33b6fffd2273b"},"headline":"Brasil adere \u00e0 campanha mundial contra a aids pelos correios","datePublished":"2010-02-09T01:10:22+00:00","mainEntityOfPage":{"@id":"https:\/\/inclusivenews.com.br\/?p=13825"},"wordCount":389,"commentCount":0,"publisher":{"@id":"https:\/\/inclusivenews.com.br\/#organization"},"image":{"@id":"https:\/\/inclusivenews.com.br\/?p=13825#primaryimage"},"thumbnailUrl":"http:\/\/inclusivenews.com.br\/wp-content\/uploads\/2010\/02\/correios2.jpg","articleSection":["CAMPANHAS","NOT\u00cdCIAS","Sa\u00fade"],"inLanguage":"pt-PT","potentialAction":[{"@type":"CommentAction","name":"Comment","target":["https:\/\/inclusivenews.com.br\/?p=13825#respond"]}]},{"@type":"WebPage","@id":"https:\/\/inclusivenews.com.br\/?p=13825","url":"https:\/\/inclusivenews.com.br\/?p=13825","name":"Brasil adere \u00e0 campanha mundial contra a aids pelos correios -","isPartOf":{"@id":"https:\/\/inclusivenews.com.br\/#website"},"primaryImageOfPage":{"@id":"https:\/\/inclusivenews.com.br\/?p=13825#primaryimage"},"image":{"@id":"https:\/\/inclusivenews.com.br\/?p=13825#primaryimage"},"thumbnailUrl":"http:\/\/inclusivenews.com.br\/wp-content\/uploads\/2010\/02\/correios2.jpg","datePublished":"2010-02-09T01:10:22+00:00","breadcrumb":{"@id":"https:\/\/inclusivenews.com.br\/?p=13825#breadcrumb"},"inLanguage":"pt-PT","potentialAction":[{"@type":"ReadAction","target":["https:\/\/inclusivenews.com.br\/?p=13825"]}]},{"@type":"ImageObject","inLanguage":"pt-PT","@id":"https:\/\/inclusivenews.com.br\/?p=13825#primaryimage","url":"","contentUrl":""},{"@type":"BreadcrumbList","@id":"https:\/\/inclusivenews.com.br\/?p=13825#breadcrumb","itemListElement":[{"@type":"ListItem","position":1,"name":"In\u00edcio","item":"https:\/\/inclusivenews.com.br\/"},{"@type":"ListItem","position":2,"name":"Brasil adere \u00e0 campanha mundial contra a aids pelos correios"}]},{"@type":"WebSite","@id":"https:\/\/inclusivenews.com.br\/#website","url":"https:\/\/inclusivenews.com.br\/","name":"Inclusive News","description":"Inclusive News","publisher":{"@id":"https:\/\/inclusivenews.com.br\/#organization"},"potentialAction":[{"@type":"SearchAction","target":{"@type":"EntryPoint","urlTemplate":"https:\/\/inclusivenews.com.br\/?s={search_term_string}"},"query-input":{"@type":"PropertyValueSpecification","valueRequired":true,"valueName":"search_term_string"}}],"inLanguage":"pt-PT"},{"@type":"Organization","@id":"https:\/\/inclusivenews.com.br\/#organization","name":"Inclusive - inclus\u00e3o e cidadania","url":"https:\/\/inclusivenews.com.br\/","logo":{"@type":"ImageObject","inLanguage":"pt-PT","@id":"https:\/\/inclusivenews.com.br\/#\/schema\/logo\/image\/","url":"https:\/\/inclusivenews.com.br\/wp-content\/uploads\/2024\/03\/@grandesite.png","contentUrl":"https:\/\/inclusivenews.com.br\/wp-content\/uploads\/2024\/03\/@grandesite.png","width":1080,"height":1080,"caption":"Inclusive - inclus\u00e3o e cidadania"},"image":{"@id":"https:\/\/inclusivenews.com.br\/#\/schema\/logo\/image\/"},"sameAs":["https:\/\/www.facebook.com\/agenciainclusive\/","https:\/\/www.instagram.com\/newsinclusive\/"]},{"@type":"Person","@id":"https:\/\/inclusivenews.com.br\/#\/schema\/person\/ae4ec7087559b8692fb33b6fffd2273b","name":"inclusivenews2024","image":{"@type":"ImageObject","inLanguage":"pt-PT","@id":"https:\/\/secure.gravatar.com\/avatar\/c5a7ef84c66fa914f55bc4f7ce26cfa275a3b9a1c5568b907bd184fb4dde7b40?s=96&d=mm&r=g","url":"https:\/\/secure.gravatar.com\/avatar\/c5a7ef84c66fa914f55bc4f7ce26cfa275a3b9a1c5568b907bd184fb4dde7b40?s=96&d=mm&r=g","contentUrl":"https:\/\/secure.gravatar.com\/avatar\/c5a7ef84c66fa914f55bc4f7ce26cfa275a3b9a1c5568b907bd184fb4dde7b40?s=96&d=mm&r=g","caption":"inclusivenews2024"},"sameAs":["https:\/\/inclusivenews.com.br"],"url":"https:\/\/inclusivenews.com.br\/?author=1"}]}},"_links":{"self":[{"href":"https:\/\/inclusivenews.com.br\/index.php?rest_route=\/wp\/v2\/posts\/13825","targetHints":{"allow":["GET"]}}],"collection":[{"href":"https:\/\/inclusivenews.com.br\/index.php?rest_route=\/wp\/v2\/posts"}],"about":[{"href":"https:\/\/inclusivenews.com.br\/index.php?rest_route=\/wp\/v2\/types\/post"}],"author":[{"embeddable":true,"href":"https:\/\/inclusivenews.com.br\/index.php?rest_route=\/wp\/v2\/users\/1"}],"replies":[{"embeddable":true,"href":"https:\/\/inclusivenews.com.br\/index.php?rest_route=%2Fwp%2Fv2%2Fcomments&post=13825"}],"version-history":[{"count":0,"href":"https:\/\/inclusivenews.com.br\/index.php?rest_route=\/wp\/v2\/posts\/13825\/revisions"}],"wp:attachment":[{"href":"https:\/\/inclusivenews.com.br\/index.php?rest_route=%2Fwp%2Fv2%2Fmedia&parent=13825"}],"wp:term":[{"taxonomy":"category","embeddable":true,"href":"https:\/\/inclusivenews.com.br\/index.php?rest_route=%2Fwp%2Fv2%2Fcategories&post=13825"},{"taxonomy":"post_tag","embeddable":true,"href":"https:\/\/inclusivenews.com.br\/index.php?rest_route=%2Fwp%2Fv2%2Ftags&post=13825"}],"curies":[{"name":"wp","href":"https:\/\/api.w.org\/{rel}","templated":true}]}}