{"id":13829,"date":"2010-02-08T23:53:40","date_gmt":"2010-02-09T02:53:40","guid":{"rendered":"http:\/\/www.inclusive.org.br\/?p=13829"},"modified":"2010-02-08T23:53:40","modified_gmt":"2010-02-09T02:53:40","slug":"projeto-praia-para-todos-leva-deficientes-as-praias-cariocas","status":"publish","type":"post","link":"https:\/\/inclusivenews.com.br\/?p=13829","title":{"rendered":"Projeto Praia Para Todos leva deficientes \u00e0s praias cariocas"},"content":{"rendered":"<figure id=\"attachment_13830\" aria-describedby=\"caption-attachment-13830\" style=\"width: 190px\" class=\"wp-caption alignnone\"><a href=\"http:\/\/www.inclusivenews.com.br\/wp-content\/uploads\/2010\/02\/volei-praia.jpg\"><img loading=\"lazy\" decoding=\"async\" class=\"size-full wp-image-13830\" title=\"volei praia\" src=\"http:\/\/inclusivenews.com.br\/wp-content\/uploads\/2010\/02\/volei-praia.jpg\" alt=\"\" width=\"190\" height=\"135\" \/><\/a><figcaption id=\"caption-attachment-13830\" class=\"wp-caption-text\">Volei de praia<\/figcaption><\/figure>\n<p>\ufeffA\u00a0ONG Espa\u00e7o Novo Ser realiza, todo domingo, de 9h \u00e0s 14h, no posto 3 da Barra da Tijuca (RJ), o projeto Praia Para Todos, que torna as praias cariocas mais acess\u00edveis. Uma pesquisa realizada pela institui\u00e7\u00e3o no final de 2009 comprovou as condi\u00e7\u00f5es deplor\u00e1veis de acesso de pessoas com defici\u00eancia e mobilidade reduzida a estes locais. Os problemas constatados s\u00e3o diversos, desde a falta de rampas a dificuldade de transi\u00e7\u00e3o de uma cadeira de rodas pela extens\u00e3o das faixas de areia. At\u00e9 maio de 2010, no entanto, elas poder\u00e3o visitar as praias com mais liberdade.<\/p>\n<p>O Praia Para Todos tem car\u00e1ter itinerante para que possa estar em diferentes cen\u00e1rios litor\u00e2neos e comunidades cariocas. Al\u00e9m da Barra da Tijuca, as praias de Copacabana, Ipanema e Piscin\u00e3o de Ramos tamb\u00e9m ser\u00e3o contempladas, nesta ordem.<\/p>\n<p>A iniciativa prop\u00f5e aumentar a integra\u00e7\u00e3o da pessoa com defici\u00eancia com a natureza e o esporte, promover mais sociabilidade e, ainda, despertar a aten\u00e7\u00e3o da opini\u00e3o p\u00fablica. O Projeto oferece o banho de mar orientado, atividades de recrea\u00e7\u00e3o e inicia\u00e7\u00e3o ao desporto adaptado. Entre eles est\u00e3o o surf adaptado, oferecido pelo renomado Rico de Souza, o voleibol sentado de praia, futebol de an\u00f5es e o frescobol e a peteca adaptados. Tamb\u00e9m ser\u00e3o realizadas atividades para crian\u00e7as, como jogos recreativos e piscina infantil. Todas as atividades ser\u00e3o ministradas e realizadas sob a orienta\u00e7\u00e3o de profissionais especializados e de volunt\u00e1rios da institui\u00e7\u00e3o.<\/p>\n<table border=\"0\" align=\"right\">\n<tbody>\n<tr>\n<td><img decoding=\"async\" src=\"http:\/\/sentidos.uol.com.br\/imagens\/fotos\/ligado\/13403b.jpg\" alt=\"\" \/><\/td>\n<\/tr>\n<tr>\n<td>Surf adaptado<\/td>\n<\/tr>\n<\/tbody>\n<\/table>\n<p>O projeto ainda realizar\u00e1 o Desafio de V\u00f4lei Sentado de Praia, no dia 21 de fevereiro, \u00e0s 9h, no posto 3 da praia da Barra da Tijuca. De um lado da quadra, as campe\u00e3s brasileiras de v\u00f4lei de praia Talita e Maria Elisa e as medalhistas ol\u00edmpicas Fab\u00ed Alvim e Shelda. Do outro lado, Mauro Vilarinho, Diego Rebou\u00e7as, Ricardo Holanda e Carlos Augusto Barbosa, jogadores do v\u00f4lei para-ol\u00edmpico (indoor). A id\u00e9ia \u00e9 que as atletas joguem nas mesmas condi\u00e7\u00f5es dos deficientes f\u00edsicos, ou seja, sentadas. O evento pretende aumentar a visibilidade do esporte, que briga por um espa\u00e7o j\u00e1 nas Para-olimp\u00edadas de 2016, no Rio, e promete ser uma competi\u00e7\u00e3o animada e divertida.<\/p>\n<p>&#8220;\u00c9 muito legal ver que atrav\u00e9s de uma brincadeira poderemos passar uma mensagem t\u00e3o bacana. E, principalmente atrav\u00e9s do esporte, poderemos falar de um tema t\u00e3o s\u00e9rio que \u00e9 dar a todos os cidad\u00e3os os direitos que eles merecem&#8221;, comenta a l\u00edbero da sele\u00e7\u00e3o Fab\u00ed Alvim.<\/p>\n<table border=\"0\" align=\"left\">\n<tbody>\n<tr>\n<td><img decoding=\"async\" src=\"http:\/\/sentidos.uol.com.br\/imagens\/fotos\/ligado\/13403c.jpg\" alt=\"\" \/><\/td>\n<\/tr>\n<tr>\n<td>Infra-estrutura: esteira para passagem<br \/>\nde cadeiras de rodas, sinaliza\u00e7\u00e3o<br \/>\nsonora, piso t\u00e1til, cadeiras<br \/>\nanf\u00edbias e de banho.<\/td>\n<\/tr>\n<\/tbody>\n<\/table>\n<p>Segundo a Organiza\u00e7\u00e3o Mundial de Sa\u00fade, 10% da popula\u00e7\u00e3o mundial apresenta algum tipo de defici\u00eancia. No Brasil, s\u00e3o cerca de 24,6 milh\u00f5es de pessoas. A ONG Espa\u00e7o Novo Ser ofecere uma infra-estrutura b\u00e1sica aos usu\u00e1rios do Projeto, que inclui esteira para passagem de cadeiras de rodas, sinaliza\u00e7\u00e3o sonora, piso t\u00e1til para deficientes visuais, cadeiras anf\u00edbias e de banho &#8211; de f\u00e1cil deslocamento pela areia e que ainda flutua na \u00e1gua -, vagas de estacionamento reservadas, rampas de acesso \u00e0 areia e tendas.<\/p>\n<p>&#8220;A praia \u00e9 um dos lugares mais apraz\u00edveis e \u00e9 o que tem as piores condi\u00e7\u00f5es de acessibilidade. Com os avan\u00e7os das tecnologias &#8216;assistivas&#8217;, como a cadeira anf\u00edbia, conseguimos implantar o Praia Para Todos, que atende a uma necessidade nossa.&#8221;<\/p>\n<p><a href=\"http:\/\/www.praiaparatodos.com.br\/\">www.praiaparatodos.com.br<\/a><\/p>\n<p><strong>Fonte: Usina da Comunica\u00e7\u00e3o<\/strong><\/p>\n","protected":false},"excerpt":{"rendered":"<p>\ufeffA\u00a0ONG Espa\u00e7o Novo Ser realiza, todo domingo, de 9h \u00e0s 14h, no posto 3 da Barra da Tijuca (RJ), o projeto Praia Para Todos, que torna as praias cariocas mais acess\u00edveis. Uma pesquisa realizada pela institui\u00e7\u00e3o no final de 2009 comprovou as condi\u00e7\u00f5es deplor\u00e1veis de acesso de pessoas com defici\u00eancia e mobilidade reduzida a estes [&hellip;]<\/p>\n","protected":false},"author":1,"featured_media":0,"comment_status":"open","ping_status":"open","sticky":false,"template":"","format":"standard","meta":{"site-container-style":"default","site-container-layout":"default","site-sidebar-layout":"default","disable-article-header":"default","disable-site-header":"default","disable-site-footer":"default","disable-content-area-spacing":"default","footnotes":""},"categories":[44,27,48,4],"tags":[],"class_list":["post-13829","post","type-post","status-publish","format-standard","hentry","category-acessibilidade","category-esporte","category-inclusao","category-noticias"],"yoast_head":"<!-- This site is optimized with the Yoast SEO plugin v27.4 - https:\/\/yoast.com\/product\/yoast-seo-wordpress\/ -->\n<title>Projeto Praia Para Todos leva deficientes \u00e0s praias cariocas -<\/title>\n<meta name=\"robots\" content=\"index, follow, max-snippet:-1, max-image-preview:large, max-video-preview:-1\" \/>\n<link rel=\"canonical\" href=\"https:\/\/inclusivenews.com.br\/?p=13829\" \/>\n<meta property=\"og:locale\" content=\"pt_PT\" \/>\n<meta property=\"og:type\" content=\"article\" \/>\n<meta property=\"og:title\" content=\"Projeto Praia Para Todos leva deficientes \u00e0s praias cariocas -\" \/>\n<meta property=\"og:description\" content=\"\ufeffA\u00a0ONG Espa\u00e7o Novo Ser realiza, todo domingo, de 9h \u00e0s 14h, no posto 3 da Barra da Tijuca (RJ), o projeto Praia Para Todos, que torna as praias cariocas mais acess\u00edveis. Uma pesquisa realizada pela institui\u00e7\u00e3o no final de 2009 comprovou as condi\u00e7\u00f5es deplor\u00e1veis de acesso de pessoas com defici\u00eancia e mobilidade reduzida a estes [&hellip;]\" \/>\n<meta property=\"og:url\" content=\"https:\/\/inclusivenews.com.br\/?p=13829\" \/>\n<meta property=\"article:publisher\" content=\"https:\/\/www.facebook.com\/agenciainclusive\/\" \/>\n<meta property=\"article:published_time\" content=\"2010-02-09T02:53:40+00:00\" \/>\n<meta property=\"og:image\" content=\"http:\/\/inclusivenews.com.br\/wp-content\/uploads\/2010\/02\/volei-praia.jpg\" \/>\n<meta name=\"author\" content=\"inclusivenews2024\" \/>\n<meta name=\"twitter:card\" content=\"summary_large_image\" \/>\n<meta name=\"twitter:label1\" content=\"Escrito por\" \/>\n\t<meta name=\"twitter:data1\" content=\"inclusivenews2024\" \/>\n\t<meta name=\"twitter:label2\" content=\"Tempo estimado de leitura\" \/>\n\t<meta name=\"twitter:data2\" content=\"3 minutos\" \/>\n<script type=\"application\/ld+json\" class=\"yoast-schema-graph\">{\"@context\":\"https:\\\/\\\/schema.org\",\"@graph\":[{\"@type\":\"Article\",\"@id\":\"https:\\\/\\\/inclusivenews.com.br\\\/?p=13829#article\",\"isPartOf\":{\"@id\":\"https:\\\/\\\/inclusivenews.com.br\\\/?p=13829\"},\"author\":{\"name\":\"inclusivenews2024\",\"@id\":\"https:\\\/\\\/inclusivenews.com.br\\\/#\\\/schema\\\/person\\\/ae4ec7087559b8692fb33b6fffd2273b\"},\"headline\":\"Projeto Praia Para Todos leva deficientes \u00e0s praias cariocas\",\"datePublished\":\"2010-02-09T02:53:40+00:00\",\"mainEntityOfPage\":{\"@id\":\"https:\\\/\\\/inclusivenews.com.br\\\/?p=13829\"},\"wordCount\":623,\"commentCount\":3,\"publisher\":{\"@id\":\"https:\\\/\\\/inclusivenews.com.br\\\/#organization\"},\"image\":{\"@id\":\"https:\\\/\\\/inclusivenews.com.br\\\/?p=13829#primaryimage\"},\"thumbnailUrl\":\"http:\\\/\\\/inclusivenews.com.br\\\/wp-content\\\/uploads\\\/2010\\\/02\\\/volei-praia.jpg\",\"articleSection\":[\"ACESSIBILIDADE\",\"Esporte\",\"INCLUS\u00c3O SOCIAL\",\"NOT\u00cdCIAS\"],\"inLanguage\":\"pt-PT\",\"potentialAction\":[{\"@type\":\"CommentAction\",\"name\":\"Comment\",\"target\":[\"https:\\\/\\\/inclusivenews.com.br\\\/?p=13829#respond\"]}]},{\"@type\":\"WebPage\",\"@id\":\"https:\\\/\\\/inclusivenews.com.br\\\/?p=13829\",\"url\":\"https:\\\/\\\/inclusivenews.com.br\\\/?p=13829\",\"name\":\"Projeto Praia Para Todos leva deficientes \u00e0s praias cariocas -\",\"isPartOf\":{\"@id\":\"https:\\\/\\\/inclusivenews.com.br\\\/#website\"},\"primaryImageOfPage\":{\"@id\":\"https:\\\/\\\/inclusivenews.com.br\\\/?p=13829#primaryimage\"},\"image\":{\"@id\":\"https:\\\/\\\/inclusivenews.com.br\\\/?p=13829#primaryimage\"},\"thumbnailUrl\":\"http:\\\/\\\/inclusivenews.com.br\\\/wp-content\\\/uploads\\\/2010\\\/02\\\/volei-praia.jpg\",\"datePublished\":\"2010-02-09T02:53:40+00:00\",\"breadcrumb\":{\"@id\":\"https:\\\/\\\/inclusivenews.com.br\\\/?p=13829#breadcrumb\"},\"inLanguage\":\"pt-PT\",\"potentialAction\":[{\"@type\":\"ReadAction\",\"target\":[\"https:\\\/\\\/inclusivenews.com.br\\\/?p=13829\"]}]},{\"@type\":\"ImageObject\",\"inLanguage\":\"pt-PT\",\"@id\":\"https:\\\/\\\/inclusivenews.com.br\\\/?p=13829#primaryimage\",\"url\":\"\",\"contentUrl\":\"\"},{\"@type\":\"BreadcrumbList\",\"@id\":\"https:\\\/\\\/inclusivenews.com.br\\\/?p=13829#breadcrumb\",\"itemListElement\":[{\"@type\":\"ListItem\",\"position\":1,\"name\":\"In\u00edcio\",\"item\":\"https:\\\/\\\/inclusivenews.com.br\\\/\"},{\"@type\":\"ListItem\",\"position\":2,\"name\":\"Projeto Praia Para Todos leva deficientes \u00e0s praias cariocas\"}]},{\"@type\":\"WebSite\",\"@id\":\"https:\\\/\\\/inclusivenews.com.br\\\/#website\",\"url\":\"https:\\\/\\\/inclusivenews.com.br\\\/\",\"name\":\"Inclusive News\",\"description\":\"Inclusive News\",\"publisher\":{\"@id\":\"https:\\\/\\\/inclusivenews.com.br\\\/#organization\"},\"potentialAction\":[{\"@type\":\"SearchAction\",\"target\":{\"@type\":\"EntryPoint\",\"urlTemplate\":\"https:\\\/\\\/inclusivenews.com.br\\\/?s={search_term_string}\"},\"query-input\":{\"@type\":\"PropertyValueSpecification\",\"valueRequired\":true,\"valueName\":\"search_term_string\"}}],\"inLanguage\":\"pt-PT\"},{\"@type\":\"Organization\",\"@id\":\"https:\\\/\\\/inclusivenews.com.br\\\/#organization\",\"name\":\"Inclusive - inclus\u00e3o e cidadania\",\"url\":\"https:\\\/\\\/inclusivenews.com.br\\\/\",\"logo\":{\"@type\":\"ImageObject\",\"inLanguage\":\"pt-PT\",\"@id\":\"https:\\\/\\\/inclusivenews.com.br\\\/#\\\/schema\\\/logo\\\/image\\\/\",\"url\":\"https:\\\/\\\/inclusivenews.com.br\\\/wp-content\\\/uploads\\\/2024\\\/03\\\/@grandesite.png\",\"contentUrl\":\"https:\\\/\\\/inclusivenews.com.br\\\/wp-content\\\/uploads\\\/2024\\\/03\\\/@grandesite.png\",\"width\":1080,\"height\":1080,\"caption\":\"Inclusive - inclus\u00e3o e cidadania\"},\"image\":{\"@id\":\"https:\\\/\\\/inclusivenews.com.br\\\/#\\\/schema\\\/logo\\\/image\\\/\"},\"sameAs\":[\"https:\\\/\\\/www.facebook.com\\\/agenciainclusive\\\/\",\"https:\\\/\\\/www.instagram.com\\\/newsinclusive\\\/\"]},{\"@type\":\"Person\",\"@id\":\"https:\\\/\\\/inclusivenews.com.br\\\/#\\\/schema\\\/person\\\/ae4ec7087559b8692fb33b6fffd2273b\",\"name\":\"inclusivenews2024\",\"image\":{\"@type\":\"ImageObject\",\"inLanguage\":\"pt-PT\",\"@id\":\"https:\\\/\\\/secure.gravatar.com\\\/avatar\\\/c5a7ef84c66fa914f55bc4f7ce26cfa275a3b9a1c5568b907bd184fb4dde7b40?s=96&d=mm&r=g\",\"url\":\"https:\\\/\\\/secure.gravatar.com\\\/avatar\\\/c5a7ef84c66fa914f55bc4f7ce26cfa275a3b9a1c5568b907bd184fb4dde7b40?s=96&d=mm&r=g\",\"contentUrl\":\"https:\\\/\\\/secure.gravatar.com\\\/avatar\\\/c5a7ef84c66fa914f55bc4f7ce26cfa275a3b9a1c5568b907bd184fb4dde7b40?s=96&d=mm&r=g\",\"caption\":\"inclusivenews2024\"},\"sameAs\":[\"https:\\\/\\\/inclusivenews.com.br\"],\"url\":\"https:\\\/\\\/inclusivenews.com.br\\\/?author=1\"}]}<\/script>\n<!-- \/ Yoast SEO plugin. -->","yoast_head_json":{"title":"Projeto Praia Para Todos leva deficientes \u00e0s praias cariocas -","robots":{"index":"index","follow":"follow","max-snippet":"max-snippet:-1","max-image-preview":"max-image-preview:large","max-video-preview":"max-video-preview:-1"},"canonical":"https:\/\/inclusivenews.com.br\/?p=13829","og_locale":"pt_PT","og_type":"article","og_title":"Projeto Praia Para Todos leva deficientes \u00e0s praias cariocas -","og_description":"\ufeffA\u00a0ONG Espa\u00e7o Novo Ser realiza, todo domingo, de 9h \u00e0s 14h, no posto 3 da Barra da Tijuca (RJ), o projeto Praia Para Todos, que torna as praias cariocas mais acess\u00edveis. Uma pesquisa realizada pela institui\u00e7\u00e3o no final de 2009 comprovou as condi\u00e7\u00f5es deplor\u00e1veis de acesso de pessoas com defici\u00eancia e mobilidade reduzida a estes [&hellip;]","og_url":"https:\/\/inclusivenews.com.br\/?p=13829","article_publisher":"https:\/\/www.facebook.com\/agenciainclusive\/","article_published_time":"2010-02-09T02:53:40+00:00","og_image":[{"url":"http:\/\/inclusivenews.com.br\/wp-content\/uploads\/2010\/02\/volei-praia.jpg","type":"","width":"","height":""}],"author":"inclusivenews2024","twitter_card":"summary_large_image","twitter_misc":{"Escrito por":"inclusivenews2024","Tempo estimado de leitura":"3 minutos"},"schema":{"@context":"https:\/\/schema.org","@graph":[{"@type":"Article","@id":"https:\/\/inclusivenews.com.br\/?p=13829#article","isPartOf":{"@id":"https:\/\/inclusivenews.com.br\/?p=13829"},"author":{"name":"inclusivenews2024","@id":"https:\/\/inclusivenews.com.br\/#\/schema\/person\/ae4ec7087559b8692fb33b6fffd2273b"},"headline":"Projeto Praia Para Todos leva deficientes \u00e0s praias cariocas","datePublished":"2010-02-09T02:53:40+00:00","mainEntityOfPage":{"@id":"https:\/\/inclusivenews.com.br\/?p=13829"},"wordCount":623,"commentCount":3,"publisher":{"@id":"https:\/\/inclusivenews.com.br\/#organization"},"image":{"@id":"https:\/\/inclusivenews.com.br\/?p=13829#primaryimage"},"thumbnailUrl":"http:\/\/inclusivenews.com.br\/wp-content\/uploads\/2010\/02\/volei-praia.jpg","articleSection":["ACESSIBILIDADE","Esporte","INCLUS\u00c3O SOCIAL","NOT\u00cdCIAS"],"inLanguage":"pt-PT","potentialAction":[{"@type":"CommentAction","name":"Comment","target":["https:\/\/inclusivenews.com.br\/?p=13829#respond"]}]},{"@type":"WebPage","@id":"https:\/\/inclusivenews.com.br\/?p=13829","url":"https:\/\/inclusivenews.com.br\/?p=13829","name":"Projeto Praia Para Todos leva deficientes \u00e0s praias cariocas -","isPartOf":{"@id":"https:\/\/inclusivenews.com.br\/#website"},"primaryImageOfPage":{"@id":"https:\/\/inclusivenews.com.br\/?p=13829#primaryimage"},"image":{"@id":"https:\/\/inclusivenews.com.br\/?p=13829#primaryimage"},"thumbnailUrl":"http:\/\/inclusivenews.com.br\/wp-content\/uploads\/2010\/02\/volei-praia.jpg","datePublished":"2010-02-09T02:53:40+00:00","breadcrumb":{"@id":"https:\/\/inclusivenews.com.br\/?p=13829#breadcrumb"},"inLanguage":"pt-PT","potentialAction":[{"@type":"ReadAction","target":["https:\/\/inclusivenews.com.br\/?p=13829"]}]},{"@type":"ImageObject","inLanguage":"pt-PT","@id":"https:\/\/inclusivenews.com.br\/?p=13829#primaryimage","url":"","contentUrl":""},{"@type":"BreadcrumbList","@id":"https:\/\/inclusivenews.com.br\/?p=13829#breadcrumb","itemListElement":[{"@type":"ListItem","position":1,"name":"In\u00edcio","item":"https:\/\/inclusivenews.com.br\/"},{"@type":"ListItem","position":2,"name":"Projeto Praia Para Todos leva deficientes \u00e0s praias cariocas"}]},{"@type":"WebSite","@id":"https:\/\/inclusivenews.com.br\/#website","url":"https:\/\/inclusivenews.com.br\/","name":"Inclusive News","description":"Inclusive News","publisher":{"@id":"https:\/\/inclusivenews.com.br\/#organization"},"potentialAction":[{"@type":"SearchAction","target":{"@type":"EntryPoint","urlTemplate":"https:\/\/inclusivenews.com.br\/?s={search_term_string}"},"query-input":{"@type":"PropertyValueSpecification","valueRequired":true,"valueName":"search_term_string"}}],"inLanguage":"pt-PT"},{"@type":"Organization","@id":"https:\/\/inclusivenews.com.br\/#organization","name":"Inclusive - inclus\u00e3o e cidadania","url":"https:\/\/inclusivenews.com.br\/","logo":{"@type":"ImageObject","inLanguage":"pt-PT","@id":"https:\/\/inclusivenews.com.br\/#\/schema\/logo\/image\/","url":"https:\/\/inclusivenews.com.br\/wp-content\/uploads\/2024\/03\/@grandesite.png","contentUrl":"https:\/\/inclusivenews.com.br\/wp-content\/uploads\/2024\/03\/@grandesite.png","width":1080,"height":1080,"caption":"Inclusive - inclus\u00e3o e cidadania"},"image":{"@id":"https:\/\/inclusivenews.com.br\/#\/schema\/logo\/image\/"},"sameAs":["https:\/\/www.facebook.com\/agenciainclusive\/","https:\/\/www.instagram.com\/newsinclusive\/"]},{"@type":"Person","@id":"https:\/\/inclusivenews.com.br\/#\/schema\/person\/ae4ec7087559b8692fb33b6fffd2273b","name":"inclusivenews2024","image":{"@type":"ImageObject","inLanguage":"pt-PT","@id":"https:\/\/secure.gravatar.com\/avatar\/c5a7ef84c66fa914f55bc4f7ce26cfa275a3b9a1c5568b907bd184fb4dde7b40?s=96&d=mm&r=g","url":"https:\/\/secure.gravatar.com\/avatar\/c5a7ef84c66fa914f55bc4f7ce26cfa275a3b9a1c5568b907bd184fb4dde7b40?s=96&d=mm&r=g","contentUrl":"https:\/\/secure.gravatar.com\/avatar\/c5a7ef84c66fa914f55bc4f7ce26cfa275a3b9a1c5568b907bd184fb4dde7b40?s=96&d=mm&r=g","caption":"inclusivenews2024"},"sameAs":["https:\/\/inclusivenews.com.br"],"url":"https:\/\/inclusivenews.com.br\/?author=1"}]}},"_links":{"self":[{"href":"https:\/\/inclusivenews.com.br\/index.php?rest_route=\/wp\/v2\/posts\/13829","targetHints":{"allow":["GET"]}}],"collection":[{"href":"https:\/\/inclusivenews.com.br\/index.php?rest_route=\/wp\/v2\/posts"}],"about":[{"href":"https:\/\/inclusivenews.com.br\/index.php?rest_route=\/wp\/v2\/types\/post"}],"author":[{"embeddable":true,"href":"https:\/\/inclusivenews.com.br\/index.php?rest_route=\/wp\/v2\/users\/1"}],"replies":[{"embeddable":true,"href":"https:\/\/inclusivenews.com.br\/index.php?rest_route=%2Fwp%2Fv2%2Fcomments&post=13829"}],"version-history":[{"count":0,"href":"https:\/\/inclusivenews.com.br\/index.php?rest_route=\/wp\/v2\/posts\/13829\/revisions"}],"wp:attachment":[{"href":"https:\/\/inclusivenews.com.br\/index.php?rest_route=%2Fwp%2Fv2%2Fmedia&parent=13829"}],"wp:term":[{"taxonomy":"category","embeddable":true,"href":"https:\/\/inclusivenews.com.br\/index.php?rest_route=%2Fwp%2Fv2%2Fcategories&post=13829"},{"taxonomy":"post_tag","embeddable":true,"href":"https:\/\/inclusivenews.com.br\/index.php?rest_route=%2Fwp%2Fv2%2Ftags&post=13829"}],"curies":[{"name":"wp","href":"https:\/\/api.w.org\/{rel}","templated":true}]}}