{"id":13833,"date":"2010-02-09T17:06:11","date_gmt":"2010-02-09T20:06:11","guid":{"rendered":"http:\/\/www.inclusive.org.br\/?p=13833"},"modified":"2010-02-09T17:06:11","modified_gmt":"2010-02-09T20:06:11","slug":"carnaval-para-todos-os-brasileirinhos-no-consulado-em-nova-york","status":"publish","type":"post","link":"https:\/\/inclusivenews.com.br\/?p=13833","title":{"rendered":"Carnaval para todos os brasileirinhos no Consulado em Nova York"},"content":{"rendered":"<figure id=\"attachment_13834\" aria-describedby=\"caption-attachment-13834\" style=\"width: 640px\" class=\"wp-caption alignnone\"><a href=\"http:\/\/www.inclusivenews.com.br\/wp-content\/uploads\/2010\/02\/bras60.jpg\"><img loading=\"lazy\" decoding=\"async\" class=\"size-full wp-image-13834\" title=\"bras60\" src=\"http:\/\/inclusivenews.com.br\/wp-content\/uploads\/2010\/02\/bras60.jpg\" alt=\"\" width=\"640\" height=\"480\" \/><\/a><figcaption id=\"caption-attachment-13834\" class=\"wp-caption-text\">Crian\u00e7as e adultos sentados no ch\u00e3o em aula de cultura brasileira<\/figcaption><\/figure>\n<p>O projeto inclusivo\u00a0\u201cBrasileirinhos em Nova York\u201d completa um ano e comemora com um baile de carnaval gratuito para crian\u00e7as de 2 a 5 anos, aberto \u00e0 comunidade, na pr\u00f3xima semana. O programa pioneiro e totalmente inclusivo de promo\u00e7\u00e3o da l\u00edngua portuguesa e cultura brasileira se expandiu para 5 locais da regi\u00e3o e j\u00e1 conta com mais de 100 crian\u00e7as contempladas.<\/p>\n<p>A iniciativa atende a uma orienta\u00e7\u00e3o do Minist\u00e9rio das Rela\u00e7\u00f5es Exteriores de valorizar e promover a\u00e7\u00f5es junto \u00e0 comunidade brasileira no exterior.\u00a0 \u201cAl\u00e9m de ser frequentado por filhos de brasileiros dos mais variados n\u00edveis socio-econ\u00f4micos residentes nos Estados Unidos, temos crian\u00e7a com s\u00edndrome de Down, autismo al\u00e9m de uma m\u00e3e surda, todos convivendo sem problemas&#8221;, conta a coordenadora do programa, Patricia Almeida, funcion\u00e1ria do Consulado-Geral do Brasil em Nova York.<\/p>\n<p>Leia a seguir, entrevista com a Coordenadora do projeto.<\/p>\n<p><strong>Como o projeto come\u00e7ou e onde existe atualmente?<\/strong><\/p>\n<p>O projeto lan\u00e7ado pelo Consuldo-Geral do Brasil em Nova York \u201cBrasileirinhos em Nova York\u201d \u00a0foi inspirado no programa \u201cM\u00fasica para Crian\u00e7as\u201d, do Professor da Universidade de Bras\u00edlia,\u00a0Ricardo Dourado, e nas atividades do Breacc, centro cultural em Londres que tamb\u00e9m tem programas para crian\u00e7as brasileiras.<\/p>\n<p>Mais tarde, descobrimos iniciativas parecidas em outros estados dos EUA, a maior delas \u00e9 o M\u00e3es Brasileiras da Virg\u00ednia, que conta com mais de 300 inscritos na regi\u00e3o de Washington DC.<\/p>\n<p>O Brasileirinhos come\u00e7ou em fevereiro de 2009, na sede do Consulado em Manhattan. Depois disso o grupo de Manhattan passou a funcionar na biblioteca brasileira BEA &#8211; Brazil Endowment for the Arts, <a href=\"http:\/\/www.brasilianendowment.org\/\">http:\/\/www.brasilianendowment.org\/<\/a> e outros grupos surgiram com ou sem articula\u00e7\u00e3o do consulado.<\/p>\n<p>O programa tamb\u00e9m atende a uma orienta\u00e7\u00e3o do Itamaraty de valorizar e promover a\u00e7\u00f5es junto a comunidade brasileira no exterior. Na mesma linha, o Minist\u00e9rio enviou livros infantis doados pelo MEC \u00e0 biblioteca brasileira de NY e est\u00e1 promovendo um concurso de desenhos infantis, voltado para filhos de imigrantes, \u201cBrasileirinhos no mundo\u201d com livros brasileiros como pr\u00eamio.<\/p>\n<p>O \u201cBrasileirinhos em Nova York\u201d existe em 5 regi\u00f5es de nossa jurisdi\u00e7\u00e3o (um em Manhattan, um em Long Island, um em Westchester e 2 em Nova Jersey), em locais onde h\u00e1 maior concentra\u00e7\u00e3o de brasileiros. Cada grupo segue as necessidades do local, e se desenvolve de acordo com a disponibilidade de recursos humanos e espa\u00e7o dispon\u00edveis. Temos not\u00edcia de grupos que funcionam em casas de brasileiros, associa\u00e7\u00f5es, bibliotecas, igrejas e templos.<\/p>\n<p>A maioria das iniciativas \u00e9 gratuita \u2013 algumas contratam professores\/animadores brasileiros e o custo \u00e9 dividido entre os participantes num esquema de cooperativa. \u00c9 o caso do grupo de Westchester, o mais ativo, com aulas duas vezes por semana, de musicaliza\u00e7\u00e3o e pr\u00e9-escola.<\/p>\n<p><strong>Qual o objetivo do programa?<\/strong><\/p>\n<p>Estimular o aprendizado do portugu\u00eas e o conhecimento e valoriza\u00e7\u00e3o da cultura brasileira. \u00c9 comum que imigrantes brasileiros, na \u00e2nsia de se inserirem na vida americana, encoragem seus filhos a falarem apenas ingl\u00eas, inclusive dirigindo-se a eles nessa l\u00edngua. Vemos isso diariamente no Consulado. O que muitas vezes esses pais n\u00e3o se d\u00e3o conta \u00e9 que dominio do portugu\u00eas ajudar\u00e1 seu filho em sua vida profissional no futuro, al\u00e9m de pesquisas mostrarem que crian\u00e7as biling\u00fces desenvolvem mais o racioc\u00ednio e capacidade cognitiva. H\u00e1 outro fator de ordem emocional que pesa muito. A pessoa que corta completamente sua rela\u00e7\u00e3o com o pa\u00eds natal, seu e\/ou dos pais, fica sem ra\u00edzes e sentido de pertencimento. Ele n\u00e3o \u00e9 americano porque n\u00e3o nasceu aqui, tampouco \u00e9 brasileiro porque n\u00e3o conhece o pa\u00eds nem fala a l\u00edngua. Vemos ainda mais uma vantagem no projeto. Notamos que, proporcionalmente ao n\u00famero de imigrantes brasileiros na regi\u00e3o de Nova York, n\u00e3o h\u00e1 muitas organiza\u00e7\u00f5es que ap\u00f3iem e lutem pelos interesses de nossos nacionais.<\/p>\n<p>Esperamos despertar nesses brasileirinhos e em seus pais o esp\u00edrito de comunidade, de ajuda m\u00fatua, t\u00e3o importante, especialmente por aqueles que se encontram longe de suas fam\u00edlias. E no futuro, quem sabe, os brasileiros estar\u00e3o fortalecidos a ponto de serem inseridos na pol\u00edtica nos Estados Unidos, a exemplo dos imigrantes de l\u00edngua espanhola, que contam com Senadores e at\u00e9 Governadores que os representam, garantindo com isso mais benef\u00edcios para essa popula\u00e7\u00e3o.<\/p>\n<p><strong>Quantas crian\u00e7as, aproximadamente, s\u00e3o atendidas pelo projeto e qual o perfil dos participantes?<\/strong><\/p>\n<p>Temos inscritas no consulado 70 crian\u00e7as. Somados os outros grupos da \u00e1rea, estimamos que cerca de 150 crian\u00e7as de 2 a 5 anos estejam sendo atendidas. Nessa fase o aprendizado do portugu\u00eas se d\u00e1 de forma mais natural, mas deve sempre ser refor\u00e7ado em casa. Queremos atingir as crian\u00e7as que ainda n\u00e3o ingressaram ainda na escola e, portanto, n\u00e3o come\u00e7aram a imers\u00e3o no ingl\u00eas e cultura americana. Mais tarde vemos que isso \u00e9 muito mais dif\u00edcil. Por se tratar de um programa gratuito, o perfil dos participantes retrata a nossa comunidade, de n\u00edvel s\u00f3cio-econ\u00f4mico bastante variado.<\/p>\n<p>Temos inclusive crian\u00e7as com defici\u00eancia e uma m\u00e3e surda, uma verdadeira educa\u00e7\u00e3o para a diversidade, de maneira natural. No Carvanal do ano passado, por exemplo, esta m\u00e3e surda nos ensinou o sinal em Libras para Carmem Miranda.<\/p>\n<p><strong>Como \u00e9 feita a comunica\u00e7\u00e3o com a comunidade?<\/strong><\/p>\n<p>Os encontros s\u00e3o anunciados na p\u00e1gina do Consulado, <a href=\"http:\/\/www.brazilny.org\/\">www.brazilny.org<\/a> , temos um grupo de discuss\u00e3o no Yahoo Grupos <a href=\"http:\/\/br.groups.yahoo.com\/group\/brasileirinhos\/\">http:\/\/br.groups.yahoo.com\/group\/brasileirinhos\/<\/a>\u00a0e alguns dos sub-grupos possuem p\u00e1ginas no Meet Up, um site muito usado aqui para marcar as reuni\u00f5es. Estamos desenvolvendo um site com m\u00fasicas, brincadeiras e estorinhas brasileiras para subsidiar os grupos.<\/p>\n<p><strong>Quais as metas do projeto?<\/strong><\/p>\n<p>Que as novas gera\u00e7\u00f5es de brasileiros nos Estados Unidos &#8211; e no resto do mundo &#8211; valorizem o Brasil, nossa cultura, falem portugu\u00eas e transmitam essa heran\u00e7a para seus filhos e netos. \u00c9 importante para a auto-estima e o bem-estar de qualquer pessoa saber quem \u00e9, de onde veio, e ter orgulho disso!<\/p>\n<p>Para maiores informa\u00e7\u00f5es, visite a p\u00e1gina do Consulado-Geral do Brasil em Nova York:<\/p>\n<p><a href=\"http:\/\/pt.brazilny.org\/index.php?\/consulado\/noticias_da_comunidade\/proximo_brasileirinho_terca\">http:\/\/pt.brazilny.org\/index.php?\/consulado\/noticias_da_comunidade\/proximo_brasileirinho_terca<\/a><\/p>\n<p>Fonte: Equipe Inclusive<\/p>\n","protected":false},"excerpt":{"rendered":"<p>O projeto inclusivo\u00a0\u201cBrasileirinhos em Nova York\u201d completa um ano e comemora com um baile de carnaval gratuito para crian\u00e7as de 2 a 5 anos, aberto \u00e0 comunidade, na pr\u00f3xima semana. O programa pioneiro e totalmente inclusivo de promo\u00e7\u00e3o da l\u00edngua portuguesa e cultura brasileira se expandiu para 5 locais da regi\u00e3o e j\u00e1 conta com [&hellip;]<\/p>\n","protected":false},"author":1,"featured_media":0,"comment_status":"open","ping_status":"open","sticky":false,"template":"","format":"standard","meta":{"site-container-style":"default","site-container-layout":"default","site-sidebar-layout":"default","disable-article-header":"default","disable-site-header":"default","disable-site-footer":"default","disable-content-area-spacing":"default","footnotes":""},"categories":[29,48,4],"tags":[],"class_list":["post-13833","post","type-post","status-publish","format-standard","hentry","category-cultura","category-inclusao","category-noticias"],"yoast_head":"<!-- This site is optimized with the Yoast SEO plugin v27.4 - https:\/\/yoast.com\/product\/yoast-seo-wordpress\/ -->\n<title>Carnaval para todos os brasileirinhos no Consulado em Nova York -<\/title>\n<meta name=\"robots\" content=\"index, follow, max-snippet:-1, max-image-preview:large, max-video-preview:-1\" \/>\n<link rel=\"canonical\" href=\"https:\/\/inclusivenews.com.br\/?p=13833\" \/>\n<meta property=\"og:locale\" content=\"pt_PT\" \/>\n<meta property=\"og:type\" content=\"article\" \/>\n<meta property=\"og:title\" content=\"Carnaval para todos os brasileirinhos no Consulado em Nova York -\" \/>\n<meta property=\"og:description\" content=\"O projeto inclusivo\u00a0\u201cBrasileirinhos em Nova York\u201d completa um ano e comemora com um baile de carnaval gratuito para crian\u00e7as de 2 a 5 anos, aberto \u00e0 comunidade, na pr\u00f3xima semana. O programa pioneiro e totalmente inclusivo de promo\u00e7\u00e3o da l\u00edngua portuguesa e cultura brasileira se expandiu para 5 locais da regi\u00e3o e j\u00e1 conta com [&hellip;]\" \/>\n<meta property=\"og:url\" content=\"https:\/\/inclusivenews.com.br\/?p=13833\" \/>\n<meta property=\"article:publisher\" content=\"https:\/\/www.facebook.com\/agenciainclusive\/\" \/>\n<meta property=\"article:published_time\" content=\"2010-02-09T20:06:11+00:00\" \/>\n<meta property=\"og:image\" content=\"http:\/\/inclusivenews.com.br\/wp-content\/uploads\/2010\/02\/bras60.jpg\" \/>\n<meta name=\"author\" content=\"inclusivenews2024\" \/>\n<meta name=\"twitter:card\" content=\"summary_large_image\" \/>\n<meta name=\"twitter:label1\" content=\"Escrito por\" \/>\n\t<meta name=\"twitter:data1\" content=\"inclusivenews2024\" \/>\n\t<meta name=\"twitter:label2\" content=\"Tempo estimado de leitura\" \/>\n\t<meta name=\"twitter:data2\" content=\"5 minutos\" \/>\n<script type=\"application\/ld+json\" class=\"yoast-schema-graph\">{\"@context\":\"https:\\\/\\\/schema.org\",\"@graph\":[{\"@type\":\"Article\",\"@id\":\"https:\\\/\\\/inclusivenews.com.br\\\/?p=13833#article\",\"isPartOf\":{\"@id\":\"https:\\\/\\\/inclusivenews.com.br\\\/?p=13833\"},\"author\":{\"name\":\"inclusivenews2024\",\"@id\":\"https:\\\/\\\/inclusivenews.com.br\\\/#\\\/schema\\\/person\\\/ae4ec7087559b8692fb33b6fffd2273b\"},\"headline\":\"Carnaval para todos os brasileirinhos no Consulado em Nova York\",\"datePublished\":\"2010-02-09T20:06:11+00:00\",\"mainEntityOfPage\":{\"@id\":\"https:\\\/\\\/inclusivenews.com.br\\\/?p=13833\"},\"wordCount\":1097,\"commentCount\":1,\"publisher\":{\"@id\":\"https:\\\/\\\/inclusivenews.com.br\\\/#organization\"},\"image\":{\"@id\":\"https:\\\/\\\/inclusivenews.com.br\\\/?p=13833#primaryimage\"},\"thumbnailUrl\":\"http:\\\/\\\/inclusivenews.com.br\\\/wp-content\\\/uploads\\\/2010\\\/02\\\/bras60.jpg\",\"articleSection\":[\"Cultura\",\"INCLUS\u00c3O SOCIAL\",\"NOT\u00cdCIAS\"],\"inLanguage\":\"pt-PT\",\"potentialAction\":[{\"@type\":\"CommentAction\",\"name\":\"Comment\",\"target\":[\"https:\\\/\\\/inclusivenews.com.br\\\/?p=13833#respond\"]}]},{\"@type\":\"WebPage\",\"@id\":\"https:\\\/\\\/inclusivenews.com.br\\\/?p=13833\",\"url\":\"https:\\\/\\\/inclusivenews.com.br\\\/?p=13833\",\"name\":\"Carnaval para todos os brasileirinhos no Consulado em Nova York -\",\"isPartOf\":{\"@id\":\"https:\\\/\\\/inclusivenews.com.br\\\/#website\"},\"primaryImageOfPage\":{\"@id\":\"https:\\\/\\\/inclusivenews.com.br\\\/?p=13833#primaryimage\"},\"image\":{\"@id\":\"https:\\\/\\\/inclusivenews.com.br\\\/?p=13833#primaryimage\"},\"thumbnailUrl\":\"http:\\\/\\\/inclusivenews.com.br\\\/wp-content\\\/uploads\\\/2010\\\/02\\\/bras60.jpg\",\"datePublished\":\"2010-02-09T20:06:11+00:00\",\"breadcrumb\":{\"@id\":\"https:\\\/\\\/inclusivenews.com.br\\\/?p=13833#breadcrumb\"},\"inLanguage\":\"pt-PT\",\"potentialAction\":[{\"@type\":\"ReadAction\",\"target\":[\"https:\\\/\\\/inclusivenews.com.br\\\/?p=13833\"]}]},{\"@type\":\"ImageObject\",\"inLanguage\":\"pt-PT\",\"@id\":\"https:\\\/\\\/inclusivenews.com.br\\\/?p=13833#primaryimage\",\"url\":\"\",\"contentUrl\":\"\"},{\"@type\":\"BreadcrumbList\",\"@id\":\"https:\\\/\\\/inclusivenews.com.br\\\/?p=13833#breadcrumb\",\"itemListElement\":[{\"@type\":\"ListItem\",\"position\":1,\"name\":\"In\u00edcio\",\"item\":\"https:\\\/\\\/inclusivenews.com.br\\\/\"},{\"@type\":\"ListItem\",\"position\":2,\"name\":\"Carnaval para todos os brasileirinhos no Consulado em Nova York\"}]},{\"@type\":\"WebSite\",\"@id\":\"https:\\\/\\\/inclusivenews.com.br\\\/#website\",\"url\":\"https:\\\/\\\/inclusivenews.com.br\\\/\",\"name\":\"Inclusive News\",\"description\":\"Inclusive News\",\"publisher\":{\"@id\":\"https:\\\/\\\/inclusivenews.com.br\\\/#organization\"},\"potentialAction\":[{\"@type\":\"SearchAction\",\"target\":{\"@type\":\"EntryPoint\",\"urlTemplate\":\"https:\\\/\\\/inclusivenews.com.br\\\/?s={search_term_string}\"},\"query-input\":{\"@type\":\"PropertyValueSpecification\",\"valueRequired\":true,\"valueName\":\"search_term_string\"}}],\"inLanguage\":\"pt-PT\"},{\"@type\":\"Organization\",\"@id\":\"https:\\\/\\\/inclusivenews.com.br\\\/#organization\",\"name\":\"Inclusive - inclus\u00e3o e cidadania\",\"url\":\"https:\\\/\\\/inclusivenews.com.br\\\/\",\"logo\":{\"@type\":\"ImageObject\",\"inLanguage\":\"pt-PT\",\"@id\":\"https:\\\/\\\/inclusivenews.com.br\\\/#\\\/schema\\\/logo\\\/image\\\/\",\"url\":\"https:\\\/\\\/inclusivenews.com.br\\\/wp-content\\\/uploads\\\/2024\\\/03\\\/@grandesite.png\",\"contentUrl\":\"https:\\\/\\\/inclusivenews.com.br\\\/wp-content\\\/uploads\\\/2024\\\/03\\\/@grandesite.png\",\"width\":1080,\"height\":1080,\"caption\":\"Inclusive - inclus\u00e3o e cidadania\"},\"image\":{\"@id\":\"https:\\\/\\\/inclusivenews.com.br\\\/#\\\/schema\\\/logo\\\/image\\\/\"},\"sameAs\":[\"https:\\\/\\\/www.facebook.com\\\/agenciainclusive\\\/\",\"https:\\\/\\\/www.instagram.com\\\/newsinclusive\\\/\"]},{\"@type\":\"Person\",\"@id\":\"https:\\\/\\\/inclusivenews.com.br\\\/#\\\/schema\\\/person\\\/ae4ec7087559b8692fb33b6fffd2273b\",\"name\":\"inclusivenews2024\",\"image\":{\"@type\":\"ImageObject\",\"inLanguage\":\"pt-PT\",\"@id\":\"https:\\\/\\\/secure.gravatar.com\\\/avatar\\\/c5a7ef84c66fa914f55bc4f7ce26cfa275a3b9a1c5568b907bd184fb4dde7b40?s=96&d=mm&r=g\",\"url\":\"https:\\\/\\\/secure.gravatar.com\\\/avatar\\\/c5a7ef84c66fa914f55bc4f7ce26cfa275a3b9a1c5568b907bd184fb4dde7b40?s=96&d=mm&r=g\",\"contentUrl\":\"https:\\\/\\\/secure.gravatar.com\\\/avatar\\\/c5a7ef84c66fa914f55bc4f7ce26cfa275a3b9a1c5568b907bd184fb4dde7b40?s=96&d=mm&r=g\",\"caption\":\"inclusivenews2024\"},\"sameAs\":[\"https:\\\/\\\/inclusivenews.com.br\"],\"url\":\"https:\\\/\\\/inclusivenews.com.br\\\/?author=1\"}]}<\/script>\n<!-- \/ Yoast SEO plugin. -->","yoast_head_json":{"title":"Carnaval para todos os brasileirinhos no Consulado em Nova York -","robots":{"index":"index","follow":"follow","max-snippet":"max-snippet:-1","max-image-preview":"max-image-preview:large","max-video-preview":"max-video-preview:-1"},"canonical":"https:\/\/inclusivenews.com.br\/?p=13833","og_locale":"pt_PT","og_type":"article","og_title":"Carnaval para todos os brasileirinhos no Consulado em Nova York -","og_description":"O projeto inclusivo\u00a0\u201cBrasileirinhos em Nova York\u201d completa um ano e comemora com um baile de carnaval gratuito para crian\u00e7as de 2 a 5 anos, aberto \u00e0 comunidade, na pr\u00f3xima semana. O programa pioneiro e totalmente inclusivo de promo\u00e7\u00e3o da l\u00edngua portuguesa e cultura brasileira se expandiu para 5 locais da regi\u00e3o e j\u00e1 conta com [&hellip;]","og_url":"https:\/\/inclusivenews.com.br\/?p=13833","article_publisher":"https:\/\/www.facebook.com\/agenciainclusive\/","article_published_time":"2010-02-09T20:06:11+00:00","og_image":[{"url":"http:\/\/inclusivenews.com.br\/wp-content\/uploads\/2010\/02\/bras60.jpg","type":"","width":"","height":""}],"author":"inclusivenews2024","twitter_card":"summary_large_image","twitter_misc":{"Escrito por":"inclusivenews2024","Tempo estimado de leitura":"5 minutos"},"schema":{"@context":"https:\/\/schema.org","@graph":[{"@type":"Article","@id":"https:\/\/inclusivenews.com.br\/?p=13833#article","isPartOf":{"@id":"https:\/\/inclusivenews.com.br\/?p=13833"},"author":{"name":"inclusivenews2024","@id":"https:\/\/inclusivenews.com.br\/#\/schema\/person\/ae4ec7087559b8692fb33b6fffd2273b"},"headline":"Carnaval para todos os brasileirinhos no Consulado em Nova York","datePublished":"2010-02-09T20:06:11+00:00","mainEntityOfPage":{"@id":"https:\/\/inclusivenews.com.br\/?p=13833"},"wordCount":1097,"commentCount":1,"publisher":{"@id":"https:\/\/inclusivenews.com.br\/#organization"},"image":{"@id":"https:\/\/inclusivenews.com.br\/?p=13833#primaryimage"},"thumbnailUrl":"http:\/\/inclusivenews.com.br\/wp-content\/uploads\/2010\/02\/bras60.jpg","articleSection":["Cultura","INCLUS\u00c3O SOCIAL","NOT\u00cdCIAS"],"inLanguage":"pt-PT","potentialAction":[{"@type":"CommentAction","name":"Comment","target":["https:\/\/inclusivenews.com.br\/?p=13833#respond"]}]},{"@type":"WebPage","@id":"https:\/\/inclusivenews.com.br\/?p=13833","url":"https:\/\/inclusivenews.com.br\/?p=13833","name":"Carnaval para todos os brasileirinhos no Consulado em Nova York -","isPartOf":{"@id":"https:\/\/inclusivenews.com.br\/#website"},"primaryImageOfPage":{"@id":"https:\/\/inclusivenews.com.br\/?p=13833#primaryimage"},"image":{"@id":"https:\/\/inclusivenews.com.br\/?p=13833#primaryimage"},"thumbnailUrl":"http:\/\/inclusivenews.com.br\/wp-content\/uploads\/2010\/02\/bras60.jpg","datePublished":"2010-02-09T20:06:11+00:00","breadcrumb":{"@id":"https:\/\/inclusivenews.com.br\/?p=13833#breadcrumb"},"inLanguage":"pt-PT","potentialAction":[{"@type":"ReadAction","target":["https:\/\/inclusivenews.com.br\/?p=13833"]}]},{"@type":"ImageObject","inLanguage":"pt-PT","@id":"https:\/\/inclusivenews.com.br\/?p=13833#primaryimage","url":"","contentUrl":""},{"@type":"BreadcrumbList","@id":"https:\/\/inclusivenews.com.br\/?p=13833#breadcrumb","itemListElement":[{"@type":"ListItem","position":1,"name":"In\u00edcio","item":"https:\/\/inclusivenews.com.br\/"},{"@type":"ListItem","position":2,"name":"Carnaval para todos os brasileirinhos no Consulado em Nova York"}]},{"@type":"WebSite","@id":"https:\/\/inclusivenews.com.br\/#website","url":"https:\/\/inclusivenews.com.br\/","name":"Inclusive News","description":"Inclusive News","publisher":{"@id":"https:\/\/inclusivenews.com.br\/#organization"},"potentialAction":[{"@type":"SearchAction","target":{"@type":"EntryPoint","urlTemplate":"https:\/\/inclusivenews.com.br\/?s={search_term_string}"},"query-input":{"@type":"PropertyValueSpecification","valueRequired":true,"valueName":"search_term_string"}}],"inLanguage":"pt-PT"},{"@type":"Organization","@id":"https:\/\/inclusivenews.com.br\/#organization","name":"Inclusive - inclus\u00e3o e cidadania","url":"https:\/\/inclusivenews.com.br\/","logo":{"@type":"ImageObject","inLanguage":"pt-PT","@id":"https:\/\/inclusivenews.com.br\/#\/schema\/logo\/image\/","url":"https:\/\/inclusivenews.com.br\/wp-content\/uploads\/2024\/03\/@grandesite.png","contentUrl":"https:\/\/inclusivenews.com.br\/wp-content\/uploads\/2024\/03\/@grandesite.png","width":1080,"height":1080,"caption":"Inclusive - inclus\u00e3o e cidadania"},"image":{"@id":"https:\/\/inclusivenews.com.br\/#\/schema\/logo\/image\/"},"sameAs":["https:\/\/www.facebook.com\/agenciainclusive\/","https:\/\/www.instagram.com\/newsinclusive\/"]},{"@type":"Person","@id":"https:\/\/inclusivenews.com.br\/#\/schema\/person\/ae4ec7087559b8692fb33b6fffd2273b","name":"inclusivenews2024","image":{"@type":"ImageObject","inLanguage":"pt-PT","@id":"https:\/\/secure.gravatar.com\/avatar\/c5a7ef84c66fa914f55bc4f7ce26cfa275a3b9a1c5568b907bd184fb4dde7b40?s=96&d=mm&r=g","url":"https:\/\/secure.gravatar.com\/avatar\/c5a7ef84c66fa914f55bc4f7ce26cfa275a3b9a1c5568b907bd184fb4dde7b40?s=96&d=mm&r=g","contentUrl":"https:\/\/secure.gravatar.com\/avatar\/c5a7ef84c66fa914f55bc4f7ce26cfa275a3b9a1c5568b907bd184fb4dde7b40?s=96&d=mm&r=g","caption":"inclusivenews2024"},"sameAs":["https:\/\/inclusivenews.com.br"],"url":"https:\/\/inclusivenews.com.br\/?author=1"}]}},"_links":{"self":[{"href":"https:\/\/inclusivenews.com.br\/index.php?rest_route=\/wp\/v2\/posts\/13833","targetHints":{"allow":["GET"]}}],"collection":[{"href":"https:\/\/inclusivenews.com.br\/index.php?rest_route=\/wp\/v2\/posts"}],"about":[{"href":"https:\/\/inclusivenews.com.br\/index.php?rest_route=\/wp\/v2\/types\/post"}],"author":[{"embeddable":true,"href":"https:\/\/inclusivenews.com.br\/index.php?rest_route=\/wp\/v2\/users\/1"}],"replies":[{"embeddable":true,"href":"https:\/\/inclusivenews.com.br\/index.php?rest_route=%2Fwp%2Fv2%2Fcomments&post=13833"}],"version-history":[{"count":0,"href":"https:\/\/inclusivenews.com.br\/index.php?rest_route=\/wp\/v2\/posts\/13833\/revisions"}],"wp:attachment":[{"href":"https:\/\/inclusivenews.com.br\/index.php?rest_route=%2Fwp%2Fv2%2Fmedia&parent=13833"}],"wp:term":[{"taxonomy":"category","embeddable":true,"href":"https:\/\/inclusivenews.com.br\/index.php?rest_route=%2Fwp%2Fv2%2Fcategories&post=13833"},{"taxonomy":"post_tag","embeddable":true,"href":"https:\/\/inclusivenews.com.br\/index.php?rest_route=%2Fwp%2Fv2%2Ftags&post=13833"}],"curies":[{"name":"wp","href":"https:\/\/api.w.org\/{rel}","templated":true}]}}