{"id":13836,"date":"2010-02-09T18:40:47","date_gmt":"2010-02-09T21:40:47","guid":{"rendered":"http:\/\/www.inclusive.org.br\/?p=13836"},"modified":"2010-02-09T18:40:47","modified_gmt":"2010-02-09T21:40:47","slug":"13836","status":"publish","type":"post","link":"https:\/\/inclusivenews.com.br\/?p=13836","title":{"rendered":"Reuni\u00e3o sobre audiodescri\u00e7\u00e3o em Bras\u00edlia"},"content":{"rendered":"<div><em><strong> <\/strong><\/em><\/div>\n<div><em><strong> <\/strong><\/em><\/div>\n<figure id=\"attachment_13839\" aria-describedby=\"caption-attachment-13839\" style=\"width: 150px\" class=\"wp-caption alignnone\"><a href=\"http:\/\/www.inclusivenews.com.br\/wp-content\/uploads\/2010\/02\/tv21.jpg\"><img loading=\"lazy\" decoding=\"async\" class=\"size-thumbnail wp-image-13839\" title=\"tv(2)\" src=\"http:\/\/inclusivenews.com.br\/wp-content\/uploads\/2010\/02\/tv21-150x150.jpg\" alt=\"\" width=\"150\" height=\"150\" \/><\/a><figcaption id=\"caption-attachment-13839\" class=\"wp-caption-text\">Ilustra\u00e7\u00e3o de aparelho de TV<\/figcaption><\/figure>\n<p>Reuni\u00e3o T\u00e9cnica re\u00fane governo, universidades, associa\u00e7\u00f5es, especialistas e usu\u00e1rios para discutir a implementa\u00e7\u00e3o do recurso da Audiodescri\u00e7\u00e3o na programa\u00e7\u00e3o das emissoras de televis\u00e3o brasileira<\/p>\n<p><em><strong>Encontro acontece na pr\u00f3xima quinta-feira (11\/02) no Inmetro, em Bras\u00edlia<\/strong><\/em><\/p>\n<p><em>Promovida pela Secretaria Especial dos Direitos Humanos da Presid\u00eancia da Rep\u00fablica, por meio da Subsecretaria Nacional dos Direitos da Pessoa com Defici\u00eancia, a <\/em><em>Reuni\u00e3o T\u00e9cnica \u201cAudiodescri\u00e7\u00e3o: uma discuss\u00e3o sobre as portarias 310\/06 e 985\/09 do Minist\u00e9rio das Comunica\u00e7\u00f5es\u201d <\/em><em>pretende buscar um entendimento que permita provid\u00eancias a respeito da implementa\u00e7\u00e3o do recurso da audiodescri\u00e7\u00e3o na programa\u00e7\u00e3o das emissoras de televis\u00e3o brasileira. <\/em><\/p>\n<p>A audiodescri\u00e7\u00e3o \u00e9 o recurso que garante a inclus\u00e3o de pessoas com defici\u00eancia visual, intelectual e dislexia em cinema, teatro e programas de televis\u00e3o. O Minist\u00e9rio das Comunica\u00e7\u00f5es publicou em novembro de 2009 portaria em Di\u00e1rio Oficial colocando em Consulta P\u00fablica, pela quarta vez, minuta que altera o texto da norma sobre audiodescri\u00e7\u00e3o (Norma Complementar 1\/2006, que tornou a audiodescri\u00e7\u00e3o obrigat\u00f3ria na TV).<\/p>\n<p>Pelo cronograma da portaria, as emissoras que j\u00e1 est\u00e3o transmitindo em sistema digital t\u00eam 12 meses, a partir de 1\u00ba de julho de 2010, para disponibilizar a audiodescri\u00e7\u00e3o durante 2 horas semanais. Esse tempo vai aumentando gradativamente, at\u00e9 a obriga\u00e7\u00e3o de transmitir 24 horas semanais de conte\u00fado audiodescrito no prazo de 11 anos.<\/p>\n<p><em>Para Ana Paula Crosara de Resende, Diretora de Pol\u00edticas Tem\u00e1ticas da Subsecretaria Nacional de Promo\u00e7\u00e3o dos Direitos da Pessoa com Defici\u00eancia, a Reuni\u00e3o T\u00e9cnica \u00e9 uma oportunidade de construir propostas efetivas e eficazes para a Consulta P\u00fablica do Minist\u00e9rio das Comunica\u00e7\u00f5es. \u201cNossa meta \u00e9 definir estrat\u00e9gicas conjuntas, governo e sociedade civil, para a implementa\u00e7\u00e3o desse importante recurso de acessibilidade que precisa entrar em vigor\u201d. <\/em><\/p>\n<p><em>Izabel Maior, Subsecret\u00e1ria Nacional de Promo\u00e7\u00e3o dos Direitos da Pessoa com Defici\u00eancia, prev\u00ea que a Reuni\u00e3o T\u00e9cnica ter\u00e1 um papel importante: \u201cAs obriga\u00e7\u00f5es legais assumidas internacional e nacionalmente pelo Brasil atrav\u00e9s da recep\u00e7\u00e3o da Conven\u00e7\u00e3o da ONU sobre os Direitos das Pessoas com Defici\u00eancia com <\/em><em>status <\/em><em>de emenda constitucional nos imp\u00f5e esse tipo de debate\u201d. Institucionalmente, cabe a Subsecretaria Nacional de Promo\u00e7\u00e3o dos Direitos da Pessoa com Defici\u00eancia assessorar Minist\u00e9rios e \u00f3rg\u00e3os do governo, como o das Comunica\u00e7\u00f5es, nessas discuss\u00f5es. \u201cPara n\u00f3s, o recurso da audiodescri\u00e7\u00e3o \u00e9 um direito e n\u00e3o pode ser tratado com adiamentos e redu\u00e7\u00e3o de sua disponibilidade nas diversas portarias editadas\u201d, concluiu Izabel. <\/em><\/p>\n<p><em>O evento contar\u00e1 com a participa\u00e7\u00e3o de especialistas na \u00e1rea da audiodescri\u00e7\u00e3o, entidades de direitos da pessoa com defici\u00eancia, entidades de empresas de comunica\u00e7\u00e3o e \u00f3rg\u00e3os governamentais dentre outras pessoas interessadas no assunto.<\/em><\/p>\n<p><em><strong>Hist\u00f3rico da Audiodescri\u00e7\u00e3o <\/strong><\/em><\/p>\n<p>A minuta de portaria foi elaborada com base nas sugest\u00f5es enviadas ao Minist\u00e9rio das Comunica\u00e7\u00f5es pela consulta p\u00fablica anterior, que ficou aberta at\u00e9 o dia 28 de outubro. O minist\u00e9rio deixou dispon\u00edvel em sua p\u00e1gina na internet toda a documenta\u00e7\u00e3o ligada ao tema, em formato poss\u00edvel de ser lido pelos softwares leitores de tela, para que os interessados pudessem enviar suas contribui\u00e7\u00f5es.<\/p>\n<p>Agora, depois de compilar o material recebido, o minist\u00e9rio chegou a uma minuta de portaria com as propostas de altera\u00e7\u00e3o, que segue para nova consulta p\u00fablica.<br \/>\nOs coment\u00e1rios e sugest\u00f5es sobre as mudan\u00e7as na norma de audiodescri\u00e7\u00e3o devem ser encaminhadas at\u00e9 12 de fevereiro de 2010, preferencialmente por meio do formul\u00e1rio eletr\u00f4nico dispon\u00edvel na p\u00e1gina do minist\u00e9rio na internet (<a href=\"http:\/\/www.mc.gov.br\/\">www.mc.gov.br<\/a>).<\/p>\n<p>Tamb\u00e9m \u00e9 poss\u00edvel protocolar as sugest\u00f5es pessoalmente, na sede do minist\u00e9rio, ou encaminh\u00e1-las via postal para o seguinte endere\u00e7o:<\/p>\n<p>Minist\u00e9rio das Comunica\u00e7\u00f5es, Secretaria de Servi\u00e7os de Comunica\u00e7\u00e3o Eletr\u00f4nica, Departamento de Outorga de Servi\u00e7os, Esplanada dos Minist\u00e9rios, Bloco \u201cR\u201d, Anexo, 3\u00ba andar, Ala Oeste, CEP 70044-900, Bras\u00edlia-DF.<\/p>\n<p><strong>Fonte:<\/strong> <em>Subsecretaria Nacional de Promo\u00e7\u00e3o dos Direitos da Pessoa com Defici\u00eancia<\/em><\/p>\n<p><em> <\/em><em><strong><span style=\"text-decoration: underline;\">Servi\u00e7o:<\/span><\/strong><\/em><\/p>\n<p><em>Reuni\u00e3o T\u00e9cnica \u201cAudiodescri\u00e7\u00e3o: uma discuss\u00e3o sobre as portarias 310\/06 e 985\/09 do Minist\u00e9rio das Comunica\u00e7\u00f5es\u201d<\/em><\/p>\n<p><em>11 de fevereiro de 2010<\/em><\/p>\n<p><em>Das 9 \u00e0s 17h<\/em><\/p>\n<p><em>Sala de Reuni\u00f5es do Instituto Nacional de Metrologia, Normaliza\u00e7\u00e3o e Qualidade Industrial \u2013 Inmetro :: <\/em>SEPN \u2013W3- Norte , Bloco B- Edif\u00edcio Bittar III, Quadra 511<em> <\/em><\/p>\n<p><em>Informa\u00e7\u00f5es: <\/em><em><a href=\"mailto:corde@sedh.gov.br\">corde@sedh.gov.br<\/a><\/em><em> , ou pelo telefone (61) 2025 3684 <\/em><\/p>\n","protected":false},"excerpt":{"rendered":"<p>Reuni\u00e3o T\u00e9cnica re\u00fane governo, universidades, associa\u00e7\u00f5es, especialistas e usu\u00e1rios para discutir a implementa\u00e7\u00e3o do recurso da Audiodescri\u00e7\u00e3o na programa\u00e7\u00e3o das emissoras de televis\u00e3o brasileira Encontro acontece na pr\u00f3xima quinta-feira (11\/02) no Inmetro, em Bras\u00edlia Promovida pela Secretaria Especial dos Direitos Humanos da Presid\u00eancia da Rep\u00fablica, por meio da Subsecretaria Nacional dos Direitos da Pessoa com [&hellip;]<\/p>\n","protected":false},"author":1,"featured_media":0,"comment_status":"open","ping_status":"open","sticky":false,"template":"","format":"standard","meta":{"site-container-style":"default","site-container-layout":"default","site-sidebar-layout":"default","disable-article-header":"default","disable-site-header":"default","disable-site-footer":"default","disable-content-area-spacing":"default","footnotes":""},"categories":[44,29,38,48,4,49],"tags":[],"class_list":["post-13836","post","type-post","status-publish","format-standard","hentry","category-acessibilidade","category-cultura","category-deficiencia","category-inclusao","category-noticias","category-politicas-publicas"],"yoast_head":"<!-- This site is optimized with the Yoast SEO plugin v27.4 - https:\/\/yoast.com\/product\/yoast-seo-wordpress\/ -->\n<title>Reuni\u00e3o sobre audiodescri\u00e7\u00e3o em Bras\u00edlia -<\/title>\n<meta name=\"robots\" content=\"index, follow, max-snippet:-1, max-image-preview:large, max-video-preview:-1\" \/>\n<link rel=\"canonical\" href=\"https:\/\/inclusivenews.com.br\/?p=13836\" \/>\n<meta property=\"og:locale\" content=\"pt_PT\" \/>\n<meta property=\"og:type\" content=\"article\" \/>\n<meta property=\"og:title\" content=\"Reuni\u00e3o sobre audiodescri\u00e7\u00e3o em Bras\u00edlia -\" \/>\n<meta property=\"og:description\" content=\"Reuni\u00e3o T\u00e9cnica re\u00fane governo, universidades, associa\u00e7\u00f5es, especialistas e usu\u00e1rios para discutir a implementa\u00e7\u00e3o do recurso da Audiodescri\u00e7\u00e3o na programa\u00e7\u00e3o das emissoras de televis\u00e3o brasileira Encontro acontece na pr\u00f3xima quinta-feira (11\/02) no Inmetro, em Bras\u00edlia Promovida pela Secretaria Especial dos Direitos Humanos da Presid\u00eancia da Rep\u00fablica, por meio da Subsecretaria Nacional dos Direitos da Pessoa com [&hellip;]\" \/>\n<meta property=\"og:url\" content=\"https:\/\/inclusivenews.com.br\/?p=13836\" \/>\n<meta property=\"article:publisher\" content=\"https:\/\/www.facebook.com\/agenciainclusive\/\" \/>\n<meta property=\"article:published_time\" content=\"2010-02-09T21:40:47+00:00\" \/>\n<meta property=\"og:image\" content=\"http:\/\/inclusivenews.com.br\/wp-content\/uploads\/2010\/02\/tv21-150x150.jpg\" \/>\n<meta name=\"author\" content=\"inclusivenews2024\" \/>\n<meta name=\"twitter:card\" content=\"summary_large_image\" \/>\n<meta name=\"twitter:label1\" content=\"Escrito por\" \/>\n\t<meta name=\"twitter:data1\" content=\"inclusivenews2024\" \/>\n\t<meta name=\"twitter:label2\" content=\"Tempo estimado de leitura\" \/>\n\t<meta name=\"twitter:data2\" content=\"4 minutos\" \/>\n<script type=\"application\/ld+json\" class=\"yoast-schema-graph\">{\"@context\":\"https:\\\/\\\/schema.org\",\"@graph\":[{\"@type\":\"Article\",\"@id\":\"https:\\\/\\\/inclusivenews.com.br\\\/?p=13836#article\",\"isPartOf\":{\"@id\":\"https:\\\/\\\/inclusivenews.com.br\\\/?p=13836\"},\"author\":{\"name\":\"inclusivenews2024\",\"@id\":\"https:\\\/\\\/inclusivenews.com.br\\\/#\\\/schema\\\/person\\\/ae4ec7087559b8692fb33b6fffd2273b\"},\"headline\":\"Reuni\u00e3o sobre audiodescri\u00e7\u00e3o em Bras\u00edlia\",\"datePublished\":\"2010-02-09T21:40:47+00:00\",\"mainEntityOfPage\":{\"@id\":\"https:\\\/\\\/inclusivenews.com.br\\\/?p=13836\"},\"wordCount\":781,\"commentCount\":0,\"publisher\":{\"@id\":\"https:\\\/\\\/inclusivenews.com.br\\\/#organization\"},\"image\":{\"@id\":\"https:\\\/\\\/inclusivenews.com.br\\\/?p=13836#primaryimage\"},\"thumbnailUrl\":\"http:\\\/\\\/inclusivenews.com.br\\\/wp-content\\\/uploads\\\/2010\\\/02\\\/tv21-150x150.jpg\",\"articleSection\":[\"ACESSIBILIDADE\",\"Cultura\",\"Defici\u00eancia\",\"INCLUS\u00c3O SOCIAL\",\"NOT\u00cdCIAS\",\"Pol\u00edticas p\u00fablicas\"],\"inLanguage\":\"pt-PT\",\"potentialAction\":[{\"@type\":\"CommentAction\",\"name\":\"Comment\",\"target\":[\"https:\\\/\\\/inclusivenews.com.br\\\/?p=13836#respond\"]}]},{\"@type\":\"WebPage\",\"@id\":\"https:\\\/\\\/inclusivenews.com.br\\\/?p=13836\",\"url\":\"https:\\\/\\\/inclusivenews.com.br\\\/?p=13836\",\"name\":\"Reuni\u00e3o sobre audiodescri\u00e7\u00e3o em Bras\u00edlia -\",\"isPartOf\":{\"@id\":\"https:\\\/\\\/inclusivenews.com.br\\\/#website\"},\"primaryImageOfPage\":{\"@id\":\"https:\\\/\\\/inclusivenews.com.br\\\/?p=13836#primaryimage\"},\"image\":{\"@id\":\"https:\\\/\\\/inclusivenews.com.br\\\/?p=13836#primaryimage\"},\"thumbnailUrl\":\"http:\\\/\\\/inclusivenews.com.br\\\/wp-content\\\/uploads\\\/2010\\\/02\\\/tv21-150x150.jpg\",\"datePublished\":\"2010-02-09T21:40:47+00:00\",\"breadcrumb\":{\"@id\":\"https:\\\/\\\/inclusivenews.com.br\\\/?p=13836#breadcrumb\"},\"inLanguage\":\"pt-PT\",\"potentialAction\":[{\"@type\":\"ReadAction\",\"target\":[\"https:\\\/\\\/inclusivenews.com.br\\\/?p=13836\"]}]},{\"@type\":\"ImageObject\",\"inLanguage\":\"pt-PT\",\"@id\":\"https:\\\/\\\/inclusivenews.com.br\\\/?p=13836#primaryimage\",\"url\":\"\",\"contentUrl\":\"\"},{\"@type\":\"BreadcrumbList\",\"@id\":\"https:\\\/\\\/inclusivenews.com.br\\\/?p=13836#breadcrumb\",\"itemListElement\":[{\"@type\":\"ListItem\",\"position\":1,\"name\":\"In\u00edcio\",\"item\":\"https:\\\/\\\/inclusivenews.com.br\\\/\"},{\"@type\":\"ListItem\",\"position\":2,\"name\":\"Reuni\u00e3o sobre audiodescri\u00e7\u00e3o em Bras\u00edlia\"}]},{\"@type\":\"WebSite\",\"@id\":\"https:\\\/\\\/inclusivenews.com.br\\\/#website\",\"url\":\"https:\\\/\\\/inclusivenews.com.br\\\/\",\"name\":\"Inclusive News\",\"description\":\"Inclusive News\",\"publisher\":{\"@id\":\"https:\\\/\\\/inclusivenews.com.br\\\/#organization\"},\"potentialAction\":[{\"@type\":\"SearchAction\",\"target\":{\"@type\":\"EntryPoint\",\"urlTemplate\":\"https:\\\/\\\/inclusivenews.com.br\\\/?s={search_term_string}\"},\"query-input\":{\"@type\":\"PropertyValueSpecification\",\"valueRequired\":true,\"valueName\":\"search_term_string\"}}],\"inLanguage\":\"pt-PT\"},{\"@type\":\"Organization\",\"@id\":\"https:\\\/\\\/inclusivenews.com.br\\\/#organization\",\"name\":\"Inclusive - inclus\u00e3o e cidadania\",\"url\":\"https:\\\/\\\/inclusivenews.com.br\\\/\",\"logo\":{\"@type\":\"ImageObject\",\"inLanguage\":\"pt-PT\",\"@id\":\"https:\\\/\\\/inclusivenews.com.br\\\/#\\\/schema\\\/logo\\\/image\\\/\",\"url\":\"https:\\\/\\\/inclusivenews.com.br\\\/wp-content\\\/uploads\\\/2024\\\/03\\\/@grandesite.png\",\"contentUrl\":\"https:\\\/\\\/inclusivenews.com.br\\\/wp-content\\\/uploads\\\/2024\\\/03\\\/@grandesite.png\",\"width\":1080,\"height\":1080,\"caption\":\"Inclusive - inclus\u00e3o e cidadania\"},\"image\":{\"@id\":\"https:\\\/\\\/inclusivenews.com.br\\\/#\\\/schema\\\/logo\\\/image\\\/\"},\"sameAs\":[\"https:\\\/\\\/www.facebook.com\\\/agenciainclusive\\\/\",\"https:\\\/\\\/www.instagram.com\\\/newsinclusive\\\/\"]},{\"@type\":\"Person\",\"@id\":\"https:\\\/\\\/inclusivenews.com.br\\\/#\\\/schema\\\/person\\\/ae4ec7087559b8692fb33b6fffd2273b\",\"name\":\"inclusivenews2024\",\"image\":{\"@type\":\"ImageObject\",\"inLanguage\":\"pt-PT\",\"@id\":\"https:\\\/\\\/secure.gravatar.com\\\/avatar\\\/c5a7ef84c66fa914f55bc4f7ce26cfa275a3b9a1c5568b907bd184fb4dde7b40?s=96&d=mm&r=g\",\"url\":\"https:\\\/\\\/secure.gravatar.com\\\/avatar\\\/c5a7ef84c66fa914f55bc4f7ce26cfa275a3b9a1c5568b907bd184fb4dde7b40?s=96&d=mm&r=g\",\"contentUrl\":\"https:\\\/\\\/secure.gravatar.com\\\/avatar\\\/c5a7ef84c66fa914f55bc4f7ce26cfa275a3b9a1c5568b907bd184fb4dde7b40?s=96&d=mm&r=g\",\"caption\":\"inclusivenews2024\"},\"sameAs\":[\"https:\\\/\\\/inclusivenews.com.br\"],\"url\":\"https:\\\/\\\/inclusivenews.com.br\\\/?author=1\"}]}<\/script>\n<!-- \/ Yoast SEO plugin. -->","yoast_head_json":{"title":"Reuni\u00e3o sobre audiodescri\u00e7\u00e3o em Bras\u00edlia -","robots":{"index":"index","follow":"follow","max-snippet":"max-snippet:-1","max-image-preview":"max-image-preview:large","max-video-preview":"max-video-preview:-1"},"canonical":"https:\/\/inclusivenews.com.br\/?p=13836","og_locale":"pt_PT","og_type":"article","og_title":"Reuni\u00e3o sobre audiodescri\u00e7\u00e3o em Bras\u00edlia -","og_description":"Reuni\u00e3o T\u00e9cnica re\u00fane governo, universidades, associa\u00e7\u00f5es, especialistas e usu\u00e1rios para discutir a implementa\u00e7\u00e3o do recurso da Audiodescri\u00e7\u00e3o na programa\u00e7\u00e3o das emissoras de televis\u00e3o brasileira Encontro acontece na pr\u00f3xima quinta-feira (11\/02) no Inmetro, em Bras\u00edlia Promovida pela Secretaria Especial dos Direitos Humanos da Presid\u00eancia da Rep\u00fablica, por meio da Subsecretaria Nacional dos Direitos da Pessoa com [&hellip;]","og_url":"https:\/\/inclusivenews.com.br\/?p=13836","article_publisher":"https:\/\/www.facebook.com\/agenciainclusive\/","article_published_time":"2010-02-09T21:40:47+00:00","og_image":[{"url":"http:\/\/inclusivenews.com.br\/wp-content\/uploads\/2010\/02\/tv21-150x150.jpg","type":"","width":"","height":""}],"author":"inclusivenews2024","twitter_card":"summary_large_image","twitter_misc":{"Escrito por":"inclusivenews2024","Tempo estimado de leitura":"4 minutos"},"schema":{"@context":"https:\/\/schema.org","@graph":[{"@type":"Article","@id":"https:\/\/inclusivenews.com.br\/?p=13836#article","isPartOf":{"@id":"https:\/\/inclusivenews.com.br\/?p=13836"},"author":{"name":"inclusivenews2024","@id":"https:\/\/inclusivenews.com.br\/#\/schema\/person\/ae4ec7087559b8692fb33b6fffd2273b"},"headline":"Reuni\u00e3o sobre audiodescri\u00e7\u00e3o em Bras\u00edlia","datePublished":"2010-02-09T21:40:47+00:00","mainEntityOfPage":{"@id":"https:\/\/inclusivenews.com.br\/?p=13836"},"wordCount":781,"commentCount":0,"publisher":{"@id":"https:\/\/inclusivenews.com.br\/#organization"},"image":{"@id":"https:\/\/inclusivenews.com.br\/?p=13836#primaryimage"},"thumbnailUrl":"http:\/\/inclusivenews.com.br\/wp-content\/uploads\/2010\/02\/tv21-150x150.jpg","articleSection":["ACESSIBILIDADE","Cultura","Defici\u00eancia","INCLUS\u00c3O SOCIAL","NOT\u00cdCIAS","Pol\u00edticas p\u00fablicas"],"inLanguage":"pt-PT","potentialAction":[{"@type":"CommentAction","name":"Comment","target":["https:\/\/inclusivenews.com.br\/?p=13836#respond"]}]},{"@type":"WebPage","@id":"https:\/\/inclusivenews.com.br\/?p=13836","url":"https:\/\/inclusivenews.com.br\/?p=13836","name":"Reuni\u00e3o sobre audiodescri\u00e7\u00e3o em Bras\u00edlia -","isPartOf":{"@id":"https:\/\/inclusivenews.com.br\/#website"},"primaryImageOfPage":{"@id":"https:\/\/inclusivenews.com.br\/?p=13836#primaryimage"},"image":{"@id":"https:\/\/inclusivenews.com.br\/?p=13836#primaryimage"},"thumbnailUrl":"http:\/\/inclusivenews.com.br\/wp-content\/uploads\/2010\/02\/tv21-150x150.jpg","datePublished":"2010-02-09T21:40:47+00:00","breadcrumb":{"@id":"https:\/\/inclusivenews.com.br\/?p=13836#breadcrumb"},"inLanguage":"pt-PT","potentialAction":[{"@type":"ReadAction","target":["https:\/\/inclusivenews.com.br\/?p=13836"]}]},{"@type":"ImageObject","inLanguage":"pt-PT","@id":"https:\/\/inclusivenews.com.br\/?p=13836#primaryimage","url":"","contentUrl":""},{"@type":"BreadcrumbList","@id":"https:\/\/inclusivenews.com.br\/?p=13836#breadcrumb","itemListElement":[{"@type":"ListItem","position":1,"name":"In\u00edcio","item":"https:\/\/inclusivenews.com.br\/"},{"@type":"ListItem","position":2,"name":"Reuni\u00e3o sobre audiodescri\u00e7\u00e3o em Bras\u00edlia"}]},{"@type":"WebSite","@id":"https:\/\/inclusivenews.com.br\/#website","url":"https:\/\/inclusivenews.com.br\/","name":"Inclusive News","description":"Inclusive News","publisher":{"@id":"https:\/\/inclusivenews.com.br\/#organization"},"potentialAction":[{"@type":"SearchAction","target":{"@type":"EntryPoint","urlTemplate":"https:\/\/inclusivenews.com.br\/?s={search_term_string}"},"query-input":{"@type":"PropertyValueSpecification","valueRequired":true,"valueName":"search_term_string"}}],"inLanguage":"pt-PT"},{"@type":"Organization","@id":"https:\/\/inclusivenews.com.br\/#organization","name":"Inclusive - inclus\u00e3o e cidadania","url":"https:\/\/inclusivenews.com.br\/","logo":{"@type":"ImageObject","inLanguage":"pt-PT","@id":"https:\/\/inclusivenews.com.br\/#\/schema\/logo\/image\/","url":"https:\/\/inclusivenews.com.br\/wp-content\/uploads\/2024\/03\/@grandesite.png","contentUrl":"https:\/\/inclusivenews.com.br\/wp-content\/uploads\/2024\/03\/@grandesite.png","width":1080,"height":1080,"caption":"Inclusive - inclus\u00e3o e cidadania"},"image":{"@id":"https:\/\/inclusivenews.com.br\/#\/schema\/logo\/image\/"},"sameAs":["https:\/\/www.facebook.com\/agenciainclusive\/","https:\/\/www.instagram.com\/newsinclusive\/"]},{"@type":"Person","@id":"https:\/\/inclusivenews.com.br\/#\/schema\/person\/ae4ec7087559b8692fb33b6fffd2273b","name":"inclusivenews2024","image":{"@type":"ImageObject","inLanguage":"pt-PT","@id":"https:\/\/secure.gravatar.com\/avatar\/c5a7ef84c66fa914f55bc4f7ce26cfa275a3b9a1c5568b907bd184fb4dde7b40?s=96&d=mm&r=g","url":"https:\/\/secure.gravatar.com\/avatar\/c5a7ef84c66fa914f55bc4f7ce26cfa275a3b9a1c5568b907bd184fb4dde7b40?s=96&d=mm&r=g","contentUrl":"https:\/\/secure.gravatar.com\/avatar\/c5a7ef84c66fa914f55bc4f7ce26cfa275a3b9a1c5568b907bd184fb4dde7b40?s=96&d=mm&r=g","caption":"inclusivenews2024"},"sameAs":["https:\/\/inclusivenews.com.br"],"url":"https:\/\/inclusivenews.com.br\/?author=1"}]}},"_links":{"self":[{"href":"https:\/\/inclusivenews.com.br\/index.php?rest_route=\/wp\/v2\/posts\/13836","targetHints":{"allow":["GET"]}}],"collection":[{"href":"https:\/\/inclusivenews.com.br\/index.php?rest_route=\/wp\/v2\/posts"}],"about":[{"href":"https:\/\/inclusivenews.com.br\/index.php?rest_route=\/wp\/v2\/types\/post"}],"author":[{"embeddable":true,"href":"https:\/\/inclusivenews.com.br\/index.php?rest_route=\/wp\/v2\/users\/1"}],"replies":[{"embeddable":true,"href":"https:\/\/inclusivenews.com.br\/index.php?rest_route=%2Fwp%2Fv2%2Fcomments&post=13836"}],"version-history":[{"count":0,"href":"https:\/\/inclusivenews.com.br\/index.php?rest_route=\/wp\/v2\/posts\/13836\/revisions"}],"wp:attachment":[{"href":"https:\/\/inclusivenews.com.br\/index.php?rest_route=%2Fwp%2Fv2%2Fmedia&parent=13836"}],"wp:term":[{"taxonomy":"category","embeddable":true,"href":"https:\/\/inclusivenews.com.br\/index.php?rest_route=%2Fwp%2Fv2%2Fcategories&post=13836"},{"taxonomy":"post_tag","embeddable":true,"href":"https:\/\/inclusivenews.com.br\/index.php?rest_route=%2Fwp%2Fv2%2Ftags&post=13836"}],"curies":[{"name":"wp","href":"https:\/\/api.w.org\/{rel}","templated":true}]}}