{"id":13840,"date":"2010-02-09T22:14:38","date_gmt":"2010-02-10T01:14:38","guid":{"rendered":"http:\/\/www.inclusive.org.br\/?p=13840"},"modified":"2010-02-09T22:14:38","modified_gmt":"2010-02-10T01:14:38","slug":"carnaval-2010-portela-prega-insercao-social-pela-web","status":"publish","type":"post","link":"https:\/\/inclusivenews.com.br\/?p=13840","title":{"rendered":"Carnaval 2010: Portela prega inser\u00e7\u00e3o social pela web"},"content":{"rendered":"<figure id=\"attachment_13841\" aria-describedby=\"caption-attachment-13841\" style=\"width: 150px\" class=\"wp-caption alignnone\"><a href=\"http:\/\/www.inclusivenews.com.br\/wp-content\/uploads\/2010\/02\/fernanda.jpg\"><img loading=\"lazy\" decoding=\"async\" class=\"size-thumbnail wp-image-13841\" title=\"fernanda\" src=\"http:\/\/inclusivenews.com.br\/wp-content\/uploads\/2010\/02\/fernanda-150x150.jpg\" alt=\"\" width=\"150\" height=\"150\" \/><\/a><figcaption id=\"caption-attachment-13841\" class=\"wp-caption-text\">Fernanda Honorato, passista da Portela<\/figcaption><\/figure>\n<p>Campe\u00e3 do Grupo Especial do carnaval fluminense pela \u00faltima vez em 1984, a Portela, que coleciona 21 conquistas, aposta na internet para voltar \u00e0 gl\u00f3ria. O samba-enredo escolhido para este ano &#8211; &#8220;Derrubando fronteiras, conquistando a liberdade&#8230; Um Rio de paz, um estado de gra\u00e7a&#8221; &#8211; vai tratar do uso da internet e da inclus\u00e3o digital como meio para a inclus\u00e3o social, o que levaria \u00e0 paz. &#8220;Queremos fazer esse recorte para mostrar a tecnologia como uma ferramenta de transforma\u00e7\u00e3o social&#8221;, explica o carnavalesco da Portela, Alex Oliveira.<\/p>\n<p>Para levar o t\u00edtulo, a Portela levar\u00e1 \u00e0 avenida 4,2 mil pessoas, divididas em 36 alas. &#8220;Vamos apresentar fantasias com solu\u00e7\u00f5es tecnol\u00f3gicas, al\u00e9m da utiliza\u00e7\u00e3o de novos materiais, com uma preocupa\u00e7\u00e3o maior com a sustentabilidade&#8221;, explica o carnavalesco. A escola n\u00e3o revelou os gastos para o desfile deste ano.<\/p>\n<p>Para Oliveira, um dos principais pontos do desfile deste ano da Portela \u00e9 o apelo social do samba-enredo. &#8220;Para poder mostrar como a internet possibilita essa inclus\u00e3o das pessoas, levaremos \u00e0 avenida pessoas que podem se beneficiar dessa inclus\u00e3o, como cadeirantes, campe\u00f5es paraol\u00edmpicos, an\u00f5es, pessoas com s\u00edndrome de Down&#8221;, afirma. &#8220;Queremos mostrar essa derrubada de fronteiras, e como isso pode acabar com o preconceito na sociedade&#8221;, conta. Da\u00ed, conclui o carnavalesco, vem a liga\u00e7\u00e3o com o final do desfile e o pedido de paz para o Rio de Janeiro.<\/p>\n<p>Leia a mat\u00e9ria inteira em: <a href=\"http:\/\/www.abril.com.br\/noticias\/brasil\/carnaval-2010-portela-prega-insercao-social-pela-web-901546.shtml\">http:\/\/www.abril.com.br\/noticias\/brasil\/carnaval-2010-portela-prega-insercao-social-pela-web-901546.shtml<\/a><\/p>\n<p>Fonte: Abril.com<\/p>\n","protected":false},"excerpt":{"rendered":"<p>&#8220;Para poder mostrar como a internet possibilita essa inclus\u00e3o das pessoas, levaremos \u00e0 avenida pessoas que podem se beneficiar dessa inclus\u00e3o, como cadeirantes, campe\u00f5es paraol\u00edmpicos, an\u00f5es, pessoas com s\u00edndrome de Down&#8221;, afirma. <\/p>\n","protected":false},"author":1,"featured_media":0,"comment_status":"open","ping_status":"open","sticky":false,"template":"","format":"standard","meta":{"site-container-style":"default","site-container-layout":"default","site-sidebar-layout":"default","disable-article-header":"default","disable-site-header":"default","disable-site-footer":"default","disable-content-area-spacing":"default","footnotes":""},"categories":[29,48,4],"tags":[],"class_list":["post-13840","post","type-post","status-publish","format-standard","hentry","category-cultura","category-inclusao","category-noticias"],"yoast_head":"<!-- This site is optimized with the Yoast SEO plugin v27.4 - https:\/\/yoast.com\/product\/yoast-seo-wordpress\/ -->\n<title>Carnaval 2010: Portela prega inser\u00e7\u00e3o social pela web -<\/title>\n<meta name=\"robots\" content=\"index, follow, max-snippet:-1, max-image-preview:large, max-video-preview:-1\" \/>\n<link rel=\"canonical\" href=\"https:\/\/inclusivenews.com.br\/?p=13840\" \/>\n<meta property=\"og:locale\" content=\"pt_PT\" \/>\n<meta property=\"og:type\" content=\"article\" \/>\n<meta property=\"og:title\" content=\"Carnaval 2010: Portela prega inser\u00e7\u00e3o social pela web -\" \/>\n<meta property=\"og:description\" content=\"&quot;Para poder mostrar como a internet possibilita essa inclus\u00e3o das pessoas, levaremos \u00e0 avenida pessoas que podem se beneficiar dessa inclus\u00e3o, como cadeirantes, campe\u00f5es paraol\u00edmpicos, an\u00f5es, pessoas com s\u00edndrome de Down&quot;, afirma.\" \/>\n<meta property=\"og:url\" content=\"https:\/\/inclusivenews.com.br\/?p=13840\" \/>\n<meta property=\"article:publisher\" content=\"https:\/\/www.facebook.com\/agenciainclusive\/\" \/>\n<meta property=\"article:published_time\" content=\"2010-02-10T01:14:38+00:00\" \/>\n<meta property=\"og:image\" content=\"http:\/\/inclusivenews.com.br\/wp-content\/uploads\/2010\/02\/fernanda-150x150.jpg\" \/>\n<meta name=\"author\" content=\"inclusivenews2024\" \/>\n<meta name=\"twitter:card\" content=\"summary_large_image\" \/>\n<meta name=\"twitter:label1\" content=\"Escrito por\" \/>\n\t<meta name=\"twitter:data1\" content=\"inclusivenews2024\" \/>\n\t<meta name=\"twitter:label2\" content=\"Tempo estimado de leitura\" \/>\n\t<meta name=\"twitter:data2\" content=\"1 minuto\" \/>\n<script type=\"application\/ld+json\" class=\"yoast-schema-graph\">{\"@context\":\"https:\\\/\\\/schema.org\",\"@graph\":[{\"@type\":\"Article\",\"@id\":\"https:\\\/\\\/inclusivenews.com.br\\\/?p=13840#article\",\"isPartOf\":{\"@id\":\"https:\\\/\\\/inclusivenews.com.br\\\/?p=13840\"},\"author\":{\"name\":\"inclusivenews2024\",\"@id\":\"https:\\\/\\\/inclusivenews.com.br\\\/#\\\/schema\\\/person\\\/ae4ec7087559b8692fb33b6fffd2273b\"},\"headline\":\"Carnaval 2010: Portela prega inser\u00e7\u00e3o social pela web\",\"datePublished\":\"2010-02-10T01:14:38+00:00\",\"mainEntityOfPage\":{\"@id\":\"https:\\\/\\\/inclusivenews.com.br\\\/?p=13840\"},\"wordCount\":276,\"commentCount\":0,\"publisher\":{\"@id\":\"https:\\\/\\\/inclusivenews.com.br\\\/#organization\"},\"image\":{\"@id\":\"https:\\\/\\\/inclusivenews.com.br\\\/?p=13840#primaryimage\"},\"thumbnailUrl\":\"http:\\\/\\\/inclusivenews.com.br\\\/wp-content\\\/uploads\\\/2010\\\/02\\\/fernanda-150x150.jpg\",\"articleSection\":[\"Cultura\",\"INCLUS\u00c3O SOCIAL\",\"NOT\u00cdCIAS\"],\"inLanguage\":\"pt-PT\",\"potentialAction\":[{\"@type\":\"CommentAction\",\"name\":\"Comment\",\"target\":[\"https:\\\/\\\/inclusivenews.com.br\\\/?p=13840#respond\"]}]},{\"@type\":\"WebPage\",\"@id\":\"https:\\\/\\\/inclusivenews.com.br\\\/?p=13840\",\"url\":\"https:\\\/\\\/inclusivenews.com.br\\\/?p=13840\",\"name\":\"Carnaval 2010: Portela prega inser\u00e7\u00e3o social pela web -\",\"isPartOf\":{\"@id\":\"https:\\\/\\\/inclusivenews.com.br\\\/#website\"},\"primaryImageOfPage\":{\"@id\":\"https:\\\/\\\/inclusivenews.com.br\\\/?p=13840#primaryimage\"},\"image\":{\"@id\":\"https:\\\/\\\/inclusivenews.com.br\\\/?p=13840#primaryimage\"},\"thumbnailUrl\":\"http:\\\/\\\/inclusivenews.com.br\\\/wp-content\\\/uploads\\\/2010\\\/02\\\/fernanda-150x150.jpg\",\"datePublished\":\"2010-02-10T01:14:38+00:00\",\"breadcrumb\":{\"@id\":\"https:\\\/\\\/inclusivenews.com.br\\\/?p=13840#breadcrumb\"},\"inLanguage\":\"pt-PT\",\"potentialAction\":[{\"@type\":\"ReadAction\",\"target\":[\"https:\\\/\\\/inclusivenews.com.br\\\/?p=13840\"]}]},{\"@type\":\"ImageObject\",\"inLanguage\":\"pt-PT\",\"@id\":\"https:\\\/\\\/inclusivenews.com.br\\\/?p=13840#primaryimage\",\"url\":\"\",\"contentUrl\":\"\"},{\"@type\":\"BreadcrumbList\",\"@id\":\"https:\\\/\\\/inclusivenews.com.br\\\/?p=13840#breadcrumb\",\"itemListElement\":[{\"@type\":\"ListItem\",\"position\":1,\"name\":\"In\u00edcio\",\"item\":\"https:\\\/\\\/inclusivenews.com.br\\\/\"},{\"@type\":\"ListItem\",\"position\":2,\"name\":\"Carnaval 2010: Portela prega inser\u00e7\u00e3o social pela web\"}]},{\"@type\":\"WebSite\",\"@id\":\"https:\\\/\\\/inclusivenews.com.br\\\/#website\",\"url\":\"https:\\\/\\\/inclusivenews.com.br\\\/\",\"name\":\"Inclusive News\",\"description\":\"Inclusive News\",\"publisher\":{\"@id\":\"https:\\\/\\\/inclusivenews.com.br\\\/#organization\"},\"potentialAction\":[{\"@type\":\"SearchAction\",\"target\":{\"@type\":\"EntryPoint\",\"urlTemplate\":\"https:\\\/\\\/inclusivenews.com.br\\\/?s={search_term_string}\"},\"query-input\":{\"@type\":\"PropertyValueSpecification\",\"valueRequired\":true,\"valueName\":\"search_term_string\"}}],\"inLanguage\":\"pt-PT\"},{\"@type\":\"Organization\",\"@id\":\"https:\\\/\\\/inclusivenews.com.br\\\/#organization\",\"name\":\"Inclusive - inclus\u00e3o e cidadania\",\"url\":\"https:\\\/\\\/inclusivenews.com.br\\\/\",\"logo\":{\"@type\":\"ImageObject\",\"inLanguage\":\"pt-PT\",\"@id\":\"https:\\\/\\\/inclusivenews.com.br\\\/#\\\/schema\\\/logo\\\/image\\\/\",\"url\":\"https:\\\/\\\/inclusivenews.com.br\\\/wp-content\\\/uploads\\\/2024\\\/03\\\/@grandesite.png\",\"contentUrl\":\"https:\\\/\\\/inclusivenews.com.br\\\/wp-content\\\/uploads\\\/2024\\\/03\\\/@grandesite.png\",\"width\":1080,\"height\":1080,\"caption\":\"Inclusive - inclus\u00e3o e cidadania\"},\"image\":{\"@id\":\"https:\\\/\\\/inclusivenews.com.br\\\/#\\\/schema\\\/logo\\\/image\\\/\"},\"sameAs\":[\"https:\\\/\\\/www.facebook.com\\\/agenciainclusive\\\/\",\"https:\\\/\\\/www.instagram.com\\\/newsinclusive\\\/\"]},{\"@type\":\"Person\",\"@id\":\"https:\\\/\\\/inclusivenews.com.br\\\/#\\\/schema\\\/person\\\/ae4ec7087559b8692fb33b6fffd2273b\",\"name\":\"inclusivenews2024\",\"image\":{\"@type\":\"ImageObject\",\"inLanguage\":\"pt-PT\",\"@id\":\"https:\\\/\\\/secure.gravatar.com\\\/avatar\\\/c5a7ef84c66fa914f55bc4f7ce26cfa275a3b9a1c5568b907bd184fb4dde7b40?s=96&d=mm&r=g\",\"url\":\"https:\\\/\\\/secure.gravatar.com\\\/avatar\\\/c5a7ef84c66fa914f55bc4f7ce26cfa275a3b9a1c5568b907bd184fb4dde7b40?s=96&d=mm&r=g\",\"contentUrl\":\"https:\\\/\\\/secure.gravatar.com\\\/avatar\\\/c5a7ef84c66fa914f55bc4f7ce26cfa275a3b9a1c5568b907bd184fb4dde7b40?s=96&d=mm&r=g\",\"caption\":\"inclusivenews2024\"},\"sameAs\":[\"https:\\\/\\\/inclusivenews.com.br\"],\"url\":\"https:\\\/\\\/inclusivenews.com.br\\\/?author=1\"}]}<\/script>\n<!-- \/ Yoast SEO plugin. -->","yoast_head_json":{"title":"Carnaval 2010: Portela prega inser\u00e7\u00e3o social pela web -","robots":{"index":"index","follow":"follow","max-snippet":"max-snippet:-1","max-image-preview":"max-image-preview:large","max-video-preview":"max-video-preview:-1"},"canonical":"https:\/\/inclusivenews.com.br\/?p=13840","og_locale":"pt_PT","og_type":"article","og_title":"Carnaval 2010: Portela prega inser\u00e7\u00e3o social pela web -","og_description":"\"Para poder mostrar como a internet possibilita essa inclus\u00e3o das pessoas, levaremos \u00e0 avenida pessoas que podem se beneficiar dessa inclus\u00e3o, como cadeirantes, campe\u00f5es paraol\u00edmpicos, an\u00f5es, pessoas com s\u00edndrome de Down\", afirma.","og_url":"https:\/\/inclusivenews.com.br\/?p=13840","article_publisher":"https:\/\/www.facebook.com\/agenciainclusive\/","article_published_time":"2010-02-10T01:14:38+00:00","og_image":[{"url":"http:\/\/inclusivenews.com.br\/wp-content\/uploads\/2010\/02\/fernanda-150x150.jpg","type":"","width":"","height":""}],"author":"inclusivenews2024","twitter_card":"summary_large_image","twitter_misc":{"Escrito por":"inclusivenews2024","Tempo estimado de leitura":"1 minuto"},"schema":{"@context":"https:\/\/schema.org","@graph":[{"@type":"Article","@id":"https:\/\/inclusivenews.com.br\/?p=13840#article","isPartOf":{"@id":"https:\/\/inclusivenews.com.br\/?p=13840"},"author":{"name":"inclusivenews2024","@id":"https:\/\/inclusivenews.com.br\/#\/schema\/person\/ae4ec7087559b8692fb33b6fffd2273b"},"headline":"Carnaval 2010: Portela prega inser\u00e7\u00e3o social pela web","datePublished":"2010-02-10T01:14:38+00:00","mainEntityOfPage":{"@id":"https:\/\/inclusivenews.com.br\/?p=13840"},"wordCount":276,"commentCount":0,"publisher":{"@id":"https:\/\/inclusivenews.com.br\/#organization"},"image":{"@id":"https:\/\/inclusivenews.com.br\/?p=13840#primaryimage"},"thumbnailUrl":"http:\/\/inclusivenews.com.br\/wp-content\/uploads\/2010\/02\/fernanda-150x150.jpg","articleSection":["Cultura","INCLUS\u00c3O SOCIAL","NOT\u00cdCIAS"],"inLanguage":"pt-PT","potentialAction":[{"@type":"CommentAction","name":"Comment","target":["https:\/\/inclusivenews.com.br\/?p=13840#respond"]}]},{"@type":"WebPage","@id":"https:\/\/inclusivenews.com.br\/?p=13840","url":"https:\/\/inclusivenews.com.br\/?p=13840","name":"Carnaval 2010: Portela prega inser\u00e7\u00e3o social pela web -","isPartOf":{"@id":"https:\/\/inclusivenews.com.br\/#website"},"primaryImageOfPage":{"@id":"https:\/\/inclusivenews.com.br\/?p=13840#primaryimage"},"image":{"@id":"https:\/\/inclusivenews.com.br\/?p=13840#primaryimage"},"thumbnailUrl":"http:\/\/inclusivenews.com.br\/wp-content\/uploads\/2010\/02\/fernanda-150x150.jpg","datePublished":"2010-02-10T01:14:38+00:00","breadcrumb":{"@id":"https:\/\/inclusivenews.com.br\/?p=13840#breadcrumb"},"inLanguage":"pt-PT","potentialAction":[{"@type":"ReadAction","target":["https:\/\/inclusivenews.com.br\/?p=13840"]}]},{"@type":"ImageObject","inLanguage":"pt-PT","@id":"https:\/\/inclusivenews.com.br\/?p=13840#primaryimage","url":"","contentUrl":""},{"@type":"BreadcrumbList","@id":"https:\/\/inclusivenews.com.br\/?p=13840#breadcrumb","itemListElement":[{"@type":"ListItem","position":1,"name":"In\u00edcio","item":"https:\/\/inclusivenews.com.br\/"},{"@type":"ListItem","position":2,"name":"Carnaval 2010: Portela prega inser\u00e7\u00e3o social pela web"}]},{"@type":"WebSite","@id":"https:\/\/inclusivenews.com.br\/#website","url":"https:\/\/inclusivenews.com.br\/","name":"Inclusive News","description":"Inclusive News","publisher":{"@id":"https:\/\/inclusivenews.com.br\/#organization"},"potentialAction":[{"@type":"SearchAction","target":{"@type":"EntryPoint","urlTemplate":"https:\/\/inclusivenews.com.br\/?s={search_term_string}"},"query-input":{"@type":"PropertyValueSpecification","valueRequired":true,"valueName":"search_term_string"}}],"inLanguage":"pt-PT"},{"@type":"Organization","@id":"https:\/\/inclusivenews.com.br\/#organization","name":"Inclusive - inclus\u00e3o e cidadania","url":"https:\/\/inclusivenews.com.br\/","logo":{"@type":"ImageObject","inLanguage":"pt-PT","@id":"https:\/\/inclusivenews.com.br\/#\/schema\/logo\/image\/","url":"https:\/\/inclusivenews.com.br\/wp-content\/uploads\/2024\/03\/@grandesite.png","contentUrl":"https:\/\/inclusivenews.com.br\/wp-content\/uploads\/2024\/03\/@grandesite.png","width":1080,"height":1080,"caption":"Inclusive - inclus\u00e3o e cidadania"},"image":{"@id":"https:\/\/inclusivenews.com.br\/#\/schema\/logo\/image\/"},"sameAs":["https:\/\/www.facebook.com\/agenciainclusive\/","https:\/\/www.instagram.com\/newsinclusive\/"]},{"@type":"Person","@id":"https:\/\/inclusivenews.com.br\/#\/schema\/person\/ae4ec7087559b8692fb33b6fffd2273b","name":"inclusivenews2024","image":{"@type":"ImageObject","inLanguage":"pt-PT","@id":"https:\/\/secure.gravatar.com\/avatar\/c5a7ef84c66fa914f55bc4f7ce26cfa275a3b9a1c5568b907bd184fb4dde7b40?s=96&d=mm&r=g","url":"https:\/\/secure.gravatar.com\/avatar\/c5a7ef84c66fa914f55bc4f7ce26cfa275a3b9a1c5568b907bd184fb4dde7b40?s=96&d=mm&r=g","contentUrl":"https:\/\/secure.gravatar.com\/avatar\/c5a7ef84c66fa914f55bc4f7ce26cfa275a3b9a1c5568b907bd184fb4dde7b40?s=96&d=mm&r=g","caption":"inclusivenews2024"},"sameAs":["https:\/\/inclusivenews.com.br"],"url":"https:\/\/inclusivenews.com.br\/?author=1"}]}},"_links":{"self":[{"href":"https:\/\/inclusivenews.com.br\/index.php?rest_route=\/wp\/v2\/posts\/13840","targetHints":{"allow":["GET"]}}],"collection":[{"href":"https:\/\/inclusivenews.com.br\/index.php?rest_route=\/wp\/v2\/posts"}],"about":[{"href":"https:\/\/inclusivenews.com.br\/index.php?rest_route=\/wp\/v2\/types\/post"}],"author":[{"embeddable":true,"href":"https:\/\/inclusivenews.com.br\/index.php?rest_route=\/wp\/v2\/users\/1"}],"replies":[{"embeddable":true,"href":"https:\/\/inclusivenews.com.br\/index.php?rest_route=%2Fwp%2Fv2%2Fcomments&post=13840"}],"version-history":[{"count":0,"href":"https:\/\/inclusivenews.com.br\/index.php?rest_route=\/wp\/v2\/posts\/13840\/revisions"}],"wp:attachment":[{"href":"https:\/\/inclusivenews.com.br\/index.php?rest_route=%2Fwp%2Fv2%2Fmedia&parent=13840"}],"wp:term":[{"taxonomy":"category","embeddable":true,"href":"https:\/\/inclusivenews.com.br\/index.php?rest_route=%2Fwp%2Fv2%2Fcategories&post=13840"},{"taxonomy":"post_tag","embeddable":true,"href":"https:\/\/inclusivenews.com.br\/index.php?rest_route=%2Fwp%2Fv2%2Ftags&post=13840"}],"curies":[{"name":"wp","href":"https:\/\/api.w.org\/{rel}","templated":true}]}}