{"id":13945,"date":"2010-02-16T18:48:25","date_gmt":"2010-02-16T21:48:25","guid":{"rendered":"http:\/\/www.inclusive.org.br\/?p=13945"},"modified":"2010-02-16T18:48:25","modified_gmt":"2010-02-16T21:48:25","slug":"exposicao-quilombolas-tradicoes-e-cultura-da-resistencia-joao-pessoapb","status":"publish","type":"post","link":"https:\/\/inclusivenews.com.br\/?p=13945","title":{"rendered":"Exposi\u00e7\u00e3o Quilombolas &#8211; Tradi\u00e7\u00f5es e Cultura da Resistencia &#8211; Jo\u00e3o Pessoa\/PB"},"content":{"rendered":"<figure id=\"attachment_13944\" aria-describedby=\"caption-attachment-13944\" style=\"width: 728px\" class=\"wp-caption alignnone\"><a href=\"http:\/\/www.inclusivenews.com.br\/wp-content\/uploads\/2010\/02\/quilombolas1.bmp\"><img loading=\"lazy\" decoding=\"async\" class=\"size-full wp-image-13944\" title=\"quilombolas\" src=\"http:\/\/inclusivenews.com.br\/wp-content\/uploads\/2010\/02\/quilombolas1.bmp\" alt=\"\" width=\"728\" height=\"1005\" \/><\/a><figcaption id=\"caption-attachment-13944\" class=\"wp-caption-text\">Convite da Exposi\u00e7\u00e3o com foto de quilombola<\/figcaption><\/figure>\n<p><strong>convidam para abertura da Exposi\u00e7\u00e3o<\/strong><\/p>\n<p><strong>\u00a0<\/strong><\/p>\n<p><strong>\u201cQUILOMBOLAS &#8211; Tradi\u00e7\u00e3o e Cultura da Resist\u00eancia\u201d<\/strong><\/p>\n<p><strong>Fotografias de Andr\u00e9 Cypriano.<\/strong><\/p>\n<p><strong>\u00a0<\/strong><\/p>\n<p><strong>Abertura:<\/strong><\/p>\n<p><strong>20 de Fevereiro de 2010, \u00e0s 19h<\/strong><\/p>\n<p><strong>Esta\u00e7\u00e3o Cabo Branco &#8211; Ci\u00eancia Cultura e Artes<\/strong><\/p>\n<p><strong>Jo\u00e3o Pessoa, PB<\/strong><\/p>\n<p><strong>Torre &#8211; 2\u00ba Pavimento<\/strong><\/p>\n<p><strong>\u00a0<\/strong><\/p>\n<p><strong>Visita\u00e7\u00e3o:<\/strong><\/p>\n<p><strong>De 21 de Fevereiro a 21 de Mar\u00e7o de 2010<\/strong><\/p>\n<p><strong>(de ter\u00e7a a sexta-feira, das 9h \u00e0s 21h)<\/strong><\/p>\n<p><strong>(Sabados e Domingos, das 10h \u00e0s 21h)<\/strong><\/p>\n<p><strong>Realiza\u00e7\u00e3o:<\/strong><\/p>\n<p><strong>AORI<\/strong><\/p>\n<p><strong>Produ\u00e7\u00f5es Culturais<\/strong><\/p>\n","protected":false},"excerpt":{"rendered":"<p>\u201cQUILOMBOLAS &#8211; Tradi\u00e7\u00e3o e Cultura da Resist\u00eancia\u201d<\/p>\n<p>Fotografias de Andr\u00e9 Cypriano.<\/p>\n<p>Abertura:<\/p>\n<p>20 de Fevereiro de 2010, \u00e0s 19h<\/p>\n<p>Esta\u00e7\u00e3o Cabo Branco &#8211; Ci\u00eancia Cultura e Artes<\/p>\n<p>Jo\u00e3o Pessoa, PB<\/p>\n<p>Torre &#8211; 2\u00ba Pavimento<\/p>\n<p>Visita\u00e7\u00e3o:<\/p>\n<p>De 21 de Fevereiro a 21 de Mar\u00e7o de 2010<\/p>\n<p>(de ter\u00e7a a sexta-feira, das 9h \u00e0s 21h)<\/p>\n<p>(Sabados e Domingos, das 10h \u00e0s 21h)<\/p>\n","protected":false},"author":1,"featured_media":0,"comment_status":"open","ping_status":"open","sticky":false,"template":"","format":"standard","meta":{"site-container-style":"default","site-container-layout":"default","site-sidebar-layout":"default","disable-article-header":"default","disable-site-header":"default","disable-site-footer":"default","disable-content-area-spacing":"default","footnotes":""},"categories":[29,12,4],"tags":[],"class_list":["post-13945","post","type-post","status-publish","format-standard","hentry","category-cultura","category-cursos-e-eventos","category-noticias"],"yoast_head":"<!-- This site is optimized with the Yoast SEO plugin v27.4 - https:\/\/yoast.com\/product\/yoast-seo-wordpress\/ -->\n<title>Exposi\u00e7\u00e3o Quilombolas - Tradi\u00e7\u00f5es e Cultura da Resistencia - Jo\u00e3o Pessoa\/PB -<\/title>\n<meta name=\"robots\" content=\"index, follow, max-snippet:-1, max-image-preview:large, max-video-preview:-1\" \/>\n<link rel=\"canonical\" href=\"https:\/\/inclusivenews.com.br\/?p=13945\" \/>\n<meta property=\"og:locale\" content=\"pt_PT\" \/>\n<meta property=\"og:type\" content=\"article\" \/>\n<meta property=\"og:title\" content=\"Exposi\u00e7\u00e3o Quilombolas - Tradi\u00e7\u00f5es e Cultura da Resistencia - Jo\u00e3o Pessoa\/PB -\" \/>\n<meta property=\"og:description\" content=\"\u201cQUILOMBOLAS - Tradi\u00e7\u00e3o e Cultura da Resist\u00eancia\u201d Fotografias de Andr\u00e9 Cypriano.  Abertura: 20 de Fevereiro de 2010, \u00e0s 19h Esta\u00e7\u00e3o Cabo Branco - Ci\u00eancia Cultura e Artes Jo\u00e3o Pessoa, PB Torre - 2\u00ba Pavimento  Visita\u00e7\u00e3o: De 21 de Fevereiro a 21 de Mar\u00e7o de 2010 (de ter\u00e7a a sexta-feira, das 9h \u00e0s 21h) (Sabados e Domingos, das 10h \u00e0s 21h)\" \/>\n<meta property=\"og:url\" content=\"https:\/\/inclusivenews.com.br\/?p=13945\" \/>\n<meta property=\"article:publisher\" content=\"https:\/\/www.facebook.com\/agenciainclusive\/\" \/>\n<meta property=\"article:published_time\" content=\"2010-02-16T21:48:25+00:00\" \/>\n<meta property=\"og:image\" content=\"http:\/\/inclusivenews.com.br\/wp-content\/uploads\/2010\/02\/quilombolas1.bmp\" \/>\n<meta name=\"author\" content=\"inclusivenews2024\" \/>\n<meta name=\"twitter:card\" content=\"summary_large_image\" \/>\n<meta name=\"twitter:label1\" content=\"Escrito por\" \/>\n\t<meta name=\"twitter:data1\" content=\"inclusivenews2024\" \/>\n<script type=\"application\/ld+json\" class=\"yoast-schema-graph\">{\"@context\":\"https:\\\/\\\/schema.org\",\"@graph\":[{\"@type\":\"Article\",\"@id\":\"https:\\\/\\\/inclusivenews.com.br\\\/?p=13945#article\",\"isPartOf\":{\"@id\":\"https:\\\/\\\/inclusivenews.com.br\\\/?p=13945\"},\"author\":{\"name\":\"inclusivenews2024\",\"@id\":\"https:\\\/\\\/inclusivenews.com.br\\\/#\\\/schema\\\/person\\\/ae4ec7087559b8692fb33b6fffd2273b\"},\"headline\":\"Exposi\u00e7\u00e3o Quilombolas &#8211; Tradi\u00e7\u00f5es e Cultura da Resistencia &#8211; Jo\u00e3o Pessoa\\\/PB\",\"datePublished\":\"2010-02-16T21:48:25+00:00\",\"mainEntityOfPage\":{\"@id\":\"https:\\\/\\\/inclusivenews.com.br\\\/?p=13945\"},\"wordCount\":105,\"commentCount\":0,\"publisher\":{\"@id\":\"https:\\\/\\\/inclusivenews.com.br\\\/#organization\"},\"image\":{\"@id\":\"https:\\\/\\\/inclusivenews.com.br\\\/?p=13945#primaryimage\"},\"thumbnailUrl\":\"http:\\\/\\\/inclusivenews.com.br\\\/wp-content\\\/uploads\\\/2010\\\/02\\\/quilombolas1.bmp\",\"articleSection\":[\"Cultura\",\"Cursos e eventos\",\"NOT\u00cdCIAS\"],\"inLanguage\":\"pt-PT\",\"potentialAction\":[{\"@type\":\"CommentAction\",\"name\":\"Comment\",\"target\":[\"https:\\\/\\\/inclusivenews.com.br\\\/?p=13945#respond\"]}]},{\"@type\":\"WebPage\",\"@id\":\"https:\\\/\\\/inclusivenews.com.br\\\/?p=13945\",\"url\":\"https:\\\/\\\/inclusivenews.com.br\\\/?p=13945\",\"name\":\"Exposi\u00e7\u00e3o Quilombolas - Tradi\u00e7\u00f5es e Cultura da Resistencia - Jo\u00e3o Pessoa\\\/PB -\",\"isPartOf\":{\"@id\":\"https:\\\/\\\/inclusivenews.com.br\\\/#website\"},\"primaryImageOfPage\":{\"@id\":\"https:\\\/\\\/inclusivenews.com.br\\\/?p=13945#primaryimage\"},\"image\":{\"@id\":\"https:\\\/\\\/inclusivenews.com.br\\\/?p=13945#primaryimage\"},\"thumbnailUrl\":\"http:\\\/\\\/inclusivenews.com.br\\\/wp-content\\\/uploads\\\/2010\\\/02\\\/quilombolas1.bmp\",\"datePublished\":\"2010-02-16T21:48:25+00:00\",\"breadcrumb\":{\"@id\":\"https:\\\/\\\/inclusivenews.com.br\\\/?p=13945#breadcrumb\"},\"inLanguage\":\"pt-PT\",\"potentialAction\":[{\"@type\":\"ReadAction\",\"target\":[\"https:\\\/\\\/inclusivenews.com.br\\\/?p=13945\"]}]},{\"@type\":\"ImageObject\",\"inLanguage\":\"pt-PT\",\"@id\":\"https:\\\/\\\/inclusivenews.com.br\\\/?p=13945#primaryimage\",\"url\":\"\",\"contentUrl\":\"\"},{\"@type\":\"BreadcrumbList\",\"@id\":\"https:\\\/\\\/inclusivenews.com.br\\\/?p=13945#breadcrumb\",\"itemListElement\":[{\"@type\":\"ListItem\",\"position\":1,\"name\":\"In\u00edcio\",\"item\":\"https:\\\/\\\/inclusivenews.com.br\\\/\"},{\"@type\":\"ListItem\",\"position\":2,\"name\":\"Exposi\u00e7\u00e3o Quilombolas &#8211; Tradi\u00e7\u00f5es e Cultura da Resistencia &#8211; Jo\u00e3o Pessoa\\\/PB\"}]},{\"@type\":\"WebSite\",\"@id\":\"https:\\\/\\\/inclusivenews.com.br\\\/#website\",\"url\":\"https:\\\/\\\/inclusivenews.com.br\\\/\",\"name\":\"Inclusive News\",\"description\":\"Inclusive News\",\"publisher\":{\"@id\":\"https:\\\/\\\/inclusivenews.com.br\\\/#organization\"},\"potentialAction\":[{\"@type\":\"SearchAction\",\"target\":{\"@type\":\"EntryPoint\",\"urlTemplate\":\"https:\\\/\\\/inclusivenews.com.br\\\/?s={search_term_string}\"},\"query-input\":{\"@type\":\"PropertyValueSpecification\",\"valueRequired\":true,\"valueName\":\"search_term_string\"}}],\"inLanguage\":\"pt-PT\"},{\"@type\":\"Organization\",\"@id\":\"https:\\\/\\\/inclusivenews.com.br\\\/#organization\",\"name\":\"Inclusive - inclus\u00e3o e cidadania\",\"url\":\"https:\\\/\\\/inclusivenews.com.br\\\/\",\"logo\":{\"@type\":\"ImageObject\",\"inLanguage\":\"pt-PT\",\"@id\":\"https:\\\/\\\/inclusivenews.com.br\\\/#\\\/schema\\\/logo\\\/image\\\/\",\"url\":\"https:\\\/\\\/inclusivenews.com.br\\\/wp-content\\\/uploads\\\/2024\\\/03\\\/@grandesite.png\",\"contentUrl\":\"https:\\\/\\\/inclusivenews.com.br\\\/wp-content\\\/uploads\\\/2024\\\/03\\\/@grandesite.png\",\"width\":1080,\"height\":1080,\"caption\":\"Inclusive - inclus\u00e3o e cidadania\"},\"image\":{\"@id\":\"https:\\\/\\\/inclusivenews.com.br\\\/#\\\/schema\\\/logo\\\/image\\\/\"},\"sameAs\":[\"https:\\\/\\\/www.facebook.com\\\/agenciainclusive\\\/\",\"https:\\\/\\\/www.instagram.com\\\/newsinclusive\\\/\"]},{\"@type\":\"Person\",\"@id\":\"https:\\\/\\\/inclusivenews.com.br\\\/#\\\/schema\\\/person\\\/ae4ec7087559b8692fb33b6fffd2273b\",\"name\":\"inclusivenews2024\",\"image\":{\"@type\":\"ImageObject\",\"inLanguage\":\"pt-PT\",\"@id\":\"https:\\\/\\\/secure.gravatar.com\\\/avatar\\\/c5a7ef84c66fa914f55bc4f7ce26cfa275a3b9a1c5568b907bd184fb4dde7b40?s=96&d=mm&r=g\",\"url\":\"https:\\\/\\\/secure.gravatar.com\\\/avatar\\\/c5a7ef84c66fa914f55bc4f7ce26cfa275a3b9a1c5568b907bd184fb4dde7b40?s=96&d=mm&r=g\",\"contentUrl\":\"https:\\\/\\\/secure.gravatar.com\\\/avatar\\\/c5a7ef84c66fa914f55bc4f7ce26cfa275a3b9a1c5568b907bd184fb4dde7b40?s=96&d=mm&r=g\",\"caption\":\"inclusivenews2024\"},\"sameAs\":[\"https:\\\/\\\/inclusivenews.com.br\"],\"url\":\"https:\\\/\\\/inclusivenews.com.br\\\/?author=1\"}]}<\/script>\n<!-- \/ Yoast SEO plugin. -->","yoast_head_json":{"title":"Exposi\u00e7\u00e3o Quilombolas - Tradi\u00e7\u00f5es e Cultura da Resistencia - Jo\u00e3o Pessoa\/PB -","robots":{"index":"index","follow":"follow","max-snippet":"max-snippet:-1","max-image-preview":"max-image-preview:large","max-video-preview":"max-video-preview:-1"},"canonical":"https:\/\/inclusivenews.com.br\/?p=13945","og_locale":"pt_PT","og_type":"article","og_title":"Exposi\u00e7\u00e3o Quilombolas - Tradi\u00e7\u00f5es e Cultura da Resistencia - Jo\u00e3o Pessoa\/PB -","og_description":"\u201cQUILOMBOLAS - Tradi\u00e7\u00e3o e Cultura da Resist\u00eancia\u201d Fotografias de Andr\u00e9 Cypriano.  Abertura: 20 de Fevereiro de 2010, \u00e0s 19h Esta\u00e7\u00e3o Cabo Branco - Ci\u00eancia Cultura e Artes Jo\u00e3o Pessoa, PB Torre - 2\u00ba Pavimento  Visita\u00e7\u00e3o: De 21 de Fevereiro a 21 de Mar\u00e7o de 2010 (de ter\u00e7a a sexta-feira, das 9h \u00e0s 21h) (Sabados e Domingos, das 10h \u00e0s 21h)","og_url":"https:\/\/inclusivenews.com.br\/?p=13945","article_publisher":"https:\/\/www.facebook.com\/agenciainclusive\/","article_published_time":"2010-02-16T21:48:25+00:00","og_image":[{"url":"http:\/\/inclusivenews.com.br\/wp-content\/uploads\/2010\/02\/quilombolas1.bmp","type":"","width":"","height":""}],"author":"inclusivenews2024","twitter_card":"summary_large_image","twitter_misc":{"Escrito por":"inclusivenews2024"},"schema":{"@context":"https:\/\/schema.org","@graph":[{"@type":"Article","@id":"https:\/\/inclusivenews.com.br\/?p=13945#article","isPartOf":{"@id":"https:\/\/inclusivenews.com.br\/?p=13945"},"author":{"name":"inclusivenews2024","@id":"https:\/\/inclusivenews.com.br\/#\/schema\/person\/ae4ec7087559b8692fb33b6fffd2273b"},"headline":"Exposi\u00e7\u00e3o Quilombolas &#8211; Tradi\u00e7\u00f5es e Cultura da Resistencia &#8211; Jo\u00e3o Pessoa\/PB","datePublished":"2010-02-16T21:48:25+00:00","mainEntityOfPage":{"@id":"https:\/\/inclusivenews.com.br\/?p=13945"},"wordCount":105,"commentCount":0,"publisher":{"@id":"https:\/\/inclusivenews.com.br\/#organization"},"image":{"@id":"https:\/\/inclusivenews.com.br\/?p=13945#primaryimage"},"thumbnailUrl":"http:\/\/inclusivenews.com.br\/wp-content\/uploads\/2010\/02\/quilombolas1.bmp","articleSection":["Cultura","Cursos e eventos","NOT\u00cdCIAS"],"inLanguage":"pt-PT","potentialAction":[{"@type":"CommentAction","name":"Comment","target":["https:\/\/inclusivenews.com.br\/?p=13945#respond"]}]},{"@type":"WebPage","@id":"https:\/\/inclusivenews.com.br\/?p=13945","url":"https:\/\/inclusivenews.com.br\/?p=13945","name":"Exposi\u00e7\u00e3o Quilombolas - Tradi\u00e7\u00f5es e Cultura da Resistencia - Jo\u00e3o Pessoa\/PB -","isPartOf":{"@id":"https:\/\/inclusivenews.com.br\/#website"},"primaryImageOfPage":{"@id":"https:\/\/inclusivenews.com.br\/?p=13945#primaryimage"},"image":{"@id":"https:\/\/inclusivenews.com.br\/?p=13945#primaryimage"},"thumbnailUrl":"http:\/\/inclusivenews.com.br\/wp-content\/uploads\/2010\/02\/quilombolas1.bmp","datePublished":"2010-02-16T21:48:25+00:00","breadcrumb":{"@id":"https:\/\/inclusivenews.com.br\/?p=13945#breadcrumb"},"inLanguage":"pt-PT","potentialAction":[{"@type":"ReadAction","target":["https:\/\/inclusivenews.com.br\/?p=13945"]}]},{"@type":"ImageObject","inLanguage":"pt-PT","@id":"https:\/\/inclusivenews.com.br\/?p=13945#primaryimage","url":"","contentUrl":""},{"@type":"BreadcrumbList","@id":"https:\/\/inclusivenews.com.br\/?p=13945#breadcrumb","itemListElement":[{"@type":"ListItem","position":1,"name":"In\u00edcio","item":"https:\/\/inclusivenews.com.br\/"},{"@type":"ListItem","position":2,"name":"Exposi\u00e7\u00e3o Quilombolas &#8211; Tradi\u00e7\u00f5es e Cultura da Resistencia &#8211; Jo\u00e3o Pessoa\/PB"}]},{"@type":"WebSite","@id":"https:\/\/inclusivenews.com.br\/#website","url":"https:\/\/inclusivenews.com.br\/","name":"Inclusive News","description":"Inclusive News","publisher":{"@id":"https:\/\/inclusivenews.com.br\/#organization"},"potentialAction":[{"@type":"SearchAction","target":{"@type":"EntryPoint","urlTemplate":"https:\/\/inclusivenews.com.br\/?s={search_term_string}"},"query-input":{"@type":"PropertyValueSpecification","valueRequired":true,"valueName":"search_term_string"}}],"inLanguage":"pt-PT"},{"@type":"Organization","@id":"https:\/\/inclusivenews.com.br\/#organization","name":"Inclusive - inclus\u00e3o e cidadania","url":"https:\/\/inclusivenews.com.br\/","logo":{"@type":"ImageObject","inLanguage":"pt-PT","@id":"https:\/\/inclusivenews.com.br\/#\/schema\/logo\/image\/","url":"https:\/\/inclusivenews.com.br\/wp-content\/uploads\/2024\/03\/@grandesite.png","contentUrl":"https:\/\/inclusivenews.com.br\/wp-content\/uploads\/2024\/03\/@grandesite.png","width":1080,"height":1080,"caption":"Inclusive - inclus\u00e3o e cidadania"},"image":{"@id":"https:\/\/inclusivenews.com.br\/#\/schema\/logo\/image\/"},"sameAs":["https:\/\/www.facebook.com\/agenciainclusive\/","https:\/\/www.instagram.com\/newsinclusive\/"]},{"@type":"Person","@id":"https:\/\/inclusivenews.com.br\/#\/schema\/person\/ae4ec7087559b8692fb33b6fffd2273b","name":"inclusivenews2024","image":{"@type":"ImageObject","inLanguage":"pt-PT","@id":"https:\/\/secure.gravatar.com\/avatar\/c5a7ef84c66fa914f55bc4f7ce26cfa275a3b9a1c5568b907bd184fb4dde7b40?s=96&d=mm&r=g","url":"https:\/\/secure.gravatar.com\/avatar\/c5a7ef84c66fa914f55bc4f7ce26cfa275a3b9a1c5568b907bd184fb4dde7b40?s=96&d=mm&r=g","contentUrl":"https:\/\/secure.gravatar.com\/avatar\/c5a7ef84c66fa914f55bc4f7ce26cfa275a3b9a1c5568b907bd184fb4dde7b40?s=96&d=mm&r=g","caption":"inclusivenews2024"},"sameAs":["https:\/\/inclusivenews.com.br"],"url":"https:\/\/inclusivenews.com.br\/?author=1"}]}},"_links":{"self":[{"href":"https:\/\/inclusivenews.com.br\/index.php?rest_route=\/wp\/v2\/posts\/13945","targetHints":{"allow":["GET"]}}],"collection":[{"href":"https:\/\/inclusivenews.com.br\/index.php?rest_route=\/wp\/v2\/posts"}],"about":[{"href":"https:\/\/inclusivenews.com.br\/index.php?rest_route=\/wp\/v2\/types\/post"}],"author":[{"embeddable":true,"href":"https:\/\/inclusivenews.com.br\/index.php?rest_route=\/wp\/v2\/users\/1"}],"replies":[{"embeddable":true,"href":"https:\/\/inclusivenews.com.br\/index.php?rest_route=%2Fwp%2Fv2%2Fcomments&post=13945"}],"version-history":[{"count":0,"href":"https:\/\/inclusivenews.com.br\/index.php?rest_route=\/wp\/v2\/posts\/13945\/revisions"}],"wp:attachment":[{"href":"https:\/\/inclusivenews.com.br\/index.php?rest_route=%2Fwp%2Fv2%2Fmedia&parent=13945"}],"wp:term":[{"taxonomy":"category","embeddable":true,"href":"https:\/\/inclusivenews.com.br\/index.php?rest_route=%2Fwp%2Fv2%2Fcategories&post=13945"},{"taxonomy":"post_tag","embeddable":true,"href":"https:\/\/inclusivenews.com.br\/index.php?rest_route=%2Fwp%2Fv2%2Ftags&post=13945"}],"curies":[{"name":"wp","href":"https:\/\/api.w.org\/{rel}","templated":true}]}}