{"id":13954,"date":"2010-02-19T06:57:34","date_gmt":"2010-02-19T09:57:34","guid":{"rendered":"http:\/\/www.inclusive.org.br\/?p=13954"},"modified":"2010-02-19T06:57:34","modified_gmt":"2010-02-19T09:57:34","slug":"fsm-realca-oportunidade-civilizatoria","status":"publish","type":"post","link":"https:\/\/inclusivenews.com.br\/?p=13954","title":{"rendered":"FSM real\u00e7a oportunidade civilizat\u00f3ria"},"content":{"rendered":"<div class=\"mceTemp\">\n<dl id=\"attachment_13521\" class=\"wp-caption alignleft\" style=\"width: 260px;\">\n<dt class=\"wp-caption-dt\"><a href=\"http:\/\/www.inclusivenews.com.br\/wp-content\/uploads\/2010\/01\/fsm2.jpg\"><img loading=\"lazy\" decoding=\"async\" class=\"size-full wp-image-13521 \" title=\"Inclusive - F\u00f3rum Social Mundial 10 anos - grande Porto Alegre.\" src=\"http:\/\/inclusivenews.com.br\/wp-content\/uploads\/2010\/01\/fsm2.jpg\" alt=\"F\u00f3rum Social Mundial 10 anos - grande Porto Alegre.\" width=\"250\" height=\"135\" \/><\/a><\/dt>\n<dd class=\"wp-caption-dd\"><\/dd>\n<\/dl>\n<\/div>\n<p><strong>Por Vin\u00edcius Carvalho, jornalista do Portal da RTS<\/strong><\/p>\n<p style=\"text-align: justify;\">As crises ambiental, econ\u00f4mica e social est\u00e3o se fundindo em uma s\u00f3 crise que marcar\u00e1 necessariamente uma transi\u00e7\u00e3o civilizat\u00f3ria, defenderam este m\u00eas integrantes do coletivo Crise e Oportunidade no F\u00f3rum Social Mundial (FSM). Criado h\u00e1 dez anos como rea\u00e7\u00e3o ao F\u00f3rum Econ\u00f4mico Mundial \u2013 basti\u00e3o do capitalismo financeiro global \u2013, o FSM mobilizou este ano mais de 35 mil participantes de 39 pa\u00edses na grande Porto Alegre e em Salvador. Em pauta, propostas contra o agravamento das desigualdades sociais, o atual modelo financeiro e as mudan\u00e7as clim\u00e1ticas.<\/p>\n<p style=\"text-align: justify;\">\u201cN\u00e3o \u00e9 poss\u00edvel mais falarmos em crises diferentes, porque todas t\u00eam a mesma origem. Mas a quest\u00e3o ambiental \u00e9 de todas a mais urgente\u201d, defendeu a intelectual americana Susan George, respons\u00e1vel pela confer\u00eancia de abertura do F\u00f3rum Social Mundial Tem\u00e1tico, em Salvador. \u201cPodemos voltar atr\u00e1s no caso da injusta distribui\u00e7\u00e3o de riqueza ou do colapso financeiro. Mas uma vez que a quest\u00e3o clim\u00e1tica saia do controle, n\u00e3o temos nenhuma chance de voltar atr\u00e1s e recome\u00e7ar\u201d, argumentou.<\/p>\n<p style=\"text-align: justify;\">O que est\u00e1 em jogo, avisa, \u00e9 vencer o atual modelo de desenvolvimento, que celebra a expans\u00e3o do consumo e coloca aos pa\u00edses pobres a meta de reproduzir, em seus pr\u00f3prios pa\u00edses, as condi\u00e7\u00f5es de vida dos pa\u00edses ricos \u2013 o que j\u00e1 se sabe ser materialmente imposs\u00edvel. Segundo relat\u00f3rio divulgado pelo Worldwatch Institute (WI), cerca de 7% da popula\u00e7\u00e3o mundial s\u00e3o respons\u00e1veis por 50% das emiss\u00f5es de gases do efeito estufa, enquanto os tr\u00eas bilh\u00f5es de pessoas mais pobres emitem apenas 6%. Se todos consumissem a mesma quantidade de recursos que os americanos, por exemplo, o planeta conseguiria sustentar apenas 1,4 bilh\u00f5es de pessoas, ou um quinto da atual popula\u00e7\u00e3o mundial.<\/p>\n<p style=\"text-align: justify;\">O relat\u00f3rio chama de consumismo a orienta\u00e7\u00e3o cultural que leva as pessoas a acharem contentamento, aceita\u00e7\u00e3o e significado para as suas vidas atrav\u00e9s do que possuem e utilizam. \u201cTemos um deslocamento \u00e9tico fundamental pela frente: parar de nos admirar com a fortuna dos afortunados, como se fossem s\u00edmbolos de sucesso. A \u00e9tica do sucesso deve estar centrada no que cada um de n\u00f3s contribui para melhorar o planeta, e n\u00e3o no quanto consegue arrancar dele, ostentando fortunas e escondendo os custos\u201d, avisa o economista Ladislau Dowbor, um dos autores do documento de refer\u00eancia do coletivo Crise e Oportunidade \u2013 grupo de intelectuais de diversos pa\u00edses dedicado a esbo\u00e7ar sugest\u00f5es concretas contra a crise.<\/p>\n<p style=\"text-align: justify;\">Para isso, diz Ladislau, um dos pontos de partida ser\u00e1 alterar a forma como o mundo mede a riqueza. Diferentemente do PIB, que considera apenas a produ\u00e7\u00e3o de bens e servi\u00e7os para medir o progresso de uma na\u00e7\u00e3o, integrantes do grupo voltaram a rediscutir o conceito de Felicidade Interna Bruta (FIB), que surgiu a partir de uma experi\u00eancia implantada em 1972 no But\u00e3o. Neste pequeno pa\u00eds da regi\u00e3o do Himalaia, na \u00c1sia, a conta passou a incluir tamb\u00e9m aspectos como padr\u00e3o de vida; boa governan\u00e7a; estado de sa\u00fade; educa\u00e7\u00e3o; diversidade cultural; resili\u00eancia ecol\u00f3gica; vitalidade comunit\u00e1ria; uso equilibrado do tempo; e bem estar psicol\u00f3gico.<\/p>\n<p style=\"text-align: justify; font-weight: bold;\">Esc\u00e2ndalo social<\/p>\n<p style=\"text-align: justify;\">A mudan\u00e7a \u00e9 mesmo urgente. Segundo estudo da Universidade das Na\u00e7\u00f5es Unidas, 2% das pessoas t\u00eam mais da metade das riquezas mundiais, enquanto os 50% mais pobres concentram menos de 1% &#8211; desigualdade que s\u00f3 se acentua ano ap\u00f3s ano. Se em 1960 a renda apropriada pelos 20% mais ricos era 70 vezes o equivalente dos 20% mais pobres, na virada do s\u00e9culo j\u00e1 era da ordem de 140 vezes.<\/p>\n<p style=\"text-align: justify;\">Os caminhos para dobrar estas desigualdades j\u00e1 s\u00e3o em parte conhecidos. Segundo as Na\u00e7\u00f5es Unidas, custaria US$ 300 bilh\u00f5es tirar da mis\u00e9ria um bilh\u00e3o de pessoas que vivem com menos de um d\u00f3lar por dia, custo \u00ednfimo se considerados os trilh\u00f5es transferidos para grupos econ\u00f4micos financeiros na \u00faltima crise financeira.<\/p>\n<p style=\"text-align: justify;\">Se levar educa\u00e7\u00e3o b\u00e1sica para todos custaria investimentos de US$ 6 bilh\u00f5es por ano at\u00e9 2015, como indica a ONU, apenas a ind\u00fastria cosm\u00e9tica nos EUA movimenta, anualmente, cerca de US$ 8 bilh\u00f5es. Se levar \u00e1gua e esgotos para todos, outro objetivo do mil\u00eanio, custaria investimentos anuais de US$ 9 bilh\u00f5es at\u00e9 2015, s\u00f3 o mercado europeu de sorvetes movimenta anualmente US$ 11 bilh\u00f5es. E n\u00e3o \u00e9 s\u00f3. O planeta produz quase um quilo de gr\u00e3os por dia por habitante, mas um bilh\u00e3o de pessoas ainda passa fome, sendo que dez milh\u00f5es de crian\u00e7as morrem de fome e de falta de acesso \u00e0 \u00e1gua limpa todos os anos.<\/p>\n<p style=\"text-align: justify;\">\u201cN\u00e3o existe uma bala de prata que resolver\u00e1 a crise. O que sabemos \u00e9 que por essa l\u00f3gica econ\u00f4mica que est\u00e1 a\u00ed resolver problemas essenciais n\u00e3o rende\u201d, cobrou Ladislau. Para o senegal\u00eas Bernard Tchuigoua, do Forum du Tiers Monde, o que est\u00e1 em jogo \u00e9 o pr\u00f3prio sentido de humanidade. \u201cNa \u00c1frica h\u00e1 suporte para qualquer pa\u00eds que proponha a\u00e7\u00f5es na \u00e1rea de seguran\u00e7a e combate ao terror, mas nada para quem proponha combater a pobreza\u201d, criticou.<\/p>\n<p style=\"text-align: justify;\">Enquanto a virada n\u00e3o vem, o planeta cobra seu pre\u00e7o. Segundo dados das Na\u00e7\u00f5es Unidas, o mundo j\u00e1 enfrenta a maior onda de perda de biodiversidade desde a extin\u00e7\u00e3o dos dinossauros, h\u00e1 65 milh\u00f5es de anos. Nada menos que 40% da popula\u00e7\u00e3o de 3 mil esp\u00e9cies animais e vegetais desapareceram nos \u00faltimos 40 anos, at\u00e9 52% das aves est\u00e3o amea\u00e7adas de extin\u00e7\u00e3o e 35% dos manguezais j\u00e1 foram dizimados.<\/p>\n<p style=\"text-align: justify;\">Nesta onda massiva de extin\u00e7\u00e3o, quem sofre cada vez mais com a devasta\u00e7\u00e3o s\u00e3o os pobres. De 24 servi\u00e7os ambientais avaliados pela ONU, 15 est\u00e3o em decl\u00ednio. Estes incluem o fornecimento de \u00e1gua doce, a produ\u00e7\u00e3o da pesca marinha, a regula\u00e7\u00e3o de desastres naturais e a capacidade dos ecossistemas agr\u00edcolas de controlar pragas. Como os mais pobres dependem de forma mais imediata dos servi\u00e7os ambientais para sua sobreviv\u00eancia e n\u00e3o t\u00eam como pagar por alternativas, muitas vezes n\u00e3o resta a estas popula\u00e7\u00f5es outra op\u00e7\u00e3o que n\u00e3o o ex\u00edlio. \u201cO atual modelo de civiliza\u00e7\u00e3o est\u00e1 em crise e n\u00e3o \u00e9 mais poss\u00edvel remend\u00e1-lo. Estamos destruindo o planeta para uma pequena parte da popula\u00e7\u00e3o mundial\u201d, destacou a senadora Marina Silva, em Porto Alegre.<\/p>\n<p style=\"text-align: justify; font-weight: bold;\">Solu\u00e7\u00f5es concretas<\/p>\n<p style=\"text-align: justify;\">No futuro, os jovens n\u00e3o trabalhar\u00e3o antes dos 25 anos de idade e ter\u00e3o a gradua\u00e7\u00e3o universit\u00e1ria como piso, enquanto as jornadas de trabalho poder\u00e3o ser reduzidas para dez horas semanais. A mudan\u00e7a imaginada pelo presidente do Instituto de Pesquisa Econ\u00f4mica Aplicada (Ipea), Marcio Pochmann, poderia come\u00e7ar a ser financiada com fundos p\u00fablicos provenientes do imposto sobre os lucros financeiros mundiais, que hoje correspondem a dez vezes a riqueza da economia real. Por um lado, a decis\u00e3o permitiria o acesso de mais pessoas ao mercado de trabalho, mesmo diante do crescimento populacional. Por outro, garantiria tamb\u00e9m maior acesso de todos ao lazer e \u00e0 forma\u00e7\u00e3o continuada.<\/p>\n<p style=\"text-align: justify;\">Propostas como estas est\u00e3o entre as primeiras sugest\u00f5es apresentadas pelo membros do FSM como rea\u00e7\u00e3o \u00e0 crise. Entre as mais frequentemente sugeridas est\u00e1 a taxa\u00e7\u00e3o das transa\u00e7\u00f5es especulativas. Segundo a proposta de James Tobin, uma taxa de 0,20% sobre cada transa\u00e7\u00e3o reduziria drasticamente a lucratividade dos que t\u00eam como atividade o constante movimento de capitais, e n\u00e3o o investimento na economia real e no investimento produtivo. \u201cOs presidentes Nicolas Sarkozy (Fran\u00e7a) e Angela Merkel (Alemanha) j\u00e1 manifestaram apoio \u00e0 taxa Tobin. Precisamos entender que o mercado n\u00e3o distribui apenas bens, mas tamb\u00e9m mis\u00e9ria e pobreza\u201d, avalia o alem\u00e3o Peter Wahl, dirigente da organiza\u00e7\u00e3o Economia, Ecologia e Desenvolvimento (Weed).<\/p>\n<p style=\"text-align: justify;\">Para Wahl, o sistema tribut\u00e1rio tamb\u00e9m precisa ser reformulado, privilegiando atividades produtivas e penalizando as especulativas. \u201cOutra coisa \u00e9 discutirmos a taxa\u00e7\u00e3o das grandes riquezas em favor do equil\u00edbrio social. No Brasil, 78% das pessoas ganham at\u00e9 tr\u00eas sal\u00e1rios m\u00ednimos e gastam cerca de 40% em carga tribut\u00e1ria. Quem ganha mais de 30 sal\u00e1rios m\u00ednimos paga o equivalente a 25% em imposto. Isso \u00e9 inaceit\u00e1vel\u201d, disse no FSM\u00a0 Artur Henrique da Silva, presidente da Central \u00danica dos Trabalhadores (CUT).<\/p>\n<p style=\"text-align: justify;\">Outra proposta envolve o cancelamento das d\u00edvidas dos pa\u00edses pobres, atreladas a investimentos em favor do desenvolvimento. O caso valeria para o pr\u00f3prio Brasil, segundo defende o articulista do EcoDebate Valdir Guedes Junior. No ano de 2008, diz, foram R$ 282 bilh\u00f5es gastos com a d\u00edvida, o que corresponde a 32% do or\u00e7amento da Uni\u00e3o. Isto significa que o valor gasto com sa\u00fade \u00e9 cerca de seis vezes menor que o empregado no pagamento da d\u00edvida, educa\u00e7\u00e3o \u00e9 mais de 12 vezes menor. \u201cE se este dinheiro fosse investido na \u00e1rea clim\u00e1tica?\u201d, pergunta.<\/p>\n<p style=\"text-align: justify;\">Durante o encontro, o gerente da Unidade de Desenvolvimento Territorial do Sebrae Nacional, Juarez de Paula, destacou tamb\u00e9m a oportunidade de investimento em novas tecnologias como vetor de mudan\u00e7a na cultura dos processos produtivos. Para ele, a crise deve abrir frentes de inova\u00e7\u00e3o em cinco grandes temas: energia, \u00e1gua, produ\u00e7\u00e3o de alimentos, moradia e transporte. \u201cUm mundo novo vai precisar de um novo modelo de neg\u00f3cio, com foco nos pequenos neg\u00f3cios locais \u2013 que geram muito mais empregos. \u00d3bvio que para isso s\u00e3o necess\u00e1rias tamb\u00e9m tecnologias novas e sustent\u00e1veis\u201d, afirmou.<\/p>\n<p style=\"text-align: justify;\">A proje\u00e7\u00e3o \u00e9 confirmada pelo Ipea, que mapeou o emprego no pa\u00eds. Segundo o estudo, o Brasil tinha 38,4 milh\u00f5es de pessoas trabalhando em empresas com at\u00e9 dez funcion\u00e1rios em 2008, o que equivale a 54,4% de todos os postos de trabalho do pa\u00eds e a 57,2% da massa de rendimento do trabalho, que \u00e9 a soma dos rendimentos de todos os trabalhadores.\u00a0 Ainda de acordo com o Ipea, a cada tr\u00eas ocupa\u00e7\u00f5es abertas no segmento privado n\u00e3o-agr\u00edcola entre 1989 e 2008, duas foram em empresas com at\u00e9 dez trabalhadores.<br \/>\n__________<\/p>\n<p><strong>Fonte:<\/strong> <a href=\"http:\/\/www.rts.org.br\/noticias\/destaque-2\/fsm-realca-oportunidade-civilizatoria\/\">RTS<\/a><\/p>\n","protected":false},"excerpt":{"rendered":"<p>Para integrantes do d\u00e9cimo F\u00f3rum Social Mundial, converg\u00eancia das crises ambiental, social e econ\u00f4mica obrigar\u00e1 humanidade a se reinventar. Da RTS.<\/p>\n","protected":false},"author":1,"featured_media":0,"comment_status":"open","ping_status":"open","sticky":false,"template":"","format":"standard","meta":{"site-container-style":"default","site-container-layout":"default","site-sidebar-layout":"default","disable-article-header":"default","disable-site-header":"default","disable-site-footer":"default","disable-content-area-spacing":"default","footnotes":""},"categories":[4,33],"tags":[72],"class_list":["post-13954","post","type-post","status-publish","format-standard","hentry","category-noticias","category-reportagem","tag-forum-social-mundial"],"yoast_head":"<!-- This site is optimized with the Yoast SEO plugin v27.4 - https:\/\/yoast.com\/product\/yoast-seo-wordpress\/ -->\n<title>FSM real\u00e7a oportunidade civilizat\u00f3ria -<\/title>\n<meta name=\"robots\" content=\"index, follow, max-snippet:-1, max-image-preview:large, max-video-preview:-1\" \/>\n<link rel=\"canonical\" href=\"https:\/\/inclusivenews.com.br\/?p=13954\" \/>\n<meta property=\"og:locale\" content=\"pt_PT\" \/>\n<meta property=\"og:type\" content=\"article\" \/>\n<meta property=\"og:title\" content=\"FSM real\u00e7a oportunidade civilizat\u00f3ria -\" \/>\n<meta property=\"og:description\" content=\"Para integrantes do d\u00e9cimo F\u00f3rum Social Mundial, converg\u00eancia das crises ambiental, social e econ\u00f4mica obrigar\u00e1 humanidade a se reinventar. Da RTS.\" \/>\n<meta property=\"og:url\" content=\"https:\/\/inclusivenews.com.br\/?p=13954\" \/>\n<meta property=\"article:publisher\" content=\"https:\/\/www.facebook.com\/agenciainclusive\/\" \/>\n<meta property=\"article:published_time\" content=\"2010-02-19T09:57:34+00:00\" \/>\n<meta property=\"og:image\" content=\"http:\/\/inclusivenews.com.br\/wp-content\/uploads\/2010\/01\/fsm2.jpg\" \/>\n<meta name=\"author\" content=\"inclusivenews2024\" \/>\n<meta name=\"twitter:card\" content=\"summary_large_image\" \/>\n<meta name=\"twitter:label1\" content=\"Escrito por\" \/>\n\t<meta name=\"twitter:data1\" content=\"inclusivenews2024\" \/>\n\t<meta name=\"twitter:label2\" content=\"Tempo estimado de leitura\" \/>\n\t<meta name=\"twitter:data2\" content=\"9 minutos\" \/>\n<script type=\"application\/ld+json\" class=\"yoast-schema-graph\">{\"@context\":\"https:\\\/\\\/schema.org\",\"@graph\":[{\"@type\":\"Article\",\"@id\":\"https:\\\/\\\/inclusivenews.com.br\\\/?p=13954#article\",\"isPartOf\":{\"@id\":\"https:\\\/\\\/inclusivenews.com.br\\\/?p=13954\"},\"author\":{\"name\":\"inclusivenews2024\",\"@id\":\"https:\\\/\\\/inclusivenews.com.br\\\/#\\\/schema\\\/person\\\/ae4ec7087559b8692fb33b6fffd2273b\"},\"headline\":\"FSM real\u00e7a oportunidade civilizat\u00f3ria\",\"datePublished\":\"2010-02-19T09:57:34+00:00\",\"mainEntityOfPage\":{\"@id\":\"https:\\\/\\\/inclusivenews.com.br\\\/?p=13954\"},\"wordCount\":1714,\"commentCount\":0,\"publisher\":{\"@id\":\"https:\\\/\\\/inclusivenews.com.br\\\/#organization\"},\"image\":{\"@id\":\"https:\\\/\\\/inclusivenews.com.br\\\/?p=13954#primaryimage\"},\"thumbnailUrl\":\"http:\\\/\\\/inclusivenews.com.br\\\/wp-content\\\/uploads\\\/2010\\\/01\\\/fsm2.jpg\",\"keywords\":[\"F\u00f3rum Social Mundial\"],\"articleSection\":[\"NOT\u00cdCIAS\",\"Reportagem\"],\"inLanguage\":\"pt-PT\",\"potentialAction\":[{\"@type\":\"CommentAction\",\"name\":\"Comment\",\"target\":[\"https:\\\/\\\/inclusivenews.com.br\\\/?p=13954#respond\"]}]},{\"@type\":\"WebPage\",\"@id\":\"https:\\\/\\\/inclusivenews.com.br\\\/?p=13954\",\"url\":\"https:\\\/\\\/inclusivenews.com.br\\\/?p=13954\",\"name\":\"FSM real\u00e7a oportunidade civilizat\u00f3ria -\",\"isPartOf\":{\"@id\":\"https:\\\/\\\/inclusivenews.com.br\\\/#website\"},\"primaryImageOfPage\":{\"@id\":\"https:\\\/\\\/inclusivenews.com.br\\\/?p=13954#primaryimage\"},\"image\":{\"@id\":\"https:\\\/\\\/inclusivenews.com.br\\\/?p=13954#primaryimage\"},\"thumbnailUrl\":\"http:\\\/\\\/inclusivenews.com.br\\\/wp-content\\\/uploads\\\/2010\\\/01\\\/fsm2.jpg\",\"datePublished\":\"2010-02-19T09:57:34+00:00\",\"breadcrumb\":{\"@id\":\"https:\\\/\\\/inclusivenews.com.br\\\/?p=13954#breadcrumb\"},\"inLanguage\":\"pt-PT\",\"potentialAction\":[{\"@type\":\"ReadAction\",\"target\":[\"https:\\\/\\\/inclusivenews.com.br\\\/?p=13954\"]}]},{\"@type\":\"ImageObject\",\"inLanguage\":\"pt-PT\",\"@id\":\"https:\\\/\\\/inclusivenews.com.br\\\/?p=13954#primaryimage\",\"url\":\"\",\"contentUrl\":\"\"},{\"@type\":\"BreadcrumbList\",\"@id\":\"https:\\\/\\\/inclusivenews.com.br\\\/?p=13954#breadcrumb\",\"itemListElement\":[{\"@type\":\"ListItem\",\"position\":1,\"name\":\"In\u00edcio\",\"item\":\"https:\\\/\\\/inclusivenews.com.br\\\/\"},{\"@type\":\"ListItem\",\"position\":2,\"name\":\"FSM real\u00e7a oportunidade civilizat\u00f3ria\"}]},{\"@type\":\"WebSite\",\"@id\":\"https:\\\/\\\/inclusivenews.com.br\\\/#website\",\"url\":\"https:\\\/\\\/inclusivenews.com.br\\\/\",\"name\":\"Inclusive News\",\"description\":\"Inclusive News\",\"publisher\":{\"@id\":\"https:\\\/\\\/inclusivenews.com.br\\\/#organization\"},\"potentialAction\":[{\"@type\":\"SearchAction\",\"target\":{\"@type\":\"EntryPoint\",\"urlTemplate\":\"https:\\\/\\\/inclusivenews.com.br\\\/?s={search_term_string}\"},\"query-input\":{\"@type\":\"PropertyValueSpecification\",\"valueRequired\":true,\"valueName\":\"search_term_string\"}}],\"inLanguage\":\"pt-PT\"},{\"@type\":\"Organization\",\"@id\":\"https:\\\/\\\/inclusivenews.com.br\\\/#organization\",\"name\":\"Inclusive - inclus\u00e3o e cidadania\",\"url\":\"https:\\\/\\\/inclusivenews.com.br\\\/\",\"logo\":{\"@type\":\"ImageObject\",\"inLanguage\":\"pt-PT\",\"@id\":\"https:\\\/\\\/inclusivenews.com.br\\\/#\\\/schema\\\/logo\\\/image\\\/\",\"url\":\"https:\\\/\\\/inclusivenews.com.br\\\/wp-content\\\/uploads\\\/2024\\\/03\\\/@grandesite.png\",\"contentUrl\":\"https:\\\/\\\/inclusivenews.com.br\\\/wp-content\\\/uploads\\\/2024\\\/03\\\/@grandesite.png\",\"width\":1080,\"height\":1080,\"caption\":\"Inclusive - inclus\u00e3o e cidadania\"},\"image\":{\"@id\":\"https:\\\/\\\/inclusivenews.com.br\\\/#\\\/schema\\\/logo\\\/image\\\/\"},\"sameAs\":[\"https:\\\/\\\/www.facebook.com\\\/agenciainclusive\\\/\",\"https:\\\/\\\/www.instagram.com\\\/newsinclusive\\\/\"]},{\"@type\":\"Person\",\"@id\":\"https:\\\/\\\/inclusivenews.com.br\\\/#\\\/schema\\\/person\\\/ae4ec7087559b8692fb33b6fffd2273b\",\"name\":\"inclusivenews2024\",\"image\":{\"@type\":\"ImageObject\",\"inLanguage\":\"pt-PT\",\"@id\":\"https:\\\/\\\/secure.gravatar.com\\\/avatar\\\/c5a7ef84c66fa914f55bc4f7ce26cfa275a3b9a1c5568b907bd184fb4dde7b40?s=96&d=mm&r=g\",\"url\":\"https:\\\/\\\/secure.gravatar.com\\\/avatar\\\/c5a7ef84c66fa914f55bc4f7ce26cfa275a3b9a1c5568b907bd184fb4dde7b40?s=96&d=mm&r=g\",\"contentUrl\":\"https:\\\/\\\/secure.gravatar.com\\\/avatar\\\/c5a7ef84c66fa914f55bc4f7ce26cfa275a3b9a1c5568b907bd184fb4dde7b40?s=96&d=mm&r=g\",\"caption\":\"inclusivenews2024\"},\"sameAs\":[\"https:\\\/\\\/inclusivenews.com.br\"],\"url\":\"https:\\\/\\\/inclusivenews.com.br\\\/?author=1\"}]}<\/script>\n<!-- \/ Yoast SEO plugin. -->","yoast_head_json":{"title":"FSM real\u00e7a oportunidade civilizat\u00f3ria -","robots":{"index":"index","follow":"follow","max-snippet":"max-snippet:-1","max-image-preview":"max-image-preview:large","max-video-preview":"max-video-preview:-1"},"canonical":"https:\/\/inclusivenews.com.br\/?p=13954","og_locale":"pt_PT","og_type":"article","og_title":"FSM real\u00e7a oportunidade civilizat\u00f3ria -","og_description":"Para integrantes do d\u00e9cimo F\u00f3rum Social Mundial, converg\u00eancia das crises ambiental, social e econ\u00f4mica obrigar\u00e1 humanidade a se reinventar. Da RTS.","og_url":"https:\/\/inclusivenews.com.br\/?p=13954","article_publisher":"https:\/\/www.facebook.com\/agenciainclusive\/","article_published_time":"2010-02-19T09:57:34+00:00","og_image":[{"url":"http:\/\/inclusivenews.com.br\/wp-content\/uploads\/2010\/01\/fsm2.jpg","type":"","width":"","height":""}],"author":"inclusivenews2024","twitter_card":"summary_large_image","twitter_misc":{"Escrito por":"inclusivenews2024","Tempo estimado de leitura":"9 minutos"},"schema":{"@context":"https:\/\/schema.org","@graph":[{"@type":"Article","@id":"https:\/\/inclusivenews.com.br\/?p=13954#article","isPartOf":{"@id":"https:\/\/inclusivenews.com.br\/?p=13954"},"author":{"name":"inclusivenews2024","@id":"https:\/\/inclusivenews.com.br\/#\/schema\/person\/ae4ec7087559b8692fb33b6fffd2273b"},"headline":"FSM real\u00e7a oportunidade civilizat\u00f3ria","datePublished":"2010-02-19T09:57:34+00:00","mainEntityOfPage":{"@id":"https:\/\/inclusivenews.com.br\/?p=13954"},"wordCount":1714,"commentCount":0,"publisher":{"@id":"https:\/\/inclusivenews.com.br\/#organization"},"image":{"@id":"https:\/\/inclusivenews.com.br\/?p=13954#primaryimage"},"thumbnailUrl":"http:\/\/inclusivenews.com.br\/wp-content\/uploads\/2010\/01\/fsm2.jpg","keywords":["F\u00f3rum Social Mundial"],"articleSection":["NOT\u00cdCIAS","Reportagem"],"inLanguage":"pt-PT","potentialAction":[{"@type":"CommentAction","name":"Comment","target":["https:\/\/inclusivenews.com.br\/?p=13954#respond"]}]},{"@type":"WebPage","@id":"https:\/\/inclusivenews.com.br\/?p=13954","url":"https:\/\/inclusivenews.com.br\/?p=13954","name":"FSM real\u00e7a oportunidade civilizat\u00f3ria -","isPartOf":{"@id":"https:\/\/inclusivenews.com.br\/#website"},"primaryImageOfPage":{"@id":"https:\/\/inclusivenews.com.br\/?p=13954#primaryimage"},"image":{"@id":"https:\/\/inclusivenews.com.br\/?p=13954#primaryimage"},"thumbnailUrl":"http:\/\/inclusivenews.com.br\/wp-content\/uploads\/2010\/01\/fsm2.jpg","datePublished":"2010-02-19T09:57:34+00:00","breadcrumb":{"@id":"https:\/\/inclusivenews.com.br\/?p=13954#breadcrumb"},"inLanguage":"pt-PT","potentialAction":[{"@type":"ReadAction","target":["https:\/\/inclusivenews.com.br\/?p=13954"]}]},{"@type":"ImageObject","inLanguage":"pt-PT","@id":"https:\/\/inclusivenews.com.br\/?p=13954#primaryimage","url":"","contentUrl":""},{"@type":"BreadcrumbList","@id":"https:\/\/inclusivenews.com.br\/?p=13954#breadcrumb","itemListElement":[{"@type":"ListItem","position":1,"name":"In\u00edcio","item":"https:\/\/inclusivenews.com.br\/"},{"@type":"ListItem","position":2,"name":"FSM real\u00e7a oportunidade civilizat\u00f3ria"}]},{"@type":"WebSite","@id":"https:\/\/inclusivenews.com.br\/#website","url":"https:\/\/inclusivenews.com.br\/","name":"Inclusive News","description":"Inclusive News","publisher":{"@id":"https:\/\/inclusivenews.com.br\/#organization"},"potentialAction":[{"@type":"SearchAction","target":{"@type":"EntryPoint","urlTemplate":"https:\/\/inclusivenews.com.br\/?s={search_term_string}"},"query-input":{"@type":"PropertyValueSpecification","valueRequired":true,"valueName":"search_term_string"}}],"inLanguage":"pt-PT"},{"@type":"Organization","@id":"https:\/\/inclusivenews.com.br\/#organization","name":"Inclusive - inclus\u00e3o e cidadania","url":"https:\/\/inclusivenews.com.br\/","logo":{"@type":"ImageObject","inLanguage":"pt-PT","@id":"https:\/\/inclusivenews.com.br\/#\/schema\/logo\/image\/","url":"https:\/\/inclusivenews.com.br\/wp-content\/uploads\/2024\/03\/@grandesite.png","contentUrl":"https:\/\/inclusivenews.com.br\/wp-content\/uploads\/2024\/03\/@grandesite.png","width":1080,"height":1080,"caption":"Inclusive - inclus\u00e3o e cidadania"},"image":{"@id":"https:\/\/inclusivenews.com.br\/#\/schema\/logo\/image\/"},"sameAs":["https:\/\/www.facebook.com\/agenciainclusive\/","https:\/\/www.instagram.com\/newsinclusive\/"]},{"@type":"Person","@id":"https:\/\/inclusivenews.com.br\/#\/schema\/person\/ae4ec7087559b8692fb33b6fffd2273b","name":"inclusivenews2024","image":{"@type":"ImageObject","inLanguage":"pt-PT","@id":"https:\/\/secure.gravatar.com\/avatar\/c5a7ef84c66fa914f55bc4f7ce26cfa275a3b9a1c5568b907bd184fb4dde7b40?s=96&d=mm&r=g","url":"https:\/\/secure.gravatar.com\/avatar\/c5a7ef84c66fa914f55bc4f7ce26cfa275a3b9a1c5568b907bd184fb4dde7b40?s=96&d=mm&r=g","contentUrl":"https:\/\/secure.gravatar.com\/avatar\/c5a7ef84c66fa914f55bc4f7ce26cfa275a3b9a1c5568b907bd184fb4dde7b40?s=96&d=mm&r=g","caption":"inclusivenews2024"},"sameAs":["https:\/\/inclusivenews.com.br"],"url":"https:\/\/inclusivenews.com.br\/?author=1"}]}},"_links":{"self":[{"href":"https:\/\/inclusivenews.com.br\/index.php?rest_route=\/wp\/v2\/posts\/13954","targetHints":{"allow":["GET"]}}],"collection":[{"href":"https:\/\/inclusivenews.com.br\/index.php?rest_route=\/wp\/v2\/posts"}],"about":[{"href":"https:\/\/inclusivenews.com.br\/index.php?rest_route=\/wp\/v2\/types\/post"}],"author":[{"embeddable":true,"href":"https:\/\/inclusivenews.com.br\/index.php?rest_route=\/wp\/v2\/users\/1"}],"replies":[{"embeddable":true,"href":"https:\/\/inclusivenews.com.br\/index.php?rest_route=%2Fwp%2Fv2%2Fcomments&post=13954"}],"version-history":[{"count":0,"href":"https:\/\/inclusivenews.com.br\/index.php?rest_route=\/wp\/v2\/posts\/13954\/revisions"}],"wp:attachment":[{"href":"https:\/\/inclusivenews.com.br\/index.php?rest_route=%2Fwp%2Fv2%2Fmedia&parent=13954"}],"wp:term":[{"taxonomy":"category","embeddable":true,"href":"https:\/\/inclusivenews.com.br\/index.php?rest_route=%2Fwp%2Fv2%2Fcategories&post=13954"},{"taxonomy":"post_tag","embeddable":true,"href":"https:\/\/inclusivenews.com.br\/index.php?rest_route=%2Fwp%2Fv2%2Ftags&post=13954"}],"curies":[{"name":"wp","href":"https:\/\/api.w.org\/{rel}","templated":true}]}}