{"id":13956,"date":"2010-02-19T06:54:32","date_gmt":"2010-02-19T09:54:32","guid":{"rendered":"http:\/\/www.inclusive.org.br\/?p=13956"},"modified":"2010-02-19T06:54:32","modified_gmt":"2010-02-19T09:54:32","slug":"alem-do-consumismo-infantil","status":"publish","type":"post","link":"https:\/\/inclusivenews.com.br\/?p=13956","title":{"rendered":"Al\u00e9m do consumismo infantil"},"content":{"rendered":"<div class=\"mceTemp\">\n<dl class=\"wp-caption  alignleft\" style=\"width: 221px;\">\n<dt class=\"wp-caption-dt\"><img loading=\"lazy\" decoding=\"async\" class=\" \" title=\"3\u00ba F\u00f3rum Internacional Crian\u00e7a e Consumo\" src=\"http:\/\/forumcec.org.br\/media\/imgs\/logotipo-3-forumcec.png\" alt=\"\" width=\"211\" height=\"110\" \/><\/dt>\n<dd class=\"wp-caption-dd\"><\/dd>\n<\/dl>\n<\/div>\n<p style=\"text-align: justify;\">O F\u00f3rum Internacional Crian\u00e7a e Consumo chega \u00e0 terceira edi\u00e7\u00e3o. Desde 2006, quando o evento foi realizado pela primeira vez, os impactos negativos da mercantiliza\u00e7\u00e3o da inf\u00e2ncia t\u00eam sido discutidos.<\/p>\n<p style=\"text-align: justify;\">Neste ano, o debate prop\u00f5e uma reflex\u00e3o mais ampla de como a viola\u00e7\u00e3o dos direitos da crian\u00e7a e o hiperconsumismo desencadeiam problemas ambientais, econ\u00f4micos e sociais. Tamb\u00e9m ser\u00e1 contemplada a diminui\u00e7\u00e3o das brincadeiras criativas, essenciais ao desenvolvimento humano.<\/p>\n<p style=\"text-align: justify;\">Assim, o 3\u00ba F\u00f3rum realizar\u00e1 tr\u00eas mesas de debate \u2013 Honrar a Inf\u00e2ncia, Refletir o Consumo e Brincar \u2013 com profissionais e pesquisadores de diversas \u00e1reas.<\/p>\n<p style=\"text-align: justify;\"><a href=\"http:\/\/www.forumcec.org.br\/inscricao\/\">Participe! Voc\u00ea pode navegar pelo site para ver mais detalhes da programa\u00e7\u00e3o e se inscrever gratuitamente.<\/a><\/p>\n","protected":false},"excerpt":{"rendered":"<p>O F\u00f3rum Internacional Crian\u00e7a e Consumo chega \u00e0 terceira edi\u00e7\u00e3o. Desde 2006, quando o evento foi realizado pela primeira vez, os impactos negativos da mercantiliza\u00e7\u00e3o da inf\u00e2ncia t\u00eam sido discutidos. Neste ano, o debate prop\u00f5e uma reflex\u00e3o mais ampla de como a viola\u00e7\u00e3o dos direitos da crian\u00e7a e o hiperconsumismo desencadeiam problemas ambientais, econ\u00f4micos e [&hellip;]<\/p>\n","protected":false},"author":1,"featured_media":0,"comment_status":"open","ping_status":"open","sticky":false,"template":"","format":"standard","meta":{"site-container-style":"default","site-container-layout":"default","site-sidebar-layout":"default","disable-article-header":"default","disable-site-header":"default","disable-site-footer":"default","disable-content-area-spacing":"default","footnotes":""},"categories":[12,4],"tags":[60],"class_list":["post-13956","post","type-post","status-publish","format-standard","hentry","category-cursos-e-eventos","category-noticias","tag-infancia"],"yoast_head":"<!-- This site is optimized with the Yoast SEO plugin v27.4 - https:\/\/yoast.com\/product\/yoast-seo-wordpress\/ -->\n<title>Al\u00e9m do consumismo infantil -<\/title>\n<meta name=\"robots\" content=\"index, follow, max-snippet:-1, max-image-preview:large, max-video-preview:-1\" \/>\n<link rel=\"canonical\" href=\"https:\/\/inclusivenews.com.br\/?p=13956\" \/>\n<meta property=\"og:locale\" content=\"pt_PT\" \/>\n<meta property=\"og:type\" content=\"article\" \/>\n<meta property=\"og:title\" content=\"Al\u00e9m do consumismo infantil -\" \/>\n<meta property=\"og:description\" content=\"O F\u00f3rum Internacional Crian\u00e7a e Consumo chega \u00e0 terceira edi\u00e7\u00e3o. Desde 2006, quando o evento foi realizado pela primeira vez, os impactos negativos da mercantiliza\u00e7\u00e3o da inf\u00e2ncia t\u00eam sido discutidos. Neste ano, o debate prop\u00f5e uma reflex\u00e3o mais ampla de como a viola\u00e7\u00e3o dos direitos da crian\u00e7a e o hiperconsumismo desencadeiam problemas ambientais, econ\u00f4micos e [&hellip;]\" \/>\n<meta property=\"og:url\" content=\"https:\/\/inclusivenews.com.br\/?p=13956\" \/>\n<meta property=\"article:publisher\" content=\"https:\/\/www.facebook.com\/agenciainclusive\/\" \/>\n<meta property=\"article:published_time\" content=\"2010-02-19T09:54:32+00:00\" \/>\n<meta property=\"og:image\" content=\"http:\/\/forumcec.org.br\/media\/imgs\/logotipo-3-forumcec.png\" \/>\n<meta name=\"author\" content=\"inclusivenews2024\" \/>\n<meta name=\"twitter:card\" content=\"summary_large_image\" \/>\n<meta name=\"twitter:label1\" content=\"Escrito por\" \/>\n\t<meta name=\"twitter:data1\" content=\"inclusivenews2024\" \/>\n\t<meta name=\"twitter:label2\" content=\"Tempo estimado de leitura\" \/>\n\t<meta name=\"twitter:data2\" content=\"1 minuto\" \/>\n<script type=\"application\/ld+json\" class=\"yoast-schema-graph\">{\"@context\":\"https:\\\/\\\/schema.org\",\"@graph\":[{\"@type\":\"Article\",\"@id\":\"https:\\\/\\\/inclusivenews.com.br\\\/?p=13956#article\",\"isPartOf\":{\"@id\":\"https:\\\/\\\/inclusivenews.com.br\\\/?p=13956\"},\"author\":{\"name\":\"inclusivenews2024\",\"@id\":\"https:\\\/\\\/inclusivenews.com.br\\\/#\\\/schema\\\/person\\\/ae4ec7087559b8692fb33b6fffd2273b\"},\"headline\":\"Al\u00e9m do consumismo infantil\",\"datePublished\":\"2010-02-19T09:54:32+00:00\",\"mainEntityOfPage\":{\"@id\":\"https:\\\/\\\/inclusivenews.com.br\\\/?p=13956\"},\"wordCount\":127,\"commentCount\":0,\"publisher\":{\"@id\":\"https:\\\/\\\/inclusivenews.com.br\\\/#organization\"},\"image\":{\"@id\":\"https:\\\/\\\/inclusivenews.com.br\\\/?p=13956#primaryimage\"},\"thumbnailUrl\":\"http:\\\/\\\/forumcec.org.br\\\/media\\\/imgs\\\/logotipo-3-forumcec.png\",\"keywords\":[\"Inf\u00e2ncia\"],\"articleSection\":[\"Cursos e eventos\",\"NOT\u00cdCIAS\"],\"inLanguage\":\"pt-PT\",\"potentialAction\":[{\"@type\":\"CommentAction\",\"name\":\"Comment\",\"target\":[\"https:\\\/\\\/inclusivenews.com.br\\\/?p=13956#respond\"]}]},{\"@type\":\"WebPage\",\"@id\":\"https:\\\/\\\/inclusivenews.com.br\\\/?p=13956\",\"url\":\"https:\\\/\\\/inclusivenews.com.br\\\/?p=13956\",\"name\":\"Al\u00e9m do consumismo infantil -\",\"isPartOf\":{\"@id\":\"https:\\\/\\\/inclusivenews.com.br\\\/#website\"},\"primaryImageOfPage\":{\"@id\":\"https:\\\/\\\/inclusivenews.com.br\\\/?p=13956#primaryimage\"},\"image\":{\"@id\":\"https:\\\/\\\/inclusivenews.com.br\\\/?p=13956#primaryimage\"},\"thumbnailUrl\":\"http:\\\/\\\/forumcec.org.br\\\/media\\\/imgs\\\/logotipo-3-forumcec.png\",\"datePublished\":\"2010-02-19T09:54:32+00:00\",\"breadcrumb\":{\"@id\":\"https:\\\/\\\/inclusivenews.com.br\\\/?p=13956#breadcrumb\"},\"inLanguage\":\"pt-PT\",\"potentialAction\":[{\"@type\":\"ReadAction\",\"target\":[\"https:\\\/\\\/inclusivenews.com.br\\\/?p=13956\"]}]},{\"@type\":\"ImageObject\",\"inLanguage\":\"pt-PT\",\"@id\":\"https:\\\/\\\/inclusivenews.com.br\\\/?p=13956#primaryimage\",\"url\":\"http:\\\/\\\/forumcec.org.br\\\/media\\\/imgs\\\/logotipo-3-forumcec.png\",\"contentUrl\":\"http:\\\/\\\/forumcec.org.br\\\/media\\\/imgs\\\/logotipo-3-forumcec.png\"},{\"@type\":\"BreadcrumbList\",\"@id\":\"https:\\\/\\\/inclusivenews.com.br\\\/?p=13956#breadcrumb\",\"itemListElement\":[{\"@type\":\"ListItem\",\"position\":1,\"name\":\"In\u00edcio\",\"item\":\"https:\\\/\\\/inclusivenews.com.br\\\/\"},{\"@type\":\"ListItem\",\"position\":2,\"name\":\"Al\u00e9m do consumismo infantil\"}]},{\"@type\":\"WebSite\",\"@id\":\"https:\\\/\\\/inclusivenews.com.br\\\/#website\",\"url\":\"https:\\\/\\\/inclusivenews.com.br\\\/\",\"name\":\"Inclusive News\",\"description\":\"Inclusive News\",\"publisher\":{\"@id\":\"https:\\\/\\\/inclusivenews.com.br\\\/#organization\"},\"potentialAction\":[{\"@type\":\"SearchAction\",\"target\":{\"@type\":\"EntryPoint\",\"urlTemplate\":\"https:\\\/\\\/inclusivenews.com.br\\\/?s={search_term_string}\"},\"query-input\":{\"@type\":\"PropertyValueSpecification\",\"valueRequired\":true,\"valueName\":\"search_term_string\"}}],\"inLanguage\":\"pt-PT\"},{\"@type\":\"Organization\",\"@id\":\"https:\\\/\\\/inclusivenews.com.br\\\/#organization\",\"name\":\"Inclusive - inclus\u00e3o e cidadania\",\"url\":\"https:\\\/\\\/inclusivenews.com.br\\\/\",\"logo\":{\"@type\":\"ImageObject\",\"inLanguage\":\"pt-PT\",\"@id\":\"https:\\\/\\\/inclusivenews.com.br\\\/#\\\/schema\\\/logo\\\/image\\\/\",\"url\":\"https:\\\/\\\/inclusivenews.com.br\\\/wp-content\\\/uploads\\\/2024\\\/03\\\/@grandesite.png\",\"contentUrl\":\"https:\\\/\\\/inclusivenews.com.br\\\/wp-content\\\/uploads\\\/2024\\\/03\\\/@grandesite.png\",\"width\":1080,\"height\":1080,\"caption\":\"Inclusive - inclus\u00e3o e cidadania\"},\"image\":{\"@id\":\"https:\\\/\\\/inclusivenews.com.br\\\/#\\\/schema\\\/logo\\\/image\\\/\"},\"sameAs\":[\"https:\\\/\\\/www.facebook.com\\\/agenciainclusive\\\/\",\"https:\\\/\\\/www.instagram.com\\\/newsinclusive\\\/\"]},{\"@type\":\"Person\",\"@id\":\"https:\\\/\\\/inclusivenews.com.br\\\/#\\\/schema\\\/person\\\/ae4ec7087559b8692fb33b6fffd2273b\",\"name\":\"inclusivenews2024\",\"image\":{\"@type\":\"ImageObject\",\"inLanguage\":\"pt-PT\",\"@id\":\"https:\\\/\\\/secure.gravatar.com\\\/avatar\\\/c5a7ef84c66fa914f55bc4f7ce26cfa275a3b9a1c5568b907bd184fb4dde7b40?s=96&d=mm&r=g\",\"url\":\"https:\\\/\\\/secure.gravatar.com\\\/avatar\\\/c5a7ef84c66fa914f55bc4f7ce26cfa275a3b9a1c5568b907bd184fb4dde7b40?s=96&d=mm&r=g\",\"contentUrl\":\"https:\\\/\\\/secure.gravatar.com\\\/avatar\\\/c5a7ef84c66fa914f55bc4f7ce26cfa275a3b9a1c5568b907bd184fb4dde7b40?s=96&d=mm&r=g\",\"caption\":\"inclusivenews2024\"},\"sameAs\":[\"https:\\\/\\\/inclusivenews.com.br\"],\"url\":\"https:\\\/\\\/inclusivenews.com.br\\\/?author=1\"}]}<\/script>\n<!-- \/ Yoast SEO plugin. -->","yoast_head_json":{"title":"Al\u00e9m do consumismo infantil -","robots":{"index":"index","follow":"follow","max-snippet":"max-snippet:-1","max-image-preview":"max-image-preview:large","max-video-preview":"max-video-preview:-1"},"canonical":"https:\/\/inclusivenews.com.br\/?p=13956","og_locale":"pt_PT","og_type":"article","og_title":"Al\u00e9m do consumismo infantil -","og_description":"O F\u00f3rum Internacional Crian\u00e7a e Consumo chega \u00e0 terceira edi\u00e7\u00e3o. Desde 2006, quando o evento foi realizado pela primeira vez, os impactos negativos da mercantiliza\u00e7\u00e3o da inf\u00e2ncia t\u00eam sido discutidos. Neste ano, o debate prop\u00f5e uma reflex\u00e3o mais ampla de como a viola\u00e7\u00e3o dos direitos da crian\u00e7a e o hiperconsumismo desencadeiam problemas ambientais, econ\u00f4micos e [&hellip;]","og_url":"https:\/\/inclusivenews.com.br\/?p=13956","article_publisher":"https:\/\/www.facebook.com\/agenciainclusive\/","article_published_time":"2010-02-19T09:54:32+00:00","og_image":[{"url":"http:\/\/forumcec.org.br\/media\/imgs\/logotipo-3-forumcec.png","type":"","width":"","height":""}],"author":"inclusivenews2024","twitter_card":"summary_large_image","twitter_misc":{"Escrito por":"inclusivenews2024","Tempo estimado de leitura":"1 minuto"},"schema":{"@context":"https:\/\/schema.org","@graph":[{"@type":"Article","@id":"https:\/\/inclusivenews.com.br\/?p=13956#article","isPartOf":{"@id":"https:\/\/inclusivenews.com.br\/?p=13956"},"author":{"name":"inclusivenews2024","@id":"https:\/\/inclusivenews.com.br\/#\/schema\/person\/ae4ec7087559b8692fb33b6fffd2273b"},"headline":"Al\u00e9m do consumismo infantil","datePublished":"2010-02-19T09:54:32+00:00","mainEntityOfPage":{"@id":"https:\/\/inclusivenews.com.br\/?p=13956"},"wordCount":127,"commentCount":0,"publisher":{"@id":"https:\/\/inclusivenews.com.br\/#organization"},"image":{"@id":"https:\/\/inclusivenews.com.br\/?p=13956#primaryimage"},"thumbnailUrl":"http:\/\/forumcec.org.br\/media\/imgs\/logotipo-3-forumcec.png","keywords":["Inf\u00e2ncia"],"articleSection":["Cursos e eventos","NOT\u00cdCIAS"],"inLanguage":"pt-PT","potentialAction":[{"@type":"CommentAction","name":"Comment","target":["https:\/\/inclusivenews.com.br\/?p=13956#respond"]}]},{"@type":"WebPage","@id":"https:\/\/inclusivenews.com.br\/?p=13956","url":"https:\/\/inclusivenews.com.br\/?p=13956","name":"Al\u00e9m do consumismo infantil -","isPartOf":{"@id":"https:\/\/inclusivenews.com.br\/#website"},"primaryImageOfPage":{"@id":"https:\/\/inclusivenews.com.br\/?p=13956#primaryimage"},"image":{"@id":"https:\/\/inclusivenews.com.br\/?p=13956#primaryimage"},"thumbnailUrl":"http:\/\/forumcec.org.br\/media\/imgs\/logotipo-3-forumcec.png","datePublished":"2010-02-19T09:54:32+00:00","breadcrumb":{"@id":"https:\/\/inclusivenews.com.br\/?p=13956#breadcrumb"},"inLanguage":"pt-PT","potentialAction":[{"@type":"ReadAction","target":["https:\/\/inclusivenews.com.br\/?p=13956"]}]},{"@type":"ImageObject","inLanguage":"pt-PT","@id":"https:\/\/inclusivenews.com.br\/?p=13956#primaryimage","url":"http:\/\/forumcec.org.br\/media\/imgs\/logotipo-3-forumcec.png","contentUrl":"http:\/\/forumcec.org.br\/media\/imgs\/logotipo-3-forumcec.png"},{"@type":"BreadcrumbList","@id":"https:\/\/inclusivenews.com.br\/?p=13956#breadcrumb","itemListElement":[{"@type":"ListItem","position":1,"name":"In\u00edcio","item":"https:\/\/inclusivenews.com.br\/"},{"@type":"ListItem","position":2,"name":"Al\u00e9m do consumismo infantil"}]},{"@type":"WebSite","@id":"https:\/\/inclusivenews.com.br\/#website","url":"https:\/\/inclusivenews.com.br\/","name":"Inclusive News","description":"Inclusive News","publisher":{"@id":"https:\/\/inclusivenews.com.br\/#organization"},"potentialAction":[{"@type":"SearchAction","target":{"@type":"EntryPoint","urlTemplate":"https:\/\/inclusivenews.com.br\/?s={search_term_string}"},"query-input":{"@type":"PropertyValueSpecification","valueRequired":true,"valueName":"search_term_string"}}],"inLanguage":"pt-PT"},{"@type":"Organization","@id":"https:\/\/inclusivenews.com.br\/#organization","name":"Inclusive - inclus\u00e3o e cidadania","url":"https:\/\/inclusivenews.com.br\/","logo":{"@type":"ImageObject","inLanguage":"pt-PT","@id":"https:\/\/inclusivenews.com.br\/#\/schema\/logo\/image\/","url":"https:\/\/inclusivenews.com.br\/wp-content\/uploads\/2024\/03\/@grandesite.png","contentUrl":"https:\/\/inclusivenews.com.br\/wp-content\/uploads\/2024\/03\/@grandesite.png","width":1080,"height":1080,"caption":"Inclusive - inclus\u00e3o e cidadania"},"image":{"@id":"https:\/\/inclusivenews.com.br\/#\/schema\/logo\/image\/"},"sameAs":["https:\/\/www.facebook.com\/agenciainclusive\/","https:\/\/www.instagram.com\/newsinclusive\/"]},{"@type":"Person","@id":"https:\/\/inclusivenews.com.br\/#\/schema\/person\/ae4ec7087559b8692fb33b6fffd2273b","name":"inclusivenews2024","image":{"@type":"ImageObject","inLanguage":"pt-PT","@id":"https:\/\/secure.gravatar.com\/avatar\/c5a7ef84c66fa914f55bc4f7ce26cfa275a3b9a1c5568b907bd184fb4dde7b40?s=96&d=mm&r=g","url":"https:\/\/secure.gravatar.com\/avatar\/c5a7ef84c66fa914f55bc4f7ce26cfa275a3b9a1c5568b907bd184fb4dde7b40?s=96&d=mm&r=g","contentUrl":"https:\/\/secure.gravatar.com\/avatar\/c5a7ef84c66fa914f55bc4f7ce26cfa275a3b9a1c5568b907bd184fb4dde7b40?s=96&d=mm&r=g","caption":"inclusivenews2024"},"sameAs":["https:\/\/inclusivenews.com.br"],"url":"https:\/\/inclusivenews.com.br\/?author=1"}]}},"_links":{"self":[{"href":"https:\/\/inclusivenews.com.br\/index.php?rest_route=\/wp\/v2\/posts\/13956","targetHints":{"allow":["GET"]}}],"collection":[{"href":"https:\/\/inclusivenews.com.br\/index.php?rest_route=\/wp\/v2\/posts"}],"about":[{"href":"https:\/\/inclusivenews.com.br\/index.php?rest_route=\/wp\/v2\/types\/post"}],"author":[{"embeddable":true,"href":"https:\/\/inclusivenews.com.br\/index.php?rest_route=\/wp\/v2\/users\/1"}],"replies":[{"embeddable":true,"href":"https:\/\/inclusivenews.com.br\/index.php?rest_route=%2Fwp%2Fv2%2Fcomments&post=13956"}],"version-history":[{"count":0,"href":"https:\/\/inclusivenews.com.br\/index.php?rest_route=\/wp\/v2\/posts\/13956\/revisions"}],"wp:attachment":[{"href":"https:\/\/inclusivenews.com.br\/index.php?rest_route=%2Fwp%2Fv2%2Fmedia&parent=13956"}],"wp:term":[{"taxonomy":"category","embeddable":true,"href":"https:\/\/inclusivenews.com.br\/index.php?rest_route=%2Fwp%2Fv2%2Fcategories&post=13956"},{"taxonomy":"post_tag","embeddable":true,"href":"https:\/\/inclusivenews.com.br\/index.php?rest_route=%2Fwp%2Fv2%2Ftags&post=13956"}],"curies":[{"name":"wp","href":"https:\/\/api.w.org\/{rel}","templated":true}]}}