{"id":13957,"date":"2010-02-19T06:58:22","date_gmt":"2010-02-19T09:58:22","guid":{"rendered":"http:\/\/www.inclusive.org.br\/?p=13957"},"modified":"2010-02-19T06:58:22","modified_gmt":"2010-02-19T09:58:22","slug":"seminario-ongs-e-movimentos-sociais","status":"publish","type":"post","link":"https:\/\/inclusivenews.com.br\/?p=13957","title":{"rendered":"Semin\u00e1rio ONGs e Movimentos Sociais"},"content":{"rendered":"<div class=\"mceTemp\">\n<dl class=\"wp-caption alignleft\" style=\"width: 156px;\">\n<dt class=\"wp-caption-dt\"><img loading=\"lazy\" decoding=\"async\" title=\"Logotipo da ABONG, onde aparece a ilustra\u00e7\u00e3o de 4 pessoas de m\u00e3os dadas\" src=\"http:\/\/4.bp.blogspot.com\/_RZo-S2sh6MI\/SvK225VoeiI\/AAAAAAAAA0s\/eGjSHrZ74nE\/S269\/abong.jpg\" alt=\"\" width=\"146\" height=\"215\" \/><\/dt>\n<dd class=\"wp-caption-dd\"><\/dd>\n<\/dl>\n<\/div>\n<p style=\"text-align: justify;\">A Associa\u00e7\u00e3o Brasileira de Organiza\u00e7\u00f5es N\u00e3o Governamentais, ABONG, realiza, entre os dias 17 e 19 de mar\u00e7o, sua Assembleia Geral, que ser\u00e1 antecedida por um semin\u00e1rio que vai discutir a sustentabilidade das ONGs e movimentos sociais.<\/p>\n<p style=\"text-align: justify;\">O Semin\u00e1rio ONGs e Movimentos Sociais, o desafio da sustentabilidade ser\u00e1 realizado em parceria com o PAD &#8211; Processo de Articula\u00e7\u00e3o e Di\u00e1logo, e abordar\u00e1 temas como acesso a recursos p\u00fablicos, fundos privados, responsabilidade social e coopera\u00e7\u00e3o internacional em tr\u00eas mesas de debate (veja a programa\u00e7\u00e3o completa abaixo).<\/p>\n<p style=\"text-align: justify;\">A atividade come\u00e7a na manh\u00e3 de 17 de mar\u00e7o e vai at\u00e9 \u00e0s 13hs do dia 18. O Semin\u00e1rio, tradicionalmente realizado antes da Assembleia Geral da ABONG, \u00e9 aberto \u00e0 participa\u00e7\u00e3o do p\u00fablico. As inscri\u00e7\u00f5es ser\u00e3o feitas pelo endere\u00e7o eletr\u00f4nico <a href=\"mailto:di@abong.org.br\">di@abong.org.br<\/a> ou pelo telefone 3237-2122 r. 207<\/p>\n<p style=\"text-align: justify;\">Programa\u00e7\u00e3o<\/p>\n<p style=\"text-align: justify;\">Dia 17\/03\/2010<\/p>\n<p style=\"text-align: justify;\">MESA 1<\/p>\n<p style=\"text-align: justify;\">ONGs e Movimentos: o desafio da sustentabilidade<\/p>\n<p style=\"text-align: justify;\">Aldalice Otterloo (ABONG) Rafael Soares de Oliveira (Koinonia &#8211; PAD) Sergio Leit\u00e3o (Greenpeace)<\/p>\n<p style=\"text-align: justify;\">MESA 2<\/p>\n<p style=\"text-align: justify;\">Responsabilidade social, fundos privados e coopera\u00e7\u00e3o internacional<\/p>\n<p style=\"text-align: justify;\">Kjeld Jakobsen (Instituto Observat\u00f3rio Social, Brasil) Taciana Gouveia (ABONG) Eliana Rolemberg (Cese \u2013 PAD)<\/p>\n<p style=\"text-align: justify;\">Dia 18\/03\/2010<\/p>\n<p style=\"text-align: justify;\">MESA 3<\/p>\n<p style=\"text-align: justify;\">Legitimidade no acesso a fundos p\u00fablicos<\/p>\n<p style=\"text-align: justify;\">Tatiana Dahmer (ABONG) Ana Toni (Funda\u00e7\u00e3o Ford) S\u00e9rgio Haddad (A\u00e7\u00e3o Educativa)<\/p>\n<p style=\"text-align: justify;\">Local Audit\u00f3rio da A\u00e7\u00e3o Educativa Rua General Jardim, 660, t\u00e9rreo Vila Buarque &#8211; S\u00e3o Paulo \u2013 SP<\/p>\n<p style=\"text-align: justify;\">Realiza\u00e7\u00e3o ABONG e PAD<\/p>\n<p style=\"text-align: justify;\">A Assembleia Geral da ABONG, realizada a cada tr\u00eas anos, acontece em mar\u00e7o, entre os dias 18 (14h) e 19, ap\u00f3s o encerramento do Semin\u00e1rio ONGs e Movimentos Sociais &#8211; o desafio da sustentabilidade, tamb\u00e9m no audit\u00f3rio da A\u00e7\u00e3o Educativa.<\/p>\n<p style=\"text-align: justify;\">Durante a Assembleia ser\u00e3o debatidas quest\u00f5es-chave referentes aos rumos da ABONG, os desafios do campo associativo, seu projeto pol\u00edtico e seu fortalecimento como sujeito. A partir destes debates ser\u00e3o definidas as prioridades que orientar\u00e3o o trabalho da pr\u00f3xima gest\u00e3o. Veja pauta completa da Assembleia abaixo.<\/p>\n<p style=\"text-align: justify;\">1. Homologa\u00e7\u00e3o das novas associadas 2. Presta\u00e7\u00e3o de Contas 3. Aprova\u00e7\u00e3o do parecer do Conselho Fiscal 4. Discuss\u00e3o do Balan\u00e7o 2007 \u2013 2009 5. Prioridades para o per\u00edodo 2010 \u2013 2012 6. Reforma do Estatuto 7. Reforma da carta de princ\u00edpios 8. Debates e indica\u00e7\u00e3o de nomes para o novo Conselho Diretor 9. Elei\u00e7\u00e3o e posse do novo Conselho Diretor 10. Outros<\/p>\n<p style=\"text-align: justify;\">A Assembleia \u00e9 aberta a participa\u00e7\u00e3o de convidados\/as, mas o direito a voto \u00e9 restrito \u00e0s associadas. Para mais informa\u00e7\u00f5es, escreva para <a href=\"mailto:di@abong.org.br\">di@abong.org.br<\/a><\/p>\n","protected":false},"excerpt":{"rendered":"<p>A Associa\u00e7\u00e3o Brasileira de Organiza\u00e7\u00f5es N\u00e3o Governamentais, ABONG, realiza, entre os dias 17 e 19 de mar\u00e7o, sua Assembleia Geral, que ser\u00e1 antecedida por um semin\u00e1rio que vai discutir a sustentabilidade das ONGs e movimentos sociais.<\/p>\n","protected":false},"author":1,"featured_media":0,"comment_status":"open","ping_status":"open","sticky":false,"template":"","format":"standard","meta":{"site-container-style":"default","site-container-layout":"default","site-sidebar-layout":"default","disable-article-header":"default","disable-site-header":"default","disable-site-footer":"default","disable-content-area-spacing":"default","footnotes":""},"categories":[12,4],"tags":[],"class_list":["post-13957","post","type-post","status-publish","format-standard","hentry","category-cursos-e-eventos","category-noticias"],"yoast_head":"<!-- This site is optimized with the Yoast SEO plugin v27.4 - https:\/\/yoast.com\/product\/yoast-seo-wordpress\/ -->\n<title>Semin\u00e1rio ONGs e Movimentos Sociais -<\/title>\n<meta name=\"robots\" content=\"index, follow, max-snippet:-1, max-image-preview:large, max-video-preview:-1\" \/>\n<link rel=\"canonical\" href=\"https:\/\/inclusivenews.com.br\/?p=13957\" \/>\n<meta property=\"og:locale\" content=\"pt_PT\" \/>\n<meta property=\"og:type\" content=\"article\" \/>\n<meta property=\"og:title\" content=\"Semin\u00e1rio ONGs e Movimentos Sociais -\" \/>\n<meta property=\"og:description\" content=\"A Associa\u00e7\u00e3o Brasileira de Organiza\u00e7\u00f5es N\u00e3o Governamentais, ABONG, realiza, entre os dias 17 e 19 de mar\u00e7o, sua Assembleia Geral, que ser\u00e1 antecedida por um semin\u00e1rio que vai discutir a sustentabilidade das ONGs e movimentos sociais.\" \/>\n<meta property=\"og:url\" content=\"https:\/\/inclusivenews.com.br\/?p=13957\" \/>\n<meta property=\"article:publisher\" content=\"https:\/\/www.facebook.com\/agenciainclusive\/\" \/>\n<meta property=\"article:published_time\" content=\"2010-02-19T09:58:22+00:00\" \/>\n<meta property=\"og:image\" content=\"http:\/\/4.bp.blogspot.com\/_RZo-S2sh6MI\/SvK225VoeiI\/AAAAAAAAA0s\/eGjSHrZ74nE\/S269\/abong.jpg\" \/>\n<meta name=\"author\" content=\"inclusivenews2024\" \/>\n<meta name=\"twitter:card\" content=\"summary_large_image\" \/>\n<meta name=\"twitter:label1\" content=\"Escrito por\" \/>\n\t<meta name=\"twitter:data1\" content=\"inclusivenews2024\" \/>\n\t<meta name=\"twitter:label2\" content=\"Tempo estimado de leitura\" \/>\n\t<meta name=\"twitter:data2\" content=\"2 minutos\" \/>\n<script type=\"application\/ld+json\" class=\"yoast-schema-graph\">{\"@context\":\"https:\\\/\\\/schema.org\",\"@graph\":[{\"@type\":\"Article\",\"@id\":\"https:\\\/\\\/inclusivenews.com.br\\\/?p=13957#article\",\"isPartOf\":{\"@id\":\"https:\\\/\\\/inclusivenews.com.br\\\/?p=13957\"},\"author\":{\"name\":\"inclusivenews2024\",\"@id\":\"https:\\\/\\\/inclusivenews.com.br\\\/#\\\/schema\\\/person\\\/ae4ec7087559b8692fb33b6fffd2273b\"},\"headline\":\"Semin\u00e1rio ONGs e Movimentos Sociais\",\"datePublished\":\"2010-02-19T09:58:22+00:00\",\"mainEntityOfPage\":{\"@id\":\"https:\\\/\\\/inclusivenews.com.br\\\/?p=13957\"},\"wordCount\":428,\"commentCount\":0,\"publisher\":{\"@id\":\"https:\\\/\\\/inclusivenews.com.br\\\/#organization\"},\"image\":{\"@id\":\"https:\\\/\\\/inclusivenews.com.br\\\/?p=13957#primaryimage\"},\"thumbnailUrl\":\"http:\\\/\\\/4.bp.blogspot.com\\\/_RZo-S2sh6MI\\\/SvK225VoeiI\\\/AAAAAAAAA0s\\\/eGjSHrZ74nE\\\/S269\\\/abong.jpg\",\"articleSection\":[\"Cursos e eventos\",\"NOT\u00cdCIAS\"],\"inLanguage\":\"pt-PT\",\"potentialAction\":[{\"@type\":\"CommentAction\",\"name\":\"Comment\",\"target\":[\"https:\\\/\\\/inclusivenews.com.br\\\/?p=13957#respond\"]}]},{\"@type\":\"WebPage\",\"@id\":\"https:\\\/\\\/inclusivenews.com.br\\\/?p=13957\",\"url\":\"https:\\\/\\\/inclusivenews.com.br\\\/?p=13957\",\"name\":\"Semin\u00e1rio ONGs e Movimentos Sociais -\",\"isPartOf\":{\"@id\":\"https:\\\/\\\/inclusivenews.com.br\\\/#website\"},\"primaryImageOfPage\":{\"@id\":\"https:\\\/\\\/inclusivenews.com.br\\\/?p=13957#primaryimage\"},\"image\":{\"@id\":\"https:\\\/\\\/inclusivenews.com.br\\\/?p=13957#primaryimage\"},\"thumbnailUrl\":\"http:\\\/\\\/4.bp.blogspot.com\\\/_RZo-S2sh6MI\\\/SvK225VoeiI\\\/AAAAAAAAA0s\\\/eGjSHrZ74nE\\\/S269\\\/abong.jpg\",\"datePublished\":\"2010-02-19T09:58:22+00:00\",\"breadcrumb\":{\"@id\":\"https:\\\/\\\/inclusivenews.com.br\\\/?p=13957#breadcrumb\"},\"inLanguage\":\"pt-PT\",\"potentialAction\":[{\"@type\":\"ReadAction\",\"target\":[\"https:\\\/\\\/inclusivenews.com.br\\\/?p=13957\"]}]},{\"@type\":\"ImageObject\",\"inLanguage\":\"pt-PT\",\"@id\":\"https:\\\/\\\/inclusivenews.com.br\\\/?p=13957#primaryimage\",\"url\":\"http:\\\/\\\/4.bp.blogspot.com\\\/_RZo-S2sh6MI\\\/SvK225VoeiI\\\/AAAAAAAAA0s\\\/eGjSHrZ74nE\\\/S269\\\/abong.jpg\",\"contentUrl\":\"http:\\\/\\\/4.bp.blogspot.com\\\/_RZo-S2sh6MI\\\/SvK225VoeiI\\\/AAAAAAAAA0s\\\/eGjSHrZ74nE\\\/S269\\\/abong.jpg\"},{\"@type\":\"BreadcrumbList\",\"@id\":\"https:\\\/\\\/inclusivenews.com.br\\\/?p=13957#breadcrumb\",\"itemListElement\":[{\"@type\":\"ListItem\",\"position\":1,\"name\":\"In\u00edcio\",\"item\":\"https:\\\/\\\/inclusivenews.com.br\\\/\"},{\"@type\":\"ListItem\",\"position\":2,\"name\":\"Semin\u00e1rio ONGs e Movimentos Sociais\"}]},{\"@type\":\"WebSite\",\"@id\":\"https:\\\/\\\/inclusivenews.com.br\\\/#website\",\"url\":\"https:\\\/\\\/inclusivenews.com.br\\\/\",\"name\":\"Inclusive News\",\"description\":\"Inclusive News\",\"publisher\":{\"@id\":\"https:\\\/\\\/inclusivenews.com.br\\\/#organization\"},\"potentialAction\":[{\"@type\":\"SearchAction\",\"target\":{\"@type\":\"EntryPoint\",\"urlTemplate\":\"https:\\\/\\\/inclusivenews.com.br\\\/?s={search_term_string}\"},\"query-input\":{\"@type\":\"PropertyValueSpecification\",\"valueRequired\":true,\"valueName\":\"search_term_string\"}}],\"inLanguage\":\"pt-PT\"},{\"@type\":\"Organization\",\"@id\":\"https:\\\/\\\/inclusivenews.com.br\\\/#organization\",\"name\":\"Inclusive - inclus\u00e3o e cidadania\",\"url\":\"https:\\\/\\\/inclusivenews.com.br\\\/\",\"logo\":{\"@type\":\"ImageObject\",\"inLanguage\":\"pt-PT\",\"@id\":\"https:\\\/\\\/inclusivenews.com.br\\\/#\\\/schema\\\/logo\\\/image\\\/\",\"url\":\"https:\\\/\\\/inclusivenews.com.br\\\/wp-content\\\/uploads\\\/2024\\\/03\\\/@grandesite.png\",\"contentUrl\":\"https:\\\/\\\/inclusivenews.com.br\\\/wp-content\\\/uploads\\\/2024\\\/03\\\/@grandesite.png\",\"width\":1080,\"height\":1080,\"caption\":\"Inclusive - inclus\u00e3o e cidadania\"},\"image\":{\"@id\":\"https:\\\/\\\/inclusivenews.com.br\\\/#\\\/schema\\\/logo\\\/image\\\/\"},\"sameAs\":[\"https:\\\/\\\/www.facebook.com\\\/agenciainclusive\\\/\",\"https:\\\/\\\/www.instagram.com\\\/newsinclusive\\\/\"]},{\"@type\":\"Person\",\"@id\":\"https:\\\/\\\/inclusivenews.com.br\\\/#\\\/schema\\\/person\\\/ae4ec7087559b8692fb33b6fffd2273b\",\"name\":\"inclusivenews2024\",\"image\":{\"@type\":\"ImageObject\",\"inLanguage\":\"pt-PT\",\"@id\":\"https:\\\/\\\/secure.gravatar.com\\\/avatar\\\/c5a7ef84c66fa914f55bc4f7ce26cfa275a3b9a1c5568b907bd184fb4dde7b40?s=96&d=mm&r=g\",\"url\":\"https:\\\/\\\/secure.gravatar.com\\\/avatar\\\/c5a7ef84c66fa914f55bc4f7ce26cfa275a3b9a1c5568b907bd184fb4dde7b40?s=96&d=mm&r=g\",\"contentUrl\":\"https:\\\/\\\/secure.gravatar.com\\\/avatar\\\/c5a7ef84c66fa914f55bc4f7ce26cfa275a3b9a1c5568b907bd184fb4dde7b40?s=96&d=mm&r=g\",\"caption\":\"inclusivenews2024\"},\"sameAs\":[\"https:\\\/\\\/inclusivenews.com.br\"],\"url\":\"https:\\\/\\\/inclusivenews.com.br\\\/?author=1\"}]}<\/script>\n<!-- \/ Yoast SEO plugin. -->","yoast_head_json":{"title":"Semin\u00e1rio ONGs e Movimentos Sociais -","robots":{"index":"index","follow":"follow","max-snippet":"max-snippet:-1","max-image-preview":"max-image-preview:large","max-video-preview":"max-video-preview:-1"},"canonical":"https:\/\/inclusivenews.com.br\/?p=13957","og_locale":"pt_PT","og_type":"article","og_title":"Semin\u00e1rio ONGs e Movimentos Sociais -","og_description":"A Associa\u00e7\u00e3o Brasileira de Organiza\u00e7\u00f5es N\u00e3o Governamentais, ABONG, realiza, entre os dias 17 e 19 de mar\u00e7o, sua Assembleia Geral, que ser\u00e1 antecedida por um semin\u00e1rio que vai discutir a sustentabilidade das ONGs e movimentos sociais.","og_url":"https:\/\/inclusivenews.com.br\/?p=13957","article_publisher":"https:\/\/www.facebook.com\/agenciainclusive\/","article_published_time":"2010-02-19T09:58:22+00:00","og_image":[{"url":"http:\/\/4.bp.blogspot.com\/_RZo-S2sh6MI\/SvK225VoeiI\/AAAAAAAAA0s\/eGjSHrZ74nE\/S269\/abong.jpg","type":"","width":"","height":""}],"author":"inclusivenews2024","twitter_card":"summary_large_image","twitter_misc":{"Escrito por":"inclusivenews2024","Tempo estimado de leitura":"2 minutos"},"schema":{"@context":"https:\/\/schema.org","@graph":[{"@type":"Article","@id":"https:\/\/inclusivenews.com.br\/?p=13957#article","isPartOf":{"@id":"https:\/\/inclusivenews.com.br\/?p=13957"},"author":{"name":"inclusivenews2024","@id":"https:\/\/inclusivenews.com.br\/#\/schema\/person\/ae4ec7087559b8692fb33b6fffd2273b"},"headline":"Semin\u00e1rio ONGs e Movimentos Sociais","datePublished":"2010-02-19T09:58:22+00:00","mainEntityOfPage":{"@id":"https:\/\/inclusivenews.com.br\/?p=13957"},"wordCount":428,"commentCount":0,"publisher":{"@id":"https:\/\/inclusivenews.com.br\/#organization"},"image":{"@id":"https:\/\/inclusivenews.com.br\/?p=13957#primaryimage"},"thumbnailUrl":"http:\/\/4.bp.blogspot.com\/_RZo-S2sh6MI\/SvK225VoeiI\/AAAAAAAAA0s\/eGjSHrZ74nE\/S269\/abong.jpg","articleSection":["Cursos e eventos","NOT\u00cdCIAS"],"inLanguage":"pt-PT","potentialAction":[{"@type":"CommentAction","name":"Comment","target":["https:\/\/inclusivenews.com.br\/?p=13957#respond"]}]},{"@type":"WebPage","@id":"https:\/\/inclusivenews.com.br\/?p=13957","url":"https:\/\/inclusivenews.com.br\/?p=13957","name":"Semin\u00e1rio ONGs e Movimentos Sociais -","isPartOf":{"@id":"https:\/\/inclusivenews.com.br\/#website"},"primaryImageOfPage":{"@id":"https:\/\/inclusivenews.com.br\/?p=13957#primaryimage"},"image":{"@id":"https:\/\/inclusivenews.com.br\/?p=13957#primaryimage"},"thumbnailUrl":"http:\/\/4.bp.blogspot.com\/_RZo-S2sh6MI\/SvK225VoeiI\/AAAAAAAAA0s\/eGjSHrZ74nE\/S269\/abong.jpg","datePublished":"2010-02-19T09:58:22+00:00","breadcrumb":{"@id":"https:\/\/inclusivenews.com.br\/?p=13957#breadcrumb"},"inLanguage":"pt-PT","potentialAction":[{"@type":"ReadAction","target":["https:\/\/inclusivenews.com.br\/?p=13957"]}]},{"@type":"ImageObject","inLanguage":"pt-PT","@id":"https:\/\/inclusivenews.com.br\/?p=13957#primaryimage","url":"http:\/\/4.bp.blogspot.com\/_RZo-S2sh6MI\/SvK225VoeiI\/AAAAAAAAA0s\/eGjSHrZ74nE\/S269\/abong.jpg","contentUrl":"http:\/\/4.bp.blogspot.com\/_RZo-S2sh6MI\/SvK225VoeiI\/AAAAAAAAA0s\/eGjSHrZ74nE\/S269\/abong.jpg"},{"@type":"BreadcrumbList","@id":"https:\/\/inclusivenews.com.br\/?p=13957#breadcrumb","itemListElement":[{"@type":"ListItem","position":1,"name":"In\u00edcio","item":"https:\/\/inclusivenews.com.br\/"},{"@type":"ListItem","position":2,"name":"Semin\u00e1rio ONGs e Movimentos Sociais"}]},{"@type":"WebSite","@id":"https:\/\/inclusivenews.com.br\/#website","url":"https:\/\/inclusivenews.com.br\/","name":"Inclusive News","description":"Inclusive News","publisher":{"@id":"https:\/\/inclusivenews.com.br\/#organization"},"potentialAction":[{"@type":"SearchAction","target":{"@type":"EntryPoint","urlTemplate":"https:\/\/inclusivenews.com.br\/?s={search_term_string}"},"query-input":{"@type":"PropertyValueSpecification","valueRequired":true,"valueName":"search_term_string"}}],"inLanguage":"pt-PT"},{"@type":"Organization","@id":"https:\/\/inclusivenews.com.br\/#organization","name":"Inclusive - inclus\u00e3o e cidadania","url":"https:\/\/inclusivenews.com.br\/","logo":{"@type":"ImageObject","inLanguage":"pt-PT","@id":"https:\/\/inclusivenews.com.br\/#\/schema\/logo\/image\/","url":"https:\/\/inclusivenews.com.br\/wp-content\/uploads\/2024\/03\/@grandesite.png","contentUrl":"https:\/\/inclusivenews.com.br\/wp-content\/uploads\/2024\/03\/@grandesite.png","width":1080,"height":1080,"caption":"Inclusive - inclus\u00e3o e cidadania"},"image":{"@id":"https:\/\/inclusivenews.com.br\/#\/schema\/logo\/image\/"},"sameAs":["https:\/\/www.facebook.com\/agenciainclusive\/","https:\/\/www.instagram.com\/newsinclusive\/"]},{"@type":"Person","@id":"https:\/\/inclusivenews.com.br\/#\/schema\/person\/ae4ec7087559b8692fb33b6fffd2273b","name":"inclusivenews2024","image":{"@type":"ImageObject","inLanguage":"pt-PT","@id":"https:\/\/secure.gravatar.com\/avatar\/c5a7ef84c66fa914f55bc4f7ce26cfa275a3b9a1c5568b907bd184fb4dde7b40?s=96&d=mm&r=g","url":"https:\/\/secure.gravatar.com\/avatar\/c5a7ef84c66fa914f55bc4f7ce26cfa275a3b9a1c5568b907bd184fb4dde7b40?s=96&d=mm&r=g","contentUrl":"https:\/\/secure.gravatar.com\/avatar\/c5a7ef84c66fa914f55bc4f7ce26cfa275a3b9a1c5568b907bd184fb4dde7b40?s=96&d=mm&r=g","caption":"inclusivenews2024"},"sameAs":["https:\/\/inclusivenews.com.br"],"url":"https:\/\/inclusivenews.com.br\/?author=1"}]}},"_links":{"self":[{"href":"https:\/\/inclusivenews.com.br\/index.php?rest_route=\/wp\/v2\/posts\/13957","targetHints":{"allow":["GET"]}}],"collection":[{"href":"https:\/\/inclusivenews.com.br\/index.php?rest_route=\/wp\/v2\/posts"}],"about":[{"href":"https:\/\/inclusivenews.com.br\/index.php?rest_route=\/wp\/v2\/types\/post"}],"author":[{"embeddable":true,"href":"https:\/\/inclusivenews.com.br\/index.php?rest_route=\/wp\/v2\/users\/1"}],"replies":[{"embeddable":true,"href":"https:\/\/inclusivenews.com.br\/index.php?rest_route=%2Fwp%2Fv2%2Fcomments&post=13957"}],"version-history":[{"count":0,"href":"https:\/\/inclusivenews.com.br\/index.php?rest_route=\/wp\/v2\/posts\/13957\/revisions"}],"wp:attachment":[{"href":"https:\/\/inclusivenews.com.br\/index.php?rest_route=%2Fwp%2Fv2%2Fmedia&parent=13957"}],"wp:term":[{"taxonomy":"category","embeddable":true,"href":"https:\/\/inclusivenews.com.br\/index.php?rest_route=%2Fwp%2Fv2%2Fcategories&post=13957"},{"taxonomy":"post_tag","embeddable":true,"href":"https:\/\/inclusivenews.com.br\/index.php?rest_route=%2Fwp%2Fv2%2Ftags&post=13957"}],"curies":[{"name":"wp","href":"https:\/\/api.w.org\/{rel}","templated":true}]}}