{"id":14032,"date":"2010-02-23T07:29:10","date_gmt":"2010-02-23T10:29:10","guid":{"rendered":"http:\/\/www.inclusive.org.br\/?p=14032"},"modified":"2010-02-23T07:29:10","modified_gmt":"2010-02-23T10:29:10","slug":"ampliacao-de-direitos-dos-empregados-domesticos-e-tema-de-enquete-da-agencia-senado","status":"publish","type":"post","link":"https:\/\/inclusivenews.com.br\/?p=14032","title":{"rendered":"Amplia\u00e7\u00e3o de direitos dos empregados dom\u00e9sticos \u00e9 tema de enquete da Ag\u00eancia Senado"},"content":{"rendered":"<figure style=\"width: 202px\" class=\"wp-caption alignleft\"><img loading=\"lazy\" decoding=\"async\" title=\"A imagem mostra o corpo de uma empregada dom\u00e9stica com artefatos de limpeza. Seu rosto est\u00e1 oculto.\" src=\"http:\/\/www.sempretops.com\/wp-content\/uploads\/Direitos-do-Empregado-Dom%C3%A9stico-no-Brasil.jpg\" alt=\"\" width=\"202\" height=\"150\" \/><figcaption class=\"wp-caption-text\"> <\/figcaption><\/figure>\n<p class=\"MsoNormal\">A Comiss\u00e3o de Assuntos Sociais se prepara para votar projeto de lei (<a class=\"we_frase\" href=\"http:\/\/www.senado.gov.br\/sf\/atividade\/materia\/detalhes.asp?p_cod_mate=79290\" target=\"_blank\" rel=\"noopener\">PLS 293\/06<\/a>), de autoria da Comiss\u00e3o de Direitos Humanos e Legisla\u00e7\u00e3o Participativa, que regulamenta a profiss\u00e3o de empregado dom\u00e9stico. A proposta, que estende \u00e0 categoria todos os direitos garantidos aos demais trabalhadores, \u00e9 o tema da enquete da <strong>Ag\u00eancia Senado<\/strong> no m\u00eas de fevereiro.<\/p>\n<p class=\"MsoNormal\">Os leitores s\u00e3o convidados a responder a pergunta: <a id=\"linkLW\" class=\"lightwindow\" href=\"http:\/\/www.senado.gov.br\/sf\/senado\/centralderelacionamento\/sepop\/enquete_agencia.asp\">&#8220;Voc\u00ea \u00e9 a favor ou contra a extens\u00e3o dos direitos previstos na CLT aos trabalhadores dom\u00e9sticos (PLS 293\/2006)?&#8221;<\/a><\/p>\n<p class=\"MsoNormal\">Entre os direitos que seriam inclu\u00eddos est\u00e3o a defini\u00e7\u00e3o da jornada de trabalho em 44 horas semanais, a garantia de pagamento de horas extras e adicional noturno e de recolhimento ao Fundo de Garantia do Tempo de Servi\u00e7o (FGTS).<\/p>\n<p class=\"MsoNormal\">O projeto \u00e9 fruto de sugest\u00e3o apresentada pela Associa\u00e7\u00e3o Tangaraense das Empregadas Dom\u00e9sticas, de Tangar\u00e1 da Serra (MT), encampada pela CDH.<br \/>\n__________________<\/p>\n<p class=\"MsoNormal\"><strong>Fonte: <\/strong><a href=\"http:\/\/www.senado.gov.br\/agencia\/verNoticia.aspx?codNoticia=99045&amp;codAplicativo=2\">Ag\u00eancia Senado<\/a><\/p>\n","protected":false},"excerpt":{"rendered":"<p>Os leitores s\u00e3o convidados a responder a pergunta: &#8220;Voc\u00ea \u00e9 a favor ou contra a extens\u00e3o dos direitos previstos na CLT aos trabalhadores dom\u00e9sticos (PLS 293\/2006)?&#8221;. Da Ag\u00eancia Senado.<\/p>\n","protected":false},"author":1,"featured_media":0,"comment_status":"open","ping_status":"open","sticky":false,"template":"","format":"standard","meta":{"site-container-style":"default","site-container-layout":"default","site-sidebar-layout":"default","disable-article-header":"default","disable-site-header":"default","disable-site-footer":"default","disable-content-area-spacing":"default","footnotes":""},"categories":[4],"tags":[],"class_list":["post-14032","post","type-post","status-publish","format-standard","hentry","category-noticias"],"yoast_head":"<!-- This site is optimized with the Yoast SEO plugin v27.4 - https:\/\/yoast.com\/product\/yoast-seo-wordpress\/ -->\n<title>Amplia\u00e7\u00e3o de direitos dos empregados dom\u00e9sticos \u00e9 tema de enquete da Ag\u00eancia Senado -<\/title>\n<meta name=\"robots\" content=\"index, follow, max-snippet:-1, max-image-preview:large, max-video-preview:-1\" \/>\n<link rel=\"canonical\" href=\"https:\/\/inclusivenews.com.br\/?p=14032\" \/>\n<meta property=\"og:locale\" content=\"pt_PT\" \/>\n<meta property=\"og:type\" content=\"article\" \/>\n<meta property=\"og:title\" content=\"Amplia\u00e7\u00e3o de direitos dos empregados dom\u00e9sticos \u00e9 tema de enquete da Ag\u00eancia Senado -\" \/>\n<meta property=\"og:description\" content=\"Os leitores s\u00e3o convidados a responder a pergunta: &quot;Voc\u00ea \u00e9 a favor ou contra a extens\u00e3o dos direitos previstos na CLT aos trabalhadores dom\u00e9sticos (PLS 293\/2006)?&quot;. Da Ag\u00eancia Senado.\" \/>\n<meta property=\"og:url\" content=\"https:\/\/inclusivenews.com.br\/?p=14032\" \/>\n<meta property=\"article:publisher\" content=\"https:\/\/www.facebook.com\/agenciainclusive\/\" \/>\n<meta property=\"article:published_time\" content=\"2010-02-23T10:29:10+00:00\" \/>\n<meta property=\"og:image\" content=\"http:\/\/www.sempretops.com\/wp-content\/uploads\/Direitos-do-Empregado-Dom%C3%A9stico-no-Brasil.jpg\" \/>\n<meta name=\"author\" content=\"inclusivenews2024\" \/>\n<meta name=\"twitter:card\" content=\"summary_large_image\" \/>\n<meta name=\"twitter:label1\" content=\"Escrito por\" \/>\n\t<meta name=\"twitter:data1\" content=\"inclusivenews2024\" \/>\n\t<meta name=\"twitter:label2\" content=\"Tempo estimado de leitura\" \/>\n\t<meta name=\"twitter:data2\" content=\"1 minuto\" \/>\n<script type=\"application\/ld+json\" class=\"yoast-schema-graph\">{\"@context\":\"https:\\\/\\\/schema.org\",\"@graph\":[{\"@type\":\"Article\",\"@id\":\"https:\\\/\\\/inclusivenews.com.br\\\/?p=14032#article\",\"isPartOf\":{\"@id\":\"https:\\\/\\\/inclusivenews.com.br\\\/?p=14032\"},\"author\":{\"name\":\"inclusivenews2024\",\"@id\":\"https:\\\/\\\/inclusivenews.com.br\\\/#\\\/schema\\\/person\\\/ae4ec7087559b8692fb33b6fffd2273b\"},\"headline\":\"Amplia\u00e7\u00e3o de direitos dos empregados dom\u00e9sticos \u00e9 tema de enquete da Ag\u00eancia Senado\",\"datePublished\":\"2010-02-23T10:29:10+00:00\",\"mainEntityOfPage\":{\"@id\":\"https:\\\/\\\/inclusivenews.com.br\\\/?p=14032\"},\"wordCount\":178,\"commentCount\":0,\"publisher\":{\"@id\":\"https:\\\/\\\/inclusivenews.com.br\\\/#organization\"},\"image\":{\"@id\":\"https:\\\/\\\/inclusivenews.com.br\\\/?p=14032#primaryimage\"},\"thumbnailUrl\":\"http:\\\/\\\/www.sempretops.com\\\/wp-content\\\/uploads\\\/Direitos-do-Empregado-Dom%C3%A9stico-no-Brasil.jpg\",\"articleSection\":[\"NOT\u00cdCIAS\"],\"inLanguage\":\"pt-PT\",\"potentialAction\":[{\"@type\":\"CommentAction\",\"name\":\"Comment\",\"target\":[\"https:\\\/\\\/inclusivenews.com.br\\\/?p=14032#respond\"]}]},{\"@type\":\"WebPage\",\"@id\":\"https:\\\/\\\/inclusivenews.com.br\\\/?p=14032\",\"url\":\"https:\\\/\\\/inclusivenews.com.br\\\/?p=14032\",\"name\":\"Amplia\u00e7\u00e3o de direitos dos empregados dom\u00e9sticos \u00e9 tema de enquete da Ag\u00eancia Senado -\",\"isPartOf\":{\"@id\":\"https:\\\/\\\/inclusivenews.com.br\\\/#website\"},\"primaryImageOfPage\":{\"@id\":\"https:\\\/\\\/inclusivenews.com.br\\\/?p=14032#primaryimage\"},\"image\":{\"@id\":\"https:\\\/\\\/inclusivenews.com.br\\\/?p=14032#primaryimage\"},\"thumbnailUrl\":\"http:\\\/\\\/www.sempretops.com\\\/wp-content\\\/uploads\\\/Direitos-do-Empregado-Dom%C3%A9stico-no-Brasil.jpg\",\"datePublished\":\"2010-02-23T10:29:10+00:00\",\"breadcrumb\":{\"@id\":\"https:\\\/\\\/inclusivenews.com.br\\\/?p=14032#breadcrumb\"},\"inLanguage\":\"pt-PT\",\"potentialAction\":[{\"@type\":\"ReadAction\",\"target\":[\"https:\\\/\\\/inclusivenews.com.br\\\/?p=14032\"]}]},{\"@type\":\"ImageObject\",\"inLanguage\":\"pt-PT\",\"@id\":\"https:\\\/\\\/inclusivenews.com.br\\\/?p=14032#primaryimage\",\"url\":\"http:\\\/\\\/www.sempretops.com\\\/wp-content\\\/uploads\\\/Direitos-do-Empregado-Dom%C3%A9stico-no-Brasil.jpg\",\"contentUrl\":\"http:\\\/\\\/www.sempretops.com\\\/wp-content\\\/uploads\\\/Direitos-do-Empregado-Dom%C3%A9stico-no-Brasil.jpg\"},{\"@type\":\"BreadcrumbList\",\"@id\":\"https:\\\/\\\/inclusivenews.com.br\\\/?p=14032#breadcrumb\",\"itemListElement\":[{\"@type\":\"ListItem\",\"position\":1,\"name\":\"In\u00edcio\",\"item\":\"https:\\\/\\\/inclusivenews.com.br\\\/\"},{\"@type\":\"ListItem\",\"position\":2,\"name\":\"Amplia\u00e7\u00e3o de direitos dos empregados dom\u00e9sticos \u00e9 tema de enquete da Ag\u00eancia Senado\"}]},{\"@type\":\"WebSite\",\"@id\":\"https:\\\/\\\/inclusivenews.com.br\\\/#website\",\"url\":\"https:\\\/\\\/inclusivenews.com.br\\\/\",\"name\":\"Inclusive News\",\"description\":\"Inclusive News\",\"publisher\":{\"@id\":\"https:\\\/\\\/inclusivenews.com.br\\\/#organization\"},\"potentialAction\":[{\"@type\":\"SearchAction\",\"target\":{\"@type\":\"EntryPoint\",\"urlTemplate\":\"https:\\\/\\\/inclusivenews.com.br\\\/?s={search_term_string}\"},\"query-input\":{\"@type\":\"PropertyValueSpecification\",\"valueRequired\":true,\"valueName\":\"search_term_string\"}}],\"inLanguage\":\"pt-PT\"},{\"@type\":\"Organization\",\"@id\":\"https:\\\/\\\/inclusivenews.com.br\\\/#organization\",\"name\":\"Inclusive - inclus\u00e3o e cidadania\",\"url\":\"https:\\\/\\\/inclusivenews.com.br\\\/\",\"logo\":{\"@type\":\"ImageObject\",\"inLanguage\":\"pt-PT\",\"@id\":\"https:\\\/\\\/inclusivenews.com.br\\\/#\\\/schema\\\/logo\\\/image\\\/\",\"url\":\"https:\\\/\\\/inclusivenews.com.br\\\/wp-content\\\/uploads\\\/2024\\\/03\\\/@grandesite.png\",\"contentUrl\":\"https:\\\/\\\/inclusivenews.com.br\\\/wp-content\\\/uploads\\\/2024\\\/03\\\/@grandesite.png\",\"width\":1080,\"height\":1080,\"caption\":\"Inclusive - inclus\u00e3o e cidadania\"},\"image\":{\"@id\":\"https:\\\/\\\/inclusivenews.com.br\\\/#\\\/schema\\\/logo\\\/image\\\/\"},\"sameAs\":[\"https:\\\/\\\/www.facebook.com\\\/agenciainclusive\\\/\",\"https:\\\/\\\/www.instagram.com\\\/newsinclusive\\\/\"]},{\"@type\":\"Person\",\"@id\":\"https:\\\/\\\/inclusivenews.com.br\\\/#\\\/schema\\\/person\\\/ae4ec7087559b8692fb33b6fffd2273b\",\"name\":\"inclusivenews2024\",\"image\":{\"@type\":\"ImageObject\",\"inLanguage\":\"pt-PT\",\"@id\":\"https:\\\/\\\/secure.gravatar.com\\\/avatar\\\/c5a7ef84c66fa914f55bc4f7ce26cfa275a3b9a1c5568b907bd184fb4dde7b40?s=96&d=mm&r=g\",\"url\":\"https:\\\/\\\/secure.gravatar.com\\\/avatar\\\/c5a7ef84c66fa914f55bc4f7ce26cfa275a3b9a1c5568b907bd184fb4dde7b40?s=96&d=mm&r=g\",\"contentUrl\":\"https:\\\/\\\/secure.gravatar.com\\\/avatar\\\/c5a7ef84c66fa914f55bc4f7ce26cfa275a3b9a1c5568b907bd184fb4dde7b40?s=96&d=mm&r=g\",\"caption\":\"inclusivenews2024\"},\"sameAs\":[\"https:\\\/\\\/inclusivenews.com.br\"],\"url\":\"https:\\\/\\\/inclusivenews.com.br\\\/?author=1\"}]}<\/script>\n<!-- \/ Yoast SEO plugin. -->","yoast_head_json":{"title":"Amplia\u00e7\u00e3o de direitos dos empregados dom\u00e9sticos \u00e9 tema de enquete da Ag\u00eancia Senado -","robots":{"index":"index","follow":"follow","max-snippet":"max-snippet:-1","max-image-preview":"max-image-preview:large","max-video-preview":"max-video-preview:-1"},"canonical":"https:\/\/inclusivenews.com.br\/?p=14032","og_locale":"pt_PT","og_type":"article","og_title":"Amplia\u00e7\u00e3o de direitos dos empregados dom\u00e9sticos \u00e9 tema de enquete da Ag\u00eancia Senado -","og_description":"Os leitores s\u00e3o convidados a responder a pergunta: \"Voc\u00ea \u00e9 a favor ou contra a extens\u00e3o dos direitos previstos na CLT aos trabalhadores dom\u00e9sticos (PLS 293\/2006)?\". Da Ag\u00eancia Senado.","og_url":"https:\/\/inclusivenews.com.br\/?p=14032","article_publisher":"https:\/\/www.facebook.com\/agenciainclusive\/","article_published_time":"2010-02-23T10:29:10+00:00","og_image":[{"url":"http:\/\/www.sempretops.com\/wp-content\/uploads\/Direitos-do-Empregado-Dom%C3%A9stico-no-Brasil.jpg","type":"","width":"","height":""}],"author":"inclusivenews2024","twitter_card":"summary_large_image","twitter_misc":{"Escrito por":"inclusivenews2024","Tempo estimado de leitura":"1 minuto"},"schema":{"@context":"https:\/\/schema.org","@graph":[{"@type":"Article","@id":"https:\/\/inclusivenews.com.br\/?p=14032#article","isPartOf":{"@id":"https:\/\/inclusivenews.com.br\/?p=14032"},"author":{"name":"inclusivenews2024","@id":"https:\/\/inclusivenews.com.br\/#\/schema\/person\/ae4ec7087559b8692fb33b6fffd2273b"},"headline":"Amplia\u00e7\u00e3o de direitos dos empregados dom\u00e9sticos \u00e9 tema de enquete da Ag\u00eancia Senado","datePublished":"2010-02-23T10:29:10+00:00","mainEntityOfPage":{"@id":"https:\/\/inclusivenews.com.br\/?p=14032"},"wordCount":178,"commentCount":0,"publisher":{"@id":"https:\/\/inclusivenews.com.br\/#organization"},"image":{"@id":"https:\/\/inclusivenews.com.br\/?p=14032#primaryimage"},"thumbnailUrl":"http:\/\/www.sempretops.com\/wp-content\/uploads\/Direitos-do-Empregado-Dom%C3%A9stico-no-Brasil.jpg","articleSection":["NOT\u00cdCIAS"],"inLanguage":"pt-PT","potentialAction":[{"@type":"CommentAction","name":"Comment","target":["https:\/\/inclusivenews.com.br\/?p=14032#respond"]}]},{"@type":"WebPage","@id":"https:\/\/inclusivenews.com.br\/?p=14032","url":"https:\/\/inclusivenews.com.br\/?p=14032","name":"Amplia\u00e7\u00e3o de direitos dos empregados dom\u00e9sticos \u00e9 tema de enquete da Ag\u00eancia Senado -","isPartOf":{"@id":"https:\/\/inclusivenews.com.br\/#website"},"primaryImageOfPage":{"@id":"https:\/\/inclusivenews.com.br\/?p=14032#primaryimage"},"image":{"@id":"https:\/\/inclusivenews.com.br\/?p=14032#primaryimage"},"thumbnailUrl":"http:\/\/www.sempretops.com\/wp-content\/uploads\/Direitos-do-Empregado-Dom%C3%A9stico-no-Brasil.jpg","datePublished":"2010-02-23T10:29:10+00:00","breadcrumb":{"@id":"https:\/\/inclusivenews.com.br\/?p=14032#breadcrumb"},"inLanguage":"pt-PT","potentialAction":[{"@type":"ReadAction","target":["https:\/\/inclusivenews.com.br\/?p=14032"]}]},{"@type":"ImageObject","inLanguage":"pt-PT","@id":"https:\/\/inclusivenews.com.br\/?p=14032#primaryimage","url":"http:\/\/www.sempretops.com\/wp-content\/uploads\/Direitos-do-Empregado-Dom%C3%A9stico-no-Brasil.jpg","contentUrl":"http:\/\/www.sempretops.com\/wp-content\/uploads\/Direitos-do-Empregado-Dom%C3%A9stico-no-Brasil.jpg"},{"@type":"BreadcrumbList","@id":"https:\/\/inclusivenews.com.br\/?p=14032#breadcrumb","itemListElement":[{"@type":"ListItem","position":1,"name":"In\u00edcio","item":"https:\/\/inclusivenews.com.br\/"},{"@type":"ListItem","position":2,"name":"Amplia\u00e7\u00e3o de direitos dos empregados dom\u00e9sticos \u00e9 tema de enquete da Ag\u00eancia Senado"}]},{"@type":"WebSite","@id":"https:\/\/inclusivenews.com.br\/#website","url":"https:\/\/inclusivenews.com.br\/","name":"Inclusive News","description":"Inclusive News","publisher":{"@id":"https:\/\/inclusivenews.com.br\/#organization"},"potentialAction":[{"@type":"SearchAction","target":{"@type":"EntryPoint","urlTemplate":"https:\/\/inclusivenews.com.br\/?s={search_term_string}"},"query-input":{"@type":"PropertyValueSpecification","valueRequired":true,"valueName":"search_term_string"}}],"inLanguage":"pt-PT"},{"@type":"Organization","@id":"https:\/\/inclusivenews.com.br\/#organization","name":"Inclusive - inclus\u00e3o e cidadania","url":"https:\/\/inclusivenews.com.br\/","logo":{"@type":"ImageObject","inLanguage":"pt-PT","@id":"https:\/\/inclusivenews.com.br\/#\/schema\/logo\/image\/","url":"https:\/\/inclusivenews.com.br\/wp-content\/uploads\/2024\/03\/@grandesite.png","contentUrl":"https:\/\/inclusivenews.com.br\/wp-content\/uploads\/2024\/03\/@grandesite.png","width":1080,"height":1080,"caption":"Inclusive - inclus\u00e3o e cidadania"},"image":{"@id":"https:\/\/inclusivenews.com.br\/#\/schema\/logo\/image\/"},"sameAs":["https:\/\/www.facebook.com\/agenciainclusive\/","https:\/\/www.instagram.com\/newsinclusive\/"]},{"@type":"Person","@id":"https:\/\/inclusivenews.com.br\/#\/schema\/person\/ae4ec7087559b8692fb33b6fffd2273b","name":"inclusivenews2024","image":{"@type":"ImageObject","inLanguage":"pt-PT","@id":"https:\/\/secure.gravatar.com\/avatar\/c5a7ef84c66fa914f55bc4f7ce26cfa275a3b9a1c5568b907bd184fb4dde7b40?s=96&d=mm&r=g","url":"https:\/\/secure.gravatar.com\/avatar\/c5a7ef84c66fa914f55bc4f7ce26cfa275a3b9a1c5568b907bd184fb4dde7b40?s=96&d=mm&r=g","contentUrl":"https:\/\/secure.gravatar.com\/avatar\/c5a7ef84c66fa914f55bc4f7ce26cfa275a3b9a1c5568b907bd184fb4dde7b40?s=96&d=mm&r=g","caption":"inclusivenews2024"},"sameAs":["https:\/\/inclusivenews.com.br"],"url":"https:\/\/inclusivenews.com.br\/?author=1"}]}},"_links":{"self":[{"href":"https:\/\/inclusivenews.com.br\/index.php?rest_route=\/wp\/v2\/posts\/14032","targetHints":{"allow":["GET"]}}],"collection":[{"href":"https:\/\/inclusivenews.com.br\/index.php?rest_route=\/wp\/v2\/posts"}],"about":[{"href":"https:\/\/inclusivenews.com.br\/index.php?rest_route=\/wp\/v2\/types\/post"}],"author":[{"embeddable":true,"href":"https:\/\/inclusivenews.com.br\/index.php?rest_route=\/wp\/v2\/users\/1"}],"replies":[{"embeddable":true,"href":"https:\/\/inclusivenews.com.br\/index.php?rest_route=%2Fwp%2Fv2%2Fcomments&post=14032"}],"version-history":[{"count":0,"href":"https:\/\/inclusivenews.com.br\/index.php?rest_route=\/wp\/v2\/posts\/14032\/revisions"}],"wp:attachment":[{"href":"https:\/\/inclusivenews.com.br\/index.php?rest_route=%2Fwp%2Fv2%2Fmedia&parent=14032"}],"wp:term":[{"taxonomy":"category","embeddable":true,"href":"https:\/\/inclusivenews.com.br\/index.php?rest_route=%2Fwp%2Fv2%2Fcategories&post=14032"},{"taxonomy":"post_tag","embeddable":true,"href":"https:\/\/inclusivenews.com.br\/index.php?rest_route=%2Fwp%2Fv2%2Ftags&post=14032"}],"curies":[{"name":"wp","href":"https:\/\/api.w.org\/{rel}","templated":true}]}}