{"id":14034,"date":"2010-02-23T07:15:08","date_gmt":"2010-02-23T10:15:08","guid":{"rendered":"http:\/\/www.inclusive.org.br\/?p=14034"},"modified":"2010-02-23T07:15:08","modified_gmt":"2010-02-23T10:15:08","slug":"lutando-por-direitos","status":"publish","type":"post","link":"https:\/\/inclusivenews.com.br\/?p=14034","title":{"rendered":"Lutando por Direitos"},"content":{"rendered":"<p><span><span>A dica \u00e9 do <a href=\"http:\/\/www.promenino.org.br\">Portal Pr\u00f3-Menino:<\/a><\/span><\/span><\/p>\n<figure style=\"width: 107px\" class=\"wp-caption alignleft\"><img loading=\"lazy\" decoding=\"async\" title=\"Capa do livro, onde aparecem C\u00edcero e Direitos.\" src=\"http:\/\/www.promenino.org.br\/Portals\/0\/Biblioteca\/lutando_por_direitos.jpg\" alt=\"\" width=\"107\" height=\"160\" \/><figcaption class=\"wp-caption-text\"> <\/figcaption><\/figure>\n<p>Usando a alegoria de um cabritinho chamado \u201cDireitos\u201d, a hist\u00f3ria de C\u00edcero mostra como \u00e9 dif\u00edcil recuperar algo de que\u00a0uma\u00a0pessoa muitas vezes\u00a0nem deseja se desfazer. Para conseguir reaver seu mais precioso bem, C\u00edcero tem que enfrentar autoridades de diversos n\u00edveis em sua cidade, que em vez de facilitar sua vida, tornam as coisas mais dif\u00edceis. O humor \u00e9 a ferramenta usada para contar mais uma das hist\u00f3rias de crian\u00e7as e realidades que o autor viu pelo mundo.<\/p>\n<p><strong>Autor:<\/strong> Rog\u00e9rio Andrade Barbosa<br \/>\n<strong>Editora:<\/strong> Melhoramentos<\/p>\n<p>_________________________<\/p>\n<p><strong>Fonte:<\/strong> <a href=\"http:\/\/www.promenino.org.br\/Ferramentas\/DireitosdasCriancaseAdolescentes\/tabid\/77\/ConteudoId\/09816ca3-0bdb-438a-b5df-3b0134b10468\/Default.aspx\">Portal Pr\u00f3-Menino<\/a><\/p>\n","protected":false},"excerpt":{"rendered":"<p>Usando a alegoria de um cabritinho chamado \u201cDireitos\u201d, a hist\u00f3ria de C\u00edcero mostra como \u00e9 dif\u00edcil recuperar algo de que uma pessoa muitas vezes nem deseja se desfazer. A dica \u00e9 do Portal Pr\u00f3-Menino.<\/p>\n","protected":false},"author":1,"featured_media":0,"comment_status":"open","ping_status":"open","sticky":false,"template":"","format":"standard","meta":{"site-container-style":"default","site-container-layout":"default","site-sidebar-layout":"default","disable-article-header":"default","disable-site-header":"default","disable-site-footer":"default","disable-content-area-spacing":"default","footnotes":""},"categories":[51,10,58],"tags":[],"class_list":["post-14034","post","type-post","status-publish","format-standard","hentry","category-livros","category-publicacoes","category-resenha-e-critica"],"yoast_head":"<!-- This site is optimized with the Yoast SEO plugin v27.4 - https:\/\/yoast.com\/product\/yoast-seo-wordpress\/ -->\n<title>Lutando por Direitos -<\/title>\n<meta name=\"robots\" content=\"index, follow, max-snippet:-1, max-image-preview:large, max-video-preview:-1\" \/>\n<link rel=\"canonical\" href=\"https:\/\/inclusivenews.com.br\/?p=14034\" \/>\n<meta property=\"og:locale\" content=\"pt_PT\" \/>\n<meta property=\"og:type\" content=\"article\" \/>\n<meta property=\"og:title\" content=\"Lutando por Direitos -\" \/>\n<meta property=\"og:description\" content=\"Usando a alegoria de um cabritinho chamado \u201cDireitos\u201d, a hist\u00f3ria de C\u00edcero mostra como \u00e9 dif\u00edcil recuperar algo de que uma pessoa muitas vezes nem deseja se desfazer. A dica \u00e9 do Portal Pr\u00f3-Menino.\" \/>\n<meta property=\"og:url\" content=\"https:\/\/inclusivenews.com.br\/?p=14034\" \/>\n<meta property=\"article:publisher\" content=\"https:\/\/www.facebook.com\/agenciainclusive\/\" \/>\n<meta property=\"article:published_time\" content=\"2010-02-23T10:15:08+00:00\" \/>\n<meta property=\"og:image\" content=\"http:\/\/www.promenino.org.br\/Portals\/0\/Biblioteca\/lutando_por_direitos.jpg\" \/>\n<meta name=\"author\" content=\"inclusivenews2024\" \/>\n<meta name=\"twitter:card\" content=\"summary_large_image\" \/>\n<meta name=\"twitter:label1\" content=\"Escrito por\" \/>\n\t<meta name=\"twitter:data1\" content=\"inclusivenews2024\" \/>\n\t<meta name=\"twitter:label2\" content=\"Tempo estimado de leitura\" \/>\n\t<meta name=\"twitter:data2\" content=\"1 minuto\" \/>\n<script type=\"application\/ld+json\" class=\"yoast-schema-graph\">{\"@context\":\"https:\\\/\\\/schema.org\",\"@graph\":[{\"@type\":\"Article\",\"@id\":\"https:\\\/\\\/inclusivenews.com.br\\\/?p=14034#article\",\"isPartOf\":{\"@id\":\"https:\\\/\\\/inclusivenews.com.br\\\/?p=14034\"},\"author\":{\"name\":\"inclusivenews2024\",\"@id\":\"https:\\\/\\\/inclusivenews.com.br\\\/#\\\/schema\\\/person\\\/ae4ec7087559b8692fb33b6fffd2273b\"},\"headline\":\"Lutando por Direitos\",\"datePublished\":\"2010-02-23T10:15:08+00:00\",\"mainEntityOfPage\":{\"@id\":\"https:\\\/\\\/inclusivenews.com.br\\\/?p=14034\"},\"wordCount\":113,\"commentCount\":0,\"publisher\":{\"@id\":\"https:\\\/\\\/inclusivenews.com.br\\\/#organization\"},\"image\":{\"@id\":\"https:\\\/\\\/inclusivenews.com.br\\\/?p=14034#primaryimage\"},\"thumbnailUrl\":\"http:\\\/\\\/www.promenino.org.br\\\/Portals\\\/0\\\/Biblioteca\\\/lutando_por_direitos.jpg\",\"articleSection\":[\"Livros\",\"PUBLICA\u00c7\u00d5ES\",\"Resenha e Cr\u00edtica\"],\"inLanguage\":\"pt-PT\",\"potentialAction\":[{\"@type\":\"CommentAction\",\"name\":\"Comment\",\"target\":[\"https:\\\/\\\/inclusivenews.com.br\\\/?p=14034#respond\"]}]},{\"@type\":\"WebPage\",\"@id\":\"https:\\\/\\\/inclusivenews.com.br\\\/?p=14034\",\"url\":\"https:\\\/\\\/inclusivenews.com.br\\\/?p=14034\",\"name\":\"Lutando por Direitos -\",\"isPartOf\":{\"@id\":\"https:\\\/\\\/inclusivenews.com.br\\\/#website\"},\"primaryImageOfPage\":{\"@id\":\"https:\\\/\\\/inclusivenews.com.br\\\/?p=14034#primaryimage\"},\"image\":{\"@id\":\"https:\\\/\\\/inclusivenews.com.br\\\/?p=14034#primaryimage\"},\"thumbnailUrl\":\"http:\\\/\\\/www.promenino.org.br\\\/Portals\\\/0\\\/Biblioteca\\\/lutando_por_direitos.jpg\",\"datePublished\":\"2010-02-23T10:15:08+00:00\",\"breadcrumb\":{\"@id\":\"https:\\\/\\\/inclusivenews.com.br\\\/?p=14034#breadcrumb\"},\"inLanguage\":\"pt-PT\",\"potentialAction\":[{\"@type\":\"ReadAction\",\"target\":[\"https:\\\/\\\/inclusivenews.com.br\\\/?p=14034\"]}]},{\"@type\":\"ImageObject\",\"inLanguage\":\"pt-PT\",\"@id\":\"https:\\\/\\\/inclusivenews.com.br\\\/?p=14034#primaryimage\",\"url\":\"http:\\\/\\\/www.promenino.org.br\\\/Portals\\\/0\\\/Biblioteca\\\/lutando_por_direitos.jpg\",\"contentUrl\":\"http:\\\/\\\/www.promenino.org.br\\\/Portals\\\/0\\\/Biblioteca\\\/lutando_por_direitos.jpg\"},{\"@type\":\"BreadcrumbList\",\"@id\":\"https:\\\/\\\/inclusivenews.com.br\\\/?p=14034#breadcrumb\",\"itemListElement\":[{\"@type\":\"ListItem\",\"position\":1,\"name\":\"In\u00edcio\",\"item\":\"https:\\\/\\\/inclusivenews.com.br\\\/\"},{\"@type\":\"ListItem\",\"position\":2,\"name\":\"Lutando por Direitos\"}]},{\"@type\":\"WebSite\",\"@id\":\"https:\\\/\\\/inclusivenews.com.br\\\/#website\",\"url\":\"https:\\\/\\\/inclusivenews.com.br\\\/\",\"name\":\"Inclusive News\",\"description\":\"Inclusive News\",\"publisher\":{\"@id\":\"https:\\\/\\\/inclusivenews.com.br\\\/#organization\"},\"potentialAction\":[{\"@type\":\"SearchAction\",\"target\":{\"@type\":\"EntryPoint\",\"urlTemplate\":\"https:\\\/\\\/inclusivenews.com.br\\\/?s={search_term_string}\"},\"query-input\":{\"@type\":\"PropertyValueSpecification\",\"valueRequired\":true,\"valueName\":\"search_term_string\"}}],\"inLanguage\":\"pt-PT\"},{\"@type\":\"Organization\",\"@id\":\"https:\\\/\\\/inclusivenews.com.br\\\/#organization\",\"name\":\"Inclusive - inclus\u00e3o e cidadania\",\"url\":\"https:\\\/\\\/inclusivenews.com.br\\\/\",\"logo\":{\"@type\":\"ImageObject\",\"inLanguage\":\"pt-PT\",\"@id\":\"https:\\\/\\\/inclusivenews.com.br\\\/#\\\/schema\\\/logo\\\/image\\\/\",\"url\":\"https:\\\/\\\/inclusivenews.com.br\\\/wp-content\\\/uploads\\\/2024\\\/03\\\/@grandesite.png\",\"contentUrl\":\"https:\\\/\\\/inclusivenews.com.br\\\/wp-content\\\/uploads\\\/2024\\\/03\\\/@grandesite.png\",\"width\":1080,\"height\":1080,\"caption\":\"Inclusive - inclus\u00e3o e cidadania\"},\"image\":{\"@id\":\"https:\\\/\\\/inclusivenews.com.br\\\/#\\\/schema\\\/logo\\\/image\\\/\"},\"sameAs\":[\"https:\\\/\\\/www.facebook.com\\\/agenciainclusive\\\/\",\"https:\\\/\\\/www.instagram.com\\\/newsinclusive\\\/\"]},{\"@type\":\"Person\",\"@id\":\"https:\\\/\\\/inclusivenews.com.br\\\/#\\\/schema\\\/person\\\/ae4ec7087559b8692fb33b6fffd2273b\",\"name\":\"inclusivenews2024\",\"image\":{\"@type\":\"ImageObject\",\"inLanguage\":\"pt-PT\",\"@id\":\"https:\\\/\\\/secure.gravatar.com\\\/avatar\\\/c5a7ef84c66fa914f55bc4f7ce26cfa275a3b9a1c5568b907bd184fb4dde7b40?s=96&d=mm&r=g\",\"url\":\"https:\\\/\\\/secure.gravatar.com\\\/avatar\\\/c5a7ef84c66fa914f55bc4f7ce26cfa275a3b9a1c5568b907bd184fb4dde7b40?s=96&d=mm&r=g\",\"contentUrl\":\"https:\\\/\\\/secure.gravatar.com\\\/avatar\\\/c5a7ef84c66fa914f55bc4f7ce26cfa275a3b9a1c5568b907bd184fb4dde7b40?s=96&d=mm&r=g\",\"caption\":\"inclusivenews2024\"},\"sameAs\":[\"https:\\\/\\\/inclusivenews.com.br\"],\"url\":\"https:\\\/\\\/inclusivenews.com.br\\\/?author=1\"}]}<\/script>\n<!-- \/ Yoast SEO plugin. -->","yoast_head_json":{"title":"Lutando por Direitos -","robots":{"index":"index","follow":"follow","max-snippet":"max-snippet:-1","max-image-preview":"max-image-preview:large","max-video-preview":"max-video-preview:-1"},"canonical":"https:\/\/inclusivenews.com.br\/?p=14034","og_locale":"pt_PT","og_type":"article","og_title":"Lutando por Direitos -","og_description":"Usando a alegoria de um cabritinho chamado \u201cDireitos\u201d, a hist\u00f3ria de C\u00edcero mostra como \u00e9 dif\u00edcil recuperar algo de que uma pessoa muitas vezes nem deseja se desfazer. A dica \u00e9 do Portal Pr\u00f3-Menino.","og_url":"https:\/\/inclusivenews.com.br\/?p=14034","article_publisher":"https:\/\/www.facebook.com\/agenciainclusive\/","article_published_time":"2010-02-23T10:15:08+00:00","og_image":[{"url":"http:\/\/www.promenino.org.br\/Portals\/0\/Biblioteca\/lutando_por_direitos.jpg","type":"","width":"","height":""}],"author":"inclusivenews2024","twitter_card":"summary_large_image","twitter_misc":{"Escrito por":"inclusivenews2024","Tempo estimado de leitura":"1 minuto"},"schema":{"@context":"https:\/\/schema.org","@graph":[{"@type":"Article","@id":"https:\/\/inclusivenews.com.br\/?p=14034#article","isPartOf":{"@id":"https:\/\/inclusivenews.com.br\/?p=14034"},"author":{"name":"inclusivenews2024","@id":"https:\/\/inclusivenews.com.br\/#\/schema\/person\/ae4ec7087559b8692fb33b6fffd2273b"},"headline":"Lutando por Direitos","datePublished":"2010-02-23T10:15:08+00:00","mainEntityOfPage":{"@id":"https:\/\/inclusivenews.com.br\/?p=14034"},"wordCount":113,"commentCount":0,"publisher":{"@id":"https:\/\/inclusivenews.com.br\/#organization"},"image":{"@id":"https:\/\/inclusivenews.com.br\/?p=14034#primaryimage"},"thumbnailUrl":"http:\/\/www.promenino.org.br\/Portals\/0\/Biblioteca\/lutando_por_direitos.jpg","articleSection":["Livros","PUBLICA\u00c7\u00d5ES","Resenha e Cr\u00edtica"],"inLanguage":"pt-PT","potentialAction":[{"@type":"CommentAction","name":"Comment","target":["https:\/\/inclusivenews.com.br\/?p=14034#respond"]}]},{"@type":"WebPage","@id":"https:\/\/inclusivenews.com.br\/?p=14034","url":"https:\/\/inclusivenews.com.br\/?p=14034","name":"Lutando por Direitos -","isPartOf":{"@id":"https:\/\/inclusivenews.com.br\/#website"},"primaryImageOfPage":{"@id":"https:\/\/inclusivenews.com.br\/?p=14034#primaryimage"},"image":{"@id":"https:\/\/inclusivenews.com.br\/?p=14034#primaryimage"},"thumbnailUrl":"http:\/\/www.promenino.org.br\/Portals\/0\/Biblioteca\/lutando_por_direitos.jpg","datePublished":"2010-02-23T10:15:08+00:00","breadcrumb":{"@id":"https:\/\/inclusivenews.com.br\/?p=14034#breadcrumb"},"inLanguage":"pt-PT","potentialAction":[{"@type":"ReadAction","target":["https:\/\/inclusivenews.com.br\/?p=14034"]}]},{"@type":"ImageObject","inLanguage":"pt-PT","@id":"https:\/\/inclusivenews.com.br\/?p=14034#primaryimage","url":"http:\/\/www.promenino.org.br\/Portals\/0\/Biblioteca\/lutando_por_direitos.jpg","contentUrl":"http:\/\/www.promenino.org.br\/Portals\/0\/Biblioteca\/lutando_por_direitos.jpg"},{"@type":"BreadcrumbList","@id":"https:\/\/inclusivenews.com.br\/?p=14034#breadcrumb","itemListElement":[{"@type":"ListItem","position":1,"name":"In\u00edcio","item":"https:\/\/inclusivenews.com.br\/"},{"@type":"ListItem","position":2,"name":"Lutando por Direitos"}]},{"@type":"WebSite","@id":"https:\/\/inclusivenews.com.br\/#website","url":"https:\/\/inclusivenews.com.br\/","name":"Inclusive News","description":"Inclusive News","publisher":{"@id":"https:\/\/inclusivenews.com.br\/#organization"},"potentialAction":[{"@type":"SearchAction","target":{"@type":"EntryPoint","urlTemplate":"https:\/\/inclusivenews.com.br\/?s={search_term_string}"},"query-input":{"@type":"PropertyValueSpecification","valueRequired":true,"valueName":"search_term_string"}}],"inLanguage":"pt-PT"},{"@type":"Organization","@id":"https:\/\/inclusivenews.com.br\/#organization","name":"Inclusive - inclus\u00e3o e cidadania","url":"https:\/\/inclusivenews.com.br\/","logo":{"@type":"ImageObject","inLanguage":"pt-PT","@id":"https:\/\/inclusivenews.com.br\/#\/schema\/logo\/image\/","url":"https:\/\/inclusivenews.com.br\/wp-content\/uploads\/2024\/03\/@grandesite.png","contentUrl":"https:\/\/inclusivenews.com.br\/wp-content\/uploads\/2024\/03\/@grandesite.png","width":1080,"height":1080,"caption":"Inclusive - inclus\u00e3o e cidadania"},"image":{"@id":"https:\/\/inclusivenews.com.br\/#\/schema\/logo\/image\/"},"sameAs":["https:\/\/www.facebook.com\/agenciainclusive\/","https:\/\/www.instagram.com\/newsinclusive\/"]},{"@type":"Person","@id":"https:\/\/inclusivenews.com.br\/#\/schema\/person\/ae4ec7087559b8692fb33b6fffd2273b","name":"inclusivenews2024","image":{"@type":"ImageObject","inLanguage":"pt-PT","@id":"https:\/\/secure.gravatar.com\/avatar\/c5a7ef84c66fa914f55bc4f7ce26cfa275a3b9a1c5568b907bd184fb4dde7b40?s=96&d=mm&r=g","url":"https:\/\/secure.gravatar.com\/avatar\/c5a7ef84c66fa914f55bc4f7ce26cfa275a3b9a1c5568b907bd184fb4dde7b40?s=96&d=mm&r=g","contentUrl":"https:\/\/secure.gravatar.com\/avatar\/c5a7ef84c66fa914f55bc4f7ce26cfa275a3b9a1c5568b907bd184fb4dde7b40?s=96&d=mm&r=g","caption":"inclusivenews2024"},"sameAs":["https:\/\/inclusivenews.com.br"],"url":"https:\/\/inclusivenews.com.br\/?author=1"}]}},"_links":{"self":[{"href":"https:\/\/inclusivenews.com.br\/index.php?rest_route=\/wp\/v2\/posts\/14034","targetHints":{"allow":["GET"]}}],"collection":[{"href":"https:\/\/inclusivenews.com.br\/index.php?rest_route=\/wp\/v2\/posts"}],"about":[{"href":"https:\/\/inclusivenews.com.br\/index.php?rest_route=\/wp\/v2\/types\/post"}],"author":[{"embeddable":true,"href":"https:\/\/inclusivenews.com.br\/index.php?rest_route=\/wp\/v2\/users\/1"}],"replies":[{"embeddable":true,"href":"https:\/\/inclusivenews.com.br\/index.php?rest_route=%2Fwp%2Fv2%2Fcomments&post=14034"}],"version-history":[{"count":0,"href":"https:\/\/inclusivenews.com.br\/index.php?rest_route=\/wp\/v2\/posts\/14034\/revisions"}],"wp:attachment":[{"href":"https:\/\/inclusivenews.com.br\/index.php?rest_route=%2Fwp%2Fv2%2Fmedia&parent=14034"}],"wp:term":[{"taxonomy":"category","embeddable":true,"href":"https:\/\/inclusivenews.com.br\/index.php?rest_route=%2Fwp%2Fv2%2Fcategories&post=14034"},{"taxonomy":"post_tag","embeddable":true,"href":"https:\/\/inclusivenews.com.br\/index.php?rest_route=%2Fwp%2Fv2%2Ftags&post=14034"}],"curies":[{"name":"wp","href":"https:\/\/api.w.org\/{rel}","templated":true}]}}