{"id":14073,"date":"2010-02-25T07:44:43","date_gmt":"2010-02-25T10:44:43","guid":{"rendered":"http:\/\/www.inclusive.org.br\/?p=14073"},"modified":"2010-02-25T07:44:43","modified_gmt":"2010-02-25T10:44:43","slug":"moradores-de-rua-conquistam-espaco-na-agenda-publica","status":"publish","type":"post","link":"https:\/\/inclusivenews.com.br\/?p=14073","title":{"rendered":"Moradores de rua conquistam espa\u00e7o na agenda p\u00fablica"},"content":{"rendered":"<figure id=\"attachment_14101\" aria-describedby=\"caption-attachment-14101\" style=\"width: 240px\" class=\"wp-caption alignleft\"><a href=\"http:\/\/www.inclusivenews.com.br\/wp-content\/uploads\/2010\/02\/indigencia.jpg\"><img loading=\"lazy\" decoding=\"async\" class=\"size-medium wp-image-14101 \" title=\"Inclusive - imagem de morador de rua em pra\u00e7a urbana.\" src=\"http:\/\/inclusivenews.com.br\/wp-content\/uploads\/2010\/02\/indigencia-300x174.jpg\" alt=\"\" width=\"240\" height=\"139\" \/><\/a><figcaption id=\"caption-attachment-14101\" class=\"wp-caption-text\"> <\/figcaption><\/figure>\n<p><strong>Ivy Farias<\/strong><br \/>\n<em>Rep\u00f3rter da Ag\u00eancia Brasil<\/em><\/p>\n<p>S\u00e3o Paulo &#8211; Os moradores de rua das cidades brasileiras est\u00e3o, aos poucos, conquistando espa\u00e7o na agenda p\u00fablica. Esta \u00e9 a opini\u00e3o da diretora do Departamento de Prote\u00e7\u00e3o Social Especial do Minist\u00e9rio do Desenvolvimento Social e Combate \u00e0 Fome, Margarete Cutrim. &#8220;Estamos testemunhando grande avan\u00e7o no que diz respeito \u00e0s pol\u00edticas p\u00fablicas para essa popula\u00e7\u00e3o nos \u00faltimos oito anos porque agora estamos incorporando aquilo que esse p\u00fablico vivencia no dia a dia&#8221;, disse Cutrim.<\/p>\n<p>No estado de S\u00e3o Paulo, por exemplo, existem 101 albergues que atendem 42.999 pessoas, segundo informa\u00e7\u00f5es da assessoria de imprensa da Secretaria Estadual de Assist\u00eancia e Desenvolvimento Social (Seade). Na capital paulista, 13 mil vagas s\u00e3o oferecidas para essa popula\u00e7\u00e3o em diferente institui\u00e7\u00f5es.<\/p>\n<p>O albergue Pedroso est\u00e1 sendo mudado de local para atender ao p\u00fablico, pois suas instala\u00e7\u00f5es n\u00e3o s\u00e3o satisfat\u00f3rias, informou a Secretaria Municipal de Assist\u00eancia Social.<\/p>\n<p>Como n\u00e3o h\u00e1 dados oficiais sobre o n\u00famero de moradores de rua, tanto na capital quanto no estado, n\u00e3o se pode precisar se o n\u00famero de vagas \u00e9 suficiente.Independentemente da quantidade de vagas, os albergues, por\u00e9m, n\u00e3o satisfazem as expectativas desse p\u00fablico segundo a diretora: &#8220;Temos dados que apontam que 44,3% dos moradores de rua n\u00e3o dormem em albergues por falta de liberdade e pela viol\u00eancia a que s\u00e3o submetidos&#8221;.<\/p>\n<p>Segundo o coordenador de projetos da Rede Rua, Alderon Pereira da Costa, &#8220;eles comentam que muitas vezes n\u00e3o se sentem \u00e0 vontade nos albergues. A verdade \u00e9 que essas institui\u00e7\u00f5es s\u00e3o vistas como sin\u00f4nimos de pol\u00edticas p\u00fablicas e, na verdade, a quest\u00e3o \u00e9 mais ampla, as demandas s\u00e3o diversificadas&#8221;.<\/p>\n<p>Para Costa, a quest\u00e3o da popula\u00e7\u00e3o de rua n\u00e3o se limita \u00e0s vagas em albergues. &#8220;As demandas dos moradores s\u00e3o diversificadas, ent\u00e3o precisamos de pol\u00edticas diversificadas e elas n\u00e3o existem&#8221;. Ele disse que a popula\u00e7\u00e3o de rua n\u00e3o quer mais albergues e sim solu\u00e7\u00f5es para os seus diversos problemas, como sa\u00fade, moradia, educa\u00e7\u00e3o. &#8220;Nos albergues \u00e9 comum encontrarmos idosos e deficientes que deveriam estar em outra institui\u00e7\u00e3o, ter outro tipo de atendimento&#8221;.<\/p>\n<p>A diretora do minist\u00e9rio contou ainda que os maiores avan\u00e7os na \u00e1rea s\u00e3o a reestrutura\u00e7\u00e3o da pol\u00edtica de assist\u00eancia social e a discuss\u00e3o da validade ou n\u00e3o dos albergues. &#8220;Existe uma estrutura para atender a esse p\u00fablico &#8211; infelizmente, n\u00e3o h\u00e1 qualidade. Esse p\u00fablico tem que ser preparado para conseguir autonomia \u00e0 medida em que se utiliza desse servi\u00e7o, para, aos poucos, n\u00e3o precisar mais&#8221;.<\/p>\n<p>De acordo com Margarete, um dos projetos que est\u00e3o sendo discutidos com a sociedade civil e entidades de amparo aos moradores de rua \u00e9 a cria\u00e7\u00e3o de uma esp\u00e9cie de rep\u00fablica, onde o governo estruturaria o espa\u00e7o que seria administrado pelos pr\u00f3prios moradores. &#8220;Aos poucos, eles conquistariam a autonomia e a sua cidadania. \u00c9 importante garantir ainda os outros servi\u00e7os b\u00e1sicos, como sa\u00fade, educa\u00e7\u00e3o, lazer e criar um conjunto de oportunidades e acessos para o trabalho&#8221;, afirmou.<\/p>\n<p>O coordenador do Movimento Nacional de Popula\u00e7\u00e3o de Rua, Joel Porto Lima, disse que os albergues\u00a0 hoje &#8220;t\u00eam apenas uma porta de entrada&#8221;. &#8220;Mas falta a sa\u00edda, criar mecanismos, a\u00e7\u00f5es para que os moradores consigam reconstruir suas vidas&#8221;, acrescentou. Para ele, que tamb\u00e9m participa do Conselho da Secretaria Municipal de Assist\u00eancia e Desenvolvimento Social, a popula\u00e7\u00e3o de rua n\u00e3o pede novos albergues e a cria\u00e7\u00e3o de novas vagas e sim a melhoria das politicas p\u00fablicas para o setor. &#8220;Os moradores de rua procuram trabalho e moradia, isso \u00e9 o mais importante a oferecer&#8221;, ressaltou.<br \/>\n_________________<\/p>\n<p><strong>Fonte:<\/strong> <a href=\"http:\/\/www.agenciabrasil.gov.br\/?q=node\/707\">Ag\u00eancia Brasil<\/a><\/p>\n","protected":false},"excerpt":{"rendered":"<p>O coordenador do Movimento Nacional de Popula\u00e7\u00e3o de Rua, Joel Porto Lima, disse que os albergues  hoje &#8220;t\u00eam apenas uma porta de entrada&#8221;. &#8220;Mas falta a sa\u00edda, criar mecanismos, a\u00e7\u00f5es para que os moradores consigam reconstruir suas vidas&#8221;, acrescentou. Da Ag\u00eancia Brasil.<\/p>\n","protected":false},"author":1,"featured_media":0,"comment_status":"open","ping_status":"open","sticky":false,"template":"","format":"standard","meta":{"site-container-style":"default","site-container-layout":"default","site-sidebar-layout":"default","disable-article-header":"default","disable-site-header":"default","disable-site-footer":"default","disable-content-area-spacing":"default","footnotes":""},"categories":[11,4,49,41],"tags":[],"class_list":["post-14073","post","type-post","status-publish","format-standard","hentry","category-direitos-humanos","category-noticias","category-politicas-publicas","category-preconceito"],"yoast_head":"<!-- This site is optimized with the Yoast SEO plugin v27.4 - https:\/\/yoast.com\/product\/yoast-seo-wordpress\/ -->\n<title>Moradores de rua conquistam espa\u00e7o na agenda p\u00fablica -<\/title>\n<meta name=\"robots\" content=\"index, follow, max-snippet:-1, max-image-preview:large, max-video-preview:-1\" \/>\n<link rel=\"canonical\" href=\"https:\/\/inclusivenews.com.br\/?p=14073\" \/>\n<meta property=\"og:locale\" content=\"pt_PT\" \/>\n<meta property=\"og:type\" content=\"article\" \/>\n<meta property=\"og:title\" content=\"Moradores de rua conquistam espa\u00e7o na agenda p\u00fablica -\" \/>\n<meta property=\"og:description\" content=\"O coordenador do Movimento Nacional de Popula\u00e7\u00e3o de Rua, Joel Porto Lima, disse que os albergues hoje &quot;t\u00eam apenas uma porta de entrada&quot;. &quot;Mas falta a sa\u00edda, criar mecanismos, a\u00e7\u00f5es para que os moradores consigam reconstruir suas vidas&quot;, acrescentou. Da Ag\u00eancia Brasil.\" \/>\n<meta property=\"og:url\" content=\"https:\/\/inclusivenews.com.br\/?p=14073\" \/>\n<meta property=\"article:publisher\" content=\"https:\/\/www.facebook.com\/agenciainclusive\/\" \/>\n<meta property=\"article:published_time\" content=\"2010-02-25T10:44:43+00:00\" \/>\n<meta property=\"og:image\" content=\"http:\/\/inclusivenews.com.br\/wp-content\/uploads\/2010\/02\/indigencia-300x174.jpg\" \/>\n<meta name=\"author\" content=\"inclusivenews2024\" \/>\n<meta name=\"twitter:card\" content=\"summary_large_image\" \/>\n<meta name=\"twitter:label1\" content=\"Escrito por\" \/>\n\t<meta name=\"twitter:data1\" content=\"inclusivenews2024\" \/>\n\t<meta name=\"twitter:label2\" content=\"Tempo estimado de leitura\" \/>\n\t<meta name=\"twitter:data2\" content=\"3 minutos\" \/>\n<script type=\"application\/ld+json\" class=\"yoast-schema-graph\">{\"@context\":\"https:\\\/\\\/schema.org\",\"@graph\":[{\"@type\":\"Article\",\"@id\":\"https:\\\/\\\/inclusivenews.com.br\\\/?p=14073#article\",\"isPartOf\":{\"@id\":\"https:\\\/\\\/inclusivenews.com.br\\\/?p=14073\"},\"author\":{\"name\":\"inclusivenews2024\",\"@id\":\"https:\\\/\\\/inclusivenews.com.br\\\/#\\\/schema\\\/person\\\/ae4ec7087559b8692fb33b6fffd2273b\"},\"headline\":\"Moradores de rua conquistam espa\u00e7o na agenda p\u00fablica\",\"datePublished\":\"2010-02-25T10:44:43+00:00\",\"mainEntityOfPage\":{\"@id\":\"https:\\\/\\\/inclusivenews.com.br\\\/?p=14073\"},\"wordCount\":673,\"commentCount\":0,\"publisher\":{\"@id\":\"https:\\\/\\\/inclusivenews.com.br\\\/#organization\"},\"image\":{\"@id\":\"https:\\\/\\\/inclusivenews.com.br\\\/?p=14073#primaryimage\"},\"thumbnailUrl\":\"http:\\\/\\\/inclusivenews.com.br\\\/wp-content\\\/uploads\\\/2010\\\/02\\\/indigencia-300x174.jpg\",\"articleSection\":[\"DIREITOS HUMANOS\",\"NOT\u00cdCIAS\",\"Pol\u00edticas p\u00fablicas\",\"Preconceito\"],\"inLanguage\":\"pt-PT\",\"potentialAction\":[{\"@type\":\"CommentAction\",\"name\":\"Comment\",\"target\":[\"https:\\\/\\\/inclusivenews.com.br\\\/?p=14073#respond\"]}]},{\"@type\":\"WebPage\",\"@id\":\"https:\\\/\\\/inclusivenews.com.br\\\/?p=14073\",\"url\":\"https:\\\/\\\/inclusivenews.com.br\\\/?p=14073\",\"name\":\"Moradores de rua conquistam espa\u00e7o na agenda p\u00fablica -\",\"isPartOf\":{\"@id\":\"https:\\\/\\\/inclusivenews.com.br\\\/#website\"},\"primaryImageOfPage\":{\"@id\":\"https:\\\/\\\/inclusivenews.com.br\\\/?p=14073#primaryimage\"},\"image\":{\"@id\":\"https:\\\/\\\/inclusivenews.com.br\\\/?p=14073#primaryimage\"},\"thumbnailUrl\":\"http:\\\/\\\/inclusivenews.com.br\\\/wp-content\\\/uploads\\\/2010\\\/02\\\/indigencia-300x174.jpg\",\"datePublished\":\"2010-02-25T10:44:43+00:00\",\"breadcrumb\":{\"@id\":\"https:\\\/\\\/inclusivenews.com.br\\\/?p=14073#breadcrumb\"},\"inLanguage\":\"pt-PT\",\"potentialAction\":[{\"@type\":\"ReadAction\",\"target\":[\"https:\\\/\\\/inclusivenews.com.br\\\/?p=14073\"]}]},{\"@type\":\"ImageObject\",\"inLanguage\":\"pt-PT\",\"@id\":\"https:\\\/\\\/inclusivenews.com.br\\\/?p=14073#primaryimage\",\"url\":\"\",\"contentUrl\":\"\"},{\"@type\":\"BreadcrumbList\",\"@id\":\"https:\\\/\\\/inclusivenews.com.br\\\/?p=14073#breadcrumb\",\"itemListElement\":[{\"@type\":\"ListItem\",\"position\":1,\"name\":\"In\u00edcio\",\"item\":\"https:\\\/\\\/inclusivenews.com.br\\\/\"},{\"@type\":\"ListItem\",\"position\":2,\"name\":\"Moradores de rua conquistam espa\u00e7o na agenda p\u00fablica\"}]},{\"@type\":\"WebSite\",\"@id\":\"https:\\\/\\\/inclusivenews.com.br\\\/#website\",\"url\":\"https:\\\/\\\/inclusivenews.com.br\\\/\",\"name\":\"Inclusive News\",\"description\":\"Inclusive News\",\"publisher\":{\"@id\":\"https:\\\/\\\/inclusivenews.com.br\\\/#organization\"},\"potentialAction\":[{\"@type\":\"SearchAction\",\"target\":{\"@type\":\"EntryPoint\",\"urlTemplate\":\"https:\\\/\\\/inclusivenews.com.br\\\/?s={search_term_string}\"},\"query-input\":{\"@type\":\"PropertyValueSpecification\",\"valueRequired\":true,\"valueName\":\"search_term_string\"}}],\"inLanguage\":\"pt-PT\"},{\"@type\":\"Organization\",\"@id\":\"https:\\\/\\\/inclusivenews.com.br\\\/#organization\",\"name\":\"Inclusive - inclus\u00e3o e cidadania\",\"url\":\"https:\\\/\\\/inclusivenews.com.br\\\/\",\"logo\":{\"@type\":\"ImageObject\",\"inLanguage\":\"pt-PT\",\"@id\":\"https:\\\/\\\/inclusivenews.com.br\\\/#\\\/schema\\\/logo\\\/image\\\/\",\"url\":\"https:\\\/\\\/inclusivenews.com.br\\\/wp-content\\\/uploads\\\/2024\\\/03\\\/@grandesite.png\",\"contentUrl\":\"https:\\\/\\\/inclusivenews.com.br\\\/wp-content\\\/uploads\\\/2024\\\/03\\\/@grandesite.png\",\"width\":1080,\"height\":1080,\"caption\":\"Inclusive - inclus\u00e3o e cidadania\"},\"image\":{\"@id\":\"https:\\\/\\\/inclusivenews.com.br\\\/#\\\/schema\\\/logo\\\/image\\\/\"},\"sameAs\":[\"https:\\\/\\\/www.facebook.com\\\/agenciainclusive\\\/\",\"https:\\\/\\\/www.instagram.com\\\/newsinclusive\\\/\"]},{\"@type\":\"Person\",\"@id\":\"https:\\\/\\\/inclusivenews.com.br\\\/#\\\/schema\\\/person\\\/ae4ec7087559b8692fb33b6fffd2273b\",\"name\":\"inclusivenews2024\",\"image\":{\"@type\":\"ImageObject\",\"inLanguage\":\"pt-PT\",\"@id\":\"https:\\\/\\\/secure.gravatar.com\\\/avatar\\\/c5a7ef84c66fa914f55bc4f7ce26cfa275a3b9a1c5568b907bd184fb4dde7b40?s=96&d=mm&r=g\",\"url\":\"https:\\\/\\\/secure.gravatar.com\\\/avatar\\\/c5a7ef84c66fa914f55bc4f7ce26cfa275a3b9a1c5568b907bd184fb4dde7b40?s=96&d=mm&r=g\",\"contentUrl\":\"https:\\\/\\\/secure.gravatar.com\\\/avatar\\\/c5a7ef84c66fa914f55bc4f7ce26cfa275a3b9a1c5568b907bd184fb4dde7b40?s=96&d=mm&r=g\",\"caption\":\"inclusivenews2024\"},\"sameAs\":[\"https:\\\/\\\/inclusivenews.com.br\"],\"url\":\"https:\\\/\\\/inclusivenews.com.br\\\/?author=1\"}]}<\/script>\n<!-- \/ Yoast SEO plugin. -->","yoast_head_json":{"title":"Moradores de rua conquistam espa\u00e7o na agenda p\u00fablica -","robots":{"index":"index","follow":"follow","max-snippet":"max-snippet:-1","max-image-preview":"max-image-preview:large","max-video-preview":"max-video-preview:-1"},"canonical":"https:\/\/inclusivenews.com.br\/?p=14073","og_locale":"pt_PT","og_type":"article","og_title":"Moradores de rua conquistam espa\u00e7o na agenda p\u00fablica -","og_description":"O coordenador do Movimento Nacional de Popula\u00e7\u00e3o de Rua, Joel Porto Lima, disse que os albergues hoje \"t\u00eam apenas uma porta de entrada\". \"Mas falta a sa\u00edda, criar mecanismos, a\u00e7\u00f5es para que os moradores consigam reconstruir suas vidas\", acrescentou. Da Ag\u00eancia Brasil.","og_url":"https:\/\/inclusivenews.com.br\/?p=14073","article_publisher":"https:\/\/www.facebook.com\/agenciainclusive\/","article_published_time":"2010-02-25T10:44:43+00:00","og_image":[{"url":"http:\/\/inclusivenews.com.br\/wp-content\/uploads\/2010\/02\/indigencia-300x174.jpg","type":"","width":"","height":""}],"author":"inclusivenews2024","twitter_card":"summary_large_image","twitter_misc":{"Escrito por":"inclusivenews2024","Tempo estimado de leitura":"3 minutos"},"schema":{"@context":"https:\/\/schema.org","@graph":[{"@type":"Article","@id":"https:\/\/inclusivenews.com.br\/?p=14073#article","isPartOf":{"@id":"https:\/\/inclusivenews.com.br\/?p=14073"},"author":{"name":"inclusivenews2024","@id":"https:\/\/inclusivenews.com.br\/#\/schema\/person\/ae4ec7087559b8692fb33b6fffd2273b"},"headline":"Moradores de rua conquistam espa\u00e7o na agenda p\u00fablica","datePublished":"2010-02-25T10:44:43+00:00","mainEntityOfPage":{"@id":"https:\/\/inclusivenews.com.br\/?p=14073"},"wordCount":673,"commentCount":0,"publisher":{"@id":"https:\/\/inclusivenews.com.br\/#organization"},"image":{"@id":"https:\/\/inclusivenews.com.br\/?p=14073#primaryimage"},"thumbnailUrl":"http:\/\/inclusivenews.com.br\/wp-content\/uploads\/2010\/02\/indigencia-300x174.jpg","articleSection":["DIREITOS HUMANOS","NOT\u00cdCIAS","Pol\u00edticas p\u00fablicas","Preconceito"],"inLanguage":"pt-PT","potentialAction":[{"@type":"CommentAction","name":"Comment","target":["https:\/\/inclusivenews.com.br\/?p=14073#respond"]}]},{"@type":"WebPage","@id":"https:\/\/inclusivenews.com.br\/?p=14073","url":"https:\/\/inclusivenews.com.br\/?p=14073","name":"Moradores de rua conquistam espa\u00e7o na agenda p\u00fablica -","isPartOf":{"@id":"https:\/\/inclusivenews.com.br\/#website"},"primaryImageOfPage":{"@id":"https:\/\/inclusivenews.com.br\/?p=14073#primaryimage"},"image":{"@id":"https:\/\/inclusivenews.com.br\/?p=14073#primaryimage"},"thumbnailUrl":"http:\/\/inclusivenews.com.br\/wp-content\/uploads\/2010\/02\/indigencia-300x174.jpg","datePublished":"2010-02-25T10:44:43+00:00","breadcrumb":{"@id":"https:\/\/inclusivenews.com.br\/?p=14073#breadcrumb"},"inLanguage":"pt-PT","potentialAction":[{"@type":"ReadAction","target":["https:\/\/inclusivenews.com.br\/?p=14073"]}]},{"@type":"ImageObject","inLanguage":"pt-PT","@id":"https:\/\/inclusivenews.com.br\/?p=14073#primaryimage","url":"","contentUrl":""},{"@type":"BreadcrumbList","@id":"https:\/\/inclusivenews.com.br\/?p=14073#breadcrumb","itemListElement":[{"@type":"ListItem","position":1,"name":"In\u00edcio","item":"https:\/\/inclusivenews.com.br\/"},{"@type":"ListItem","position":2,"name":"Moradores de rua conquistam espa\u00e7o na agenda p\u00fablica"}]},{"@type":"WebSite","@id":"https:\/\/inclusivenews.com.br\/#website","url":"https:\/\/inclusivenews.com.br\/","name":"Inclusive News","description":"Inclusive News","publisher":{"@id":"https:\/\/inclusivenews.com.br\/#organization"},"potentialAction":[{"@type":"SearchAction","target":{"@type":"EntryPoint","urlTemplate":"https:\/\/inclusivenews.com.br\/?s={search_term_string}"},"query-input":{"@type":"PropertyValueSpecification","valueRequired":true,"valueName":"search_term_string"}}],"inLanguage":"pt-PT"},{"@type":"Organization","@id":"https:\/\/inclusivenews.com.br\/#organization","name":"Inclusive - inclus\u00e3o e cidadania","url":"https:\/\/inclusivenews.com.br\/","logo":{"@type":"ImageObject","inLanguage":"pt-PT","@id":"https:\/\/inclusivenews.com.br\/#\/schema\/logo\/image\/","url":"https:\/\/inclusivenews.com.br\/wp-content\/uploads\/2024\/03\/@grandesite.png","contentUrl":"https:\/\/inclusivenews.com.br\/wp-content\/uploads\/2024\/03\/@grandesite.png","width":1080,"height":1080,"caption":"Inclusive - inclus\u00e3o e cidadania"},"image":{"@id":"https:\/\/inclusivenews.com.br\/#\/schema\/logo\/image\/"},"sameAs":["https:\/\/www.facebook.com\/agenciainclusive\/","https:\/\/www.instagram.com\/newsinclusive\/"]},{"@type":"Person","@id":"https:\/\/inclusivenews.com.br\/#\/schema\/person\/ae4ec7087559b8692fb33b6fffd2273b","name":"inclusivenews2024","image":{"@type":"ImageObject","inLanguage":"pt-PT","@id":"https:\/\/secure.gravatar.com\/avatar\/c5a7ef84c66fa914f55bc4f7ce26cfa275a3b9a1c5568b907bd184fb4dde7b40?s=96&d=mm&r=g","url":"https:\/\/secure.gravatar.com\/avatar\/c5a7ef84c66fa914f55bc4f7ce26cfa275a3b9a1c5568b907bd184fb4dde7b40?s=96&d=mm&r=g","contentUrl":"https:\/\/secure.gravatar.com\/avatar\/c5a7ef84c66fa914f55bc4f7ce26cfa275a3b9a1c5568b907bd184fb4dde7b40?s=96&d=mm&r=g","caption":"inclusivenews2024"},"sameAs":["https:\/\/inclusivenews.com.br"],"url":"https:\/\/inclusivenews.com.br\/?author=1"}]}},"_links":{"self":[{"href":"https:\/\/inclusivenews.com.br\/index.php?rest_route=\/wp\/v2\/posts\/14073","targetHints":{"allow":["GET"]}}],"collection":[{"href":"https:\/\/inclusivenews.com.br\/index.php?rest_route=\/wp\/v2\/posts"}],"about":[{"href":"https:\/\/inclusivenews.com.br\/index.php?rest_route=\/wp\/v2\/types\/post"}],"author":[{"embeddable":true,"href":"https:\/\/inclusivenews.com.br\/index.php?rest_route=\/wp\/v2\/users\/1"}],"replies":[{"embeddable":true,"href":"https:\/\/inclusivenews.com.br\/index.php?rest_route=%2Fwp%2Fv2%2Fcomments&post=14073"}],"version-history":[{"count":0,"href":"https:\/\/inclusivenews.com.br\/index.php?rest_route=\/wp\/v2\/posts\/14073\/revisions"}],"wp:attachment":[{"href":"https:\/\/inclusivenews.com.br\/index.php?rest_route=%2Fwp%2Fv2%2Fmedia&parent=14073"}],"wp:term":[{"taxonomy":"category","embeddable":true,"href":"https:\/\/inclusivenews.com.br\/index.php?rest_route=%2Fwp%2Fv2%2Fcategories&post=14073"},{"taxonomy":"post_tag","embeddable":true,"href":"https:\/\/inclusivenews.com.br\/index.php?rest_route=%2Fwp%2Fv2%2Ftags&post=14073"}],"curies":[{"name":"wp","href":"https:\/\/api.w.org\/{rel}","templated":true}]}}