{"id":14074,"date":"2010-02-24T18:16:11","date_gmt":"2010-02-24T21:16:11","guid":{"rendered":"http:\/\/www.inclusive.org.br\/?p=14074"},"modified":"2010-02-24T18:16:11","modified_gmt":"2010-02-24T21:16:11","slug":"tecnologia-da-informacao-facilita-inclusao-de-deficientes","status":"publish","type":"post","link":"https:\/\/inclusivenews.com.br\/?p=14074","title":{"rendered":"Tecnologia da informa\u00e7\u00e3o facilita inclus\u00e3o de deficientes"},"content":{"rendered":"<div><strong><\/strong><\/div>\n<p><strong><\/p>\n<figure id=\"attachment_13398\" aria-describedby=\"caption-attachment-13398\" style=\"width: 150px\" class=\"wp-caption alignnone\"><a href=\"http:\/\/www.inclusivenews.com.br\/wp-content\/uploads\/2010\/01\/blogosfera.jpg\"><img loading=\"lazy\" decoding=\"async\" class=\"size-thumbnail wp-image-13398\" title=\"Inclusive - blogosfera, um globo formado por um teclado de computador.\" src=\"http:\/\/inclusivenews.com.br\/wp-content\/uploads\/2010\/01\/blogosfera-150x150.jpg\" alt=\"\" width=\"150\" height=\"150\" \/><\/a><figcaption id=\"caption-attachment-13398\" class=\"wp-caption-text\">Inclusive - blogosfera, um globo formado por um teclado de computador.<\/figcaption><\/figure>\n<p>Daniela Traldi, da R\u00e1dio ONU em Nova York<\/p>\n<p><\/strong><\/p>\n<p>Encontro em Paris re\u00fane especialistas da ind\u00fastria tecnol\u00f3gica para debater metas internacionais voltadas \u00e0 implementa\u00e7\u00e3o de pol\u00edticas de acesso \u00e0 informa\u00e7\u00e3o e conhecimento aos deficientes; segundo a Unesco cerca de 10% da popula\u00e7\u00e3o global tem algum tipo de defici\u00eancia.<\/p>\n<p>Come\u00e7ou nesta segunda-feira em Paris um encontro promovido pela Organiza\u00e7\u00e3o das Na\u00e7\u00f5es Unidas para Educa\u00e7\u00e3o, Ci\u00eancia e Cultura, Unesco, para debater a facilita\u00e7\u00e3o da inclus\u00e3o social para pessoas com defici\u00eancias atrav\u00e9s do uso da comunica\u00e7\u00e3o e tecnologia da informa\u00e7\u00e3o.<\/p>\n<p>O evento de dois dias re\u00fane especialistas mundiais da ind\u00fastria tecnol\u00f3gica, institui\u00e7\u00f5es educacionais e organiza\u00e7\u00f5es n\u00e3o-governamentais.<\/p>\n<p><strong>Integra\u00e7\u00e3o<\/strong><\/p>\n<p>Segundo a Unesco cerca de 10% da popula\u00e7\u00e3o global tem algum tipo de defici\u00eancia, a maioria em pa\u00edses em desenvolvimento.<\/p>\n<p>A ag\u00eancia da ONU informa que as tecnologias da informa\u00e7\u00e3o, com metodologias adaptadas, podem oferecer aos deficientes a capacidade de compensar limita\u00e7\u00f5es f\u00edsicas ou funcionais.<\/p>\n<p>O resultado \u00e9 a amplia\u00e7\u00e3o das atividades dispon\u00edveis a essas pessoas e, como consequ\u00eancia, maior integra\u00e7\u00e3o social e econ\u00f4mica nas comunidades.<\/p>\n<p><strong>Fundamentais<\/strong><\/p>\n<p>O especialista em tecnologia da informa\u00e7\u00e3o da Funda\u00e7\u00e3o Dorina Nowill para Cegos, Pedro Milliet, disse \u00e0 R\u00e1dio ONU, de S\u00e3o Paulo, que as novas ferramentas s\u00e3o fundamentais para a acessibilidade dos deficientes visuais.<\/p>\n<p>&#8220;Para o deficiente visual o acesso atrav\u00e9s de recursos de computa\u00e7\u00e3o, da informa\u00e7\u00e3o, o acesso de textos, o acesso de livros se torna muito mais amplo do que ele tinha at\u00e9 ent\u00e3o que era o braille. Apesar de ser fundamental na vida de um deficiente visual, o braille tem dificuldade de portabilidade, voc\u00ea imagina que um dicion\u00e1rio tem mais de 50 volumes e tem dificuldade de produ\u00e7\u00e3o, j\u00e1 que \u00e9 uma op\u00e7\u00e3o cara&#8221;, afirmou.<\/p>\n<p>Setenta e nove pa\u00edses ratificaram a Conven\u00e7\u00e3o das Na\u00e7\u00f5es Unidas para os Direitos das Pessoas com Defici\u00eancias.<\/p>\n<p>O objetivo do encontro em Paris \u00e9 discutir como os Estados membros podem realizar metas internacionais voltadas \u00e0 implementa\u00e7\u00e3o de pol\u00edticas, para permitir maior acesso \u00e0 informa\u00e7\u00e3o e conhecimento aos deficientes.<\/p>\n<p>Para ouvir esta not\u00edcia clique em: <a href=\"http:\/\/downloads.unmultimedia.org\/radio\/pt\/real\/2010\/10022213i.rm\" target=\"_blank\" rel=\"noopener\">http:\/\/downloads.unmultimedia.org\/radio\/pt\/real\/2010\/10022213i.rm<\/a> ou acesse:<br \/>\n<a href=\"http:\/\/www.unmultimedia.org\/radio\/portuguese\/detail\/176723.html\" target=\"_blank\" rel=\"noopener\">http:\/\/www.unmultimedia.org\/radio\/portuguese\/detail\/176723.html<\/a><\/p>\n<p><strong>Fonte:<\/strong> <a href=\"http:\/\/www.envolverde.com.br\/materia.php?cod=69974&amp;edt=9\">Envolverde\/R\u00e1dio ONU<\/a><\/p>\n","protected":false},"excerpt":{"rendered":"<p>Daniela Traldi, da R\u00e1dio ONU em Nova York Encontro em Paris re\u00fane especialistas da ind\u00fastria tecnol\u00f3gica para debater metas internacionais voltadas \u00e0 implementa\u00e7\u00e3o de pol\u00edticas de acesso \u00e0 informa\u00e7\u00e3o e conhecimento aos deficientes; segundo a Unesco cerca de 10% da popula\u00e7\u00e3o global tem algum tipo de defici\u00eancia. Come\u00e7ou nesta segunda-feira em Paris um encontro promovido [&hellip;]<\/p>\n","protected":false},"author":1,"featured_media":0,"comment_status":"open","ping_status":"open","sticky":false,"template":"","format":"standard","meta":{"site-container-style":"default","site-container-layout":"default","site-sidebar-layout":"default","disable-article-header":"default","disable-site-header":"default","disable-site-footer":"default","disable-content-area-spacing":"default","footnotes":""},"categories":[38,6,48,4],"tags":[],"class_list":["post-14074","post","type-post","status-publish","format-standard","hentry","category-deficiencia","category-educacao","category-inclusao","category-noticias"],"yoast_head":"<!-- This site is optimized with the Yoast SEO plugin v27.4 - https:\/\/yoast.com\/product\/yoast-seo-wordpress\/ -->\n<title>Tecnologia da informa\u00e7\u00e3o facilita inclus\u00e3o de deficientes -<\/title>\n<meta name=\"robots\" content=\"index, follow, max-snippet:-1, max-image-preview:large, max-video-preview:-1\" \/>\n<link rel=\"canonical\" href=\"https:\/\/inclusivenews.com.br\/?p=14074\" \/>\n<meta property=\"og:locale\" content=\"pt_PT\" \/>\n<meta property=\"og:type\" content=\"article\" \/>\n<meta property=\"og:title\" content=\"Tecnologia da informa\u00e7\u00e3o facilita inclus\u00e3o de deficientes -\" \/>\n<meta property=\"og:description\" content=\"Daniela Traldi, da R\u00e1dio ONU em Nova York Encontro em Paris re\u00fane especialistas da ind\u00fastria tecnol\u00f3gica para debater metas internacionais voltadas \u00e0 implementa\u00e7\u00e3o de pol\u00edticas de acesso \u00e0 informa\u00e7\u00e3o e conhecimento aos deficientes; segundo a Unesco cerca de 10% da popula\u00e7\u00e3o global tem algum tipo de defici\u00eancia. Come\u00e7ou nesta segunda-feira em Paris um encontro promovido [&hellip;]\" \/>\n<meta property=\"og:url\" content=\"https:\/\/inclusivenews.com.br\/?p=14074\" \/>\n<meta property=\"article:publisher\" content=\"https:\/\/www.facebook.com\/agenciainclusive\/\" \/>\n<meta property=\"article:published_time\" content=\"2010-02-24T21:16:11+00:00\" \/>\n<meta property=\"og:image\" content=\"http:\/\/inclusivenews.com.br\/wp-content\/uploads\/2010\/01\/blogosfera-150x150.jpg\" \/>\n<meta name=\"author\" content=\"inclusivenews2024\" \/>\n<meta name=\"twitter:card\" content=\"summary_large_image\" \/>\n<meta name=\"twitter:label1\" content=\"Escrito por\" \/>\n\t<meta name=\"twitter:data1\" content=\"inclusivenews2024\" \/>\n\t<meta name=\"twitter:label2\" content=\"Tempo estimado de leitura\" \/>\n\t<meta name=\"twitter:data2\" content=\"2 minutos\" \/>\n<script type=\"application\/ld+json\" class=\"yoast-schema-graph\">{\"@context\":\"https:\\\/\\\/schema.org\",\"@graph\":[{\"@type\":\"Article\",\"@id\":\"https:\\\/\\\/inclusivenews.com.br\\\/?p=14074#article\",\"isPartOf\":{\"@id\":\"https:\\\/\\\/inclusivenews.com.br\\\/?p=14074\"},\"author\":{\"name\":\"inclusivenews2024\",\"@id\":\"https:\\\/\\\/inclusivenews.com.br\\\/#\\\/schema\\\/person\\\/ae4ec7087559b8692fb33b6fffd2273b\"},\"headline\":\"Tecnologia da informa\u00e7\u00e3o facilita inclus\u00e3o de deficientes\",\"datePublished\":\"2010-02-24T21:16:11+00:00\",\"mainEntityOfPage\":{\"@id\":\"https:\\\/\\\/inclusivenews.com.br\\\/?p=14074\"},\"wordCount\":431,\"commentCount\":0,\"publisher\":{\"@id\":\"https:\\\/\\\/inclusivenews.com.br\\\/#organization\"},\"image\":{\"@id\":\"https:\\\/\\\/inclusivenews.com.br\\\/?p=14074#primaryimage\"},\"thumbnailUrl\":\"http:\\\/\\\/inclusivenews.com.br\\\/wp-content\\\/uploads\\\/2010\\\/01\\\/blogosfera-150x150.jpg\",\"articleSection\":[\"Defici\u00eancia\",\"EDUCA\u00c7\u00c3O\",\"INCLUS\u00c3O SOCIAL\",\"NOT\u00cdCIAS\"],\"inLanguage\":\"pt-PT\",\"potentialAction\":[{\"@type\":\"CommentAction\",\"name\":\"Comment\",\"target\":[\"https:\\\/\\\/inclusivenews.com.br\\\/?p=14074#respond\"]}]},{\"@type\":\"WebPage\",\"@id\":\"https:\\\/\\\/inclusivenews.com.br\\\/?p=14074\",\"url\":\"https:\\\/\\\/inclusivenews.com.br\\\/?p=14074\",\"name\":\"Tecnologia da informa\u00e7\u00e3o facilita inclus\u00e3o de deficientes -\",\"isPartOf\":{\"@id\":\"https:\\\/\\\/inclusivenews.com.br\\\/#website\"},\"primaryImageOfPage\":{\"@id\":\"https:\\\/\\\/inclusivenews.com.br\\\/?p=14074#primaryimage\"},\"image\":{\"@id\":\"https:\\\/\\\/inclusivenews.com.br\\\/?p=14074#primaryimage\"},\"thumbnailUrl\":\"http:\\\/\\\/inclusivenews.com.br\\\/wp-content\\\/uploads\\\/2010\\\/01\\\/blogosfera-150x150.jpg\",\"datePublished\":\"2010-02-24T21:16:11+00:00\",\"breadcrumb\":{\"@id\":\"https:\\\/\\\/inclusivenews.com.br\\\/?p=14074#breadcrumb\"},\"inLanguage\":\"pt-PT\",\"potentialAction\":[{\"@type\":\"ReadAction\",\"target\":[\"https:\\\/\\\/inclusivenews.com.br\\\/?p=14074\"]}]},{\"@type\":\"ImageObject\",\"inLanguage\":\"pt-PT\",\"@id\":\"https:\\\/\\\/inclusivenews.com.br\\\/?p=14074#primaryimage\",\"url\":\"\",\"contentUrl\":\"\"},{\"@type\":\"BreadcrumbList\",\"@id\":\"https:\\\/\\\/inclusivenews.com.br\\\/?p=14074#breadcrumb\",\"itemListElement\":[{\"@type\":\"ListItem\",\"position\":1,\"name\":\"In\u00edcio\",\"item\":\"https:\\\/\\\/inclusivenews.com.br\\\/\"},{\"@type\":\"ListItem\",\"position\":2,\"name\":\"Tecnologia da informa\u00e7\u00e3o facilita inclus\u00e3o de deficientes\"}]},{\"@type\":\"WebSite\",\"@id\":\"https:\\\/\\\/inclusivenews.com.br\\\/#website\",\"url\":\"https:\\\/\\\/inclusivenews.com.br\\\/\",\"name\":\"Inclusive News\",\"description\":\"Inclusive News\",\"publisher\":{\"@id\":\"https:\\\/\\\/inclusivenews.com.br\\\/#organization\"},\"potentialAction\":[{\"@type\":\"SearchAction\",\"target\":{\"@type\":\"EntryPoint\",\"urlTemplate\":\"https:\\\/\\\/inclusivenews.com.br\\\/?s={search_term_string}\"},\"query-input\":{\"@type\":\"PropertyValueSpecification\",\"valueRequired\":true,\"valueName\":\"search_term_string\"}}],\"inLanguage\":\"pt-PT\"},{\"@type\":\"Organization\",\"@id\":\"https:\\\/\\\/inclusivenews.com.br\\\/#organization\",\"name\":\"Inclusive - inclus\u00e3o e cidadania\",\"url\":\"https:\\\/\\\/inclusivenews.com.br\\\/\",\"logo\":{\"@type\":\"ImageObject\",\"inLanguage\":\"pt-PT\",\"@id\":\"https:\\\/\\\/inclusivenews.com.br\\\/#\\\/schema\\\/logo\\\/image\\\/\",\"url\":\"https:\\\/\\\/inclusivenews.com.br\\\/wp-content\\\/uploads\\\/2024\\\/03\\\/@grandesite.png\",\"contentUrl\":\"https:\\\/\\\/inclusivenews.com.br\\\/wp-content\\\/uploads\\\/2024\\\/03\\\/@grandesite.png\",\"width\":1080,\"height\":1080,\"caption\":\"Inclusive - inclus\u00e3o e cidadania\"},\"image\":{\"@id\":\"https:\\\/\\\/inclusivenews.com.br\\\/#\\\/schema\\\/logo\\\/image\\\/\"},\"sameAs\":[\"https:\\\/\\\/www.facebook.com\\\/agenciainclusive\\\/\",\"https:\\\/\\\/www.instagram.com\\\/newsinclusive\\\/\"]},{\"@type\":\"Person\",\"@id\":\"https:\\\/\\\/inclusivenews.com.br\\\/#\\\/schema\\\/person\\\/ae4ec7087559b8692fb33b6fffd2273b\",\"name\":\"inclusivenews2024\",\"image\":{\"@type\":\"ImageObject\",\"inLanguage\":\"pt-PT\",\"@id\":\"https:\\\/\\\/secure.gravatar.com\\\/avatar\\\/c5a7ef84c66fa914f55bc4f7ce26cfa275a3b9a1c5568b907bd184fb4dde7b40?s=96&d=mm&r=g\",\"url\":\"https:\\\/\\\/secure.gravatar.com\\\/avatar\\\/c5a7ef84c66fa914f55bc4f7ce26cfa275a3b9a1c5568b907bd184fb4dde7b40?s=96&d=mm&r=g\",\"contentUrl\":\"https:\\\/\\\/secure.gravatar.com\\\/avatar\\\/c5a7ef84c66fa914f55bc4f7ce26cfa275a3b9a1c5568b907bd184fb4dde7b40?s=96&d=mm&r=g\",\"caption\":\"inclusivenews2024\"},\"sameAs\":[\"https:\\\/\\\/inclusivenews.com.br\"],\"url\":\"https:\\\/\\\/inclusivenews.com.br\\\/?author=1\"}]}<\/script>\n<!-- \/ Yoast SEO plugin. -->","yoast_head_json":{"title":"Tecnologia da informa\u00e7\u00e3o facilita inclus\u00e3o de deficientes -","robots":{"index":"index","follow":"follow","max-snippet":"max-snippet:-1","max-image-preview":"max-image-preview:large","max-video-preview":"max-video-preview:-1"},"canonical":"https:\/\/inclusivenews.com.br\/?p=14074","og_locale":"pt_PT","og_type":"article","og_title":"Tecnologia da informa\u00e7\u00e3o facilita inclus\u00e3o de deficientes -","og_description":"Daniela Traldi, da R\u00e1dio ONU em Nova York Encontro em Paris re\u00fane especialistas da ind\u00fastria tecnol\u00f3gica para debater metas internacionais voltadas \u00e0 implementa\u00e7\u00e3o de pol\u00edticas de acesso \u00e0 informa\u00e7\u00e3o e conhecimento aos deficientes; segundo a Unesco cerca de 10% da popula\u00e7\u00e3o global tem algum tipo de defici\u00eancia. Come\u00e7ou nesta segunda-feira em Paris um encontro promovido [&hellip;]","og_url":"https:\/\/inclusivenews.com.br\/?p=14074","article_publisher":"https:\/\/www.facebook.com\/agenciainclusive\/","article_published_time":"2010-02-24T21:16:11+00:00","og_image":[{"url":"http:\/\/inclusivenews.com.br\/wp-content\/uploads\/2010\/01\/blogosfera-150x150.jpg","type":"","width":"","height":""}],"author":"inclusivenews2024","twitter_card":"summary_large_image","twitter_misc":{"Escrito por":"inclusivenews2024","Tempo estimado de leitura":"2 minutos"},"schema":{"@context":"https:\/\/schema.org","@graph":[{"@type":"Article","@id":"https:\/\/inclusivenews.com.br\/?p=14074#article","isPartOf":{"@id":"https:\/\/inclusivenews.com.br\/?p=14074"},"author":{"name":"inclusivenews2024","@id":"https:\/\/inclusivenews.com.br\/#\/schema\/person\/ae4ec7087559b8692fb33b6fffd2273b"},"headline":"Tecnologia da informa\u00e7\u00e3o facilita inclus\u00e3o de deficientes","datePublished":"2010-02-24T21:16:11+00:00","mainEntityOfPage":{"@id":"https:\/\/inclusivenews.com.br\/?p=14074"},"wordCount":431,"commentCount":0,"publisher":{"@id":"https:\/\/inclusivenews.com.br\/#organization"},"image":{"@id":"https:\/\/inclusivenews.com.br\/?p=14074#primaryimage"},"thumbnailUrl":"http:\/\/inclusivenews.com.br\/wp-content\/uploads\/2010\/01\/blogosfera-150x150.jpg","articleSection":["Defici\u00eancia","EDUCA\u00c7\u00c3O","INCLUS\u00c3O SOCIAL","NOT\u00cdCIAS"],"inLanguage":"pt-PT","potentialAction":[{"@type":"CommentAction","name":"Comment","target":["https:\/\/inclusivenews.com.br\/?p=14074#respond"]}]},{"@type":"WebPage","@id":"https:\/\/inclusivenews.com.br\/?p=14074","url":"https:\/\/inclusivenews.com.br\/?p=14074","name":"Tecnologia da informa\u00e7\u00e3o facilita inclus\u00e3o de deficientes -","isPartOf":{"@id":"https:\/\/inclusivenews.com.br\/#website"},"primaryImageOfPage":{"@id":"https:\/\/inclusivenews.com.br\/?p=14074#primaryimage"},"image":{"@id":"https:\/\/inclusivenews.com.br\/?p=14074#primaryimage"},"thumbnailUrl":"http:\/\/inclusivenews.com.br\/wp-content\/uploads\/2010\/01\/blogosfera-150x150.jpg","datePublished":"2010-02-24T21:16:11+00:00","breadcrumb":{"@id":"https:\/\/inclusivenews.com.br\/?p=14074#breadcrumb"},"inLanguage":"pt-PT","potentialAction":[{"@type":"ReadAction","target":["https:\/\/inclusivenews.com.br\/?p=14074"]}]},{"@type":"ImageObject","inLanguage":"pt-PT","@id":"https:\/\/inclusivenews.com.br\/?p=14074#primaryimage","url":"","contentUrl":""},{"@type":"BreadcrumbList","@id":"https:\/\/inclusivenews.com.br\/?p=14074#breadcrumb","itemListElement":[{"@type":"ListItem","position":1,"name":"In\u00edcio","item":"https:\/\/inclusivenews.com.br\/"},{"@type":"ListItem","position":2,"name":"Tecnologia da informa\u00e7\u00e3o facilita inclus\u00e3o de deficientes"}]},{"@type":"WebSite","@id":"https:\/\/inclusivenews.com.br\/#website","url":"https:\/\/inclusivenews.com.br\/","name":"Inclusive News","description":"Inclusive News","publisher":{"@id":"https:\/\/inclusivenews.com.br\/#organization"},"potentialAction":[{"@type":"SearchAction","target":{"@type":"EntryPoint","urlTemplate":"https:\/\/inclusivenews.com.br\/?s={search_term_string}"},"query-input":{"@type":"PropertyValueSpecification","valueRequired":true,"valueName":"search_term_string"}}],"inLanguage":"pt-PT"},{"@type":"Organization","@id":"https:\/\/inclusivenews.com.br\/#organization","name":"Inclusive - inclus\u00e3o e cidadania","url":"https:\/\/inclusivenews.com.br\/","logo":{"@type":"ImageObject","inLanguage":"pt-PT","@id":"https:\/\/inclusivenews.com.br\/#\/schema\/logo\/image\/","url":"https:\/\/inclusivenews.com.br\/wp-content\/uploads\/2024\/03\/@grandesite.png","contentUrl":"https:\/\/inclusivenews.com.br\/wp-content\/uploads\/2024\/03\/@grandesite.png","width":1080,"height":1080,"caption":"Inclusive - inclus\u00e3o e cidadania"},"image":{"@id":"https:\/\/inclusivenews.com.br\/#\/schema\/logo\/image\/"},"sameAs":["https:\/\/www.facebook.com\/agenciainclusive\/","https:\/\/www.instagram.com\/newsinclusive\/"]},{"@type":"Person","@id":"https:\/\/inclusivenews.com.br\/#\/schema\/person\/ae4ec7087559b8692fb33b6fffd2273b","name":"inclusivenews2024","image":{"@type":"ImageObject","inLanguage":"pt-PT","@id":"https:\/\/secure.gravatar.com\/avatar\/c5a7ef84c66fa914f55bc4f7ce26cfa275a3b9a1c5568b907bd184fb4dde7b40?s=96&d=mm&r=g","url":"https:\/\/secure.gravatar.com\/avatar\/c5a7ef84c66fa914f55bc4f7ce26cfa275a3b9a1c5568b907bd184fb4dde7b40?s=96&d=mm&r=g","contentUrl":"https:\/\/secure.gravatar.com\/avatar\/c5a7ef84c66fa914f55bc4f7ce26cfa275a3b9a1c5568b907bd184fb4dde7b40?s=96&d=mm&r=g","caption":"inclusivenews2024"},"sameAs":["https:\/\/inclusivenews.com.br"],"url":"https:\/\/inclusivenews.com.br\/?author=1"}]}},"_links":{"self":[{"href":"https:\/\/inclusivenews.com.br\/index.php?rest_route=\/wp\/v2\/posts\/14074","targetHints":{"allow":["GET"]}}],"collection":[{"href":"https:\/\/inclusivenews.com.br\/index.php?rest_route=\/wp\/v2\/posts"}],"about":[{"href":"https:\/\/inclusivenews.com.br\/index.php?rest_route=\/wp\/v2\/types\/post"}],"author":[{"embeddable":true,"href":"https:\/\/inclusivenews.com.br\/index.php?rest_route=\/wp\/v2\/users\/1"}],"replies":[{"embeddable":true,"href":"https:\/\/inclusivenews.com.br\/index.php?rest_route=%2Fwp%2Fv2%2Fcomments&post=14074"}],"version-history":[{"count":0,"href":"https:\/\/inclusivenews.com.br\/index.php?rest_route=\/wp\/v2\/posts\/14074\/revisions"}],"wp:attachment":[{"href":"https:\/\/inclusivenews.com.br\/index.php?rest_route=%2Fwp%2Fv2%2Fmedia&parent=14074"}],"wp:term":[{"taxonomy":"category","embeddable":true,"href":"https:\/\/inclusivenews.com.br\/index.php?rest_route=%2Fwp%2Fv2%2Fcategories&post=14074"},{"taxonomy":"post_tag","embeddable":true,"href":"https:\/\/inclusivenews.com.br\/index.php?rest_route=%2Fwp%2Fv2%2Ftags&post=14074"}],"curies":[{"name":"wp","href":"https:\/\/api.w.org\/{rel}","templated":true}]}}