{"id":14084,"date":"2010-02-24T18:29:27","date_gmt":"2010-02-24T21:29:27","guid":{"rendered":"http:\/\/www.inclusive.org.br\/?p=14084"},"modified":"2010-02-24T18:29:27","modified_gmt":"2010-02-24T21:29:27","slug":"boneca-da-luciana-de-viver-a-vida-provoca-polemica","status":"publish","type":"post","link":"https:\/\/inclusivenews.com.br\/?p=14084","title":{"rendered":"Boneca da Luciana de &#039;Viver a Vida&#039; provoca pol\u00eamica"},"content":{"rendered":"<figure id=\"attachment_14086\" aria-describedby=\"caption-attachment-14086\" style=\"width: 619px\" class=\"wp-caption alignnone\"><a href=\"http:\/\/www.inclusivenews.com.br\/wp-content\/uploads\/2010\/02\/luciana1.jpg\"><img loading=\"lazy\" decoding=\"async\" class=\"size-full wp-image-14086\" title=\"luciana\" src=\"http:\/\/inclusivenews.com.br\/wp-content\/uploads\/2010\/02\/luciana1.jpg\" alt=\"\" width=\"619\" height=\"464\" \/><\/a><figcaption id=\"caption-attachment-14086\" class=\"wp-caption-text\">A Atriz Alinne Morais e a boneca da Luciana em poses id\u00eanticas sentadas em cadeira de rodas , com buqu\u00ea de flores nas m\u00e3os<\/figcaption><\/figure>\n<p>Luciana (Alinne Moraes) est\u00e1 dando o que falar em <em>Viver a Vida<\/em>. E a boneca em homenagem \u00e0 personagem, criada pelo artista pl\u00e1stico Marcus Baby, tamb\u00e9m. &#8220;Todo mundo comentou. J\u00e1 sofri muito vendo as cenas dela e resolvi prestar a homenagem. \u00c9 um hobby, n\u00e3o fa\u00e7o com a inten\u00e7\u00e3o de vender&#8221;, explica Marcus, que j\u00e1 foi procurado por algumas personalidades com interesses comerciais.<\/p>\n<p>Ele n\u00e3o vende, mas defende a ideia de que empresas invistam nessa empreitada. &#8220;Acharia fant\u00e1stico ter bonecas cadeirantes, gays, negras, desde que n\u00e3o tornassem isso um gueto&#8221;, opina.<\/p>\n<p>No mercado especializado, h\u00e1 quem j\u00e1 pense em mexer seus pauzinhos nesse sentido. &#8220;Penso com carinho nessa ideia de fazer uma boneca cadeirante. Mesmo antes de a novela come\u00e7ar, pessoas j\u00e1 me procuraram com a inten\u00e7\u00e3o de levar isso \u00e0 frente. Mas os custos com a fabrica\u00e7\u00e3o da cadeira de rodas dificultam o projeto&#8221;, explica Ant\u00f4nio Epaminondas, propriet\u00e1rio da f\u00e1brica de brinquedos Walbert, de Boituva, S\u00e3o Paulo.<\/p>\n<p>O empres\u00e1rio, no entanto, toca em um ponto ainda mais complexo e cruel: o preconceito das pessoas. Ele sentiu isso na pele quando fabricou, na \u00e9poca de <em>P\u00e1ginas da Vida<\/em>, a boneca Clarinha, uma alus\u00e3o \u00e0 personagem da novela de Manoel Carlos que tinha s\u00edndrome de Down. &#8220;Por dois anos tivemos o produto em nosso cat\u00e1logo. Vendemos 10.403 unidades, o que \u00e9 um n\u00famero p\u00e9ssimo. Algumas lojas que nunca compraram de mim pediam meia-d\u00fazia s\u00f3 para n\u00e3o dizer que n\u00e3o tinham. A novela impulsiona as vendas. Se voltar no <em>Vale a Pena Ver de Novo<\/em>, vende novamente. Mas o ser humano \u00e9 maldoso&#8221;, resume. &#8220;Exporto para a \u00c1frica. O ano passado foram 5 cont\u00eaineres. Nenhum de boneca negra&#8221;, polemiza ele.<\/p>\n<p>Consultora da Associa\u00e7\u00e3o Brasileira dos Fabricantes de Brinquedo (Abrinq), Cec\u00edlia Aflalo defende que esse cen\u00e1rio tem mudado. &#8220;Na tese de mestrado que apresentei em 1998, citei o epis\u00f3dio de uma garota que tinha um Ken branco e uma Barbie negra. Depois de simular um beijo entre os dois, ela jogou a boneca longe e a chamou de bruxa. Hoje percebo que isso n\u00e3o acontece mais. Lembro-me tamb\u00e9m da Gessinho, que tinha a m\u00e3o engessada, e j\u00e1 vi bonecas com muletas. Se voc\u00ea for a hospitais de crian\u00e7as com c\u00e2ncer, as bonecas carecas s\u00e3o as que mais chamam a aten\u00e7\u00e3o. Todas elas s\u00e3o muito importantes para a quest\u00e3o da identifica\u00e7\u00e3o. Mas o que acontece no Brasil \u00e9 que o mercado de brinquedos funciona com renova\u00e7\u00e3o muito grande. E mesmo produtos bons saem de linha. Os bonecos imitam a vida e sentimos falta desses brinquedos&#8221;, defende Cec\u00edlia.<\/p>\n<p>Fonte: <a href=\"http:\/\/diversao.terra.com.br\/tv\/noticias\/0,,OI4283633-EI14301,00-Boneca+da+Luciana+de+Viver+a+Vida+provoca+polemica.html\">http:\/\/diversao.terra.com.br\/tv\/noticias\/0,,OI4283633-EI14301,00-Boneca+da+Luciana+de+Viver+a+Vida+provoca+polemica.html<\/a><\/p>\n","protected":false},"excerpt":{"rendered":"<p>Luciana (Alinne Moraes) est\u00e1 dando o que falar em Viver a Vida. E a boneca em homenagem \u00e0 personagem, criada pelo artista pl\u00e1stico Marcus Baby, tamb\u00e9m. &#8220;Todo mundo comentou. J\u00e1 sofri muito vendo as cenas dela e resolvi prestar a homenagem. \u00c9 um hobby, n\u00e3o fa\u00e7o com a inten\u00e7\u00e3o de vender&#8221;, explica Marcus, que j\u00e1 [&hellip;]<\/p>\n","protected":false},"author":1,"featured_media":0,"comment_status":"open","ping_status":"open","sticky":false,"template":"","format":"standard","meta":{"site-container-style":"default","site-container-layout":"default","site-sidebar-layout":"default","disable-article-header":"default","disable-site-header":"default","disable-site-footer":"default","disable-content-area-spacing":"default","footnotes":""},"categories":[29,38,48,76,4],"tags":[],"class_list":["post-14084","post","type-post","status-publish","format-standard","hentry","category-cultura","category-deficiencia","category-inclusao","category-midia-e-deficiencia","category-noticias"],"yoast_head":"<!-- This site is optimized with the Yoast SEO plugin v27.4 - https:\/\/yoast.com\/product\/yoast-seo-wordpress\/ -->\n<title>Boneca da Luciana de &#039;Viver a Vida&#039; provoca pol\u00eamica -<\/title>\n<meta name=\"robots\" content=\"index, follow, max-snippet:-1, max-image-preview:large, max-video-preview:-1\" \/>\n<link rel=\"canonical\" href=\"https:\/\/inclusivenews.com.br\/?p=14084\" \/>\n<meta property=\"og:locale\" content=\"pt_PT\" \/>\n<meta property=\"og:type\" content=\"article\" \/>\n<meta property=\"og:title\" content=\"Boneca da Luciana de &#039;Viver a Vida&#039; provoca pol\u00eamica -\" \/>\n<meta property=\"og:description\" content=\"Luciana (Alinne Moraes) est\u00e1 dando o que falar em Viver a Vida. E a boneca em homenagem \u00e0 personagem, criada pelo artista pl\u00e1stico Marcus Baby, tamb\u00e9m. &#8220;Todo mundo comentou. J\u00e1 sofri muito vendo as cenas dela e resolvi prestar a homenagem. \u00c9 um hobby, n\u00e3o fa\u00e7o com a inten\u00e7\u00e3o de vender&#8221;, explica Marcus, que j\u00e1 [&hellip;]\" \/>\n<meta property=\"og:url\" content=\"https:\/\/inclusivenews.com.br\/?p=14084\" \/>\n<meta property=\"article:publisher\" content=\"https:\/\/www.facebook.com\/agenciainclusive\/\" \/>\n<meta property=\"article:published_time\" content=\"2010-02-24T21:29:27+00:00\" \/>\n<meta property=\"og:image\" content=\"http:\/\/inclusivenews.com.br\/wp-content\/uploads\/2010\/02\/luciana1.jpg\" \/>\n<meta name=\"author\" content=\"inclusivenews2024\" \/>\n<meta name=\"twitter:card\" content=\"summary_large_image\" \/>\n<meta name=\"twitter:label1\" content=\"Escrito por\" \/>\n\t<meta name=\"twitter:data1\" content=\"inclusivenews2024\" \/>\n\t<meta name=\"twitter:label2\" content=\"Tempo estimado de leitura\" \/>\n\t<meta name=\"twitter:data2\" content=\"3 minutos\" \/>\n<script type=\"application\/ld+json\" class=\"yoast-schema-graph\">{\"@context\":\"https:\\\/\\\/schema.org\",\"@graph\":[{\"@type\":\"Article\",\"@id\":\"https:\\\/\\\/inclusivenews.com.br\\\/?p=14084#article\",\"isPartOf\":{\"@id\":\"https:\\\/\\\/inclusivenews.com.br\\\/?p=14084\"},\"author\":{\"name\":\"inclusivenews2024\",\"@id\":\"https:\\\/\\\/inclusivenews.com.br\\\/#\\\/schema\\\/person\\\/ae4ec7087559b8692fb33b6fffd2273b\"},\"headline\":\"Boneca da Luciana de &#039;Viver a Vida&#039; provoca pol\u00eamica\",\"datePublished\":\"2010-02-24T21:29:27+00:00\",\"mainEntityOfPage\":{\"@id\":\"https:\\\/\\\/inclusivenews.com.br\\\/?p=14084\"},\"wordCount\":518,\"commentCount\":1,\"publisher\":{\"@id\":\"https:\\\/\\\/inclusivenews.com.br\\\/#organization\"},\"image\":{\"@id\":\"https:\\\/\\\/inclusivenews.com.br\\\/?p=14084#primaryimage\"},\"thumbnailUrl\":\"http:\\\/\\\/inclusivenews.com.br\\\/wp-content\\\/uploads\\\/2010\\\/02\\\/luciana1.jpg\",\"articleSection\":[\"Cultura\",\"Defici\u00eancia\",\"INCLUS\u00c3O SOCIAL\",\"M\u00eddia e Defici\u00eancia\",\"NOT\u00cdCIAS\"],\"inLanguage\":\"pt-PT\",\"potentialAction\":[{\"@type\":\"CommentAction\",\"name\":\"Comment\",\"target\":[\"https:\\\/\\\/inclusivenews.com.br\\\/?p=14084#respond\"]}]},{\"@type\":\"WebPage\",\"@id\":\"https:\\\/\\\/inclusivenews.com.br\\\/?p=14084\",\"url\":\"https:\\\/\\\/inclusivenews.com.br\\\/?p=14084\",\"name\":\"Boneca da Luciana de &#039;Viver a Vida&#039; provoca pol\u00eamica -\",\"isPartOf\":{\"@id\":\"https:\\\/\\\/inclusivenews.com.br\\\/#website\"},\"primaryImageOfPage\":{\"@id\":\"https:\\\/\\\/inclusivenews.com.br\\\/?p=14084#primaryimage\"},\"image\":{\"@id\":\"https:\\\/\\\/inclusivenews.com.br\\\/?p=14084#primaryimage\"},\"thumbnailUrl\":\"http:\\\/\\\/inclusivenews.com.br\\\/wp-content\\\/uploads\\\/2010\\\/02\\\/luciana1.jpg\",\"datePublished\":\"2010-02-24T21:29:27+00:00\",\"breadcrumb\":{\"@id\":\"https:\\\/\\\/inclusivenews.com.br\\\/?p=14084#breadcrumb\"},\"inLanguage\":\"pt-PT\",\"potentialAction\":[{\"@type\":\"ReadAction\",\"target\":[\"https:\\\/\\\/inclusivenews.com.br\\\/?p=14084\"]}]},{\"@type\":\"ImageObject\",\"inLanguage\":\"pt-PT\",\"@id\":\"https:\\\/\\\/inclusivenews.com.br\\\/?p=14084#primaryimage\",\"url\":\"\",\"contentUrl\":\"\"},{\"@type\":\"BreadcrumbList\",\"@id\":\"https:\\\/\\\/inclusivenews.com.br\\\/?p=14084#breadcrumb\",\"itemListElement\":[{\"@type\":\"ListItem\",\"position\":1,\"name\":\"In\u00edcio\",\"item\":\"https:\\\/\\\/inclusivenews.com.br\\\/\"},{\"@type\":\"ListItem\",\"position\":2,\"name\":\"Boneca da Luciana de &#039;Viver a Vida&#039; provoca pol\u00eamica\"}]},{\"@type\":\"WebSite\",\"@id\":\"https:\\\/\\\/inclusivenews.com.br\\\/#website\",\"url\":\"https:\\\/\\\/inclusivenews.com.br\\\/\",\"name\":\"Inclusive News\",\"description\":\"Inclusive News\",\"publisher\":{\"@id\":\"https:\\\/\\\/inclusivenews.com.br\\\/#organization\"},\"potentialAction\":[{\"@type\":\"SearchAction\",\"target\":{\"@type\":\"EntryPoint\",\"urlTemplate\":\"https:\\\/\\\/inclusivenews.com.br\\\/?s={search_term_string}\"},\"query-input\":{\"@type\":\"PropertyValueSpecification\",\"valueRequired\":true,\"valueName\":\"search_term_string\"}}],\"inLanguage\":\"pt-PT\"},{\"@type\":\"Organization\",\"@id\":\"https:\\\/\\\/inclusivenews.com.br\\\/#organization\",\"name\":\"Inclusive - inclus\u00e3o e cidadania\",\"url\":\"https:\\\/\\\/inclusivenews.com.br\\\/\",\"logo\":{\"@type\":\"ImageObject\",\"inLanguage\":\"pt-PT\",\"@id\":\"https:\\\/\\\/inclusivenews.com.br\\\/#\\\/schema\\\/logo\\\/image\\\/\",\"url\":\"https:\\\/\\\/inclusivenews.com.br\\\/wp-content\\\/uploads\\\/2024\\\/03\\\/@grandesite.png\",\"contentUrl\":\"https:\\\/\\\/inclusivenews.com.br\\\/wp-content\\\/uploads\\\/2024\\\/03\\\/@grandesite.png\",\"width\":1080,\"height\":1080,\"caption\":\"Inclusive - inclus\u00e3o e cidadania\"},\"image\":{\"@id\":\"https:\\\/\\\/inclusivenews.com.br\\\/#\\\/schema\\\/logo\\\/image\\\/\"},\"sameAs\":[\"https:\\\/\\\/www.facebook.com\\\/agenciainclusive\\\/\",\"https:\\\/\\\/www.instagram.com\\\/newsinclusive\\\/\"]},{\"@type\":\"Person\",\"@id\":\"https:\\\/\\\/inclusivenews.com.br\\\/#\\\/schema\\\/person\\\/ae4ec7087559b8692fb33b6fffd2273b\",\"name\":\"inclusivenews2024\",\"image\":{\"@type\":\"ImageObject\",\"inLanguage\":\"pt-PT\",\"@id\":\"https:\\\/\\\/secure.gravatar.com\\\/avatar\\\/c5a7ef84c66fa914f55bc4f7ce26cfa275a3b9a1c5568b907bd184fb4dde7b40?s=96&d=mm&r=g\",\"url\":\"https:\\\/\\\/secure.gravatar.com\\\/avatar\\\/c5a7ef84c66fa914f55bc4f7ce26cfa275a3b9a1c5568b907bd184fb4dde7b40?s=96&d=mm&r=g\",\"contentUrl\":\"https:\\\/\\\/secure.gravatar.com\\\/avatar\\\/c5a7ef84c66fa914f55bc4f7ce26cfa275a3b9a1c5568b907bd184fb4dde7b40?s=96&d=mm&r=g\",\"caption\":\"inclusivenews2024\"},\"sameAs\":[\"https:\\\/\\\/inclusivenews.com.br\"],\"url\":\"https:\\\/\\\/inclusivenews.com.br\\\/?author=1\"}]}<\/script>\n<!-- \/ Yoast SEO plugin. -->","yoast_head_json":{"title":"Boneca da Luciana de &#039;Viver a Vida&#039; provoca pol\u00eamica -","robots":{"index":"index","follow":"follow","max-snippet":"max-snippet:-1","max-image-preview":"max-image-preview:large","max-video-preview":"max-video-preview:-1"},"canonical":"https:\/\/inclusivenews.com.br\/?p=14084","og_locale":"pt_PT","og_type":"article","og_title":"Boneca da Luciana de &#039;Viver a Vida&#039; provoca pol\u00eamica -","og_description":"Luciana (Alinne Moraes) est\u00e1 dando o que falar em Viver a Vida. E a boneca em homenagem \u00e0 personagem, criada pelo artista pl\u00e1stico Marcus Baby, tamb\u00e9m. &#8220;Todo mundo comentou. J\u00e1 sofri muito vendo as cenas dela e resolvi prestar a homenagem. \u00c9 um hobby, n\u00e3o fa\u00e7o com a inten\u00e7\u00e3o de vender&#8221;, explica Marcus, que j\u00e1 [&hellip;]","og_url":"https:\/\/inclusivenews.com.br\/?p=14084","article_publisher":"https:\/\/www.facebook.com\/agenciainclusive\/","article_published_time":"2010-02-24T21:29:27+00:00","og_image":[{"url":"http:\/\/inclusivenews.com.br\/wp-content\/uploads\/2010\/02\/luciana1.jpg","type":"","width":"","height":""}],"author":"inclusivenews2024","twitter_card":"summary_large_image","twitter_misc":{"Escrito por":"inclusivenews2024","Tempo estimado de leitura":"3 minutos"},"schema":{"@context":"https:\/\/schema.org","@graph":[{"@type":"Article","@id":"https:\/\/inclusivenews.com.br\/?p=14084#article","isPartOf":{"@id":"https:\/\/inclusivenews.com.br\/?p=14084"},"author":{"name":"inclusivenews2024","@id":"https:\/\/inclusivenews.com.br\/#\/schema\/person\/ae4ec7087559b8692fb33b6fffd2273b"},"headline":"Boneca da Luciana de &#039;Viver a Vida&#039; provoca pol\u00eamica","datePublished":"2010-02-24T21:29:27+00:00","mainEntityOfPage":{"@id":"https:\/\/inclusivenews.com.br\/?p=14084"},"wordCount":518,"commentCount":1,"publisher":{"@id":"https:\/\/inclusivenews.com.br\/#organization"},"image":{"@id":"https:\/\/inclusivenews.com.br\/?p=14084#primaryimage"},"thumbnailUrl":"http:\/\/inclusivenews.com.br\/wp-content\/uploads\/2010\/02\/luciana1.jpg","articleSection":["Cultura","Defici\u00eancia","INCLUS\u00c3O SOCIAL","M\u00eddia e Defici\u00eancia","NOT\u00cdCIAS"],"inLanguage":"pt-PT","potentialAction":[{"@type":"CommentAction","name":"Comment","target":["https:\/\/inclusivenews.com.br\/?p=14084#respond"]}]},{"@type":"WebPage","@id":"https:\/\/inclusivenews.com.br\/?p=14084","url":"https:\/\/inclusivenews.com.br\/?p=14084","name":"Boneca da Luciana de &#039;Viver a Vida&#039; provoca pol\u00eamica -","isPartOf":{"@id":"https:\/\/inclusivenews.com.br\/#website"},"primaryImageOfPage":{"@id":"https:\/\/inclusivenews.com.br\/?p=14084#primaryimage"},"image":{"@id":"https:\/\/inclusivenews.com.br\/?p=14084#primaryimage"},"thumbnailUrl":"http:\/\/inclusivenews.com.br\/wp-content\/uploads\/2010\/02\/luciana1.jpg","datePublished":"2010-02-24T21:29:27+00:00","breadcrumb":{"@id":"https:\/\/inclusivenews.com.br\/?p=14084#breadcrumb"},"inLanguage":"pt-PT","potentialAction":[{"@type":"ReadAction","target":["https:\/\/inclusivenews.com.br\/?p=14084"]}]},{"@type":"ImageObject","inLanguage":"pt-PT","@id":"https:\/\/inclusivenews.com.br\/?p=14084#primaryimage","url":"","contentUrl":""},{"@type":"BreadcrumbList","@id":"https:\/\/inclusivenews.com.br\/?p=14084#breadcrumb","itemListElement":[{"@type":"ListItem","position":1,"name":"In\u00edcio","item":"https:\/\/inclusivenews.com.br\/"},{"@type":"ListItem","position":2,"name":"Boneca da Luciana de &#039;Viver a Vida&#039; provoca pol\u00eamica"}]},{"@type":"WebSite","@id":"https:\/\/inclusivenews.com.br\/#website","url":"https:\/\/inclusivenews.com.br\/","name":"Inclusive News","description":"Inclusive News","publisher":{"@id":"https:\/\/inclusivenews.com.br\/#organization"},"potentialAction":[{"@type":"SearchAction","target":{"@type":"EntryPoint","urlTemplate":"https:\/\/inclusivenews.com.br\/?s={search_term_string}"},"query-input":{"@type":"PropertyValueSpecification","valueRequired":true,"valueName":"search_term_string"}}],"inLanguage":"pt-PT"},{"@type":"Organization","@id":"https:\/\/inclusivenews.com.br\/#organization","name":"Inclusive - inclus\u00e3o e cidadania","url":"https:\/\/inclusivenews.com.br\/","logo":{"@type":"ImageObject","inLanguage":"pt-PT","@id":"https:\/\/inclusivenews.com.br\/#\/schema\/logo\/image\/","url":"https:\/\/inclusivenews.com.br\/wp-content\/uploads\/2024\/03\/@grandesite.png","contentUrl":"https:\/\/inclusivenews.com.br\/wp-content\/uploads\/2024\/03\/@grandesite.png","width":1080,"height":1080,"caption":"Inclusive - inclus\u00e3o e cidadania"},"image":{"@id":"https:\/\/inclusivenews.com.br\/#\/schema\/logo\/image\/"},"sameAs":["https:\/\/www.facebook.com\/agenciainclusive\/","https:\/\/www.instagram.com\/newsinclusive\/"]},{"@type":"Person","@id":"https:\/\/inclusivenews.com.br\/#\/schema\/person\/ae4ec7087559b8692fb33b6fffd2273b","name":"inclusivenews2024","image":{"@type":"ImageObject","inLanguage":"pt-PT","@id":"https:\/\/secure.gravatar.com\/avatar\/c5a7ef84c66fa914f55bc4f7ce26cfa275a3b9a1c5568b907bd184fb4dde7b40?s=96&d=mm&r=g","url":"https:\/\/secure.gravatar.com\/avatar\/c5a7ef84c66fa914f55bc4f7ce26cfa275a3b9a1c5568b907bd184fb4dde7b40?s=96&d=mm&r=g","contentUrl":"https:\/\/secure.gravatar.com\/avatar\/c5a7ef84c66fa914f55bc4f7ce26cfa275a3b9a1c5568b907bd184fb4dde7b40?s=96&d=mm&r=g","caption":"inclusivenews2024"},"sameAs":["https:\/\/inclusivenews.com.br"],"url":"https:\/\/inclusivenews.com.br\/?author=1"}]}},"_links":{"self":[{"href":"https:\/\/inclusivenews.com.br\/index.php?rest_route=\/wp\/v2\/posts\/14084","targetHints":{"allow":["GET"]}}],"collection":[{"href":"https:\/\/inclusivenews.com.br\/index.php?rest_route=\/wp\/v2\/posts"}],"about":[{"href":"https:\/\/inclusivenews.com.br\/index.php?rest_route=\/wp\/v2\/types\/post"}],"author":[{"embeddable":true,"href":"https:\/\/inclusivenews.com.br\/index.php?rest_route=\/wp\/v2\/users\/1"}],"replies":[{"embeddable":true,"href":"https:\/\/inclusivenews.com.br\/index.php?rest_route=%2Fwp%2Fv2%2Fcomments&post=14084"}],"version-history":[{"count":0,"href":"https:\/\/inclusivenews.com.br\/index.php?rest_route=\/wp\/v2\/posts\/14084\/revisions"}],"wp:attachment":[{"href":"https:\/\/inclusivenews.com.br\/index.php?rest_route=%2Fwp%2Fv2%2Fmedia&parent=14084"}],"wp:term":[{"taxonomy":"category","embeddable":true,"href":"https:\/\/inclusivenews.com.br\/index.php?rest_route=%2Fwp%2Fv2%2Fcategories&post=14084"},{"taxonomy":"post_tag","embeddable":true,"href":"https:\/\/inclusivenews.com.br\/index.php?rest_route=%2Fwp%2Fv2%2Ftags&post=14084"}],"curies":[{"name":"wp","href":"https:\/\/api.w.org\/{rel}","templated":true}]}}