{"id":14092,"date":"2010-02-25T07:10:20","date_gmt":"2010-02-25T10:10:20","guid":{"rendered":"http:\/\/www.inclusive.org.br\/?p=14092"},"modified":"2010-02-25T07:10:20","modified_gmt":"2010-02-25T10:10:20","slug":"fmusp-desenvolve-aparelho-auditivo-digital-de-baixo-custo","status":"publish","type":"post","link":"https:\/\/inclusivenews.com.br\/?p=14092","title":{"rendered":"FMUSP desenvolve aparelho auditivo digital de baixo custo"},"content":{"rendered":"<figure style=\"width: 180px\" class=\"wp-caption alignleft\"><img loading=\"lazy\" decoding=\"async\" title=\"Imagem do Manaus, aparelho auditivo\" src=\"http:\/\/www.rts.org.br\/noticias\/destaque-2\/imagens2009\/fmusp-desenvolve-aparelho-auditivo-digital-de-baixo-custo.jpg\" alt=\"\" width=\"180\" height=\"102\" \/><figcaption class=\"wp-caption-text\"> <\/figcaption><\/figure>\n<p><strong>Por Val\u00e9ria Dias, da Ag\u00eancia USP<\/strong><\/p>\n<p>Pesquisadores da Faculdade de Medicina da USP (FMUSP) desenvolveram um aparelho auditivo digital de baixo custo a partir de componentes padronizados. Trata-se de um modelo \u201cgen\u00e9rico\u201d de aparelho auditivo retroauricular (usado atr\u00e1s da orelha), batizado de Manaus, que apresenta, entre os diferenciais, autonomia de 440 horas com uma bateria e quatro programas de adapta\u00e7\u00e3o, al\u00e9m de baixo custo operacional (aquisi\u00e7\u00e3o e manuten\u00e7\u00e3o). Outra vantagem \u00e9 ser um produto nacional em um mercado dominado por empresas internacionais.<\/p>\n<p>\u201cO Manaus apresenta um custo de produ\u00e7\u00e3o artesanal de US$ 140,13, considerado baixo quando comparado aos dispon\u00edveis no mercado\u201d, conta o engenheiro eletr\u00f4nico S\u00edlvio Penteado, do Laborat\u00f3rio de Investiga\u00e7\u00f5es Ac\u00fasticas (LIA) da FMUSP e autor de uma tese de doutorado sobre o tema. \u201cNuma produ\u00e7\u00e3o seriada esse pre\u00e7o poderia chegar a US$100,00\u201d, completa. De acordo com Penteado, o projeto envolve uma plataforma eletr\u00f4nica gen\u00e9rica, a qual permite o desenvolvimento de pr\u00f3teses auditivas de v\u00e1rios tipos.<\/p>\n<p>A pesquisa de Penteado foi defendida em agosto de 2009, sob a orienta\u00e7\u00e3o do professor Ricardo Ferreira Bento, do Departamento de Otorrinolaringologia da FMUSP, coordenador geral do projeto. A pesquisa teve a co-orienta\u00e7\u00e3o do professor Nilton Nunes Toledo, da Escola Polit\u00e9cnica da USP.<\/p>\n<p>Penteado conta que a Portaria 587 do Minist\u00e9rio da Sa\u00fade classifica os aparelhos auditivos como tecnologia A (b\u00e1sica), tecnologia B (intermedi\u00e1ria) e tecnologia C (avan\u00e7ada), de acordo com seus recursos eletroac\u00fasticos. Segundo o engenheiro, os aparelhos auditivos dispon\u00edveis no mercado s\u00e3o comercializados no varejo com pre\u00e7os que podem chegar a at\u00e9 R$12.000,00 (tecnologia C). J\u00e1 para o Sistema \u00danico de Sa\u00fade (SUS), os valores s\u00e3o de R$525,00 (tecnologia A), R$700,00 (tecnologia B) e R$1.100,00 (tecnologia C). \u201cEsses valores foram definidos pela Nota T\u00e9cnica Informativa n\u00b0004, do Minist\u00e9rio da Sa\u00fade, datada de 01 de fevereiro de 2007. Antes disso, os aparelhos eram adquiridos exatamente pelo dobro do pre\u00e7o\u201d, informa Penteado.<\/p>\n<p>\u201cOs aparelhos de tecnologia A s\u00e3o os modelos anal\u00f3gicos e representam 50% das prescri\u00e7\u00f5es do SUS. O tipo B \u00e9 o interm\u00e9di\u00e1rio e t\u00eam 35% das prescri\u00e7\u00f5es. J\u00e1 o tipo C \u00e9 o de tecnologia um pouco mais avan\u00e7ada e responde por 15% das prescri\u00e7\u00f5es\u201d, explica o pesquisador. \u201cO nosso projeto foi idealizado e desenvolvido para atender a Portaria 587 do Minist\u00e9rio da Sa\u00fade. O modelo que desenvolvemos atende \u00e0s especifica\u00e7\u00f5es das tecnologias A e B. Isso representa 85% da demanda de aparelhos auditivos do SUS\u201d, completa.<\/p>\n<p>De acordo com o pesquisador, o Manaus poder\u00e1 ser usado por pessoas com perdas auditivas classificadas como discretas, moderadas, e moderadas severas. \u201cO aparelho j\u00e1 est\u00e1 em processo de patente e apresenta um ganho auditivo de 62 decib\u00e9is (dB)\u201d, conta.<\/p>\n<p>No Brasil, de cada 10 aparelhos auditivos vendidos, 6 s\u00e3o adquiridos pelo SUS. Em 2008, o Pa\u00eds importou cerca de 242 mil pr\u00f3teses auditivas. Penteado explica que o custo de manuten\u00e7\u00e3o das pr\u00f3teses auditivas importadas \u00e9 muito alto para os pacientes do SUS. \u201cSe a pr\u00f3tese apresenta algum defeito ap\u00f3s o prazo de garantia, que \u00e9 de cerca de um ano, o usu\u00e1rio acaba desprezando aquele aparelho e solicita um novo para o SUS. Um dos objetivos do projeto \u00e9 oferecer tamb\u00e9m uma manuten\u00e7\u00e3o de baixo custo\u201d, destaca.<\/p>\n<p>Al\u00e9m do Manaus, os pesquisadores tamb\u00e9m desenvolveram outros aparelho, a partir de componentes padronizados: o Florian\u00f3polis (tecnologia C), e o Rio de Janeiro e o Sabar\u00e1 (tecnologia B), sendo que estes dois \u00faltimos s\u00e3o intracanais (ficam na parte interna da orelha). \u201c\u00c9 poss\u00edvel fazer uma fam\u00edlia de produtos a partir do mesmo conceito de plataforma eletr\u00f4nica gen\u00e9rica\u201d garante. Os componentes do aparelho s\u00e3o microfone, processador digital de sinais e receptor, desenvolvidos pelos pesquisadores, e que funcionam com uma programa\u00e7\u00e3o espec\u00edfica que define o comportamento da pr\u00f3tese.<\/p>\n<p>Software<\/p>\n<p>Penteado explica que para os fonoaudi\u00f3logos \u2014 os profissionais respons\u00e1veis por adaptar os aparelhos auditivos para as necessidades dos pacientes \u2014 foi desenvolvido um software simples, autoexplicativo e que n\u00e3o necessita de recursos avan\u00e7ados de inform\u00e1tica. \u201cAlguns softwares s\u00e3o t\u00e3o complexos que exigem que o fonoaudi\u00f3logo seja treinado para usar o recurso adequadamente, al\u00e9m de exigirem um computador mais avan\u00e7ado\u201d, diz. Outra vantagem \u00e9 que software foi desenvolvido com quatro programas de conforto, e o usu\u00e1rio pode selecion\u00e1-los de acordo com o ambiente em que estiver \u201cOs aparelhos convencionais apresentam apenas dois ou tr\u00eas programas.\u201d<\/p>\n<p>Os testes com o Manaus foram realizados pela pesquisadora Isabela de Souza Jardim, com 60 pessoas portadoras de defici\u00eancia auditiva. O Manaus foi comparado a outros aparelhos dispon\u00edveis no mercado, classificados nas categorias A e B. \u201cOs resultados foram considerados satisfat\u00f3rios de acordo com protocolos internacionais\u201d, destaca Penteado. Este trabalho faz parte do doutorado de Isabela, defendido no dia 3 de agosto na FMUSP, tamb\u00e9m sob a orienta\u00e7\u00e3o do coordenador geral do projeto, o professor Ricardo Ferreira Bento.<\/p>\n<p>Segundo Penteado, o conceito de equipamentos gen\u00e9ricos pode ser usado para outros produtos m\u00e9dicos como marcapasso, desfibrilador, bombas de infus\u00e3o e equipamentos de diagn\u00f3stico, como audi\u00f4metros. \u201c\u00c9 um projeto que est\u00e1 inserido na Agenda Nacional de Prioridades de Pesquisa em Sa\u00fade do Minist\u00e9rio da Sa\u00fade que recomenda o desenvolvimento de tecnologias de reabilita\u00e7\u00e3o de baixo custo\u201d, aponta. De acordo com os pesquisadores, no \u00faltimo dia 6 de dezembro houve uma reuni\u00e3o com representantes do Minist\u00e9rio da Sa\u00fade, e a receptividade foi muito boa. \u201cA id\u00e9ia \u00e9 propormos um modelo semelhante ao dos rem\u00e9dios gen\u00e9ricos para as pr\u00f3teses\u201d, finaliza o professor Ricardo Bento.<\/p>\n<p>Outras informa\u00e7\u00f5es<\/p>\n<p>S\u00edlvio Penteado: penteado@usp.br<br \/>\nRicardo Ferreira Bento:  rbento@gmail.com<br \/>\nTelefones: (11) 3068-9855, (11) 6523-3007<\/p>\n<p>__________<\/p>\n<p><strong>Fonte:<\/strong> <a href=\"http:\/\/www.rts.org.br\/noticias\/destaque-2\/fmusp-desenvolve-aparelho-auditivo-digital-de-baixo-custo\">RTS <\/a><\/p>\n","protected":false},"excerpt":{"rendered":"<p>Mais barato que os dispon\u00edveis atualmente no mercado, equipamento tem autonomia de 440 horas e apresenta um custo de produ\u00e7\u00e3o artesanal de US$ 140,13. Da Ag\u00eancia USP.<\/p>\n","protected":false},"author":1,"featured_media":0,"comment_status":"open","ping_status":"open","sticky":false,"template":"","format":"standard","meta":{"site-container-style":"default","site-container-layout":"default","site-sidebar-layout":"default","disable-article-header":"default","disable-site-header":"default","disable-site-footer":"default","disable-content-area-spacing":"default","footnotes":""},"categories":[38,48,4],"tags":[],"class_list":["post-14092","post","type-post","status-publish","format-standard","hentry","category-deficiencia","category-inclusao","category-noticias"],"yoast_head":"<!-- This site is optimized with the Yoast SEO plugin v27.4 - https:\/\/yoast.com\/product\/yoast-seo-wordpress\/ -->\n<title>FMUSP desenvolve aparelho auditivo digital de baixo custo -<\/title>\n<meta name=\"robots\" content=\"index, follow, max-snippet:-1, max-image-preview:large, max-video-preview:-1\" \/>\n<link rel=\"canonical\" href=\"https:\/\/inclusivenews.com.br\/?p=14092\" \/>\n<meta property=\"og:locale\" content=\"pt_PT\" \/>\n<meta property=\"og:type\" content=\"article\" \/>\n<meta property=\"og:title\" content=\"FMUSP desenvolve aparelho auditivo digital de baixo custo -\" \/>\n<meta property=\"og:description\" content=\"Mais barato que os dispon\u00edveis atualmente no mercado, equipamento tem autonomia de 440 horas e apresenta um custo de produ\u00e7\u00e3o artesanal de US$ 140,13. Da Ag\u00eancia USP.\" \/>\n<meta property=\"og:url\" content=\"https:\/\/inclusivenews.com.br\/?p=14092\" \/>\n<meta property=\"article:publisher\" content=\"https:\/\/www.facebook.com\/agenciainclusive\/\" \/>\n<meta property=\"article:published_time\" content=\"2010-02-25T10:10:20+00:00\" \/>\n<meta property=\"og:image\" content=\"http:\/\/www.rts.org.br\/noticias\/destaque-2\/imagens2009\/fmusp-desenvolve-aparelho-auditivo-digital-de-baixo-custo.jpg\" \/>\n<meta name=\"author\" content=\"inclusivenews2024\" \/>\n<meta name=\"twitter:card\" content=\"summary_large_image\" \/>\n<meta name=\"twitter:label1\" content=\"Escrito por\" \/>\n\t<meta name=\"twitter:data1\" content=\"inclusivenews2024\" \/>\n\t<meta name=\"twitter:label2\" content=\"Tempo estimado de leitura\" \/>\n\t<meta name=\"twitter:data2\" content=\"5 minutos\" \/>\n<script type=\"application\/ld+json\" class=\"yoast-schema-graph\">{\"@context\":\"https:\\\/\\\/schema.org\",\"@graph\":[{\"@type\":\"Article\",\"@id\":\"https:\\\/\\\/inclusivenews.com.br\\\/?p=14092#article\",\"isPartOf\":{\"@id\":\"https:\\\/\\\/inclusivenews.com.br\\\/?p=14092\"},\"author\":{\"name\":\"inclusivenews2024\",\"@id\":\"https:\\\/\\\/inclusivenews.com.br\\\/#\\\/schema\\\/person\\\/ae4ec7087559b8692fb33b6fffd2273b\"},\"headline\":\"FMUSP desenvolve aparelho auditivo digital de baixo custo\",\"datePublished\":\"2010-02-25T10:10:20+00:00\",\"mainEntityOfPage\":{\"@id\":\"https:\\\/\\\/inclusivenews.com.br\\\/?p=14092\"},\"wordCount\":998,\"commentCount\":0,\"publisher\":{\"@id\":\"https:\\\/\\\/inclusivenews.com.br\\\/#organization\"},\"image\":{\"@id\":\"https:\\\/\\\/inclusivenews.com.br\\\/?p=14092#primaryimage\"},\"thumbnailUrl\":\"http:\\\/\\\/www.rts.org.br\\\/noticias\\\/destaque-2\\\/imagens2009\\\/fmusp-desenvolve-aparelho-auditivo-digital-de-baixo-custo.jpg\",\"articleSection\":[\"Defici\u00eancia\",\"INCLUS\u00c3O SOCIAL\",\"NOT\u00cdCIAS\"],\"inLanguage\":\"pt-PT\",\"potentialAction\":[{\"@type\":\"CommentAction\",\"name\":\"Comment\",\"target\":[\"https:\\\/\\\/inclusivenews.com.br\\\/?p=14092#respond\"]}]},{\"@type\":\"WebPage\",\"@id\":\"https:\\\/\\\/inclusivenews.com.br\\\/?p=14092\",\"url\":\"https:\\\/\\\/inclusivenews.com.br\\\/?p=14092\",\"name\":\"FMUSP desenvolve aparelho auditivo digital de baixo custo -\",\"isPartOf\":{\"@id\":\"https:\\\/\\\/inclusivenews.com.br\\\/#website\"},\"primaryImageOfPage\":{\"@id\":\"https:\\\/\\\/inclusivenews.com.br\\\/?p=14092#primaryimage\"},\"image\":{\"@id\":\"https:\\\/\\\/inclusivenews.com.br\\\/?p=14092#primaryimage\"},\"thumbnailUrl\":\"http:\\\/\\\/www.rts.org.br\\\/noticias\\\/destaque-2\\\/imagens2009\\\/fmusp-desenvolve-aparelho-auditivo-digital-de-baixo-custo.jpg\",\"datePublished\":\"2010-02-25T10:10:20+00:00\",\"breadcrumb\":{\"@id\":\"https:\\\/\\\/inclusivenews.com.br\\\/?p=14092#breadcrumb\"},\"inLanguage\":\"pt-PT\",\"potentialAction\":[{\"@type\":\"ReadAction\",\"target\":[\"https:\\\/\\\/inclusivenews.com.br\\\/?p=14092\"]}]},{\"@type\":\"ImageObject\",\"inLanguage\":\"pt-PT\",\"@id\":\"https:\\\/\\\/inclusivenews.com.br\\\/?p=14092#primaryimage\",\"url\":\"http:\\\/\\\/www.rts.org.br\\\/noticias\\\/destaque-2\\\/imagens2009\\\/fmusp-desenvolve-aparelho-auditivo-digital-de-baixo-custo.jpg\",\"contentUrl\":\"http:\\\/\\\/www.rts.org.br\\\/noticias\\\/destaque-2\\\/imagens2009\\\/fmusp-desenvolve-aparelho-auditivo-digital-de-baixo-custo.jpg\"},{\"@type\":\"BreadcrumbList\",\"@id\":\"https:\\\/\\\/inclusivenews.com.br\\\/?p=14092#breadcrumb\",\"itemListElement\":[{\"@type\":\"ListItem\",\"position\":1,\"name\":\"In\u00edcio\",\"item\":\"https:\\\/\\\/inclusivenews.com.br\\\/\"},{\"@type\":\"ListItem\",\"position\":2,\"name\":\"FMUSP desenvolve aparelho auditivo digital de baixo custo\"}]},{\"@type\":\"WebSite\",\"@id\":\"https:\\\/\\\/inclusivenews.com.br\\\/#website\",\"url\":\"https:\\\/\\\/inclusivenews.com.br\\\/\",\"name\":\"Inclusive News\",\"description\":\"Inclusive News\",\"publisher\":{\"@id\":\"https:\\\/\\\/inclusivenews.com.br\\\/#organization\"},\"potentialAction\":[{\"@type\":\"SearchAction\",\"target\":{\"@type\":\"EntryPoint\",\"urlTemplate\":\"https:\\\/\\\/inclusivenews.com.br\\\/?s={search_term_string}\"},\"query-input\":{\"@type\":\"PropertyValueSpecification\",\"valueRequired\":true,\"valueName\":\"search_term_string\"}}],\"inLanguage\":\"pt-PT\"},{\"@type\":\"Organization\",\"@id\":\"https:\\\/\\\/inclusivenews.com.br\\\/#organization\",\"name\":\"Inclusive - inclus\u00e3o e cidadania\",\"url\":\"https:\\\/\\\/inclusivenews.com.br\\\/\",\"logo\":{\"@type\":\"ImageObject\",\"inLanguage\":\"pt-PT\",\"@id\":\"https:\\\/\\\/inclusivenews.com.br\\\/#\\\/schema\\\/logo\\\/image\\\/\",\"url\":\"https:\\\/\\\/inclusivenews.com.br\\\/wp-content\\\/uploads\\\/2024\\\/03\\\/@grandesite.png\",\"contentUrl\":\"https:\\\/\\\/inclusivenews.com.br\\\/wp-content\\\/uploads\\\/2024\\\/03\\\/@grandesite.png\",\"width\":1080,\"height\":1080,\"caption\":\"Inclusive - inclus\u00e3o e cidadania\"},\"image\":{\"@id\":\"https:\\\/\\\/inclusivenews.com.br\\\/#\\\/schema\\\/logo\\\/image\\\/\"},\"sameAs\":[\"https:\\\/\\\/www.facebook.com\\\/agenciainclusive\\\/\",\"https:\\\/\\\/www.instagram.com\\\/newsinclusive\\\/\"]},{\"@type\":\"Person\",\"@id\":\"https:\\\/\\\/inclusivenews.com.br\\\/#\\\/schema\\\/person\\\/ae4ec7087559b8692fb33b6fffd2273b\",\"name\":\"inclusivenews2024\",\"image\":{\"@type\":\"ImageObject\",\"inLanguage\":\"pt-PT\",\"@id\":\"https:\\\/\\\/secure.gravatar.com\\\/avatar\\\/c5a7ef84c66fa914f55bc4f7ce26cfa275a3b9a1c5568b907bd184fb4dde7b40?s=96&d=mm&r=g\",\"url\":\"https:\\\/\\\/secure.gravatar.com\\\/avatar\\\/c5a7ef84c66fa914f55bc4f7ce26cfa275a3b9a1c5568b907bd184fb4dde7b40?s=96&d=mm&r=g\",\"contentUrl\":\"https:\\\/\\\/secure.gravatar.com\\\/avatar\\\/c5a7ef84c66fa914f55bc4f7ce26cfa275a3b9a1c5568b907bd184fb4dde7b40?s=96&d=mm&r=g\",\"caption\":\"inclusivenews2024\"},\"sameAs\":[\"https:\\\/\\\/inclusivenews.com.br\"],\"url\":\"https:\\\/\\\/inclusivenews.com.br\\\/?author=1\"}]}<\/script>\n<!-- \/ Yoast SEO plugin. -->","yoast_head_json":{"title":"FMUSP desenvolve aparelho auditivo digital de baixo custo -","robots":{"index":"index","follow":"follow","max-snippet":"max-snippet:-1","max-image-preview":"max-image-preview:large","max-video-preview":"max-video-preview:-1"},"canonical":"https:\/\/inclusivenews.com.br\/?p=14092","og_locale":"pt_PT","og_type":"article","og_title":"FMUSP desenvolve aparelho auditivo digital de baixo custo -","og_description":"Mais barato que os dispon\u00edveis atualmente no mercado, equipamento tem autonomia de 440 horas e apresenta um custo de produ\u00e7\u00e3o artesanal de US$ 140,13. Da Ag\u00eancia USP.","og_url":"https:\/\/inclusivenews.com.br\/?p=14092","article_publisher":"https:\/\/www.facebook.com\/agenciainclusive\/","article_published_time":"2010-02-25T10:10:20+00:00","og_image":[{"url":"http:\/\/www.rts.org.br\/noticias\/destaque-2\/imagens2009\/fmusp-desenvolve-aparelho-auditivo-digital-de-baixo-custo.jpg","type":"","width":"","height":""}],"author":"inclusivenews2024","twitter_card":"summary_large_image","twitter_misc":{"Escrito por":"inclusivenews2024","Tempo estimado de leitura":"5 minutos"},"schema":{"@context":"https:\/\/schema.org","@graph":[{"@type":"Article","@id":"https:\/\/inclusivenews.com.br\/?p=14092#article","isPartOf":{"@id":"https:\/\/inclusivenews.com.br\/?p=14092"},"author":{"name":"inclusivenews2024","@id":"https:\/\/inclusivenews.com.br\/#\/schema\/person\/ae4ec7087559b8692fb33b6fffd2273b"},"headline":"FMUSP desenvolve aparelho auditivo digital de baixo custo","datePublished":"2010-02-25T10:10:20+00:00","mainEntityOfPage":{"@id":"https:\/\/inclusivenews.com.br\/?p=14092"},"wordCount":998,"commentCount":0,"publisher":{"@id":"https:\/\/inclusivenews.com.br\/#organization"},"image":{"@id":"https:\/\/inclusivenews.com.br\/?p=14092#primaryimage"},"thumbnailUrl":"http:\/\/www.rts.org.br\/noticias\/destaque-2\/imagens2009\/fmusp-desenvolve-aparelho-auditivo-digital-de-baixo-custo.jpg","articleSection":["Defici\u00eancia","INCLUS\u00c3O SOCIAL","NOT\u00cdCIAS"],"inLanguage":"pt-PT","potentialAction":[{"@type":"CommentAction","name":"Comment","target":["https:\/\/inclusivenews.com.br\/?p=14092#respond"]}]},{"@type":"WebPage","@id":"https:\/\/inclusivenews.com.br\/?p=14092","url":"https:\/\/inclusivenews.com.br\/?p=14092","name":"FMUSP desenvolve aparelho auditivo digital de baixo custo -","isPartOf":{"@id":"https:\/\/inclusivenews.com.br\/#website"},"primaryImageOfPage":{"@id":"https:\/\/inclusivenews.com.br\/?p=14092#primaryimage"},"image":{"@id":"https:\/\/inclusivenews.com.br\/?p=14092#primaryimage"},"thumbnailUrl":"http:\/\/www.rts.org.br\/noticias\/destaque-2\/imagens2009\/fmusp-desenvolve-aparelho-auditivo-digital-de-baixo-custo.jpg","datePublished":"2010-02-25T10:10:20+00:00","breadcrumb":{"@id":"https:\/\/inclusivenews.com.br\/?p=14092#breadcrumb"},"inLanguage":"pt-PT","potentialAction":[{"@type":"ReadAction","target":["https:\/\/inclusivenews.com.br\/?p=14092"]}]},{"@type":"ImageObject","inLanguage":"pt-PT","@id":"https:\/\/inclusivenews.com.br\/?p=14092#primaryimage","url":"http:\/\/www.rts.org.br\/noticias\/destaque-2\/imagens2009\/fmusp-desenvolve-aparelho-auditivo-digital-de-baixo-custo.jpg","contentUrl":"http:\/\/www.rts.org.br\/noticias\/destaque-2\/imagens2009\/fmusp-desenvolve-aparelho-auditivo-digital-de-baixo-custo.jpg"},{"@type":"BreadcrumbList","@id":"https:\/\/inclusivenews.com.br\/?p=14092#breadcrumb","itemListElement":[{"@type":"ListItem","position":1,"name":"In\u00edcio","item":"https:\/\/inclusivenews.com.br\/"},{"@type":"ListItem","position":2,"name":"FMUSP desenvolve aparelho auditivo digital de baixo custo"}]},{"@type":"WebSite","@id":"https:\/\/inclusivenews.com.br\/#website","url":"https:\/\/inclusivenews.com.br\/","name":"Inclusive News","description":"Inclusive News","publisher":{"@id":"https:\/\/inclusivenews.com.br\/#organization"},"potentialAction":[{"@type":"SearchAction","target":{"@type":"EntryPoint","urlTemplate":"https:\/\/inclusivenews.com.br\/?s={search_term_string}"},"query-input":{"@type":"PropertyValueSpecification","valueRequired":true,"valueName":"search_term_string"}}],"inLanguage":"pt-PT"},{"@type":"Organization","@id":"https:\/\/inclusivenews.com.br\/#organization","name":"Inclusive - inclus\u00e3o e cidadania","url":"https:\/\/inclusivenews.com.br\/","logo":{"@type":"ImageObject","inLanguage":"pt-PT","@id":"https:\/\/inclusivenews.com.br\/#\/schema\/logo\/image\/","url":"https:\/\/inclusivenews.com.br\/wp-content\/uploads\/2024\/03\/@grandesite.png","contentUrl":"https:\/\/inclusivenews.com.br\/wp-content\/uploads\/2024\/03\/@grandesite.png","width":1080,"height":1080,"caption":"Inclusive - inclus\u00e3o e cidadania"},"image":{"@id":"https:\/\/inclusivenews.com.br\/#\/schema\/logo\/image\/"},"sameAs":["https:\/\/www.facebook.com\/agenciainclusive\/","https:\/\/www.instagram.com\/newsinclusive\/"]},{"@type":"Person","@id":"https:\/\/inclusivenews.com.br\/#\/schema\/person\/ae4ec7087559b8692fb33b6fffd2273b","name":"inclusivenews2024","image":{"@type":"ImageObject","inLanguage":"pt-PT","@id":"https:\/\/secure.gravatar.com\/avatar\/c5a7ef84c66fa914f55bc4f7ce26cfa275a3b9a1c5568b907bd184fb4dde7b40?s=96&d=mm&r=g","url":"https:\/\/secure.gravatar.com\/avatar\/c5a7ef84c66fa914f55bc4f7ce26cfa275a3b9a1c5568b907bd184fb4dde7b40?s=96&d=mm&r=g","contentUrl":"https:\/\/secure.gravatar.com\/avatar\/c5a7ef84c66fa914f55bc4f7ce26cfa275a3b9a1c5568b907bd184fb4dde7b40?s=96&d=mm&r=g","caption":"inclusivenews2024"},"sameAs":["https:\/\/inclusivenews.com.br"],"url":"https:\/\/inclusivenews.com.br\/?author=1"}]}},"_links":{"self":[{"href":"https:\/\/inclusivenews.com.br\/index.php?rest_route=\/wp\/v2\/posts\/14092","targetHints":{"allow":["GET"]}}],"collection":[{"href":"https:\/\/inclusivenews.com.br\/index.php?rest_route=\/wp\/v2\/posts"}],"about":[{"href":"https:\/\/inclusivenews.com.br\/index.php?rest_route=\/wp\/v2\/types\/post"}],"author":[{"embeddable":true,"href":"https:\/\/inclusivenews.com.br\/index.php?rest_route=\/wp\/v2\/users\/1"}],"replies":[{"embeddable":true,"href":"https:\/\/inclusivenews.com.br\/index.php?rest_route=%2Fwp%2Fv2%2Fcomments&post=14092"}],"version-history":[{"count":0,"href":"https:\/\/inclusivenews.com.br\/index.php?rest_route=\/wp\/v2\/posts\/14092\/revisions"}],"wp:attachment":[{"href":"https:\/\/inclusivenews.com.br\/index.php?rest_route=%2Fwp%2Fv2%2Fmedia&parent=14092"}],"wp:term":[{"taxonomy":"category","embeddable":true,"href":"https:\/\/inclusivenews.com.br\/index.php?rest_route=%2Fwp%2Fv2%2Fcategories&post=14092"},{"taxonomy":"post_tag","embeddable":true,"href":"https:\/\/inclusivenews.com.br\/index.php?rest_route=%2Fwp%2Fv2%2Ftags&post=14092"}],"curies":[{"name":"wp","href":"https:\/\/api.w.org\/{rel}","templated":true}]}}