{"id":14098,"date":"2010-02-25T07:37:31","date_gmt":"2010-02-25T10:37:31","guid":{"rendered":"http:\/\/www.inclusive.org.br\/?p=14098"},"modified":"2010-02-25T07:37:31","modified_gmt":"2010-02-25T10:37:31","slug":"videoconferencia-sobre-cotas-tera-hoje-transmissao-pela-internet","status":"publish","type":"post","link":"https:\/\/inclusivenews.com.br\/?p=14098","title":{"rendered":"Videoconfer\u00eancia sobre cotas ter\u00e1, hoje, transmiss\u00e3o pela Internet"},"content":{"rendered":"<figure id=\"attachment_14099\" aria-describedby=\"caption-attachment-14099\" style=\"width: 210px\" class=\"wp-caption alignleft\"><a href=\"http:\/\/www.inclusivenews.com.br\/wp-content\/uploads\/2010\/02\/cotas_raciais.jpg\"><img loading=\"lazy\" decoding=\"async\" class=\"size-medium wp-image-14099 \" title=\"Inclusive - cotas raciais - pessoas negras num mosaico.\" src=\"http:\/\/inclusivenews.com.br\/wp-content\/uploads\/2010\/02\/cotas_raciais-300x215.jpg\" alt=\"\" width=\"210\" height=\"151\" \/><\/a><figcaption id=\"caption-attachment-14099\" class=\"wp-caption-text\"> <\/figcaption><\/figure>\n<p>Vinte e sete cidades brasileiras estar\u00e3o conectadas no dia 25\/2 (quinta-feira), das 9h \u00e0s 12h, durante a videoconfer\u00eancia promovida pela Secretaria Especial de Pol\u00edticas de Promo\u00e7\u00e3o da Igualdade Racial (SEPPIR). O objetivo \u00e9 oferecer elementos para a esclarecer a opini\u00e3o p\u00fablica sobre a Argui\u00e7\u00e3o de Descumprimento de Preceito Fundamental (ADPF), de autoria do partido Democratas, que questiona o sistema de cotas raciais adotado pela Universidade de Bras\u00edlia (UnB).<\/p>\n<p>Os interessados em participar da videoconfer\u00eancia dever\u00e3o se dirigir aos escrit\u00f3rios regionais do Servi\u00e7o Federal de Processamento de Dados (SERPRO), de onde poder\u00e3o fazer perguntas aos convidados que estar\u00e3o em Bras\u00edlia: os advogados Indira Quaresma e Paulo Gustavo M. Carvalho, al\u00e9m do ministro da Igualdade Racial, Edson Santos e do secret\u00e1rio-adjunto, Eloi Ferreira Araujo.<\/p>\n<p>A videoconfer\u00eancia tamb\u00e9m poder\u00e1 ser acompanhada on line, pelo link<\/p>\n<p><a href=\"http:\/\/streaming.serpro.gov.br\/secretaria-pr\" target=\"_blank\" rel=\"noopener\">http:\/\/streaming.serpro.gov.br\/secretaria-pr<\/a><\/p>\n<p>Especialista em Direito Constitucional, Paulo Gustavo Carvalho \u00e9 subprocurador-geral da UnB e um dos respons\u00e1veis pela defesa inicial da universidade perante o Supremo Tribunal Federal (STF), quando  foi acolhida a a\u00e7\u00e3o, apresentada em julho de 2009.<\/p>\n<p>&#8220;O Supremo vai decidir se pode ou n\u00e3o haver o sistema de cotas. E se puder, qual crit\u00e9rio deve ser utilizado: o racial ou social. Somente com a participa\u00e7\u00e3o dos cidad\u00e3os \u00e9 que podemos construir uma sociedade fraterna, justa e ison\u00f4mica&#8221;, esclarece o procurador federal ao comentar a import\u00e2ncia da videoconfer\u00eancia.<\/p>\n<p>Negra, formada em Direito na UnB em 1995, Indira Quaresma exerce h\u00e1 12 anos o cargo de procuradora federal e teve seu nome indicado para fazer a sustenta\u00e7\u00e3o oral no julgamento da ADPF. &#8220;Quando voc\u00ea discute esse tema, as pessoas s\u00e3o instadas a pensar sobre o fato de que, embora muitos afirmem que o racismo n\u00e3o existe no Brasil, porque h\u00e1 t\u00e3o poucos negros em posi\u00e7\u00e3o de destaque em nossa sociedade&#8221;, afirma.<\/p>\n<p>A audi\u00eancia p\u00fablica convocada pelo STF ser\u00e1 realizada nos dias 3, 4 e 5 de mar\u00e7o, para subsidiar a decis\u00e3o do relator da mat\u00e9ria, ministro Ricardo Lewandowski.<\/p>\n<p>____________<\/p>\n<p><strong>Fonte:<\/strong> <a href=\"http:\/\/www.abong.org.br\/final\/noticia.php?faq=20735\">ABONG<\/a><\/p>\n","protected":false},"excerpt":{"rendered":"<p>Vinte e sete cidades brasileiras estar\u00e3o conectadas no dia 25\/2 (quinta-feira), das 9h \u00e0s 12h, durante a videoconfer\u00eancia promovida pela Secretaria Especial de Pol\u00edticas de Promo\u00e7\u00e3o da Igualdade Racial (SEPPIR). O objetivo \u00e9 oferecer elementos para a esclarecer a opini\u00e3o p\u00fablica sobre a Argui\u00e7\u00e3o de Descumprimento de Preceito Fundamental (ADPF), de autoria do partido Democratas, que questiona o sistema de cotas raciais adotado pela Universidade de Bras\u00edlia (UnB).<\/p>\n","protected":false},"author":1,"featured_media":0,"comment_status":"open","ping_status":"open","sticky":false,"template":"","format":"standard","meta":{"site-container-style":"default","site-container-layout":"default","site-sidebar-layout":"default","disable-article-header":"default","disable-site-header":"default","disable-site-footer":"default","disable-content-area-spacing":"default","footnotes":""},"categories":[56,4,49],"tags":[],"class_list":["post-14098","post","type-post","status-publish","format-standard","hentry","category-acoes-afirmativas","category-noticias","category-politicas-publicas"],"yoast_head":"<!-- This site is optimized with the Yoast SEO plugin v27.4 - https:\/\/yoast.com\/product\/yoast-seo-wordpress\/ -->\n<title>Videoconfer\u00eancia sobre cotas ter\u00e1, hoje, transmiss\u00e3o pela Internet -<\/title>\n<meta name=\"robots\" content=\"index, follow, max-snippet:-1, max-image-preview:large, max-video-preview:-1\" \/>\n<link rel=\"canonical\" href=\"https:\/\/inclusivenews.com.br\/?p=14098\" \/>\n<meta property=\"og:locale\" content=\"pt_PT\" \/>\n<meta property=\"og:type\" content=\"article\" \/>\n<meta property=\"og:title\" content=\"Videoconfer\u00eancia sobre cotas ter\u00e1, hoje, transmiss\u00e3o pela Internet -\" \/>\n<meta property=\"og:description\" content=\"Vinte e sete cidades brasileiras estar\u00e3o conectadas no dia 25\/2 (quinta-feira), das 9h \u00e0s 12h, durante a videoconfer\u00eancia promovida pela Secretaria Especial de Pol\u00edticas de Promo\u00e7\u00e3o da Igualdade Racial (SEPPIR). O objetivo \u00e9 oferecer elementos para a esclarecer a opini\u00e3o p\u00fablica sobre a Argui\u00e7\u00e3o de Descumprimento de Preceito Fundamental (ADPF), de autoria do partido Democratas, que questiona o sistema de cotas raciais adotado pela Universidade de Bras\u00edlia (UnB).\" \/>\n<meta property=\"og:url\" content=\"https:\/\/inclusivenews.com.br\/?p=14098\" \/>\n<meta property=\"article:publisher\" content=\"https:\/\/www.facebook.com\/agenciainclusive\/\" \/>\n<meta property=\"article:published_time\" content=\"2010-02-25T10:37:31+00:00\" \/>\n<meta property=\"og:image\" content=\"http:\/\/inclusivenews.com.br\/wp-content\/uploads\/2010\/02\/cotas_raciais-300x215.jpg\" \/>\n<meta name=\"author\" content=\"inclusivenews2024\" \/>\n<meta name=\"twitter:card\" content=\"summary_large_image\" \/>\n<meta name=\"twitter:label1\" content=\"Escrito por\" \/>\n\t<meta name=\"twitter:data1\" content=\"inclusivenews2024\" \/>\n\t<meta name=\"twitter:label2\" content=\"Tempo estimado de leitura\" \/>\n\t<meta name=\"twitter:data2\" content=\"2 minutos\" \/>\n<script type=\"application\/ld+json\" class=\"yoast-schema-graph\">{\"@context\":\"https:\\\/\\\/schema.org\",\"@graph\":[{\"@type\":\"Article\",\"@id\":\"https:\\\/\\\/inclusivenews.com.br\\\/?p=14098#article\",\"isPartOf\":{\"@id\":\"https:\\\/\\\/inclusivenews.com.br\\\/?p=14098\"},\"author\":{\"name\":\"inclusivenews2024\",\"@id\":\"https:\\\/\\\/inclusivenews.com.br\\\/#\\\/schema\\\/person\\\/ae4ec7087559b8692fb33b6fffd2273b\"},\"headline\":\"Videoconfer\u00eancia sobre cotas ter\u00e1, hoje, transmiss\u00e3o pela Internet\",\"datePublished\":\"2010-02-25T10:37:31+00:00\",\"mainEntityOfPage\":{\"@id\":\"https:\\\/\\\/inclusivenews.com.br\\\/?p=14098\"},\"wordCount\":372,\"commentCount\":0,\"publisher\":{\"@id\":\"https:\\\/\\\/inclusivenews.com.br\\\/#organization\"},\"image\":{\"@id\":\"https:\\\/\\\/inclusivenews.com.br\\\/?p=14098#primaryimage\"},\"thumbnailUrl\":\"http:\\\/\\\/inclusivenews.com.br\\\/wp-content\\\/uploads\\\/2010\\\/02\\\/cotas_raciais-300x215.jpg\",\"articleSection\":[\"A\u00e7\u00f5es afirmativas\",\"NOT\u00cdCIAS\",\"Pol\u00edticas p\u00fablicas\"],\"inLanguage\":\"pt-PT\",\"potentialAction\":[{\"@type\":\"CommentAction\",\"name\":\"Comment\",\"target\":[\"https:\\\/\\\/inclusivenews.com.br\\\/?p=14098#respond\"]}]},{\"@type\":\"WebPage\",\"@id\":\"https:\\\/\\\/inclusivenews.com.br\\\/?p=14098\",\"url\":\"https:\\\/\\\/inclusivenews.com.br\\\/?p=14098\",\"name\":\"Videoconfer\u00eancia sobre cotas ter\u00e1, hoje, transmiss\u00e3o pela Internet -\",\"isPartOf\":{\"@id\":\"https:\\\/\\\/inclusivenews.com.br\\\/#website\"},\"primaryImageOfPage\":{\"@id\":\"https:\\\/\\\/inclusivenews.com.br\\\/?p=14098#primaryimage\"},\"image\":{\"@id\":\"https:\\\/\\\/inclusivenews.com.br\\\/?p=14098#primaryimage\"},\"thumbnailUrl\":\"http:\\\/\\\/inclusivenews.com.br\\\/wp-content\\\/uploads\\\/2010\\\/02\\\/cotas_raciais-300x215.jpg\",\"datePublished\":\"2010-02-25T10:37:31+00:00\",\"breadcrumb\":{\"@id\":\"https:\\\/\\\/inclusivenews.com.br\\\/?p=14098#breadcrumb\"},\"inLanguage\":\"pt-PT\",\"potentialAction\":[{\"@type\":\"ReadAction\",\"target\":[\"https:\\\/\\\/inclusivenews.com.br\\\/?p=14098\"]}]},{\"@type\":\"ImageObject\",\"inLanguage\":\"pt-PT\",\"@id\":\"https:\\\/\\\/inclusivenews.com.br\\\/?p=14098#primaryimage\",\"url\":\"\",\"contentUrl\":\"\"},{\"@type\":\"BreadcrumbList\",\"@id\":\"https:\\\/\\\/inclusivenews.com.br\\\/?p=14098#breadcrumb\",\"itemListElement\":[{\"@type\":\"ListItem\",\"position\":1,\"name\":\"In\u00edcio\",\"item\":\"https:\\\/\\\/inclusivenews.com.br\\\/\"},{\"@type\":\"ListItem\",\"position\":2,\"name\":\"Videoconfer\u00eancia sobre cotas ter\u00e1, hoje, transmiss\u00e3o pela Internet\"}]},{\"@type\":\"WebSite\",\"@id\":\"https:\\\/\\\/inclusivenews.com.br\\\/#website\",\"url\":\"https:\\\/\\\/inclusivenews.com.br\\\/\",\"name\":\"Inclusive News\",\"description\":\"Inclusive News\",\"publisher\":{\"@id\":\"https:\\\/\\\/inclusivenews.com.br\\\/#organization\"},\"potentialAction\":[{\"@type\":\"SearchAction\",\"target\":{\"@type\":\"EntryPoint\",\"urlTemplate\":\"https:\\\/\\\/inclusivenews.com.br\\\/?s={search_term_string}\"},\"query-input\":{\"@type\":\"PropertyValueSpecification\",\"valueRequired\":true,\"valueName\":\"search_term_string\"}}],\"inLanguage\":\"pt-PT\"},{\"@type\":\"Organization\",\"@id\":\"https:\\\/\\\/inclusivenews.com.br\\\/#organization\",\"name\":\"Inclusive - inclus\u00e3o e cidadania\",\"url\":\"https:\\\/\\\/inclusivenews.com.br\\\/\",\"logo\":{\"@type\":\"ImageObject\",\"inLanguage\":\"pt-PT\",\"@id\":\"https:\\\/\\\/inclusivenews.com.br\\\/#\\\/schema\\\/logo\\\/image\\\/\",\"url\":\"https:\\\/\\\/inclusivenews.com.br\\\/wp-content\\\/uploads\\\/2024\\\/03\\\/@grandesite.png\",\"contentUrl\":\"https:\\\/\\\/inclusivenews.com.br\\\/wp-content\\\/uploads\\\/2024\\\/03\\\/@grandesite.png\",\"width\":1080,\"height\":1080,\"caption\":\"Inclusive - inclus\u00e3o e cidadania\"},\"image\":{\"@id\":\"https:\\\/\\\/inclusivenews.com.br\\\/#\\\/schema\\\/logo\\\/image\\\/\"},\"sameAs\":[\"https:\\\/\\\/www.facebook.com\\\/agenciainclusive\\\/\",\"https:\\\/\\\/www.instagram.com\\\/newsinclusive\\\/\"]},{\"@type\":\"Person\",\"@id\":\"https:\\\/\\\/inclusivenews.com.br\\\/#\\\/schema\\\/person\\\/ae4ec7087559b8692fb33b6fffd2273b\",\"name\":\"inclusivenews2024\",\"image\":{\"@type\":\"ImageObject\",\"inLanguage\":\"pt-PT\",\"@id\":\"https:\\\/\\\/secure.gravatar.com\\\/avatar\\\/c5a7ef84c66fa914f55bc4f7ce26cfa275a3b9a1c5568b907bd184fb4dde7b40?s=96&d=mm&r=g\",\"url\":\"https:\\\/\\\/secure.gravatar.com\\\/avatar\\\/c5a7ef84c66fa914f55bc4f7ce26cfa275a3b9a1c5568b907bd184fb4dde7b40?s=96&d=mm&r=g\",\"contentUrl\":\"https:\\\/\\\/secure.gravatar.com\\\/avatar\\\/c5a7ef84c66fa914f55bc4f7ce26cfa275a3b9a1c5568b907bd184fb4dde7b40?s=96&d=mm&r=g\",\"caption\":\"inclusivenews2024\"},\"sameAs\":[\"https:\\\/\\\/inclusivenews.com.br\"],\"url\":\"https:\\\/\\\/inclusivenews.com.br\\\/?author=1\"}]}<\/script>\n<!-- \/ Yoast SEO plugin. -->","yoast_head_json":{"title":"Videoconfer\u00eancia sobre cotas ter\u00e1, hoje, transmiss\u00e3o pela Internet -","robots":{"index":"index","follow":"follow","max-snippet":"max-snippet:-1","max-image-preview":"max-image-preview:large","max-video-preview":"max-video-preview:-1"},"canonical":"https:\/\/inclusivenews.com.br\/?p=14098","og_locale":"pt_PT","og_type":"article","og_title":"Videoconfer\u00eancia sobre cotas ter\u00e1, hoje, transmiss\u00e3o pela Internet -","og_description":"Vinte e sete cidades brasileiras estar\u00e3o conectadas no dia 25\/2 (quinta-feira), das 9h \u00e0s 12h, durante a videoconfer\u00eancia promovida pela Secretaria Especial de Pol\u00edticas de Promo\u00e7\u00e3o da Igualdade Racial (SEPPIR). O objetivo \u00e9 oferecer elementos para a esclarecer a opini\u00e3o p\u00fablica sobre a Argui\u00e7\u00e3o de Descumprimento de Preceito Fundamental (ADPF), de autoria do partido Democratas, que questiona o sistema de cotas raciais adotado pela Universidade de Bras\u00edlia (UnB).","og_url":"https:\/\/inclusivenews.com.br\/?p=14098","article_publisher":"https:\/\/www.facebook.com\/agenciainclusive\/","article_published_time":"2010-02-25T10:37:31+00:00","og_image":[{"url":"http:\/\/inclusivenews.com.br\/wp-content\/uploads\/2010\/02\/cotas_raciais-300x215.jpg","type":"","width":"","height":""}],"author":"inclusivenews2024","twitter_card":"summary_large_image","twitter_misc":{"Escrito por":"inclusivenews2024","Tempo estimado de leitura":"2 minutos"},"schema":{"@context":"https:\/\/schema.org","@graph":[{"@type":"Article","@id":"https:\/\/inclusivenews.com.br\/?p=14098#article","isPartOf":{"@id":"https:\/\/inclusivenews.com.br\/?p=14098"},"author":{"name":"inclusivenews2024","@id":"https:\/\/inclusivenews.com.br\/#\/schema\/person\/ae4ec7087559b8692fb33b6fffd2273b"},"headline":"Videoconfer\u00eancia sobre cotas ter\u00e1, hoje, transmiss\u00e3o pela Internet","datePublished":"2010-02-25T10:37:31+00:00","mainEntityOfPage":{"@id":"https:\/\/inclusivenews.com.br\/?p=14098"},"wordCount":372,"commentCount":0,"publisher":{"@id":"https:\/\/inclusivenews.com.br\/#organization"},"image":{"@id":"https:\/\/inclusivenews.com.br\/?p=14098#primaryimage"},"thumbnailUrl":"http:\/\/inclusivenews.com.br\/wp-content\/uploads\/2010\/02\/cotas_raciais-300x215.jpg","articleSection":["A\u00e7\u00f5es afirmativas","NOT\u00cdCIAS","Pol\u00edticas p\u00fablicas"],"inLanguage":"pt-PT","potentialAction":[{"@type":"CommentAction","name":"Comment","target":["https:\/\/inclusivenews.com.br\/?p=14098#respond"]}]},{"@type":"WebPage","@id":"https:\/\/inclusivenews.com.br\/?p=14098","url":"https:\/\/inclusivenews.com.br\/?p=14098","name":"Videoconfer\u00eancia sobre cotas ter\u00e1, hoje, transmiss\u00e3o pela Internet -","isPartOf":{"@id":"https:\/\/inclusivenews.com.br\/#website"},"primaryImageOfPage":{"@id":"https:\/\/inclusivenews.com.br\/?p=14098#primaryimage"},"image":{"@id":"https:\/\/inclusivenews.com.br\/?p=14098#primaryimage"},"thumbnailUrl":"http:\/\/inclusivenews.com.br\/wp-content\/uploads\/2010\/02\/cotas_raciais-300x215.jpg","datePublished":"2010-02-25T10:37:31+00:00","breadcrumb":{"@id":"https:\/\/inclusivenews.com.br\/?p=14098#breadcrumb"},"inLanguage":"pt-PT","potentialAction":[{"@type":"ReadAction","target":["https:\/\/inclusivenews.com.br\/?p=14098"]}]},{"@type":"ImageObject","inLanguage":"pt-PT","@id":"https:\/\/inclusivenews.com.br\/?p=14098#primaryimage","url":"","contentUrl":""},{"@type":"BreadcrumbList","@id":"https:\/\/inclusivenews.com.br\/?p=14098#breadcrumb","itemListElement":[{"@type":"ListItem","position":1,"name":"In\u00edcio","item":"https:\/\/inclusivenews.com.br\/"},{"@type":"ListItem","position":2,"name":"Videoconfer\u00eancia sobre cotas ter\u00e1, hoje, transmiss\u00e3o pela Internet"}]},{"@type":"WebSite","@id":"https:\/\/inclusivenews.com.br\/#website","url":"https:\/\/inclusivenews.com.br\/","name":"Inclusive News","description":"Inclusive News","publisher":{"@id":"https:\/\/inclusivenews.com.br\/#organization"},"potentialAction":[{"@type":"SearchAction","target":{"@type":"EntryPoint","urlTemplate":"https:\/\/inclusivenews.com.br\/?s={search_term_string}"},"query-input":{"@type":"PropertyValueSpecification","valueRequired":true,"valueName":"search_term_string"}}],"inLanguage":"pt-PT"},{"@type":"Organization","@id":"https:\/\/inclusivenews.com.br\/#organization","name":"Inclusive - inclus\u00e3o e cidadania","url":"https:\/\/inclusivenews.com.br\/","logo":{"@type":"ImageObject","inLanguage":"pt-PT","@id":"https:\/\/inclusivenews.com.br\/#\/schema\/logo\/image\/","url":"https:\/\/inclusivenews.com.br\/wp-content\/uploads\/2024\/03\/@grandesite.png","contentUrl":"https:\/\/inclusivenews.com.br\/wp-content\/uploads\/2024\/03\/@grandesite.png","width":1080,"height":1080,"caption":"Inclusive - inclus\u00e3o e cidadania"},"image":{"@id":"https:\/\/inclusivenews.com.br\/#\/schema\/logo\/image\/"},"sameAs":["https:\/\/www.facebook.com\/agenciainclusive\/","https:\/\/www.instagram.com\/newsinclusive\/"]},{"@type":"Person","@id":"https:\/\/inclusivenews.com.br\/#\/schema\/person\/ae4ec7087559b8692fb33b6fffd2273b","name":"inclusivenews2024","image":{"@type":"ImageObject","inLanguage":"pt-PT","@id":"https:\/\/secure.gravatar.com\/avatar\/c5a7ef84c66fa914f55bc4f7ce26cfa275a3b9a1c5568b907bd184fb4dde7b40?s=96&d=mm&r=g","url":"https:\/\/secure.gravatar.com\/avatar\/c5a7ef84c66fa914f55bc4f7ce26cfa275a3b9a1c5568b907bd184fb4dde7b40?s=96&d=mm&r=g","contentUrl":"https:\/\/secure.gravatar.com\/avatar\/c5a7ef84c66fa914f55bc4f7ce26cfa275a3b9a1c5568b907bd184fb4dde7b40?s=96&d=mm&r=g","caption":"inclusivenews2024"},"sameAs":["https:\/\/inclusivenews.com.br"],"url":"https:\/\/inclusivenews.com.br\/?author=1"}]}},"_links":{"self":[{"href":"https:\/\/inclusivenews.com.br\/index.php?rest_route=\/wp\/v2\/posts\/14098","targetHints":{"allow":["GET"]}}],"collection":[{"href":"https:\/\/inclusivenews.com.br\/index.php?rest_route=\/wp\/v2\/posts"}],"about":[{"href":"https:\/\/inclusivenews.com.br\/index.php?rest_route=\/wp\/v2\/types\/post"}],"author":[{"embeddable":true,"href":"https:\/\/inclusivenews.com.br\/index.php?rest_route=\/wp\/v2\/users\/1"}],"replies":[{"embeddable":true,"href":"https:\/\/inclusivenews.com.br\/index.php?rest_route=%2Fwp%2Fv2%2Fcomments&post=14098"}],"version-history":[{"count":0,"href":"https:\/\/inclusivenews.com.br\/index.php?rest_route=\/wp\/v2\/posts\/14098\/revisions"}],"wp:attachment":[{"href":"https:\/\/inclusivenews.com.br\/index.php?rest_route=%2Fwp%2Fv2%2Fmedia&parent=14098"}],"wp:term":[{"taxonomy":"category","embeddable":true,"href":"https:\/\/inclusivenews.com.br\/index.php?rest_route=%2Fwp%2Fv2%2Fcategories&post=14098"},{"taxonomy":"post_tag","embeddable":true,"href":"https:\/\/inclusivenews.com.br\/index.php?rest_route=%2Fwp%2Fv2%2Ftags&post=14098"}],"curies":[{"name":"wp","href":"https:\/\/api.w.org\/{rel}","templated":true}]}}