{"id":14104,"date":"2010-02-25T21:28:03","date_gmt":"2010-02-26T00:28:03","guid":{"rendered":"http:\/\/www.inclusive.org.br\/?p=14104"},"modified":"2010-02-25T21:28:03","modified_gmt":"2010-02-26T00:28:03","slug":"ser-e-ter","status":"publish","type":"post","link":"https:\/\/inclusivenews.com.br\/?p=14104","title":{"rendered":"Ser e ter"},"content":{"rendered":"<figure id=\"attachment_14110\" aria-describedby=\"caption-attachment-14110\" style=\"width: 116px\" class=\"wp-caption alignleft\"><a href=\"http:\/\/www.inclusivenews.com.br\/wp-content\/uploads\/2010\/02\/ser-e-ter.jpg\"><img loading=\"lazy\" decoding=\"async\" class=\"size-full wp-image-14110\" title=\"ser e ter\" src=\"http:\/\/inclusivenews.com.br\/wp-content\/uploads\/2010\/02\/ser-e-ter.jpg\" alt=\"\" width=\"116\" height=\"160\" \/><\/a><figcaption id=\"caption-attachment-14110\" class=\"wp-caption-text\">Foto de menino mostrando as duas m\u00e3os sujas de tinta e a inscri\u00e7\u00e3o Ser e Ter<\/figcaption><\/figure>\n<p><span style=\"font-family: verdana, arial, helvetica, sans-serif;\"><span style=\"font-size: xx-small;\"><span style=\"font-family: Georgia, 'Times New Roman', 'Bitstream Charter', Times, serif; font-size: small;\"><span> <\/span><\/span><\/span><\/span><\/p>\n<p><span style=\"font-family: verdana, arial, helvetica, sans-serif;\"> <\/span><\/p>\n<p><span style=\"font-family: verdana, arial, helvetica, sans-serif;\"><span style=\"font-family: Georgia, 'Times New Roman', 'Bitstream Charter', Times, serif; font-size: small;\"> <\/span><\/span><\/p>\n<div id=\"_mcePaste\"><strong>Por Iara Cardoso<\/strong><\/div>\n<div style=\"text-align: justify;\">Uma van desliza sob a neve em uma cidade pacata e rural no interior da Fran\u00e7a. A cada parada, uma crian\u00e7a entra, cumprimenta o motorista, se despede de sua m\u00e3e e observa pela janela o caminho que a levar\u00e1 a mais um dia de aula em uma escola pouco tradicional. Assim come\u00e7a o filme document\u00e1rio Ser e ter, que foi um dos selecionados oficiais do festival de Cannes de 2004 e recebeu cerca de 1,8 milh\u00f5es de pessoas na estr\u00e9ia na Fran\u00e7a em 2002.<\/div>\n<div style=\"text-align: justify;\">O filme se passa na pequena comunidade de Aubergne em uma escola bem distinta da realidade da educa\u00e7\u00e3o brasileira. Existe apenas um professor e uma sala de aula com 12 crian\u00e7as que tem de 4 a 10 anos. Ser e ter mostra um ensino individualizado no qual os estudantes T\u00caM um professor dedicado e paciente que os conduz da inf\u00e2ncia \u00e0 adolesc\u00eancia e S\u00c3O estimulados a pensar em suas profiss\u00f5es e no trabalho em grupo.<\/div>\n<div style=\"text-align: justify;\">O m\u00e9todo de aprendizado da escola mostra caracter\u00edsticas de um modelo tradicional e ao mesmo tempo tentativas de um ensino pr\u00f3ximo \u00e0 metodologia do Ensino Baseado em Problemas (do ingl\u00eas PBL &#8211; Problem-based Learning), em que os estudantes s\u00e3o o centro do aprendizado e juntos, de forma colaborativa, entendem o conhecimento e refletem sobre suas experi\u00eancias.<\/div>\n<div style=\"text-align: justify;\">Como a turma dessa escola no interior da Fran\u00e7a tem alunos desde o infantil at\u00e9 o final da escola prim\u00e1ria, as crian\u00e7as maiores ajudam as crian\u00e7as menores e de fato aprendem em colabora\u00e7\u00e3o, compartilhando informa\u00e7\u00f5es e tendo respeito m\u00fatuo, como ocorre no PBL. Entretanto, nessa escola o professor \u00e9 ainda o grande elo para que o sistema d\u00ea certo, algo contr\u00e1rio ao PBL, em que o instrutor n\u00e3o providencia o conhecimento e sim guia ao conhecimento. Um exemplo disso ocorre no in\u00edcio do filme quando as crian\u00e7as tentam escrever a palavra m\u00e3e e o professor faz o processo de alfabetiza\u00e7\u00e3o corrigindo uma a uma cada letra das crian\u00e7as, fornecendo todas as informa\u00e7\u00f5es de que precisam. \u201cVoc\u00ea deve subir mais a perninha aqui para ficar igual ao meu\u201d, diz ele.<\/div>\n<div style=\"text-align: justify;\">O professor de Aubergne mescla a figura de um educador e um pai e ensina at\u00e9 para um de seus alunos menores, Jojo, como lavar as m\u00e3os. A sua rela\u00e7\u00e3o com os estudantes transcende a educa\u00e7\u00e3o formal, como fica claro em uma de suas conversas com Nathalie, quando ele explica que, mesmo quando ela mudar de escola para cursar o ensino m\u00e9dio, eles ainda poder\u00e3o continuar se vendo aos s\u00e1bados para compartilhar as novidades. Essa abertura do professor \u00e9 muito importante para Nathalie, j\u00e1 que ele foi a \u00fanica pessoa com quem ela conseguiu se abrir e conversar com menos timidez.<\/div>\n<div style=\"text-align: justify;\">Por outro lado, uma caracter\u00edstica muito forte da escola \u00e9 o incentivo ao trabalho, aproximando os alunos da realidade das profiss\u00f5es e da comunidade que os cerca, um dos pilares do PBL. O professor em todos os momentos usa a palavra trabalhar ao inv\u00e9s de estudar e parece preparar os alunos para o trabalho no campo, j\u00e1 que a comunidade \u00e9 baseada na economia rural. Ele ensina a coletividade, faz perguntas sobre gado e permite que as crian\u00e7as brinquem sob a chuva e a neve. Em uma das cenas do document\u00e1rio, as crian\u00e7as conversam com o professor sobre a profiss\u00e3o que querem ter quando crescer, uma aluna quer ser professora, outra veterin\u00e1ria, outro policial de moto.<\/div>\n<div style=\"text-align: justify;\">No filme tamb\u00e9m \u00e9 poss\u00edvel identificar elementos caracter\u00edsticos da teoria do construtivismo. A PBL \u00e9 baseada no construtivismo, que \u00e9 a ideia de que o conhecimento n\u00e3o \u00e9 dado como algo terminado. A base do construtivismo \u00e9 a pergunta e n\u00e3o a resposta. Em um dia na escola, Jojo n\u00e3o p\u00f4de sair para o recreio, pois n\u00e3o terminou seu desenho e havia prometido que iria terminar. Nesse momento o professor pergunta ao menino por que ele tem que ir \u00e0 escola e tenta, atrav\u00e9s de muitas perguntas, faz\u00ea-lo perceber por si pr\u00f3prio a resposta. Juntos, eles tra\u00e7am a seguinte linha de racioc\u00ednio: \u00e9 importante ir \u00e0 escola para desenhar, que leva a fazer curvas, que leva aos n\u00fameros que aprenderam e, finalmente, leva a contar.<\/div>\n<div style=\"text-align: justify;\">O aprendizado da escola de Aubergne tamb\u00e9m envolve diversas atividades extras, que n\u00e3o ocorrem com frequ\u00eancia no ensino tradicional, como ir ao campo fazer um piquenique na companhia dos pais, brincar em uma m\u00e1quina de xerox, fazer panquecas e at\u00e9 mesmo andar de tren\u00f3 na neve.<\/div>\n<div style=\"text-align: justify;\">Como a escola \u00e9 muito centrada na figura do professor, o document\u00e1rio mostra a raz\u00e3o de ele ter escolhido esta profiss\u00e3o. Seu pai era imigrante espanhol e tinha um peda\u00e7o de terra. Desde crian\u00e7a ele sabia que queria ser professor, viu o quanto era dif\u00edcil trabalhar no campo, gostava da escola, brincava de dar aulas para os primos e n\u00e3o se via fazendo outra coisa. Ao desenrolar do filme \u00e9 revelado que o professor est\u00e1 prestes a se aposentar e v\u00e1rias crian\u00e7as tamb\u00e9m est\u00e3o prestes a mudar de escola, pois ir\u00e3o para o ensino m\u00e9dio. Ser e ter termina com todos os alunos se despedindo do professor com dois beijos e dizendo: boas f\u00e9rias, senhor!<\/div>\n<div id=\"_mcePaste\">__________________________________<\/div>\n<div><strong>Fonte:<\/strong> <a href=\"http:\/\/www.comciencia.br\/comciencia\/\">ComCi\u00eancia<\/a> &#8211; licenciado \u00a0pela CC 2.0<\/div>\n","protected":false},"excerpt":{"rendered":"<p>O filme se passa na pequena comunidade de Aubergne em uma escola bem distinta da realidade da educa\u00e7\u00e3o brasileira. Existe apenas um professor e uma sala de aula com 12 crian\u00e7as que tem de 4 a 10 anos. Da Com Ci\u00eancia.<\/p>\n","protected":false},"author":1,"featured_media":0,"comment_status":"open","ping_status":"open","sticky":false,"template":"","format":"standard","meta":{"site-container-style":"default","site-container-layout":"default","site-sidebar-layout":"default","disable-article-header":"default","disable-site-header":"default","disable-site-footer":"default","disable-content-area-spacing":"default","footnotes":""},"categories":[6,57,58],"tags":[],"class_list":["post-14104","post","type-post","status-publish","format-standard","hentry","category-educacao","category-filmes-e-midias","category-resenha-e-critica"],"yoast_head":"<!-- This site is optimized with the Yoast SEO plugin v27.4 - https:\/\/yoast.com\/product\/yoast-seo-wordpress\/ -->\n<title>Ser e ter -<\/title>\n<meta name=\"robots\" content=\"index, follow, max-snippet:-1, max-image-preview:large, max-video-preview:-1\" \/>\n<link rel=\"canonical\" href=\"https:\/\/inclusivenews.com.br\/?p=14104\" \/>\n<meta property=\"og:locale\" content=\"pt_PT\" \/>\n<meta property=\"og:type\" content=\"article\" \/>\n<meta property=\"og:title\" content=\"Ser e ter -\" \/>\n<meta property=\"og:description\" content=\"O filme se passa na pequena comunidade de Aubergne em uma escola bem distinta da realidade da educa\u00e7\u00e3o brasileira. Existe apenas um professor e uma sala de aula com 12 crian\u00e7as que tem de 4 a 10 anos. Da Com Ci\u00eancia.\" \/>\n<meta property=\"og:url\" content=\"https:\/\/inclusivenews.com.br\/?p=14104\" \/>\n<meta property=\"article:publisher\" content=\"https:\/\/www.facebook.com\/agenciainclusive\/\" \/>\n<meta property=\"article:published_time\" content=\"2010-02-26T00:28:03+00:00\" \/>\n<meta property=\"og:image\" content=\"http:\/\/inclusivenews.com.br\/wp-content\/uploads\/2010\/02\/ser-e-ter.jpg\" \/>\n<meta name=\"author\" content=\"inclusivenews2024\" \/>\n<meta name=\"twitter:card\" content=\"summary_large_image\" \/>\n<meta name=\"twitter:label1\" content=\"Escrito por\" \/>\n\t<meta name=\"twitter:data1\" content=\"inclusivenews2024\" \/>\n\t<meta name=\"twitter:label2\" content=\"Tempo estimado de leitura\" \/>\n\t<meta name=\"twitter:data2\" content=\"5 minutos\" \/>\n<script type=\"application\/ld+json\" class=\"yoast-schema-graph\">{\"@context\":\"https:\\\/\\\/schema.org\",\"@graph\":[{\"@type\":\"Article\",\"@id\":\"https:\\\/\\\/inclusivenews.com.br\\\/?p=14104#article\",\"isPartOf\":{\"@id\":\"https:\\\/\\\/inclusivenews.com.br\\\/?p=14104\"},\"author\":{\"name\":\"inclusivenews2024\",\"@id\":\"https:\\\/\\\/inclusivenews.com.br\\\/#\\\/schema\\\/person\\\/ae4ec7087559b8692fb33b6fffd2273b\"},\"headline\":\"Ser e ter\",\"datePublished\":\"2010-02-26T00:28:03+00:00\",\"mainEntityOfPage\":{\"@id\":\"https:\\\/\\\/inclusivenews.com.br\\\/?p=14104\"},\"wordCount\":946,\"commentCount\":0,\"publisher\":{\"@id\":\"https:\\\/\\\/inclusivenews.com.br\\\/#organization\"},\"image\":{\"@id\":\"https:\\\/\\\/inclusivenews.com.br\\\/?p=14104#primaryimage\"},\"thumbnailUrl\":\"http:\\\/\\\/inclusivenews.com.br\\\/wp-content\\\/uploads\\\/2010\\\/02\\\/ser-e-ter.jpg\",\"articleSection\":[\"EDUCA\u00c7\u00c3O\",\"Filmes e m\u00eddias\",\"Resenha e Cr\u00edtica\"],\"inLanguage\":\"pt-PT\",\"potentialAction\":[{\"@type\":\"CommentAction\",\"name\":\"Comment\",\"target\":[\"https:\\\/\\\/inclusivenews.com.br\\\/?p=14104#respond\"]}]},{\"@type\":\"WebPage\",\"@id\":\"https:\\\/\\\/inclusivenews.com.br\\\/?p=14104\",\"url\":\"https:\\\/\\\/inclusivenews.com.br\\\/?p=14104\",\"name\":\"Ser e ter -\",\"isPartOf\":{\"@id\":\"https:\\\/\\\/inclusivenews.com.br\\\/#website\"},\"primaryImageOfPage\":{\"@id\":\"https:\\\/\\\/inclusivenews.com.br\\\/?p=14104#primaryimage\"},\"image\":{\"@id\":\"https:\\\/\\\/inclusivenews.com.br\\\/?p=14104#primaryimage\"},\"thumbnailUrl\":\"http:\\\/\\\/inclusivenews.com.br\\\/wp-content\\\/uploads\\\/2010\\\/02\\\/ser-e-ter.jpg\",\"datePublished\":\"2010-02-26T00:28:03+00:00\",\"breadcrumb\":{\"@id\":\"https:\\\/\\\/inclusivenews.com.br\\\/?p=14104#breadcrumb\"},\"inLanguage\":\"pt-PT\",\"potentialAction\":[{\"@type\":\"ReadAction\",\"target\":[\"https:\\\/\\\/inclusivenews.com.br\\\/?p=14104\"]}]},{\"@type\":\"ImageObject\",\"inLanguage\":\"pt-PT\",\"@id\":\"https:\\\/\\\/inclusivenews.com.br\\\/?p=14104#primaryimage\",\"url\":\"\",\"contentUrl\":\"\"},{\"@type\":\"BreadcrumbList\",\"@id\":\"https:\\\/\\\/inclusivenews.com.br\\\/?p=14104#breadcrumb\",\"itemListElement\":[{\"@type\":\"ListItem\",\"position\":1,\"name\":\"In\u00edcio\",\"item\":\"https:\\\/\\\/inclusivenews.com.br\\\/\"},{\"@type\":\"ListItem\",\"position\":2,\"name\":\"Ser e ter\"}]},{\"@type\":\"WebSite\",\"@id\":\"https:\\\/\\\/inclusivenews.com.br\\\/#website\",\"url\":\"https:\\\/\\\/inclusivenews.com.br\\\/\",\"name\":\"Inclusive News\",\"description\":\"Inclusive News\",\"publisher\":{\"@id\":\"https:\\\/\\\/inclusivenews.com.br\\\/#organization\"},\"potentialAction\":[{\"@type\":\"SearchAction\",\"target\":{\"@type\":\"EntryPoint\",\"urlTemplate\":\"https:\\\/\\\/inclusivenews.com.br\\\/?s={search_term_string}\"},\"query-input\":{\"@type\":\"PropertyValueSpecification\",\"valueRequired\":true,\"valueName\":\"search_term_string\"}}],\"inLanguage\":\"pt-PT\"},{\"@type\":\"Organization\",\"@id\":\"https:\\\/\\\/inclusivenews.com.br\\\/#organization\",\"name\":\"Inclusive - inclus\u00e3o e cidadania\",\"url\":\"https:\\\/\\\/inclusivenews.com.br\\\/\",\"logo\":{\"@type\":\"ImageObject\",\"inLanguage\":\"pt-PT\",\"@id\":\"https:\\\/\\\/inclusivenews.com.br\\\/#\\\/schema\\\/logo\\\/image\\\/\",\"url\":\"https:\\\/\\\/inclusivenews.com.br\\\/wp-content\\\/uploads\\\/2024\\\/03\\\/@grandesite.png\",\"contentUrl\":\"https:\\\/\\\/inclusivenews.com.br\\\/wp-content\\\/uploads\\\/2024\\\/03\\\/@grandesite.png\",\"width\":1080,\"height\":1080,\"caption\":\"Inclusive - inclus\u00e3o e cidadania\"},\"image\":{\"@id\":\"https:\\\/\\\/inclusivenews.com.br\\\/#\\\/schema\\\/logo\\\/image\\\/\"},\"sameAs\":[\"https:\\\/\\\/www.facebook.com\\\/agenciainclusive\\\/\",\"https:\\\/\\\/www.instagram.com\\\/newsinclusive\\\/\"]},{\"@type\":\"Person\",\"@id\":\"https:\\\/\\\/inclusivenews.com.br\\\/#\\\/schema\\\/person\\\/ae4ec7087559b8692fb33b6fffd2273b\",\"name\":\"inclusivenews2024\",\"image\":{\"@type\":\"ImageObject\",\"inLanguage\":\"pt-PT\",\"@id\":\"https:\\\/\\\/secure.gravatar.com\\\/avatar\\\/c5a7ef84c66fa914f55bc4f7ce26cfa275a3b9a1c5568b907bd184fb4dde7b40?s=96&d=mm&r=g\",\"url\":\"https:\\\/\\\/secure.gravatar.com\\\/avatar\\\/c5a7ef84c66fa914f55bc4f7ce26cfa275a3b9a1c5568b907bd184fb4dde7b40?s=96&d=mm&r=g\",\"contentUrl\":\"https:\\\/\\\/secure.gravatar.com\\\/avatar\\\/c5a7ef84c66fa914f55bc4f7ce26cfa275a3b9a1c5568b907bd184fb4dde7b40?s=96&d=mm&r=g\",\"caption\":\"inclusivenews2024\"},\"sameAs\":[\"https:\\\/\\\/inclusivenews.com.br\"],\"url\":\"https:\\\/\\\/inclusivenews.com.br\\\/?author=1\"}]}<\/script>\n<!-- \/ Yoast SEO plugin. -->","yoast_head_json":{"title":"Ser e ter -","robots":{"index":"index","follow":"follow","max-snippet":"max-snippet:-1","max-image-preview":"max-image-preview:large","max-video-preview":"max-video-preview:-1"},"canonical":"https:\/\/inclusivenews.com.br\/?p=14104","og_locale":"pt_PT","og_type":"article","og_title":"Ser e ter -","og_description":"O filme se passa na pequena comunidade de Aubergne em uma escola bem distinta da realidade da educa\u00e7\u00e3o brasileira. Existe apenas um professor e uma sala de aula com 12 crian\u00e7as que tem de 4 a 10 anos. Da Com Ci\u00eancia.","og_url":"https:\/\/inclusivenews.com.br\/?p=14104","article_publisher":"https:\/\/www.facebook.com\/agenciainclusive\/","article_published_time":"2010-02-26T00:28:03+00:00","og_image":[{"url":"http:\/\/inclusivenews.com.br\/wp-content\/uploads\/2010\/02\/ser-e-ter.jpg","type":"","width":"","height":""}],"author":"inclusivenews2024","twitter_card":"summary_large_image","twitter_misc":{"Escrito por":"inclusivenews2024","Tempo estimado de leitura":"5 minutos"},"schema":{"@context":"https:\/\/schema.org","@graph":[{"@type":"Article","@id":"https:\/\/inclusivenews.com.br\/?p=14104#article","isPartOf":{"@id":"https:\/\/inclusivenews.com.br\/?p=14104"},"author":{"name":"inclusivenews2024","@id":"https:\/\/inclusivenews.com.br\/#\/schema\/person\/ae4ec7087559b8692fb33b6fffd2273b"},"headline":"Ser e ter","datePublished":"2010-02-26T00:28:03+00:00","mainEntityOfPage":{"@id":"https:\/\/inclusivenews.com.br\/?p=14104"},"wordCount":946,"commentCount":0,"publisher":{"@id":"https:\/\/inclusivenews.com.br\/#organization"},"image":{"@id":"https:\/\/inclusivenews.com.br\/?p=14104#primaryimage"},"thumbnailUrl":"http:\/\/inclusivenews.com.br\/wp-content\/uploads\/2010\/02\/ser-e-ter.jpg","articleSection":["EDUCA\u00c7\u00c3O","Filmes e m\u00eddias","Resenha e Cr\u00edtica"],"inLanguage":"pt-PT","potentialAction":[{"@type":"CommentAction","name":"Comment","target":["https:\/\/inclusivenews.com.br\/?p=14104#respond"]}]},{"@type":"WebPage","@id":"https:\/\/inclusivenews.com.br\/?p=14104","url":"https:\/\/inclusivenews.com.br\/?p=14104","name":"Ser e ter -","isPartOf":{"@id":"https:\/\/inclusivenews.com.br\/#website"},"primaryImageOfPage":{"@id":"https:\/\/inclusivenews.com.br\/?p=14104#primaryimage"},"image":{"@id":"https:\/\/inclusivenews.com.br\/?p=14104#primaryimage"},"thumbnailUrl":"http:\/\/inclusivenews.com.br\/wp-content\/uploads\/2010\/02\/ser-e-ter.jpg","datePublished":"2010-02-26T00:28:03+00:00","breadcrumb":{"@id":"https:\/\/inclusivenews.com.br\/?p=14104#breadcrumb"},"inLanguage":"pt-PT","potentialAction":[{"@type":"ReadAction","target":["https:\/\/inclusivenews.com.br\/?p=14104"]}]},{"@type":"ImageObject","inLanguage":"pt-PT","@id":"https:\/\/inclusivenews.com.br\/?p=14104#primaryimage","url":"","contentUrl":""},{"@type":"BreadcrumbList","@id":"https:\/\/inclusivenews.com.br\/?p=14104#breadcrumb","itemListElement":[{"@type":"ListItem","position":1,"name":"In\u00edcio","item":"https:\/\/inclusivenews.com.br\/"},{"@type":"ListItem","position":2,"name":"Ser e ter"}]},{"@type":"WebSite","@id":"https:\/\/inclusivenews.com.br\/#website","url":"https:\/\/inclusivenews.com.br\/","name":"Inclusive News","description":"Inclusive News","publisher":{"@id":"https:\/\/inclusivenews.com.br\/#organization"},"potentialAction":[{"@type":"SearchAction","target":{"@type":"EntryPoint","urlTemplate":"https:\/\/inclusivenews.com.br\/?s={search_term_string}"},"query-input":{"@type":"PropertyValueSpecification","valueRequired":true,"valueName":"search_term_string"}}],"inLanguage":"pt-PT"},{"@type":"Organization","@id":"https:\/\/inclusivenews.com.br\/#organization","name":"Inclusive - inclus\u00e3o e cidadania","url":"https:\/\/inclusivenews.com.br\/","logo":{"@type":"ImageObject","inLanguage":"pt-PT","@id":"https:\/\/inclusivenews.com.br\/#\/schema\/logo\/image\/","url":"https:\/\/inclusivenews.com.br\/wp-content\/uploads\/2024\/03\/@grandesite.png","contentUrl":"https:\/\/inclusivenews.com.br\/wp-content\/uploads\/2024\/03\/@grandesite.png","width":1080,"height":1080,"caption":"Inclusive - inclus\u00e3o e cidadania"},"image":{"@id":"https:\/\/inclusivenews.com.br\/#\/schema\/logo\/image\/"},"sameAs":["https:\/\/www.facebook.com\/agenciainclusive\/","https:\/\/www.instagram.com\/newsinclusive\/"]},{"@type":"Person","@id":"https:\/\/inclusivenews.com.br\/#\/schema\/person\/ae4ec7087559b8692fb33b6fffd2273b","name":"inclusivenews2024","image":{"@type":"ImageObject","inLanguage":"pt-PT","@id":"https:\/\/secure.gravatar.com\/avatar\/c5a7ef84c66fa914f55bc4f7ce26cfa275a3b9a1c5568b907bd184fb4dde7b40?s=96&d=mm&r=g","url":"https:\/\/secure.gravatar.com\/avatar\/c5a7ef84c66fa914f55bc4f7ce26cfa275a3b9a1c5568b907bd184fb4dde7b40?s=96&d=mm&r=g","contentUrl":"https:\/\/secure.gravatar.com\/avatar\/c5a7ef84c66fa914f55bc4f7ce26cfa275a3b9a1c5568b907bd184fb4dde7b40?s=96&d=mm&r=g","caption":"inclusivenews2024"},"sameAs":["https:\/\/inclusivenews.com.br"],"url":"https:\/\/inclusivenews.com.br\/?author=1"}]}},"_links":{"self":[{"href":"https:\/\/inclusivenews.com.br\/index.php?rest_route=\/wp\/v2\/posts\/14104","targetHints":{"allow":["GET"]}}],"collection":[{"href":"https:\/\/inclusivenews.com.br\/index.php?rest_route=\/wp\/v2\/posts"}],"about":[{"href":"https:\/\/inclusivenews.com.br\/index.php?rest_route=\/wp\/v2\/types\/post"}],"author":[{"embeddable":true,"href":"https:\/\/inclusivenews.com.br\/index.php?rest_route=\/wp\/v2\/users\/1"}],"replies":[{"embeddable":true,"href":"https:\/\/inclusivenews.com.br\/index.php?rest_route=%2Fwp%2Fv2%2Fcomments&post=14104"}],"version-history":[{"count":0,"href":"https:\/\/inclusivenews.com.br\/index.php?rest_route=\/wp\/v2\/posts\/14104\/revisions"}],"wp:attachment":[{"href":"https:\/\/inclusivenews.com.br\/index.php?rest_route=%2Fwp%2Fv2%2Fmedia&parent=14104"}],"wp:term":[{"taxonomy":"category","embeddable":true,"href":"https:\/\/inclusivenews.com.br\/index.php?rest_route=%2Fwp%2Fv2%2Fcategories&post=14104"},{"taxonomy":"post_tag","embeddable":true,"href":"https:\/\/inclusivenews.com.br\/index.php?rest_route=%2Fwp%2Fv2%2Ftags&post=14104"}],"curies":[{"name":"wp","href":"https:\/\/api.w.org\/{rel}","templated":true}]}}