{"id":14115,"date":"2010-02-26T12:24:48","date_gmt":"2010-02-26T15:24:48","guid":{"rendered":"http:\/\/www.inclusive.org.br\/?p=14115"},"modified":"2010-02-26T12:24:48","modified_gmt":"2010-02-26T15:24:48","slug":"campanha-nacional-estimula-realizacao-de-projetos-para-publico-infanto-juvenil","status":"publish","type":"post","link":"https:\/\/inclusivenews.com.br\/?p=14115","title":{"rendered":"Campanha nacional estimula realiza\u00e7\u00e3o de projetos para p\u00fablico infanto-juvenil"},"content":{"rendered":"<figure id=\"attachment_14121\" aria-describedby=\"caption-attachment-14121\" style=\"width: 146px\" class=\"wp-caption alignnone\"><a href=\"http:\/\/www.inclusivenews.com.br\/wp-content\/uploads\/2010\/02\/cese.jpg\"><img loading=\"lazy\" decoding=\"async\" class=\"size-full wp-image-14121\" title=\"cese\" src=\"http:\/\/inclusivenews.com.br\/wp-content\/uploads\/2010\/02\/cese.jpg\" alt=\"\" width=\"146\" height=\"158\" \/><\/a><figcaption id=\"caption-attachment-14121\" class=\"wp-caption-text\">Logo do programa Uma a\u00e7\u00e3o para Crian\u00e7a - Ilustra\u00e7\u00e3o de cara de menino alegre<\/figcaption><\/figure>\n<p><strong><span class=\"noticia_autor\">Tatiana F\u00e9lix *<\/span><\/strong><\/p>\n<div><span class=\"noticia_cidade\"> <\/span><span class=\"noticia_texto\"><\/p>\n<div>Mais de 10 mil crian\u00e7as e adolescentes de todo o Brasil j\u00e1 foram beneficiados, de 2008 at\u00e9 agora, pela campanha <a href=\"http:\/\/www.cese.org.br\/index.php?prefixo=det&amp;menu=banner&amp;id=28\">&#8220;Uma A\u00e7\u00e3o para Crian\u00e7as&#8221;<\/a>, desenvolvida pela Coordenadoria Ecum\u00eanica de Servi\u00e7os (Cese). A ideia \u00e9 estimular a sociedade para apoiar mobiliza\u00e7\u00f5es populares e iniciativas voltadas para a garantia de direitos do p\u00fablico infanto-juvenil a fim de diminuir a desigualdade social.Para Ana Carolina Pinto, Assessora de mobiliza\u00e7\u00e3o de recursos da Cese, os meninos e meninas de 0 a 18 anos, que formam o p\u00fablico atendido pela campanha, s\u00e3o as maiores v\u00edtimas dos problemas sociais no pa\u00eds. Por isso, disse, \u00e9 importante unir sociedade e organiza\u00e7\u00f5es para a realiza\u00e7\u00e3o de trabalhos que visem beneficiar esta camada da popula\u00e7\u00e3o.<\/p>\n<p>Desde o in\u00edcio da campanha at\u00e9 agora, 28 projetos se interessaram e receberam o apoio da institui\u00e7\u00e3o. Mas a meta para 2010 \u00e9 bem mais ousada. Segundo a assessora, a Cese espera apoiar 75 propostas de projetos neste ano, que podem ser enviadas em qualquer data. Para estimular a participa\u00e7\u00e3o do maior n\u00famero de organiza\u00e7\u00f5es, ser\u00e1 feito um intenso trabalho de divulga\u00e7\u00e3o da campanha.<\/p>\n<p>Para ter sua proposta executada, as organiza\u00e7\u00f5es devem enviar um pequeno projeto, com dura\u00e7\u00e3o m\u00e1xima de um ano. A campanha funciona assim: uma entidade que atua, direta ou indiretamente, na \u00e1rea de garantia dos direitos de crian\u00e7as e adolescentes, envia uma proposta de projeto para a Cese. Junto com o projeto tamb\u00e9m deve ser indicado um grupo mobilizador formado por igrejas, escolas, sindicatos, associa\u00e7\u00f5es de bairros e outros, que vai realizar a a\u00e7\u00e3o mobilizadora, com o objetivo de arrecadar os primeiros recursos para a execu\u00e7\u00e3o da ideia.<\/p>\n<p>A Cese analisar\u00e1 ent\u00e3o as duas propostas &#8211; projeto e a\u00e7\u00e3o mobilizadora &#8211; e enviar\u00e1, primeiramente, os materiais de divulga\u00e7\u00e3o de campanha e orienta\u00e7\u00e3o para a realiza\u00e7\u00e3o dos trabalhos. Ana Carolina explicou que a ideia de fazer com que as entidades arrecadem os primeiros recursos \u00e9 para encorajar e garantir a sustentabilidade dos projetos. Depois da arrecada\u00e7\u00e3o, o dinheiro ser\u00e1 enviado para a Cese, que, em seguida, devolver\u00e1 o valor duplicado para que o projeto seja executado.<\/p>\n<p>Ana Carolina comentou que os projetos t\u00eam se apresentado bastante variados e com foco em educa\u00e7\u00e3o, mas ressaltou que as iniciativas indiretas em \u00e1reas como agricultura familiar, semi\u00e1rido, seguran\u00e7a alimentar, acesso \u00e0 \u00e1gua e projetos voltados para m\u00e3es, entre outros, v\u00e3o beneficiar tamb\u00e9m diretamente os menores de idade. &#8220;Essas quest\u00f5es v\u00e3o tratar de problemas que afetam diretamente as crian\u00e7as&#8221;, enfatizou.<\/p>\n<p>&#8220;Queremos aproximar os brasileiros com alma solid\u00e1ria para que eles possam se beneficiar disso apoiando os projetos. Faz muito bem para quem ajuda e mais ainda para quem recebe o benef\u00edcio&#8221;, finalizou.<\/p>\n<p>A campanha visa tamb\u00e9m contribuir para o alcance das oito Metas do Mil\u00eanio, definida pelos l\u00edderes dos 191 Estados-Membros da Organiza\u00e7\u00e3o das Na\u00e7\u00f5es Unidas (ONU). Entre as metas est\u00e3o: Erradicar a pobreza extrema e a fome; Atingir o ensino b\u00e1sico universal; Reduzir a mortalidade infantil; Melhorar a sa\u00fade materna; Combater o v\u00edrus HIV\/Aids, a mal\u00e1ria e outras doen\u00e7as e Garantir a sustentabilidade ambiental.<\/p>\n<p><strong>Mais informa\u00e7\u00f5es pelo site: <\/strong><a href=\"http:\/\/www.cese.org.br\"><strong>www.cese.org.br<\/strong><\/a><strong> ou pelo telefone (71) 2104.5457.<\/strong><\/p>\n<\/div>\n<p><\/span><\/div>\n<div><span class=\"noticia_autor\">* Jornalista da Adital<br \/>\n___________<br \/>\n<strong><br \/>\nFonte:<\/strong> <a href=\"http:\/\/www.adital.org.br\/site\/noticia.asp?lang=PT&amp;cod=45454\">Adital<\/a><br \/>\n<\/span><\/div>\n","protected":false},"excerpt":{"rendered":"<p>A ideia \u00e9 estimular a sociedade para apoiar mobiliza\u00e7\u00f5es populares e iniciativas voltadas para a garantia de direitos do p\u00fablico infanto-juvenil a fim de diminuir a desigualdade social.<\/p>\n","protected":false},"author":1,"featured_media":0,"comment_status":"open","ping_status":"open","sticky":false,"template":"","format":"standard","meta":{"site-container-style":"default","site-container-layout":"default","site-sidebar-layout":"default","disable-article-header":"default","disable-site-header":"default","disable-site-footer":"default","disable-content-area-spacing":"default","footnotes":""},"categories":[3,6,48,4],"tags":[],"class_list":["post-14115","post","type-post","status-publish","format-standard","hentry","category-campanhas","category-educacao","category-inclusao","category-noticias"],"yoast_head":"<!-- This site is optimized with the Yoast SEO plugin v27.4 - https:\/\/yoast.com\/product\/yoast-seo-wordpress\/ -->\n<title>Campanha nacional estimula realiza\u00e7\u00e3o de projetos para p\u00fablico infanto-juvenil -<\/title>\n<meta name=\"robots\" content=\"index, follow, max-snippet:-1, max-image-preview:large, max-video-preview:-1\" \/>\n<link rel=\"canonical\" href=\"https:\/\/inclusivenews.com.br\/?p=14115\" \/>\n<meta property=\"og:locale\" content=\"pt_PT\" \/>\n<meta property=\"og:type\" content=\"article\" \/>\n<meta property=\"og:title\" content=\"Campanha nacional estimula realiza\u00e7\u00e3o de projetos para p\u00fablico infanto-juvenil -\" \/>\n<meta property=\"og:description\" content=\"A ideia \u00e9 estimular a sociedade para apoiar mobiliza\u00e7\u00f5es populares e iniciativas voltadas para a garantia de direitos do p\u00fablico infanto-juvenil a fim de diminuir a desigualdade social.\" \/>\n<meta property=\"og:url\" content=\"https:\/\/inclusivenews.com.br\/?p=14115\" \/>\n<meta property=\"article:publisher\" content=\"https:\/\/www.facebook.com\/agenciainclusive\/\" \/>\n<meta property=\"article:published_time\" content=\"2010-02-26T15:24:48+00:00\" \/>\n<meta property=\"og:image\" content=\"http:\/\/inclusivenews.com.br\/wp-content\/uploads\/2010\/02\/cese.jpg\" \/>\n<meta name=\"author\" content=\"inclusivenews2024\" \/>\n<meta name=\"twitter:card\" content=\"summary_large_image\" \/>\n<meta name=\"twitter:label1\" content=\"Escrito por\" \/>\n\t<meta name=\"twitter:data1\" content=\"inclusivenews2024\" \/>\n\t<meta name=\"twitter:label2\" content=\"Tempo estimado de leitura\" \/>\n\t<meta name=\"twitter:data2\" content=\"3 minutos\" \/>\n<script type=\"application\/ld+json\" class=\"yoast-schema-graph\">{\"@context\":\"https:\\\/\\\/schema.org\",\"@graph\":[{\"@type\":\"Article\",\"@id\":\"https:\\\/\\\/inclusivenews.com.br\\\/?p=14115#article\",\"isPartOf\":{\"@id\":\"https:\\\/\\\/inclusivenews.com.br\\\/?p=14115\"},\"author\":{\"name\":\"inclusivenews2024\",\"@id\":\"https:\\\/\\\/inclusivenews.com.br\\\/#\\\/schema\\\/person\\\/ae4ec7087559b8692fb33b6fffd2273b\"},\"headline\":\"Campanha nacional estimula realiza\u00e7\u00e3o de projetos para p\u00fablico infanto-juvenil\",\"datePublished\":\"2010-02-26T15:24:48+00:00\",\"mainEntityOfPage\":{\"@id\":\"https:\\\/\\\/inclusivenews.com.br\\\/?p=14115\"},\"wordCount\":601,\"commentCount\":0,\"publisher\":{\"@id\":\"https:\\\/\\\/inclusivenews.com.br\\\/#organization\"},\"image\":{\"@id\":\"https:\\\/\\\/inclusivenews.com.br\\\/?p=14115#primaryimage\"},\"thumbnailUrl\":\"http:\\\/\\\/inclusivenews.com.br\\\/wp-content\\\/uploads\\\/2010\\\/02\\\/cese.jpg\",\"articleSection\":[\"CAMPANHAS\",\"EDUCA\u00c7\u00c3O\",\"INCLUS\u00c3O SOCIAL\",\"NOT\u00cdCIAS\"],\"inLanguage\":\"pt-PT\",\"potentialAction\":[{\"@type\":\"CommentAction\",\"name\":\"Comment\",\"target\":[\"https:\\\/\\\/inclusivenews.com.br\\\/?p=14115#respond\"]}]},{\"@type\":\"WebPage\",\"@id\":\"https:\\\/\\\/inclusivenews.com.br\\\/?p=14115\",\"url\":\"https:\\\/\\\/inclusivenews.com.br\\\/?p=14115\",\"name\":\"Campanha nacional estimula realiza\u00e7\u00e3o de projetos para p\u00fablico infanto-juvenil -\",\"isPartOf\":{\"@id\":\"https:\\\/\\\/inclusivenews.com.br\\\/#website\"},\"primaryImageOfPage\":{\"@id\":\"https:\\\/\\\/inclusivenews.com.br\\\/?p=14115#primaryimage\"},\"image\":{\"@id\":\"https:\\\/\\\/inclusivenews.com.br\\\/?p=14115#primaryimage\"},\"thumbnailUrl\":\"http:\\\/\\\/inclusivenews.com.br\\\/wp-content\\\/uploads\\\/2010\\\/02\\\/cese.jpg\",\"datePublished\":\"2010-02-26T15:24:48+00:00\",\"breadcrumb\":{\"@id\":\"https:\\\/\\\/inclusivenews.com.br\\\/?p=14115#breadcrumb\"},\"inLanguage\":\"pt-PT\",\"potentialAction\":[{\"@type\":\"ReadAction\",\"target\":[\"https:\\\/\\\/inclusivenews.com.br\\\/?p=14115\"]}]},{\"@type\":\"ImageObject\",\"inLanguage\":\"pt-PT\",\"@id\":\"https:\\\/\\\/inclusivenews.com.br\\\/?p=14115#primaryimage\",\"url\":\"\",\"contentUrl\":\"\"},{\"@type\":\"BreadcrumbList\",\"@id\":\"https:\\\/\\\/inclusivenews.com.br\\\/?p=14115#breadcrumb\",\"itemListElement\":[{\"@type\":\"ListItem\",\"position\":1,\"name\":\"In\u00edcio\",\"item\":\"https:\\\/\\\/inclusivenews.com.br\\\/\"},{\"@type\":\"ListItem\",\"position\":2,\"name\":\"Campanha nacional estimula realiza\u00e7\u00e3o de projetos para p\u00fablico infanto-juvenil\"}]},{\"@type\":\"WebSite\",\"@id\":\"https:\\\/\\\/inclusivenews.com.br\\\/#website\",\"url\":\"https:\\\/\\\/inclusivenews.com.br\\\/\",\"name\":\"Inclusive News\",\"description\":\"Inclusive News\",\"publisher\":{\"@id\":\"https:\\\/\\\/inclusivenews.com.br\\\/#organization\"},\"potentialAction\":[{\"@type\":\"SearchAction\",\"target\":{\"@type\":\"EntryPoint\",\"urlTemplate\":\"https:\\\/\\\/inclusivenews.com.br\\\/?s={search_term_string}\"},\"query-input\":{\"@type\":\"PropertyValueSpecification\",\"valueRequired\":true,\"valueName\":\"search_term_string\"}}],\"inLanguage\":\"pt-PT\"},{\"@type\":\"Organization\",\"@id\":\"https:\\\/\\\/inclusivenews.com.br\\\/#organization\",\"name\":\"Inclusive - inclus\u00e3o e cidadania\",\"url\":\"https:\\\/\\\/inclusivenews.com.br\\\/\",\"logo\":{\"@type\":\"ImageObject\",\"inLanguage\":\"pt-PT\",\"@id\":\"https:\\\/\\\/inclusivenews.com.br\\\/#\\\/schema\\\/logo\\\/image\\\/\",\"url\":\"https:\\\/\\\/inclusivenews.com.br\\\/wp-content\\\/uploads\\\/2024\\\/03\\\/@grandesite.png\",\"contentUrl\":\"https:\\\/\\\/inclusivenews.com.br\\\/wp-content\\\/uploads\\\/2024\\\/03\\\/@grandesite.png\",\"width\":1080,\"height\":1080,\"caption\":\"Inclusive - inclus\u00e3o e cidadania\"},\"image\":{\"@id\":\"https:\\\/\\\/inclusivenews.com.br\\\/#\\\/schema\\\/logo\\\/image\\\/\"},\"sameAs\":[\"https:\\\/\\\/www.facebook.com\\\/agenciainclusive\\\/\",\"https:\\\/\\\/www.instagram.com\\\/newsinclusive\\\/\"]},{\"@type\":\"Person\",\"@id\":\"https:\\\/\\\/inclusivenews.com.br\\\/#\\\/schema\\\/person\\\/ae4ec7087559b8692fb33b6fffd2273b\",\"name\":\"inclusivenews2024\",\"image\":{\"@type\":\"ImageObject\",\"inLanguage\":\"pt-PT\",\"@id\":\"https:\\\/\\\/secure.gravatar.com\\\/avatar\\\/c5a7ef84c66fa914f55bc4f7ce26cfa275a3b9a1c5568b907bd184fb4dde7b40?s=96&d=mm&r=g\",\"url\":\"https:\\\/\\\/secure.gravatar.com\\\/avatar\\\/c5a7ef84c66fa914f55bc4f7ce26cfa275a3b9a1c5568b907bd184fb4dde7b40?s=96&d=mm&r=g\",\"contentUrl\":\"https:\\\/\\\/secure.gravatar.com\\\/avatar\\\/c5a7ef84c66fa914f55bc4f7ce26cfa275a3b9a1c5568b907bd184fb4dde7b40?s=96&d=mm&r=g\",\"caption\":\"inclusivenews2024\"},\"sameAs\":[\"https:\\\/\\\/inclusivenews.com.br\"],\"url\":\"https:\\\/\\\/inclusivenews.com.br\\\/?author=1\"}]}<\/script>\n<!-- \/ Yoast SEO plugin. -->","yoast_head_json":{"title":"Campanha nacional estimula realiza\u00e7\u00e3o de projetos para p\u00fablico infanto-juvenil -","robots":{"index":"index","follow":"follow","max-snippet":"max-snippet:-1","max-image-preview":"max-image-preview:large","max-video-preview":"max-video-preview:-1"},"canonical":"https:\/\/inclusivenews.com.br\/?p=14115","og_locale":"pt_PT","og_type":"article","og_title":"Campanha nacional estimula realiza\u00e7\u00e3o de projetos para p\u00fablico infanto-juvenil -","og_description":"A ideia \u00e9 estimular a sociedade para apoiar mobiliza\u00e7\u00f5es populares e iniciativas voltadas para a garantia de direitos do p\u00fablico infanto-juvenil a fim de diminuir a desigualdade social.","og_url":"https:\/\/inclusivenews.com.br\/?p=14115","article_publisher":"https:\/\/www.facebook.com\/agenciainclusive\/","article_published_time":"2010-02-26T15:24:48+00:00","og_image":[{"url":"http:\/\/inclusivenews.com.br\/wp-content\/uploads\/2010\/02\/cese.jpg","type":"","width":"","height":""}],"author":"inclusivenews2024","twitter_card":"summary_large_image","twitter_misc":{"Escrito por":"inclusivenews2024","Tempo estimado de leitura":"3 minutos"},"schema":{"@context":"https:\/\/schema.org","@graph":[{"@type":"Article","@id":"https:\/\/inclusivenews.com.br\/?p=14115#article","isPartOf":{"@id":"https:\/\/inclusivenews.com.br\/?p=14115"},"author":{"name":"inclusivenews2024","@id":"https:\/\/inclusivenews.com.br\/#\/schema\/person\/ae4ec7087559b8692fb33b6fffd2273b"},"headline":"Campanha nacional estimula realiza\u00e7\u00e3o de projetos para p\u00fablico infanto-juvenil","datePublished":"2010-02-26T15:24:48+00:00","mainEntityOfPage":{"@id":"https:\/\/inclusivenews.com.br\/?p=14115"},"wordCount":601,"commentCount":0,"publisher":{"@id":"https:\/\/inclusivenews.com.br\/#organization"},"image":{"@id":"https:\/\/inclusivenews.com.br\/?p=14115#primaryimage"},"thumbnailUrl":"http:\/\/inclusivenews.com.br\/wp-content\/uploads\/2010\/02\/cese.jpg","articleSection":["CAMPANHAS","EDUCA\u00c7\u00c3O","INCLUS\u00c3O SOCIAL","NOT\u00cdCIAS"],"inLanguage":"pt-PT","potentialAction":[{"@type":"CommentAction","name":"Comment","target":["https:\/\/inclusivenews.com.br\/?p=14115#respond"]}]},{"@type":"WebPage","@id":"https:\/\/inclusivenews.com.br\/?p=14115","url":"https:\/\/inclusivenews.com.br\/?p=14115","name":"Campanha nacional estimula realiza\u00e7\u00e3o de projetos para p\u00fablico infanto-juvenil -","isPartOf":{"@id":"https:\/\/inclusivenews.com.br\/#website"},"primaryImageOfPage":{"@id":"https:\/\/inclusivenews.com.br\/?p=14115#primaryimage"},"image":{"@id":"https:\/\/inclusivenews.com.br\/?p=14115#primaryimage"},"thumbnailUrl":"http:\/\/inclusivenews.com.br\/wp-content\/uploads\/2010\/02\/cese.jpg","datePublished":"2010-02-26T15:24:48+00:00","breadcrumb":{"@id":"https:\/\/inclusivenews.com.br\/?p=14115#breadcrumb"},"inLanguage":"pt-PT","potentialAction":[{"@type":"ReadAction","target":["https:\/\/inclusivenews.com.br\/?p=14115"]}]},{"@type":"ImageObject","inLanguage":"pt-PT","@id":"https:\/\/inclusivenews.com.br\/?p=14115#primaryimage","url":"","contentUrl":""},{"@type":"BreadcrumbList","@id":"https:\/\/inclusivenews.com.br\/?p=14115#breadcrumb","itemListElement":[{"@type":"ListItem","position":1,"name":"In\u00edcio","item":"https:\/\/inclusivenews.com.br\/"},{"@type":"ListItem","position":2,"name":"Campanha nacional estimula realiza\u00e7\u00e3o de projetos para p\u00fablico infanto-juvenil"}]},{"@type":"WebSite","@id":"https:\/\/inclusivenews.com.br\/#website","url":"https:\/\/inclusivenews.com.br\/","name":"Inclusive News","description":"Inclusive News","publisher":{"@id":"https:\/\/inclusivenews.com.br\/#organization"},"potentialAction":[{"@type":"SearchAction","target":{"@type":"EntryPoint","urlTemplate":"https:\/\/inclusivenews.com.br\/?s={search_term_string}"},"query-input":{"@type":"PropertyValueSpecification","valueRequired":true,"valueName":"search_term_string"}}],"inLanguage":"pt-PT"},{"@type":"Organization","@id":"https:\/\/inclusivenews.com.br\/#organization","name":"Inclusive - inclus\u00e3o e cidadania","url":"https:\/\/inclusivenews.com.br\/","logo":{"@type":"ImageObject","inLanguage":"pt-PT","@id":"https:\/\/inclusivenews.com.br\/#\/schema\/logo\/image\/","url":"https:\/\/inclusivenews.com.br\/wp-content\/uploads\/2024\/03\/@grandesite.png","contentUrl":"https:\/\/inclusivenews.com.br\/wp-content\/uploads\/2024\/03\/@grandesite.png","width":1080,"height":1080,"caption":"Inclusive - inclus\u00e3o e cidadania"},"image":{"@id":"https:\/\/inclusivenews.com.br\/#\/schema\/logo\/image\/"},"sameAs":["https:\/\/www.facebook.com\/agenciainclusive\/","https:\/\/www.instagram.com\/newsinclusive\/"]},{"@type":"Person","@id":"https:\/\/inclusivenews.com.br\/#\/schema\/person\/ae4ec7087559b8692fb33b6fffd2273b","name":"inclusivenews2024","image":{"@type":"ImageObject","inLanguage":"pt-PT","@id":"https:\/\/secure.gravatar.com\/avatar\/c5a7ef84c66fa914f55bc4f7ce26cfa275a3b9a1c5568b907bd184fb4dde7b40?s=96&d=mm&r=g","url":"https:\/\/secure.gravatar.com\/avatar\/c5a7ef84c66fa914f55bc4f7ce26cfa275a3b9a1c5568b907bd184fb4dde7b40?s=96&d=mm&r=g","contentUrl":"https:\/\/secure.gravatar.com\/avatar\/c5a7ef84c66fa914f55bc4f7ce26cfa275a3b9a1c5568b907bd184fb4dde7b40?s=96&d=mm&r=g","caption":"inclusivenews2024"},"sameAs":["https:\/\/inclusivenews.com.br"],"url":"https:\/\/inclusivenews.com.br\/?author=1"}]}},"_links":{"self":[{"href":"https:\/\/inclusivenews.com.br\/index.php?rest_route=\/wp\/v2\/posts\/14115","targetHints":{"allow":["GET"]}}],"collection":[{"href":"https:\/\/inclusivenews.com.br\/index.php?rest_route=\/wp\/v2\/posts"}],"about":[{"href":"https:\/\/inclusivenews.com.br\/index.php?rest_route=\/wp\/v2\/types\/post"}],"author":[{"embeddable":true,"href":"https:\/\/inclusivenews.com.br\/index.php?rest_route=\/wp\/v2\/users\/1"}],"replies":[{"embeddable":true,"href":"https:\/\/inclusivenews.com.br\/index.php?rest_route=%2Fwp%2Fv2%2Fcomments&post=14115"}],"version-history":[{"count":0,"href":"https:\/\/inclusivenews.com.br\/index.php?rest_route=\/wp\/v2\/posts\/14115\/revisions"}],"wp:attachment":[{"href":"https:\/\/inclusivenews.com.br\/index.php?rest_route=%2Fwp%2Fv2%2Fmedia&parent=14115"}],"wp:term":[{"taxonomy":"category","embeddable":true,"href":"https:\/\/inclusivenews.com.br\/index.php?rest_route=%2Fwp%2Fv2%2Fcategories&post=14115"},{"taxonomy":"post_tag","embeddable":true,"href":"https:\/\/inclusivenews.com.br\/index.php?rest_route=%2Fwp%2Fv2%2Ftags&post=14115"}],"curies":[{"name":"wp","href":"https:\/\/api.w.org\/{rel}","templated":true}]}}