{"id":14116,"date":"2010-02-26T14:41:24","date_gmt":"2010-02-26T17:41:24","guid":{"rendered":"http:\/\/www.inclusive.org.br\/?p=14116"},"modified":"2010-02-26T14:41:24","modified_gmt":"2010-02-26T17:41:24","slug":"trabalho-da-pastoral-da-crianca-em-debate-no-canal-saude","status":"publish","type":"post","link":"https:\/\/inclusivenews.com.br\/?p=14116","title":{"rendered":"Trabalho da Pastoral da Crian\u00e7a em debate no Canal Sa\u00fade"},"content":{"rendered":"<figure id=\"attachment_14124\" aria-describedby=\"caption-attachment-14124\" style=\"width: 300px\" class=\"wp-caption alignnone\"><a href=\"http:\/\/www.inclusivenews.com.br\/wp-content\/uploads\/2010\/02\/pastoral.jpg\"><img loading=\"lazy\" decoding=\"async\" class=\"size-medium wp-image-14124\" title=\"pastoral\" src=\"http:\/\/inclusivenews.com.br\/wp-content\/uploads\/2010\/02\/pastoral-300x248.jpg\" alt=\"\" width=\"300\" height=\"248\" \/><\/a><figcaption id=\"caption-attachment-14124\" class=\"wp-caption-text\">Logotipo da Pastoral da Crian\u00e7a - Para que todas as crian\u00e7as tenham vida<\/figcaption><\/figure>\n<p>O Sala de Convidados, do Canal Sa\u00fade \/ Fiocruz, debate, neste s\u00e1bado, 27, \u00e0s 13h, o trabalho desenvolvido pela Pastoral da Crian\u00e7a, que por meio de a\u00e7\u00f5es simples e de baixo custo, a partir da dedica\u00e7\u00e3o de seus volunt\u00e1rios, vem salvando vidas e mudando o destino de milhares de fam\u00edlias. Conhe\u00e7a os novos desafios da entidade e participe ao vivo do programa.<\/p>\n<p>A equipe de reportagem do Canal Sa\u00fade esteve em Florest\u00f3polis, onde tudo come\u00e7ou, para conhecer de perto a hist\u00f3ria da Pastoral da Crian\u00e7a e acompanhar os resultados alcan\u00e7ados. No programa, o p\u00fablico participa ao vivo pela Web canalsaude.fiocruz.br, no chat, ou assistindo pela NBR e ligando 0800 701 8122.<\/p>\n<p>Para debater o tema com internautas e telespectadores estar\u00e3o no est\u00fadio: o gestor de Rela\u00e7\u00f5es Institucionais da Pastoral da Crian\u00e7a, Cl\u00f3vis Boufleur; a diretora do Departamento de Aten\u00e7\u00e3o B\u00e1sica do Minist\u00e9rio da Sa\u00fade, Claunara Mendon\u00e7a; o coordenador do Centro de Rela\u00e7\u00f5es Internacionais em Sa\u00fade da Fiocruz, Paulo Buss; e o ex-presidente do Conselho Nacional de Secret\u00e1rios de Sa\u00fade (Conass), Gilson Cantarino.<\/p>\n<p>Para obter mais informa\u00e7\u00f5es sobre a NBR, acesse ebcservicos.ebc.com.br\/veiculos\/nbr. Para assistir no site do Canal Sa\u00fade, acesse , clique na TV com a inscri\u00e7\u00e3o \u201cao vivo\u201d.<\/p>\n<p><strong>Pastoral da Crian\u00e7a<\/strong><\/p>\n<p>Da pequena cidade de Florest\u00f3polis, no interior do Paran\u00e1, onde a pediatra Zilda Arns recebeu o primeiro desafio de lutar contra um dos mais altos \u00edndices de mortalidade infantil do pa\u00eds, aos dias atuais s\u00e3o 27 anos de trabalho. Atualmente, a Pastoral chega a mais de quatro mil munic\u00edpios do Brasil e conta com quase 250 mil volunt\u00e1rios. A Pastoral tem como objetivo promover o desenvolvimento integral das crian\u00e7as, desde a concep\u00e7\u00e3o aos seis anos de idade, e a melhoria da qualidade de vida das fam\u00edlias. A Pastoral desenvolve a\u00e7\u00f5es de sa\u00fade, nutri\u00e7\u00e3o, educa\u00e7\u00e3o, cidadania e espiritualidade de forma ecum\u00eanica em comunidades pobres.<br \/>\n<strong>____________________________________<\/strong><\/p>\n<p><strong> <\/strong><\/p>\n<p><strong> Fonte: <\/strong><a href=\"http:\/\/www.pautasocial.com.br\/pauta.asp?idPauta=29602\">Canal Sa\u00fade\/FIOCRUZ (Pauta Social)<\/a><\/p>\n","protected":false},"excerpt":{"rendered":"<p>O Sala de Convidados, do Canal Sa\u00fade \/ Fiocruz, debate, neste s\u00e1bado, 27, \u00e0s 13h, o trabalho desenvolvido pela Pastoral da Crian\u00e7a, que por meio de a\u00e7\u00f5es simples e de baixo custo, a partir da dedica\u00e7\u00e3o de seus volunt\u00e1rios, vem salvando vidas e mudando o destino de milhares de fam\u00edlias. Conhe\u00e7a os novos desafios da [&hellip;]<\/p>\n","protected":false},"author":1,"featured_media":0,"comment_status":"open","ping_status":"open","sticky":false,"template":"","format":"standard","meta":{"site-container-style":"default","site-container-layout":"default","site-sidebar-layout":"default","disable-article-header":"default","disable-site-header":"default","disable-site-footer":"default","disable-content-area-spacing":"default","footnotes":""},"categories":[11,57,48,4,37],"tags":[],"class_list":["post-14116","post","type-post","status-publish","format-standard","hentry","category-direitos-humanos","category-filmes-e-midias","category-inclusao","category-noticias","category-saude"],"yoast_head":"<!-- This site is optimized with the Yoast SEO plugin v27.4 - https:\/\/yoast.com\/product\/yoast-seo-wordpress\/ -->\n<title>Trabalho da Pastoral da Crian\u00e7a em debate no Canal Sa\u00fade -<\/title>\n<meta name=\"robots\" content=\"index, follow, max-snippet:-1, max-image-preview:large, max-video-preview:-1\" \/>\n<link rel=\"canonical\" href=\"https:\/\/inclusivenews.com.br\/?p=14116\" \/>\n<meta property=\"og:locale\" content=\"pt_PT\" \/>\n<meta property=\"og:type\" content=\"article\" \/>\n<meta property=\"og:title\" content=\"Trabalho da Pastoral da Crian\u00e7a em debate no Canal Sa\u00fade -\" \/>\n<meta property=\"og:description\" content=\"O Sala de Convidados, do Canal Sa\u00fade \/ Fiocruz, debate, neste s\u00e1bado, 27, \u00e0s 13h, o trabalho desenvolvido pela Pastoral da Crian\u00e7a, que por meio de a\u00e7\u00f5es simples e de baixo custo, a partir da dedica\u00e7\u00e3o de seus volunt\u00e1rios, vem salvando vidas e mudando o destino de milhares de fam\u00edlias. Conhe\u00e7a os novos desafios da [&hellip;]\" \/>\n<meta property=\"og:url\" content=\"https:\/\/inclusivenews.com.br\/?p=14116\" \/>\n<meta property=\"article:publisher\" content=\"https:\/\/www.facebook.com\/agenciainclusive\/\" \/>\n<meta property=\"article:published_time\" content=\"2010-02-26T17:41:24+00:00\" \/>\n<meta property=\"og:image\" content=\"http:\/\/inclusivenews.com.br\/wp-content\/uploads\/2010\/02\/pastoral-300x248.jpg\" \/>\n<meta name=\"author\" content=\"inclusivenews2024\" \/>\n<meta name=\"twitter:card\" content=\"summary_large_image\" \/>\n<meta name=\"twitter:label1\" content=\"Escrito por\" \/>\n\t<meta name=\"twitter:data1\" content=\"inclusivenews2024\" \/>\n\t<meta name=\"twitter:label2\" content=\"Tempo estimado de leitura\" \/>\n\t<meta name=\"twitter:data2\" content=\"2 minutos\" \/>\n<script type=\"application\/ld+json\" class=\"yoast-schema-graph\">{\"@context\":\"https:\\\/\\\/schema.org\",\"@graph\":[{\"@type\":\"Article\",\"@id\":\"https:\\\/\\\/inclusivenews.com.br\\\/?p=14116#article\",\"isPartOf\":{\"@id\":\"https:\\\/\\\/inclusivenews.com.br\\\/?p=14116\"},\"author\":{\"name\":\"inclusivenews2024\",\"@id\":\"https:\\\/\\\/inclusivenews.com.br\\\/#\\\/schema\\\/person\\\/ae4ec7087559b8692fb33b6fffd2273b\"},\"headline\":\"Trabalho da Pastoral da Crian\u00e7a em debate no Canal Sa\u00fade\",\"datePublished\":\"2010-02-26T17:41:24+00:00\",\"mainEntityOfPage\":{\"@id\":\"https:\\\/\\\/inclusivenews.com.br\\\/?p=14116\"},\"wordCount\":391,\"commentCount\":4,\"publisher\":{\"@id\":\"https:\\\/\\\/inclusivenews.com.br\\\/#organization\"},\"image\":{\"@id\":\"https:\\\/\\\/inclusivenews.com.br\\\/?p=14116#primaryimage\"},\"thumbnailUrl\":\"http:\\\/\\\/inclusivenews.com.br\\\/wp-content\\\/uploads\\\/2010\\\/02\\\/pastoral-300x248.jpg\",\"articleSection\":[\"DIREITOS HUMANOS\",\"Filmes e m\u00eddias\",\"INCLUS\u00c3O SOCIAL\",\"NOT\u00cdCIAS\",\"Sa\u00fade\"],\"inLanguage\":\"pt-PT\",\"potentialAction\":[{\"@type\":\"CommentAction\",\"name\":\"Comment\",\"target\":[\"https:\\\/\\\/inclusivenews.com.br\\\/?p=14116#respond\"]}]},{\"@type\":\"WebPage\",\"@id\":\"https:\\\/\\\/inclusivenews.com.br\\\/?p=14116\",\"url\":\"https:\\\/\\\/inclusivenews.com.br\\\/?p=14116\",\"name\":\"Trabalho da Pastoral da Crian\u00e7a em debate no Canal Sa\u00fade -\",\"isPartOf\":{\"@id\":\"https:\\\/\\\/inclusivenews.com.br\\\/#website\"},\"primaryImageOfPage\":{\"@id\":\"https:\\\/\\\/inclusivenews.com.br\\\/?p=14116#primaryimage\"},\"image\":{\"@id\":\"https:\\\/\\\/inclusivenews.com.br\\\/?p=14116#primaryimage\"},\"thumbnailUrl\":\"http:\\\/\\\/inclusivenews.com.br\\\/wp-content\\\/uploads\\\/2010\\\/02\\\/pastoral-300x248.jpg\",\"datePublished\":\"2010-02-26T17:41:24+00:00\",\"breadcrumb\":{\"@id\":\"https:\\\/\\\/inclusivenews.com.br\\\/?p=14116#breadcrumb\"},\"inLanguage\":\"pt-PT\",\"potentialAction\":[{\"@type\":\"ReadAction\",\"target\":[\"https:\\\/\\\/inclusivenews.com.br\\\/?p=14116\"]}]},{\"@type\":\"ImageObject\",\"inLanguage\":\"pt-PT\",\"@id\":\"https:\\\/\\\/inclusivenews.com.br\\\/?p=14116#primaryimage\",\"url\":\"\",\"contentUrl\":\"\"},{\"@type\":\"BreadcrumbList\",\"@id\":\"https:\\\/\\\/inclusivenews.com.br\\\/?p=14116#breadcrumb\",\"itemListElement\":[{\"@type\":\"ListItem\",\"position\":1,\"name\":\"In\u00edcio\",\"item\":\"https:\\\/\\\/inclusivenews.com.br\\\/\"},{\"@type\":\"ListItem\",\"position\":2,\"name\":\"Trabalho da Pastoral da Crian\u00e7a em debate no Canal Sa\u00fade\"}]},{\"@type\":\"WebSite\",\"@id\":\"https:\\\/\\\/inclusivenews.com.br\\\/#website\",\"url\":\"https:\\\/\\\/inclusivenews.com.br\\\/\",\"name\":\"Inclusive News\",\"description\":\"Inclusive News\",\"publisher\":{\"@id\":\"https:\\\/\\\/inclusivenews.com.br\\\/#organization\"},\"potentialAction\":[{\"@type\":\"SearchAction\",\"target\":{\"@type\":\"EntryPoint\",\"urlTemplate\":\"https:\\\/\\\/inclusivenews.com.br\\\/?s={search_term_string}\"},\"query-input\":{\"@type\":\"PropertyValueSpecification\",\"valueRequired\":true,\"valueName\":\"search_term_string\"}}],\"inLanguage\":\"pt-PT\"},{\"@type\":\"Organization\",\"@id\":\"https:\\\/\\\/inclusivenews.com.br\\\/#organization\",\"name\":\"Inclusive - inclus\u00e3o e cidadania\",\"url\":\"https:\\\/\\\/inclusivenews.com.br\\\/\",\"logo\":{\"@type\":\"ImageObject\",\"inLanguage\":\"pt-PT\",\"@id\":\"https:\\\/\\\/inclusivenews.com.br\\\/#\\\/schema\\\/logo\\\/image\\\/\",\"url\":\"https:\\\/\\\/inclusivenews.com.br\\\/wp-content\\\/uploads\\\/2024\\\/03\\\/@grandesite.png\",\"contentUrl\":\"https:\\\/\\\/inclusivenews.com.br\\\/wp-content\\\/uploads\\\/2024\\\/03\\\/@grandesite.png\",\"width\":1080,\"height\":1080,\"caption\":\"Inclusive - inclus\u00e3o e cidadania\"},\"image\":{\"@id\":\"https:\\\/\\\/inclusivenews.com.br\\\/#\\\/schema\\\/logo\\\/image\\\/\"},\"sameAs\":[\"https:\\\/\\\/www.facebook.com\\\/agenciainclusive\\\/\",\"https:\\\/\\\/www.instagram.com\\\/newsinclusive\\\/\"]},{\"@type\":\"Person\",\"@id\":\"https:\\\/\\\/inclusivenews.com.br\\\/#\\\/schema\\\/person\\\/ae4ec7087559b8692fb33b6fffd2273b\",\"name\":\"inclusivenews2024\",\"image\":{\"@type\":\"ImageObject\",\"inLanguage\":\"pt-PT\",\"@id\":\"https:\\\/\\\/secure.gravatar.com\\\/avatar\\\/c5a7ef84c66fa914f55bc4f7ce26cfa275a3b9a1c5568b907bd184fb4dde7b40?s=96&d=mm&r=g\",\"url\":\"https:\\\/\\\/secure.gravatar.com\\\/avatar\\\/c5a7ef84c66fa914f55bc4f7ce26cfa275a3b9a1c5568b907bd184fb4dde7b40?s=96&d=mm&r=g\",\"contentUrl\":\"https:\\\/\\\/secure.gravatar.com\\\/avatar\\\/c5a7ef84c66fa914f55bc4f7ce26cfa275a3b9a1c5568b907bd184fb4dde7b40?s=96&d=mm&r=g\",\"caption\":\"inclusivenews2024\"},\"sameAs\":[\"https:\\\/\\\/inclusivenews.com.br\"],\"url\":\"https:\\\/\\\/inclusivenews.com.br\\\/?author=1\"}]}<\/script>\n<!-- \/ Yoast SEO plugin. -->","yoast_head_json":{"title":"Trabalho da Pastoral da Crian\u00e7a em debate no Canal Sa\u00fade -","robots":{"index":"index","follow":"follow","max-snippet":"max-snippet:-1","max-image-preview":"max-image-preview:large","max-video-preview":"max-video-preview:-1"},"canonical":"https:\/\/inclusivenews.com.br\/?p=14116","og_locale":"pt_PT","og_type":"article","og_title":"Trabalho da Pastoral da Crian\u00e7a em debate no Canal Sa\u00fade -","og_description":"O Sala de Convidados, do Canal Sa\u00fade \/ Fiocruz, debate, neste s\u00e1bado, 27, \u00e0s 13h, o trabalho desenvolvido pela Pastoral da Crian\u00e7a, que por meio de a\u00e7\u00f5es simples e de baixo custo, a partir da dedica\u00e7\u00e3o de seus volunt\u00e1rios, vem salvando vidas e mudando o destino de milhares de fam\u00edlias. Conhe\u00e7a os novos desafios da [&hellip;]","og_url":"https:\/\/inclusivenews.com.br\/?p=14116","article_publisher":"https:\/\/www.facebook.com\/agenciainclusive\/","article_published_time":"2010-02-26T17:41:24+00:00","og_image":[{"url":"http:\/\/inclusivenews.com.br\/wp-content\/uploads\/2010\/02\/pastoral-300x248.jpg","type":"","width":"","height":""}],"author":"inclusivenews2024","twitter_card":"summary_large_image","twitter_misc":{"Escrito por":"inclusivenews2024","Tempo estimado de leitura":"2 minutos"},"schema":{"@context":"https:\/\/schema.org","@graph":[{"@type":"Article","@id":"https:\/\/inclusivenews.com.br\/?p=14116#article","isPartOf":{"@id":"https:\/\/inclusivenews.com.br\/?p=14116"},"author":{"name":"inclusivenews2024","@id":"https:\/\/inclusivenews.com.br\/#\/schema\/person\/ae4ec7087559b8692fb33b6fffd2273b"},"headline":"Trabalho da Pastoral da Crian\u00e7a em debate no Canal Sa\u00fade","datePublished":"2010-02-26T17:41:24+00:00","mainEntityOfPage":{"@id":"https:\/\/inclusivenews.com.br\/?p=14116"},"wordCount":391,"commentCount":4,"publisher":{"@id":"https:\/\/inclusivenews.com.br\/#organization"},"image":{"@id":"https:\/\/inclusivenews.com.br\/?p=14116#primaryimage"},"thumbnailUrl":"http:\/\/inclusivenews.com.br\/wp-content\/uploads\/2010\/02\/pastoral-300x248.jpg","articleSection":["DIREITOS HUMANOS","Filmes e m\u00eddias","INCLUS\u00c3O SOCIAL","NOT\u00cdCIAS","Sa\u00fade"],"inLanguage":"pt-PT","potentialAction":[{"@type":"CommentAction","name":"Comment","target":["https:\/\/inclusivenews.com.br\/?p=14116#respond"]}]},{"@type":"WebPage","@id":"https:\/\/inclusivenews.com.br\/?p=14116","url":"https:\/\/inclusivenews.com.br\/?p=14116","name":"Trabalho da Pastoral da Crian\u00e7a em debate no Canal Sa\u00fade -","isPartOf":{"@id":"https:\/\/inclusivenews.com.br\/#website"},"primaryImageOfPage":{"@id":"https:\/\/inclusivenews.com.br\/?p=14116#primaryimage"},"image":{"@id":"https:\/\/inclusivenews.com.br\/?p=14116#primaryimage"},"thumbnailUrl":"http:\/\/inclusivenews.com.br\/wp-content\/uploads\/2010\/02\/pastoral-300x248.jpg","datePublished":"2010-02-26T17:41:24+00:00","breadcrumb":{"@id":"https:\/\/inclusivenews.com.br\/?p=14116#breadcrumb"},"inLanguage":"pt-PT","potentialAction":[{"@type":"ReadAction","target":["https:\/\/inclusivenews.com.br\/?p=14116"]}]},{"@type":"ImageObject","inLanguage":"pt-PT","@id":"https:\/\/inclusivenews.com.br\/?p=14116#primaryimage","url":"","contentUrl":""},{"@type":"BreadcrumbList","@id":"https:\/\/inclusivenews.com.br\/?p=14116#breadcrumb","itemListElement":[{"@type":"ListItem","position":1,"name":"In\u00edcio","item":"https:\/\/inclusivenews.com.br\/"},{"@type":"ListItem","position":2,"name":"Trabalho da Pastoral da Crian\u00e7a em debate no Canal Sa\u00fade"}]},{"@type":"WebSite","@id":"https:\/\/inclusivenews.com.br\/#website","url":"https:\/\/inclusivenews.com.br\/","name":"Inclusive News","description":"Inclusive News","publisher":{"@id":"https:\/\/inclusivenews.com.br\/#organization"},"potentialAction":[{"@type":"SearchAction","target":{"@type":"EntryPoint","urlTemplate":"https:\/\/inclusivenews.com.br\/?s={search_term_string}"},"query-input":{"@type":"PropertyValueSpecification","valueRequired":true,"valueName":"search_term_string"}}],"inLanguage":"pt-PT"},{"@type":"Organization","@id":"https:\/\/inclusivenews.com.br\/#organization","name":"Inclusive - inclus\u00e3o e cidadania","url":"https:\/\/inclusivenews.com.br\/","logo":{"@type":"ImageObject","inLanguage":"pt-PT","@id":"https:\/\/inclusivenews.com.br\/#\/schema\/logo\/image\/","url":"https:\/\/inclusivenews.com.br\/wp-content\/uploads\/2024\/03\/@grandesite.png","contentUrl":"https:\/\/inclusivenews.com.br\/wp-content\/uploads\/2024\/03\/@grandesite.png","width":1080,"height":1080,"caption":"Inclusive - inclus\u00e3o e cidadania"},"image":{"@id":"https:\/\/inclusivenews.com.br\/#\/schema\/logo\/image\/"},"sameAs":["https:\/\/www.facebook.com\/agenciainclusive\/","https:\/\/www.instagram.com\/newsinclusive\/"]},{"@type":"Person","@id":"https:\/\/inclusivenews.com.br\/#\/schema\/person\/ae4ec7087559b8692fb33b6fffd2273b","name":"inclusivenews2024","image":{"@type":"ImageObject","inLanguage":"pt-PT","@id":"https:\/\/secure.gravatar.com\/avatar\/c5a7ef84c66fa914f55bc4f7ce26cfa275a3b9a1c5568b907bd184fb4dde7b40?s=96&d=mm&r=g","url":"https:\/\/secure.gravatar.com\/avatar\/c5a7ef84c66fa914f55bc4f7ce26cfa275a3b9a1c5568b907bd184fb4dde7b40?s=96&d=mm&r=g","contentUrl":"https:\/\/secure.gravatar.com\/avatar\/c5a7ef84c66fa914f55bc4f7ce26cfa275a3b9a1c5568b907bd184fb4dde7b40?s=96&d=mm&r=g","caption":"inclusivenews2024"},"sameAs":["https:\/\/inclusivenews.com.br"],"url":"https:\/\/inclusivenews.com.br\/?author=1"}]}},"_links":{"self":[{"href":"https:\/\/inclusivenews.com.br\/index.php?rest_route=\/wp\/v2\/posts\/14116","targetHints":{"allow":["GET"]}}],"collection":[{"href":"https:\/\/inclusivenews.com.br\/index.php?rest_route=\/wp\/v2\/posts"}],"about":[{"href":"https:\/\/inclusivenews.com.br\/index.php?rest_route=\/wp\/v2\/types\/post"}],"author":[{"embeddable":true,"href":"https:\/\/inclusivenews.com.br\/index.php?rest_route=\/wp\/v2\/users\/1"}],"replies":[{"embeddable":true,"href":"https:\/\/inclusivenews.com.br\/index.php?rest_route=%2Fwp%2Fv2%2Fcomments&post=14116"}],"version-history":[{"count":0,"href":"https:\/\/inclusivenews.com.br\/index.php?rest_route=\/wp\/v2\/posts\/14116\/revisions"}],"wp:attachment":[{"href":"https:\/\/inclusivenews.com.br\/index.php?rest_route=%2Fwp%2Fv2%2Fmedia&parent=14116"}],"wp:term":[{"taxonomy":"category","embeddable":true,"href":"https:\/\/inclusivenews.com.br\/index.php?rest_route=%2Fwp%2Fv2%2Fcategories&post=14116"},{"taxonomy":"post_tag","embeddable":true,"href":"https:\/\/inclusivenews.com.br\/index.php?rest_route=%2Fwp%2Fv2%2Ftags&post=14116"}],"curies":[{"name":"wp","href":"https:\/\/api.w.org\/{rel}","templated":true}]}}