{"id":14136,"date":"2010-02-27T14:59:54","date_gmt":"2010-02-27T17:59:54","guid":{"rendered":"http:\/\/www.inclusive.org.br\/?p=14136"},"modified":"2010-02-27T14:59:54","modified_gmt":"2010-02-27T17:59:54","slug":"curso-e-site-de-empregos-facilitam-a-contratacao-de-pessoas-com-deficiencia","status":"publish","type":"post","link":"https:\/\/inclusivenews.com.br\/?p=14136","title":{"rendered":"Curso e site de empregos facilitam a contrata\u00e7\u00e3o de pessoas com defici\u00eancia"},"content":{"rendered":"<figure id=\"attachment_14137\" aria-describedby=\"caption-attachment-14137\" style=\"width: 154px\" class=\"wp-caption alignnone\"><a href=\"http:\/\/www.inclusivenews.com.br\/wp-content\/uploads\/2010\/02\/cart-trabalho.jpg\"><img loading=\"lazy\" decoding=\"async\" class=\"size-full wp-image-14137\" title=\"cart-trabalho\" src=\"http:\/\/inclusivenews.com.br\/wp-content\/uploads\/2010\/02\/cart-trabalho.jpg\" alt=\"\" width=\"154\" height=\"181\" \/><\/a><figcaption id=\"caption-attachment-14137\" class=\"wp-caption-text\">Carteira de trabalho<\/figcaption><\/figure>\n<p>Os principais entraves ainda se concentram na falta de qualifica\u00e7\u00e3o e em como localizar as pessoas com defici\u00eancia que procuram emprego.<\/p>\n<p>A reserva de vagas e a contrata\u00e7\u00e3o de pessoas com defici\u00eancia por empresas com mais de 100 funcion\u00e1rios, impostas pela Lei 8.213\/91, n\u00e3o tem sido tarefa f\u00e1cil de ser cumprida pelos departamentos de recursos humanos de empresas. Os principais entraves ainda se concentram na falta de qualifica\u00e7\u00e3o e em como localizar as pessoas com defici\u00eancia que procuram emprego.<\/p>\n<p>De acordo com o Censo 2000, do IBGE (Instituto Brasileiro de Geografia e Estat\u00edstica), 14,5% da popula\u00e7\u00e3o brasileira, ou 24,6 milh\u00f5es de pessoas, \u00e9 portadora de defici\u00eancia. Isto significa que, em cada 100 brasileiros, no m\u00ednimo, 14 apresentam alguma limita\u00e7\u00e3o f\u00edsica ou sensorial. Pessoas com mais de 40 anos representam 64% do total de deficientes. Os mais jovens, com idades entre 20 e 39 anos, representam 21,8%.<\/p>\n<p>Segundo Superintend\u00eancia Regional do Trabalho no Estado de S\u00e3o Paulo, em 2001 havia somente 601 pessoas com defici\u00eancia formalmente contratadas no estado. Em 1999, com a regulamenta\u00e7\u00e3o da Lei de Cotas, a situa\u00e7\u00e3o come\u00e7ou a mudar. Dados de 2009 indicam 102 mil pessoas com defici\u00eancia integradas ao mundo corporativo em S\u00e3o Paulo.<\/p>\n<p>Mas a situa\u00e7\u00e3o ainda est\u00e1 longe da ideal. Para fazer frente \u00e0s dificuldades, o Selur (Sindicato das Empresas de Limpeza Urbana de S\u00e3o Paulo), que representa 57 empresas que atuam na limpeza urbana, foi atr\u00e1s de alternativas para ajudar nas duas pontas. Em 2009, lan\u00e7ou o site <a href=\"http:\/\/www.selursocial.org.br\/\">www.selursocial.org.br<\/a>, uma iniciativa que visa colaborar para a inser\u00e7\u00e3o de pessoas com defici\u00eancia no mercado de trabalho. Desenvolvido seguindo recomenda\u00e7\u00f5es internacionais de acessibilidade, o site permite que pessoas com defici\u00eancia possam cadastrar seu curr\u00edculo e consultar oportunidades de emprego de forma totalmente gratuita e sem a ajuda de terceiros.<\/p>\n<p>Outra iniciativa \u00e9 a capacita\u00e7\u00e3o para surdos e deficientes f\u00edsicos. Desde 2008, o Selur patrocina o &#8220;Programa de Aprendizagem Profissional para Surdos e Deficientes F\u00edsicos&#8221;, promovido pela Funda\u00e7\u00e3o de Rotarianos de S\u00e3o Paulo e realizado no Centro Profissionalizante Rio Branco &#8211; CEPRO, em S\u00e3o Paulo. O curso dura 400 horas de aula e \u00e9 desenvolvido ao longo de um semestre. Com aulas \u00e0 tarde, propicia a pessoas com defici\u00eancia desenvolver habilidades para a vida, aprender no\u00e7\u00f5es administrativas e de atendimento e refor\u00e7ar conhecimentos de inform\u00e1tica, portugu\u00eas e matem\u00e1tica. &#8220;Nosso intuito \u00e9 formar para incluir. Com isso, abrimos os caminhos para pessoas que tem muito potencial, mas n\u00e3o tinham oportunidade&#8221;, diz Ariovaldo Caodaglio, presidente do Selur.<\/p>\n<p>O cadeirante Renato dos Santos \u00e9 um benefici\u00e1rio do programa. Ele tinha cursado at\u00e9 a oitava s\u00e9rie e n\u00e3o encontrava trabalho. Em um site de buscas encontrou o programa e n\u00e3o perdeu tempo: entrou na primeira turma em 2009. &#8220;Nas aulas, descobri habilidades que achava que n\u00e3o tinha. Aprendi como me comunicar bem nas aulas pr\u00e1ticas e muito do que aprendi no curso, aplico hoje no meu trabalho&#8221;, comenta. Depois de concluir o curso, Renato cadastrou seu curr\u00edculo no site Selur Social e logo foi chamado para trabalhar no departamento de Recursos Humanos de um banco. Renato cursou o supletivo e acaba de ganhar uma bolsa de estudos da empresa onde trabalha para continuar os estudos. &#8220;Com a bolsa, vou entrar na faculdade de Direito&#8221;, comemora.<\/p>\n<p>Desde que a parceria foi firmada, em 2008, mais de 70 pessoas com defici\u00eancia j\u00e1 passaram pelo programa de capacita\u00e7\u00e3o. A iniciativa de inclus\u00e3o social foi premiada no ano passado pela Anamatra, associa\u00e7\u00e3o que re\u00fane ju\u00edzes do trabalho. &#8220;Este pr\u00eamio \u00e9 o reconhecimento de que o curso tem cumprido os objetivos de inclus\u00e3o social&#8221;, afirma Ariovaldo.<\/p>\n<p>Informa\u00e7\u00f5es sobre o programa: <a href=\"http:\/\/www.cepro.org.br\/\">www.cepro.org.br<\/a><\/p>\n","protected":false},"excerpt":{"rendered":"<p>Os principais entraves ainda se concentram na falta de qualifica\u00e7\u00e3o e em como localizar as pessoas com defici\u00eancia que procuram emprego. A reserva de vagas e a contrata\u00e7\u00e3o de pessoas com defici\u00eancia por empresas com mais de 100 funcion\u00e1rios, impostas pela Lei 8.213\/91, n\u00e3o tem sido tarefa f\u00e1cil de ser cumprida pelos departamentos de recursos [&hellip;]<\/p>\n","protected":false},"author":1,"featured_media":0,"comment_status":"open","ping_status":"open","sticky":false,"template":"","format":"standard","meta":{"site-container-style":"default","site-container-layout":"default","site-sidebar-layout":"default","disable-article-header":"default","disable-site-header":"default","disable-site-footer":"default","disable-content-area-spacing":"default","footnotes":""},"categories":[44,12,48,46,4],"tags":[],"class_list":["post-14136","post","type-post","status-publish","format-standard","hentry","category-acessibilidade","category-cursos-e-eventos","category-inclusao","category-mercado-de-trabalho","category-noticias"],"yoast_head":"<!-- This site is optimized with the Yoast SEO plugin v27.4 - https:\/\/yoast.com\/product\/yoast-seo-wordpress\/ -->\n<title>Curso e site de empregos facilitam a contrata\u00e7\u00e3o de pessoas com defici\u00eancia -<\/title>\n<meta name=\"robots\" content=\"index, follow, max-snippet:-1, max-image-preview:large, max-video-preview:-1\" \/>\n<link rel=\"canonical\" href=\"https:\/\/inclusivenews.com.br\/?p=14136\" \/>\n<meta property=\"og:locale\" content=\"pt_PT\" \/>\n<meta property=\"og:type\" content=\"article\" \/>\n<meta property=\"og:title\" content=\"Curso e site de empregos facilitam a contrata\u00e7\u00e3o de pessoas com defici\u00eancia -\" \/>\n<meta property=\"og:description\" content=\"Os principais entraves ainda se concentram na falta de qualifica\u00e7\u00e3o e em como localizar as pessoas com defici\u00eancia que procuram emprego. A reserva de vagas e a contrata\u00e7\u00e3o de pessoas com defici\u00eancia por empresas com mais de 100 funcion\u00e1rios, impostas pela Lei 8.213\/91, n\u00e3o tem sido tarefa f\u00e1cil de ser cumprida pelos departamentos de recursos [&hellip;]\" \/>\n<meta property=\"og:url\" content=\"https:\/\/inclusivenews.com.br\/?p=14136\" \/>\n<meta property=\"article:publisher\" content=\"https:\/\/www.facebook.com\/agenciainclusive\/\" \/>\n<meta property=\"article:published_time\" content=\"2010-02-27T17:59:54+00:00\" \/>\n<meta property=\"og:image\" content=\"http:\/\/inclusivenews.com.br\/wp-content\/uploads\/2010\/02\/cart-trabalho.jpg\" \/>\n<meta name=\"author\" content=\"inclusivenews2024\" \/>\n<meta name=\"twitter:card\" content=\"summary_large_image\" \/>\n<meta name=\"twitter:label1\" content=\"Escrito por\" \/>\n\t<meta name=\"twitter:data1\" content=\"inclusivenews2024\" \/>\n\t<meta name=\"twitter:label2\" content=\"Tempo estimado de leitura\" \/>\n\t<meta name=\"twitter:data2\" content=\"3 minutos\" \/>\n<script type=\"application\/ld+json\" class=\"yoast-schema-graph\">{\"@context\":\"https:\\\/\\\/schema.org\",\"@graph\":[{\"@type\":\"Article\",\"@id\":\"https:\\\/\\\/inclusivenews.com.br\\\/?p=14136#article\",\"isPartOf\":{\"@id\":\"https:\\\/\\\/inclusivenews.com.br\\\/?p=14136\"},\"author\":{\"name\":\"inclusivenews2024\",\"@id\":\"https:\\\/\\\/inclusivenews.com.br\\\/#\\\/schema\\\/person\\\/ae4ec7087559b8692fb33b6fffd2273b\"},\"headline\":\"Curso e site de empregos facilitam a contrata\u00e7\u00e3o de pessoas com defici\u00eancia\",\"datePublished\":\"2010-02-27T17:59:54+00:00\",\"mainEntityOfPage\":{\"@id\":\"https:\\\/\\\/inclusivenews.com.br\\\/?p=14136\"},\"wordCount\":658,\"commentCount\":1,\"publisher\":{\"@id\":\"https:\\\/\\\/inclusivenews.com.br\\\/#organization\"},\"image\":{\"@id\":\"https:\\\/\\\/inclusivenews.com.br\\\/?p=14136#primaryimage\"},\"thumbnailUrl\":\"http:\\\/\\\/inclusivenews.com.br\\\/wp-content\\\/uploads\\\/2010\\\/02\\\/cart-trabalho.jpg\",\"articleSection\":[\"ACESSIBILIDADE\",\"Cursos e eventos\",\"INCLUS\u00c3O SOCIAL\",\"Mercado de Trabalho\",\"NOT\u00cdCIAS\"],\"inLanguage\":\"pt-PT\",\"potentialAction\":[{\"@type\":\"CommentAction\",\"name\":\"Comment\",\"target\":[\"https:\\\/\\\/inclusivenews.com.br\\\/?p=14136#respond\"]}]},{\"@type\":\"WebPage\",\"@id\":\"https:\\\/\\\/inclusivenews.com.br\\\/?p=14136\",\"url\":\"https:\\\/\\\/inclusivenews.com.br\\\/?p=14136\",\"name\":\"Curso e site de empregos facilitam a contrata\u00e7\u00e3o de pessoas com defici\u00eancia -\",\"isPartOf\":{\"@id\":\"https:\\\/\\\/inclusivenews.com.br\\\/#website\"},\"primaryImageOfPage\":{\"@id\":\"https:\\\/\\\/inclusivenews.com.br\\\/?p=14136#primaryimage\"},\"image\":{\"@id\":\"https:\\\/\\\/inclusivenews.com.br\\\/?p=14136#primaryimage\"},\"thumbnailUrl\":\"http:\\\/\\\/inclusivenews.com.br\\\/wp-content\\\/uploads\\\/2010\\\/02\\\/cart-trabalho.jpg\",\"datePublished\":\"2010-02-27T17:59:54+00:00\",\"breadcrumb\":{\"@id\":\"https:\\\/\\\/inclusivenews.com.br\\\/?p=14136#breadcrumb\"},\"inLanguage\":\"pt-PT\",\"potentialAction\":[{\"@type\":\"ReadAction\",\"target\":[\"https:\\\/\\\/inclusivenews.com.br\\\/?p=14136\"]}]},{\"@type\":\"ImageObject\",\"inLanguage\":\"pt-PT\",\"@id\":\"https:\\\/\\\/inclusivenews.com.br\\\/?p=14136#primaryimage\",\"url\":\"\",\"contentUrl\":\"\"},{\"@type\":\"BreadcrumbList\",\"@id\":\"https:\\\/\\\/inclusivenews.com.br\\\/?p=14136#breadcrumb\",\"itemListElement\":[{\"@type\":\"ListItem\",\"position\":1,\"name\":\"In\u00edcio\",\"item\":\"https:\\\/\\\/inclusivenews.com.br\\\/\"},{\"@type\":\"ListItem\",\"position\":2,\"name\":\"Curso e site de empregos facilitam a contrata\u00e7\u00e3o de pessoas com defici\u00eancia\"}]},{\"@type\":\"WebSite\",\"@id\":\"https:\\\/\\\/inclusivenews.com.br\\\/#website\",\"url\":\"https:\\\/\\\/inclusivenews.com.br\\\/\",\"name\":\"Inclusive News\",\"description\":\"Inclusive News\",\"publisher\":{\"@id\":\"https:\\\/\\\/inclusivenews.com.br\\\/#organization\"},\"potentialAction\":[{\"@type\":\"SearchAction\",\"target\":{\"@type\":\"EntryPoint\",\"urlTemplate\":\"https:\\\/\\\/inclusivenews.com.br\\\/?s={search_term_string}\"},\"query-input\":{\"@type\":\"PropertyValueSpecification\",\"valueRequired\":true,\"valueName\":\"search_term_string\"}}],\"inLanguage\":\"pt-PT\"},{\"@type\":\"Organization\",\"@id\":\"https:\\\/\\\/inclusivenews.com.br\\\/#organization\",\"name\":\"Inclusive - inclus\u00e3o e cidadania\",\"url\":\"https:\\\/\\\/inclusivenews.com.br\\\/\",\"logo\":{\"@type\":\"ImageObject\",\"inLanguage\":\"pt-PT\",\"@id\":\"https:\\\/\\\/inclusivenews.com.br\\\/#\\\/schema\\\/logo\\\/image\\\/\",\"url\":\"https:\\\/\\\/inclusivenews.com.br\\\/wp-content\\\/uploads\\\/2024\\\/03\\\/@grandesite.png\",\"contentUrl\":\"https:\\\/\\\/inclusivenews.com.br\\\/wp-content\\\/uploads\\\/2024\\\/03\\\/@grandesite.png\",\"width\":1080,\"height\":1080,\"caption\":\"Inclusive - inclus\u00e3o e cidadania\"},\"image\":{\"@id\":\"https:\\\/\\\/inclusivenews.com.br\\\/#\\\/schema\\\/logo\\\/image\\\/\"},\"sameAs\":[\"https:\\\/\\\/www.facebook.com\\\/agenciainclusive\\\/\",\"https:\\\/\\\/www.instagram.com\\\/newsinclusive\\\/\"]},{\"@type\":\"Person\",\"@id\":\"https:\\\/\\\/inclusivenews.com.br\\\/#\\\/schema\\\/person\\\/ae4ec7087559b8692fb33b6fffd2273b\",\"name\":\"inclusivenews2024\",\"image\":{\"@type\":\"ImageObject\",\"inLanguage\":\"pt-PT\",\"@id\":\"https:\\\/\\\/secure.gravatar.com\\\/avatar\\\/c5a7ef84c66fa914f55bc4f7ce26cfa275a3b9a1c5568b907bd184fb4dde7b40?s=96&d=mm&r=g\",\"url\":\"https:\\\/\\\/secure.gravatar.com\\\/avatar\\\/c5a7ef84c66fa914f55bc4f7ce26cfa275a3b9a1c5568b907bd184fb4dde7b40?s=96&d=mm&r=g\",\"contentUrl\":\"https:\\\/\\\/secure.gravatar.com\\\/avatar\\\/c5a7ef84c66fa914f55bc4f7ce26cfa275a3b9a1c5568b907bd184fb4dde7b40?s=96&d=mm&r=g\",\"caption\":\"inclusivenews2024\"},\"sameAs\":[\"https:\\\/\\\/inclusivenews.com.br\"],\"url\":\"https:\\\/\\\/inclusivenews.com.br\\\/?author=1\"}]}<\/script>\n<!-- \/ Yoast SEO plugin. -->","yoast_head_json":{"title":"Curso e site de empregos facilitam a contrata\u00e7\u00e3o de pessoas com defici\u00eancia -","robots":{"index":"index","follow":"follow","max-snippet":"max-snippet:-1","max-image-preview":"max-image-preview:large","max-video-preview":"max-video-preview:-1"},"canonical":"https:\/\/inclusivenews.com.br\/?p=14136","og_locale":"pt_PT","og_type":"article","og_title":"Curso e site de empregos facilitam a contrata\u00e7\u00e3o de pessoas com defici\u00eancia -","og_description":"Os principais entraves ainda se concentram na falta de qualifica\u00e7\u00e3o e em como localizar as pessoas com defici\u00eancia que procuram emprego. A reserva de vagas e a contrata\u00e7\u00e3o de pessoas com defici\u00eancia por empresas com mais de 100 funcion\u00e1rios, impostas pela Lei 8.213\/91, n\u00e3o tem sido tarefa f\u00e1cil de ser cumprida pelos departamentos de recursos [&hellip;]","og_url":"https:\/\/inclusivenews.com.br\/?p=14136","article_publisher":"https:\/\/www.facebook.com\/agenciainclusive\/","article_published_time":"2010-02-27T17:59:54+00:00","og_image":[{"url":"http:\/\/inclusivenews.com.br\/wp-content\/uploads\/2010\/02\/cart-trabalho.jpg","type":"","width":"","height":""}],"author":"inclusivenews2024","twitter_card":"summary_large_image","twitter_misc":{"Escrito por":"inclusivenews2024","Tempo estimado de leitura":"3 minutos"},"schema":{"@context":"https:\/\/schema.org","@graph":[{"@type":"Article","@id":"https:\/\/inclusivenews.com.br\/?p=14136#article","isPartOf":{"@id":"https:\/\/inclusivenews.com.br\/?p=14136"},"author":{"name":"inclusivenews2024","@id":"https:\/\/inclusivenews.com.br\/#\/schema\/person\/ae4ec7087559b8692fb33b6fffd2273b"},"headline":"Curso e site de empregos facilitam a contrata\u00e7\u00e3o de pessoas com defici\u00eancia","datePublished":"2010-02-27T17:59:54+00:00","mainEntityOfPage":{"@id":"https:\/\/inclusivenews.com.br\/?p=14136"},"wordCount":658,"commentCount":1,"publisher":{"@id":"https:\/\/inclusivenews.com.br\/#organization"},"image":{"@id":"https:\/\/inclusivenews.com.br\/?p=14136#primaryimage"},"thumbnailUrl":"http:\/\/inclusivenews.com.br\/wp-content\/uploads\/2010\/02\/cart-trabalho.jpg","articleSection":["ACESSIBILIDADE","Cursos e eventos","INCLUS\u00c3O SOCIAL","Mercado de Trabalho","NOT\u00cdCIAS"],"inLanguage":"pt-PT","potentialAction":[{"@type":"CommentAction","name":"Comment","target":["https:\/\/inclusivenews.com.br\/?p=14136#respond"]}]},{"@type":"WebPage","@id":"https:\/\/inclusivenews.com.br\/?p=14136","url":"https:\/\/inclusivenews.com.br\/?p=14136","name":"Curso e site de empregos facilitam a contrata\u00e7\u00e3o de pessoas com defici\u00eancia -","isPartOf":{"@id":"https:\/\/inclusivenews.com.br\/#website"},"primaryImageOfPage":{"@id":"https:\/\/inclusivenews.com.br\/?p=14136#primaryimage"},"image":{"@id":"https:\/\/inclusivenews.com.br\/?p=14136#primaryimage"},"thumbnailUrl":"http:\/\/inclusivenews.com.br\/wp-content\/uploads\/2010\/02\/cart-trabalho.jpg","datePublished":"2010-02-27T17:59:54+00:00","breadcrumb":{"@id":"https:\/\/inclusivenews.com.br\/?p=14136#breadcrumb"},"inLanguage":"pt-PT","potentialAction":[{"@type":"ReadAction","target":["https:\/\/inclusivenews.com.br\/?p=14136"]}]},{"@type":"ImageObject","inLanguage":"pt-PT","@id":"https:\/\/inclusivenews.com.br\/?p=14136#primaryimage","url":"","contentUrl":""},{"@type":"BreadcrumbList","@id":"https:\/\/inclusivenews.com.br\/?p=14136#breadcrumb","itemListElement":[{"@type":"ListItem","position":1,"name":"In\u00edcio","item":"https:\/\/inclusivenews.com.br\/"},{"@type":"ListItem","position":2,"name":"Curso e site de empregos facilitam a contrata\u00e7\u00e3o de pessoas com defici\u00eancia"}]},{"@type":"WebSite","@id":"https:\/\/inclusivenews.com.br\/#website","url":"https:\/\/inclusivenews.com.br\/","name":"Inclusive News","description":"Inclusive News","publisher":{"@id":"https:\/\/inclusivenews.com.br\/#organization"},"potentialAction":[{"@type":"SearchAction","target":{"@type":"EntryPoint","urlTemplate":"https:\/\/inclusivenews.com.br\/?s={search_term_string}"},"query-input":{"@type":"PropertyValueSpecification","valueRequired":true,"valueName":"search_term_string"}}],"inLanguage":"pt-PT"},{"@type":"Organization","@id":"https:\/\/inclusivenews.com.br\/#organization","name":"Inclusive - inclus\u00e3o e cidadania","url":"https:\/\/inclusivenews.com.br\/","logo":{"@type":"ImageObject","inLanguage":"pt-PT","@id":"https:\/\/inclusivenews.com.br\/#\/schema\/logo\/image\/","url":"https:\/\/inclusivenews.com.br\/wp-content\/uploads\/2024\/03\/@grandesite.png","contentUrl":"https:\/\/inclusivenews.com.br\/wp-content\/uploads\/2024\/03\/@grandesite.png","width":1080,"height":1080,"caption":"Inclusive - inclus\u00e3o e cidadania"},"image":{"@id":"https:\/\/inclusivenews.com.br\/#\/schema\/logo\/image\/"},"sameAs":["https:\/\/www.facebook.com\/agenciainclusive\/","https:\/\/www.instagram.com\/newsinclusive\/"]},{"@type":"Person","@id":"https:\/\/inclusivenews.com.br\/#\/schema\/person\/ae4ec7087559b8692fb33b6fffd2273b","name":"inclusivenews2024","image":{"@type":"ImageObject","inLanguage":"pt-PT","@id":"https:\/\/secure.gravatar.com\/avatar\/c5a7ef84c66fa914f55bc4f7ce26cfa275a3b9a1c5568b907bd184fb4dde7b40?s=96&d=mm&r=g","url":"https:\/\/secure.gravatar.com\/avatar\/c5a7ef84c66fa914f55bc4f7ce26cfa275a3b9a1c5568b907bd184fb4dde7b40?s=96&d=mm&r=g","contentUrl":"https:\/\/secure.gravatar.com\/avatar\/c5a7ef84c66fa914f55bc4f7ce26cfa275a3b9a1c5568b907bd184fb4dde7b40?s=96&d=mm&r=g","caption":"inclusivenews2024"},"sameAs":["https:\/\/inclusivenews.com.br"],"url":"https:\/\/inclusivenews.com.br\/?author=1"}]}},"_links":{"self":[{"href":"https:\/\/inclusivenews.com.br\/index.php?rest_route=\/wp\/v2\/posts\/14136","targetHints":{"allow":["GET"]}}],"collection":[{"href":"https:\/\/inclusivenews.com.br\/index.php?rest_route=\/wp\/v2\/posts"}],"about":[{"href":"https:\/\/inclusivenews.com.br\/index.php?rest_route=\/wp\/v2\/types\/post"}],"author":[{"embeddable":true,"href":"https:\/\/inclusivenews.com.br\/index.php?rest_route=\/wp\/v2\/users\/1"}],"replies":[{"embeddable":true,"href":"https:\/\/inclusivenews.com.br\/index.php?rest_route=%2Fwp%2Fv2%2Fcomments&post=14136"}],"version-history":[{"count":0,"href":"https:\/\/inclusivenews.com.br\/index.php?rest_route=\/wp\/v2\/posts\/14136\/revisions"}],"wp:attachment":[{"href":"https:\/\/inclusivenews.com.br\/index.php?rest_route=%2Fwp%2Fv2%2Fmedia&parent=14136"}],"wp:term":[{"taxonomy":"category","embeddable":true,"href":"https:\/\/inclusivenews.com.br\/index.php?rest_route=%2Fwp%2Fv2%2Fcategories&post=14136"},{"taxonomy":"post_tag","embeddable":true,"href":"https:\/\/inclusivenews.com.br\/index.php?rest_route=%2Fwp%2Fv2%2Ftags&post=14136"}],"curies":[{"name":"wp","href":"https:\/\/api.w.org\/{rel}","templated":true}]}}