{"id":14152,"date":"2010-02-28T11:12:09","date_gmt":"2010-02-28T14:12:09","guid":{"rendered":"http:\/\/www.inclusive.org.br\/?p=14152"},"modified":"2010-02-28T11:12:09","modified_gmt":"2010-02-28T14:12:09","slug":"desenho-uma-familia-da-pesada-irrita-sarah-palin","status":"publish","type":"post","link":"https:\/\/inclusivenews.com.br\/?p=14152","title":{"rendered":"Desenho &quot;Uma Fam\u00edlia da Pesada&quot; irrita Sarah Palin"},"content":{"rendered":"<div><span style=\"font-family: Arial; font-size: x-small;\"><\/p>\n<figure id=\"attachment_14153\" aria-describedby=\"caption-attachment-14153\" style=\"width: 480px\" class=\"wp-caption aligncenter\"><a href=\"http:\/\/www.inclusivenews.com.br\/wp-content\/uploads\/2010\/02\/family-guy.jpg\"><img loading=\"lazy\" decoding=\"async\" class=\"size-full wp-image-14153\" title=\"family guy\" src=\"http:\/\/inclusivenews.com.br\/wp-content\/uploads\/2010\/02\/family-guy.jpg\" alt=\"\" width=\"480\" height=\"270\" \/><\/a><figcaption id=\"caption-attachment-14153\" class=\"wp-caption-text\">Personagem com s\u00edndrome de Down do seriado animado Fam\u00edlia da Pesada<\/figcaption><\/figure>\n<p>Ex-governadora do Alasca reclamou, pela internet, de epis\u00f3dio da anima\u00e7\u00e3o que mostra garota com s\u00edndrome de Down<\/p>\n<p><\/span><\/div>\n<div><span style=\"font-family: Arial; font-size: x-small;\">Americana tem filho portador da defici\u00eancia e j\u00e1 foi criticada pelo criador da anima\u00e7\u00e3o; FX e Globo exibem a s\u00e9rie no Brasil<\/span><\/div>\n<div><span style=\"font-family: Arial; font-size: x-small;\">L\u00daCIA VALENTIM RODRIGUES<br \/>\nDA REPORTAGEM LOCAL<\/span><\/div>\n<div><span style=\"font-family: Arial; font-size: x-small;\">A anima\u00e7\u00e3o tem um novo provocador no peda\u00e7o. Com &#8220;Uma Fam\u00edlia da Pesada&#8221;, Seth MacFarlane, 36, quer tomar o lugar de &#8220;Os Simpsons&#8221; na longevidade e nas pol\u00eamicas.<br \/>\nA pol\u00edtica Sarah Palin foi a sua v\u00edtima mais recente. No epis\u00f3dio exibido nos EUA no dia 14, o seriado colocou uma garota com s\u00edndrome de Down na escola de Chris, o filho mais abobalhado da fam\u00edlia Griffin.<br \/>\n&#8220;Ela n\u00e3o \u00e9 especial?&#8221;, pergunta o jovem, apaixonado por ela e &#8220;seus olhos arredondados&#8221; . Saem para jantar e ela se revela abusivamente mandona. Sem mencionar nomes, fala sobre sua vida: o pai \u00e9 contador; a m\u00e3e, ex-governadora do Alasca.<br \/>\n&#8220;Bem legal&#8221;, responde Chris. J\u00e1 Palin n\u00e3o achou t\u00e3o divertido. Ela deixou o cargo no Alasca no ano passado e tamb\u00e9m tem um filho com s\u00edndrome de Down, Trig, de quase dois anos. No site Facebook, descreveu sua decep\u00e7\u00e3o: &#8220;Foi um chute no est\u00f4mago&#8221;.<br \/>\nEla pediu \u00e0 sua filha Bristol que comentasse o assunto: &#8220;Quando se \u00e9 filho de uma figura p\u00fablica, voc\u00ea tem de desenvolver uma casca grossa. Eu e meus irm\u00e3os temos isso, mas insultos dirigidos a nosso irm\u00e3o mais novo nos machucaram muito para ficarmos quietos. Pessoas com necessidades especiais enfrentam desafios com os quais muitos de n\u00f3s nunca v\u00e3o se confrontar (&#8230;).<br \/>\nPor que algu\u00e9m ia querer dificultar ainda mais as coisas ao ca\u00e7oar delas?&#8221;. &#8220;Se os roteiristas de um desenho particularmente pat\u00e9tico pensaram que estavam sendo inteligentes ao zombar do meu irm\u00e3o e da minha fam\u00edlia, eles falharam. Tudo o que eles provaram \u00e9 que s\u00e3o uns idiotas sem cora\u00e7\u00e3o.&#8221;<br \/>\nAo jornal &#8220;Los Angeles Times&#8221;, o criador, Seth MacFarlane, disse que &#8220;a s\u00e1tira \u00e9 a base do humor do programa&#8221;.<br \/>\nAndrea Fay Friedman, 39, que tamb\u00e9m tem s\u00edndrome de Down e dubla a personagem no epis\u00f3dio, saiu em defesa do seriado. &#8220;Acho que Sarah Palin n\u00e3o tem senso de humor. Achei a piada boa. Na minha fam\u00edlia, achamos que rir \u00e9 bom. Meus pais me criaram para ter senso de humor e viver normalmente&#8221; , disse ao &#8220;New York Times&#8221;.<br \/>\nO rancor de Palin pode ter origens mais profundas. Afinal, n\u00e3o foi a primeira vez que ela foi o alvo das piadas. Na temporada passada, o ca\u00e7ula Stewie e o c\u00e3o Brian se disfar\u00e7am de nazistas. Incr\u00e9dulos, olham para um uniforme da SS com um broche da campanha de John McCain e Palin \u00e0 Presid\u00eancia.<br \/>\nA Globo exibe a anima\u00e7\u00e3o (atualmente na oitava temporada) de madrugada, ap\u00f3s o &#8220;Altas Horas&#8221;. Na TV paga, o FX estreia a nona temporada, com este epis\u00f3dio, em abril.<br \/>\nA ex-governadora que se cuide. Com cita\u00e7\u00f5es que v\u00e3o desde o fil\u00f3sofo anarquista Henry David Thoreau at\u00e9 o filme &#8220;De Volta para o Futuro&#8221;, MacFarlane n\u00e3o vai parar por a\u00ed. Ainda mais ap\u00f3s ser respaldado pela cr\u00edtica americana, que indicou a s\u00e9rie para o Emmy. O vencedor sai em setembro. J\u00e1 o contrato de MacFarlane vai ao menos at\u00e9 2012.<\/span><\/div>\n<div><span style=\"font-family: Arial; font-size: x-small;\">UMA FAM\u00cdLIA DA PESADA<\/span><\/div>\n<div><span style=\"font-family: Arial; font-size: x-small;\">Quando: hoje, \u00e0s 16h; seg. a sex., \u00e0s 17h, no FX; e aos s\u00e1b., \u00e0s 3h55, na Globo<br \/>\nClassifica\u00e7\u00e3o: 14 anos<br \/>\n<\/span><\/div>\n<div><span style=\"font-family: Arial; font-size: x-small;\">Coment\u00e1rio<\/span><\/div>\n<div><span style=\"font-family: Arial; font-size: x-small;\">Personagem com defici\u00eancia \u00e9 o mais interessante e inteligente do epis\u00f3dio<br \/>\nANDR\u00c9 BARCINSKI<br \/>\nCR\u00cdTICO DA FOLHA<\/span><\/div>\n<div><span style=\"font-family: Arial; font-size: x-small;\">Sarah Palin, candidata a vice-presidente na chapa republicana derrotada por Barack Obama, diz que um recente epis\u00f3dio de &#8220;Fam\u00edlia da Pesada&#8221; insultou os portadores de s\u00edndrome de Down. Palin, famosa, entre outras coisas, por dizer que a \u00c1frica \u00e9 um pa\u00eds, n\u00e3o deve ter assistido ao desenho animado ou saberia que a menina com s\u00edndrome de Down \u00e9 a personagem mais interessante e inteligente do epis\u00f3dio.<br \/>\n&#8220;Fam\u00edlia da Pesada&#8221;, como o nome diz, pega pesado. A s\u00e9rie, uma c\u00f3pia descarada de &#8220;Os Simpsons&#8221;, s\u00f3 que mais agressiva em seu humor, j\u00e1 ofendeu muita gente e foi acusada de antissemitismo e homofobia, entre outras coisas. Grupos de direita perseguem o desenho desde sua estreia, em 1999.<br \/>\nNo recente epis\u00f3dio &#8220;Extra Large Medium&#8221;, o adolescente Chris Griffin cai de amores por Ellen, sua amiga da escola, que \u00e9 portadora de s\u00edndrome de Down. &#8220;Ela n\u00e3o \u00e9 especial?&#8221;, diz Chris ao irm\u00e3o, Stewie. Chris vence sua timidez e acaba convidando Ellen para um jantar rom\u00e2ntico. Na sequ\u00eancia mais engra\u00e7ada do epis\u00f3dio, Stewie ajuda Chris a se vestir para o encontro, ao som de um n\u00famero musical chamado &#8220;Garota da S\u00edndrome de Down&#8221;.<br \/>\nO tema, claro, \u00e9 pol\u00eamico, mas em nenhum momento a personagem Ellen \u00e9 ridicularizada. Pelo contr\u00e1rio: \u00e9 uma menina totalmente integrada \u00e0 escola, com uma verve \u00e1cida e frases engra\u00e7adas. Parece que o simples fato de a s\u00edndrome de Down ser mencionada em uma s\u00e9rie c\u00f4mica j\u00e1 incomoda muita gente.<br \/>\nO mais curioso nessa hist\u00f3ria toda \u00e9 que a mesma Fox que produz &#8220;Fam\u00edlia da Pesada&#8221; contratou Sarah Palin como comentarista de seu canal jornal\u00edstico, o conservador Fox News. Democracia \u00e9 isso a\u00ed. <\/span><\/div>\n<div><span style=\"font-family: Arial; font-size: x-small;\">Leia a mat\u00e9ria inteira na Folha: <a href=\"http:\/\/www1.folha.uol.com.br\/fsp\/indices\/inde28022010.htm\">http:\/\/www1.folha.uol.com.br\/fsp\/indices\/inde28022010.htm<\/a><\/span><\/div>\n","protected":false},"excerpt":{"rendered":"<p>O tema, claro, \u00e9 pol\u00eamico, mas em nenhum momento a personagem Ellen \u00e9 ridicularizada. Pelo contr\u00e1rio: \u00e9 uma menina totalmente integrada \u00e0 escola, com uma verve \u00e1cida e frases engra\u00e7adas. Parece que o simples fato de a s\u00edndrome de Down ser mencionada em uma s\u00e9rie c\u00f4mica j\u00e1 incomoda muita gente.<\/p>\n","protected":false},"author":1,"featured_media":0,"comment_status":"open","ping_status":"open","sticky":false,"template":"","format":"standard","meta":{"site-container-style":"default","site-container-layout":"default","site-sidebar-layout":"default","disable-article-header":"default","disable-site-header":"default","disable-site-footer":"default","disable-content-area-spacing":"default","footnotes":""},"categories":[38,48,76,4],"tags":[],"class_list":["post-14152","post","type-post","status-publish","format-standard","hentry","category-deficiencia","category-inclusao","category-midia-e-deficiencia","category-noticias"],"yoast_head":"<!-- This site is optimized with the Yoast SEO plugin v27.4 - https:\/\/yoast.com\/product\/yoast-seo-wordpress\/ -->\n<title>Desenho &quot;Uma Fam\u00edlia da Pesada&quot; irrita Sarah Palin -<\/title>\n<meta name=\"robots\" content=\"index, follow, max-snippet:-1, max-image-preview:large, max-video-preview:-1\" \/>\n<link rel=\"canonical\" href=\"https:\/\/inclusivenews.com.br\/?p=14152\" \/>\n<meta property=\"og:locale\" content=\"pt_PT\" \/>\n<meta property=\"og:type\" content=\"article\" \/>\n<meta property=\"og:title\" content=\"Desenho &quot;Uma Fam\u00edlia da Pesada&quot; irrita Sarah Palin -\" \/>\n<meta property=\"og:description\" content=\"O tema, claro, \u00e9 pol\u00eamico, mas em nenhum momento a personagem Ellen \u00e9 ridicularizada. Pelo contr\u00e1rio: \u00e9 uma menina totalmente integrada \u00e0 escola, com uma verve \u00e1cida e frases engra\u00e7adas. Parece que o simples fato de a s\u00edndrome de Down ser mencionada em uma s\u00e9rie c\u00f4mica j\u00e1 incomoda muita gente.\" \/>\n<meta property=\"og:url\" content=\"https:\/\/inclusivenews.com.br\/?p=14152\" \/>\n<meta property=\"article:publisher\" content=\"https:\/\/www.facebook.com\/agenciainclusive\/\" \/>\n<meta property=\"article:published_time\" content=\"2010-02-28T14:12:09+00:00\" \/>\n<meta property=\"og:image\" content=\"http:\/\/inclusivenews.com.br\/wp-content\/uploads\/2010\/02\/family-guy.jpg\" \/>\n<meta name=\"author\" content=\"inclusivenews2024\" \/>\n<meta name=\"twitter:card\" content=\"summary_large_image\" \/>\n<meta name=\"twitter:label1\" content=\"Escrito por\" \/>\n\t<meta name=\"twitter:data1\" content=\"inclusivenews2024\" \/>\n\t<meta name=\"twitter:label2\" content=\"Tempo estimado de leitura\" \/>\n\t<meta name=\"twitter:data2\" content=\"5 minutos\" \/>\n<script type=\"application\/ld+json\" class=\"yoast-schema-graph\">{\"@context\":\"https:\\\/\\\/schema.org\",\"@graph\":[{\"@type\":\"Article\",\"@id\":\"https:\\\/\\\/inclusivenews.com.br\\\/?p=14152#article\",\"isPartOf\":{\"@id\":\"https:\\\/\\\/inclusivenews.com.br\\\/?p=14152\"},\"author\":{\"name\":\"inclusivenews2024\",\"@id\":\"https:\\\/\\\/inclusivenews.com.br\\\/#\\\/schema\\\/person\\\/ae4ec7087559b8692fb33b6fffd2273b\"},\"headline\":\"Desenho &quot;Uma Fam\u00edlia da Pesada&quot; irrita Sarah Palin\",\"datePublished\":\"2010-02-28T14:12:09+00:00\",\"mainEntityOfPage\":{\"@id\":\"https:\\\/\\\/inclusivenews.com.br\\\/?p=14152\"},\"wordCount\":959,\"commentCount\":0,\"publisher\":{\"@id\":\"https:\\\/\\\/inclusivenews.com.br\\\/#organization\"},\"image\":{\"@id\":\"https:\\\/\\\/inclusivenews.com.br\\\/?p=14152#primaryimage\"},\"thumbnailUrl\":\"http:\\\/\\\/inclusivenews.com.br\\\/wp-content\\\/uploads\\\/2010\\\/02\\\/family-guy.jpg\",\"articleSection\":[\"Defici\u00eancia\",\"INCLUS\u00c3O SOCIAL\",\"M\u00eddia e Defici\u00eancia\",\"NOT\u00cdCIAS\"],\"inLanguage\":\"pt-PT\",\"potentialAction\":[{\"@type\":\"CommentAction\",\"name\":\"Comment\",\"target\":[\"https:\\\/\\\/inclusivenews.com.br\\\/?p=14152#respond\"]}]},{\"@type\":\"WebPage\",\"@id\":\"https:\\\/\\\/inclusivenews.com.br\\\/?p=14152\",\"url\":\"https:\\\/\\\/inclusivenews.com.br\\\/?p=14152\",\"name\":\"Desenho &quot;Uma Fam\u00edlia da Pesada&quot; irrita Sarah Palin -\",\"isPartOf\":{\"@id\":\"https:\\\/\\\/inclusivenews.com.br\\\/#website\"},\"primaryImageOfPage\":{\"@id\":\"https:\\\/\\\/inclusivenews.com.br\\\/?p=14152#primaryimage\"},\"image\":{\"@id\":\"https:\\\/\\\/inclusivenews.com.br\\\/?p=14152#primaryimage\"},\"thumbnailUrl\":\"http:\\\/\\\/inclusivenews.com.br\\\/wp-content\\\/uploads\\\/2010\\\/02\\\/family-guy.jpg\",\"datePublished\":\"2010-02-28T14:12:09+00:00\",\"breadcrumb\":{\"@id\":\"https:\\\/\\\/inclusivenews.com.br\\\/?p=14152#breadcrumb\"},\"inLanguage\":\"pt-PT\",\"potentialAction\":[{\"@type\":\"ReadAction\",\"target\":[\"https:\\\/\\\/inclusivenews.com.br\\\/?p=14152\"]}]},{\"@type\":\"ImageObject\",\"inLanguage\":\"pt-PT\",\"@id\":\"https:\\\/\\\/inclusivenews.com.br\\\/?p=14152#primaryimage\",\"url\":\"\",\"contentUrl\":\"\"},{\"@type\":\"BreadcrumbList\",\"@id\":\"https:\\\/\\\/inclusivenews.com.br\\\/?p=14152#breadcrumb\",\"itemListElement\":[{\"@type\":\"ListItem\",\"position\":1,\"name\":\"In\u00edcio\",\"item\":\"https:\\\/\\\/inclusivenews.com.br\\\/\"},{\"@type\":\"ListItem\",\"position\":2,\"name\":\"Desenho &quot;Uma Fam\u00edlia da Pesada&quot; irrita Sarah Palin\"}]},{\"@type\":\"WebSite\",\"@id\":\"https:\\\/\\\/inclusivenews.com.br\\\/#website\",\"url\":\"https:\\\/\\\/inclusivenews.com.br\\\/\",\"name\":\"Inclusive News\",\"description\":\"Inclusive News\",\"publisher\":{\"@id\":\"https:\\\/\\\/inclusivenews.com.br\\\/#organization\"},\"potentialAction\":[{\"@type\":\"SearchAction\",\"target\":{\"@type\":\"EntryPoint\",\"urlTemplate\":\"https:\\\/\\\/inclusivenews.com.br\\\/?s={search_term_string}\"},\"query-input\":{\"@type\":\"PropertyValueSpecification\",\"valueRequired\":true,\"valueName\":\"search_term_string\"}}],\"inLanguage\":\"pt-PT\"},{\"@type\":\"Organization\",\"@id\":\"https:\\\/\\\/inclusivenews.com.br\\\/#organization\",\"name\":\"Inclusive - inclus\u00e3o e cidadania\",\"url\":\"https:\\\/\\\/inclusivenews.com.br\\\/\",\"logo\":{\"@type\":\"ImageObject\",\"inLanguage\":\"pt-PT\",\"@id\":\"https:\\\/\\\/inclusivenews.com.br\\\/#\\\/schema\\\/logo\\\/image\\\/\",\"url\":\"https:\\\/\\\/inclusivenews.com.br\\\/wp-content\\\/uploads\\\/2024\\\/03\\\/@grandesite.png\",\"contentUrl\":\"https:\\\/\\\/inclusivenews.com.br\\\/wp-content\\\/uploads\\\/2024\\\/03\\\/@grandesite.png\",\"width\":1080,\"height\":1080,\"caption\":\"Inclusive - inclus\u00e3o e cidadania\"},\"image\":{\"@id\":\"https:\\\/\\\/inclusivenews.com.br\\\/#\\\/schema\\\/logo\\\/image\\\/\"},\"sameAs\":[\"https:\\\/\\\/www.facebook.com\\\/agenciainclusive\\\/\",\"https:\\\/\\\/www.instagram.com\\\/newsinclusive\\\/\"]},{\"@type\":\"Person\",\"@id\":\"https:\\\/\\\/inclusivenews.com.br\\\/#\\\/schema\\\/person\\\/ae4ec7087559b8692fb33b6fffd2273b\",\"name\":\"inclusivenews2024\",\"image\":{\"@type\":\"ImageObject\",\"inLanguage\":\"pt-PT\",\"@id\":\"https:\\\/\\\/secure.gravatar.com\\\/avatar\\\/c5a7ef84c66fa914f55bc4f7ce26cfa275a3b9a1c5568b907bd184fb4dde7b40?s=96&d=mm&r=g\",\"url\":\"https:\\\/\\\/secure.gravatar.com\\\/avatar\\\/c5a7ef84c66fa914f55bc4f7ce26cfa275a3b9a1c5568b907bd184fb4dde7b40?s=96&d=mm&r=g\",\"contentUrl\":\"https:\\\/\\\/secure.gravatar.com\\\/avatar\\\/c5a7ef84c66fa914f55bc4f7ce26cfa275a3b9a1c5568b907bd184fb4dde7b40?s=96&d=mm&r=g\",\"caption\":\"inclusivenews2024\"},\"sameAs\":[\"https:\\\/\\\/inclusivenews.com.br\"],\"url\":\"https:\\\/\\\/inclusivenews.com.br\\\/?author=1\"}]}<\/script>\n<!-- \/ Yoast SEO plugin. -->","yoast_head_json":{"title":"Desenho &quot;Uma Fam\u00edlia da Pesada&quot; irrita Sarah Palin -","robots":{"index":"index","follow":"follow","max-snippet":"max-snippet:-1","max-image-preview":"max-image-preview:large","max-video-preview":"max-video-preview:-1"},"canonical":"https:\/\/inclusivenews.com.br\/?p=14152","og_locale":"pt_PT","og_type":"article","og_title":"Desenho &quot;Uma Fam\u00edlia da Pesada&quot; irrita Sarah Palin -","og_description":"O tema, claro, \u00e9 pol\u00eamico, mas em nenhum momento a personagem Ellen \u00e9 ridicularizada. Pelo contr\u00e1rio: \u00e9 uma menina totalmente integrada \u00e0 escola, com uma verve \u00e1cida e frases engra\u00e7adas. Parece que o simples fato de a s\u00edndrome de Down ser mencionada em uma s\u00e9rie c\u00f4mica j\u00e1 incomoda muita gente.","og_url":"https:\/\/inclusivenews.com.br\/?p=14152","article_publisher":"https:\/\/www.facebook.com\/agenciainclusive\/","article_published_time":"2010-02-28T14:12:09+00:00","og_image":[{"url":"http:\/\/inclusivenews.com.br\/wp-content\/uploads\/2010\/02\/family-guy.jpg","type":"","width":"","height":""}],"author":"inclusivenews2024","twitter_card":"summary_large_image","twitter_misc":{"Escrito por":"inclusivenews2024","Tempo estimado de leitura":"5 minutos"},"schema":{"@context":"https:\/\/schema.org","@graph":[{"@type":"Article","@id":"https:\/\/inclusivenews.com.br\/?p=14152#article","isPartOf":{"@id":"https:\/\/inclusivenews.com.br\/?p=14152"},"author":{"name":"inclusivenews2024","@id":"https:\/\/inclusivenews.com.br\/#\/schema\/person\/ae4ec7087559b8692fb33b6fffd2273b"},"headline":"Desenho &quot;Uma Fam\u00edlia da Pesada&quot; irrita Sarah Palin","datePublished":"2010-02-28T14:12:09+00:00","mainEntityOfPage":{"@id":"https:\/\/inclusivenews.com.br\/?p=14152"},"wordCount":959,"commentCount":0,"publisher":{"@id":"https:\/\/inclusivenews.com.br\/#organization"},"image":{"@id":"https:\/\/inclusivenews.com.br\/?p=14152#primaryimage"},"thumbnailUrl":"http:\/\/inclusivenews.com.br\/wp-content\/uploads\/2010\/02\/family-guy.jpg","articleSection":["Defici\u00eancia","INCLUS\u00c3O SOCIAL","M\u00eddia e Defici\u00eancia","NOT\u00cdCIAS"],"inLanguage":"pt-PT","potentialAction":[{"@type":"CommentAction","name":"Comment","target":["https:\/\/inclusivenews.com.br\/?p=14152#respond"]}]},{"@type":"WebPage","@id":"https:\/\/inclusivenews.com.br\/?p=14152","url":"https:\/\/inclusivenews.com.br\/?p=14152","name":"Desenho &quot;Uma Fam\u00edlia da Pesada&quot; irrita Sarah Palin -","isPartOf":{"@id":"https:\/\/inclusivenews.com.br\/#website"},"primaryImageOfPage":{"@id":"https:\/\/inclusivenews.com.br\/?p=14152#primaryimage"},"image":{"@id":"https:\/\/inclusivenews.com.br\/?p=14152#primaryimage"},"thumbnailUrl":"http:\/\/inclusivenews.com.br\/wp-content\/uploads\/2010\/02\/family-guy.jpg","datePublished":"2010-02-28T14:12:09+00:00","breadcrumb":{"@id":"https:\/\/inclusivenews.com.br\/?p=14152#breadcrumb"},"inLanguage":"pt-PT","potentialAction":[{"@type":"ReadAction","target":["https:\/\/inclusivenews.com.br\/?p=14152"]}]},{"@type":"ImageObject","inLanguage":"pt-PT","@id":"https:\/\/inclusivenews.com.br\/?p=14152#primaryimage","url":"","contentUrl":""},{"@type":"BreadcrumbList","@id":"https:\/\/inclusivenews.com.br\/?p=14152#breadcrumb","itemListElement":[{"@type":"ListItem","position":1,"name":"In\u00edcio","item":"https:\/\/inclusivenews.com.br\/"},{"@type":"ListItem","position":2,"name":"Desenho &quot;Uma Fam\u00edlia da Pesada&quot; irrita Sarah Palin"}]},{"@type":"WebSite","@id":"https:\/\/inclusivenews.com.br\/#website","url":"https:\/\/inclusivenews.com.br\/","name":"Inclusive News","description":"Inclusive News","publisher":{"@id":"https:\/\/inclusivenews.com.br\/#organization"},"potentialAction":[{"@type":"SearchAction","target":{"@type":"EntryPoint","urlTemplate":"https:\/\/inclusivenews.com.br\/?s={search_term_string}"},"query-input":{"@type":"PropertyValueSpecification","valueRequired":true,"valueName":"search_term_string"}}],"inLanguage":"pt-PT"},{"@type":"Organization","@id":"https:\/\/inclusivenews.com.br\/#organization","name":"Inclusive - inclus\u00e3o e cidadania","url":"https:\/\/inclusivenews.com.br\/","logo":{"@type":"ImageObject","inLanguage":"pt-PT","@id":"https:\/\/inclusivenews.com.br\/#\/schema\/logo\/image\/","url":"https:\/\/inclusivenews.com.br\/wp-content\/uploads\/2024\/03\/@grandesite.png","contentUrl":"https:\/\/inclusivenews.com.br\/wp-content\/uploads\/2024\/03\/@grandesite.png","width":1080,"height":1080,"caption":"Inclusive - inclus\u00e3o e cidadania"},"image":{"@id":"https:\/\/inclusivenews.com.br\/#\/schema\/logo\/image\/"},"sameAs":["https:\/\/www.facebook.com\/agenciainclusive\/","https:\/\/www.instagram.com\/newsinclusive\/"]},{"@type":"Person","@id":"https:\/\/inclusivenews.com.br\/#\/schema\/person\/ae4ec7087559b8692fb33b6fffd2273b","name":"inclusivenews2024","image":{"@type":"ImageObject","inLanguage":"pt-PT","@id":"https:\/\/secure.gravatar.com\/avatar\/c5a7ef84c66fa914f55bc4f7ce26cfa275a3b9a1c5568b907bd184fb4dde7b40?s=96&d=mm&r=g","url":"https:\/\/secure.gravatar.com\/avatar\/c5a7ef84c66fa914f55bc4f7ce26cfa275a3b9a1c5568b907bd184fb4dde7b40?s=96&d=mm&r=g","contentUrl":"https:\/\/secure.gravatar.com\/avatar\/c5a7ef84c66fa914f55bc4f7ce26cfa275a3b9a1c5568b907bd184fb4dde7b40?s=96&d=mm&r=g","caption":"inclusivenews2024"},"sameAs":["https:\/\/inclusivenews.com.br"],"url":"https:\/\/inclusivenews.com.br\/?author=1"}]}},"_links":{"self":[{"href":"https:\/\/inclusivenews.com.br\/index.php?rest_route=\/wp\/v2\/posts\/14152","targetHints":{"allow":["GET"]}}],"collection":[{"href":"https:\/\/inclusivenews.com.br\/index.php?rest_route=\/wp\/v2\/posts"}],"about":[{"href":"https:\/\/inclusivenews.com.br\/index.php?rest_route=\/wp\/v2\/types\/post"}],"author":[{"embeddable":true,"href":"https:\/\/inclusivenews.com.br\/index.php?rest_route=\/wp\/v2\/users\/1"}],"replies":[{"embeddable":true,"href":"https:\/\/inclusivenews.com.br\/index.php?rest_route=%2Fwp%2Fv2%2Fcomments&post=14152"}],"version-history":[{"count":0,"href":"https:\/\/inclusivenews.com.br\/index.php?rest_route=\/wp\/v2\/posts\/14152\/revisions"}],"wp:attachment":[{"href":"https:\/\/inclusivenews.com.br\/index.php?rest_route=%2Fwp%2Fv2%2Fmedia&parent=14152"}],"wp:term":[{"taxonomy":"category","embeddable":true,"href":"https:\/\/inclusivenews.com.br\/index.php?rest_route=%2Fwp%2Fv2%2Fcategories&post=14152"},{"taxonomy":"post_tag","embeddable":true,"href":"https:\/\/inclusivenews.com.br\/index.php?rest_route=%2Fwp%2Fv2%2Ftags&post=14152"}],"curies":[{"name":"wp","href":"https:\/\/api.w.org\/{rel}","templated":true}]}}