{"id":14157,"date":"2010-03-01T05:59:16","date_gmt":"2010-03-01T08:59:16","guid":{"rendered":"http:\/\/www.inclusive.org.br\/?p=14157"},"modified":"2010-03-01T05:59:16","modified_gmt":"2010-03-01T08:59:16","slug":"estrategias-de-terapias-combinadas-para-criancas-com-sindrome-de-down","status":"publish","type":"post","link":"https:\/\/inclusivenews.com.br\/?p=14157","title":{"rendered":"Estrat\u00e9gias de terapias combinadas para crian\u00e7as com s\u00edndrome de Down"},"content":{"rendered":"<figure id=\"attachment_14146\" aria-describedby=\"caption-attachment-14146\" style=\"width: 595px\" class=\"wp-caption aligncenter\"><a href=\"http:\/\/www.inclusivenews.com.br\/wp-content\/uploads\/2010\/02\/convite.jpg\"><img loading=\"lazy\" decoding=\"async\" class=\"size-full wp-image-14146\" title=\"Convite para palestra - descri\u00e7\u00e3o do texto abaixo - clique para ampliar.\" src=\"http:\/\/inclusivenews.com.br\/wp-content\/uploads\/2010\/02\/convite.jpg\" alt=\"\" width=\"595\" height=\"559\" \/><\/a><figcaption id=\"caption-attachment-14146\" class=\"wp-caption-text\">Convite para palestra - descri\u00e7\u00e3o do texto abaixo - clique para ampliar.<\/figcaption><\/figure>\n<p><strong>CONVITE<\/strong><\/p>\n<p><strong>PALESTRA SOBRE S\u00cdNDROME DE DOWN COM IVALDA GOMES<\/strong><\/p>\n<p>&#8220;Estrat\u00e9gias de terapias combinadas para crian\u00e7as com s\u00edndrome de Down&#8221;<\/p>\n<p><strong>Data:<\/strong> 5 de mar\u00e7o de 2010<br \/>\n<strong>Hor\u00e1rio:<\/strong> 18:30 \u00e0s 21:30<br \/>\n<strong>Local:<\/strong> FAQI (Av. J\u00falio de Castilhos, 435. Centro). Porto Alegre &#8211; RS<\/p>\n<p><strong>Palestrante:<\/strong> Ivalda Cesarina Gomes<br \/>\nCentro de Estudos e Atendimento Neurol\u00f3gico da Sa\u00fade (CEANS). Salvador \u2013 BA.<br \/>\nFonoaudi\u00f3loga; Especialista em Paralisia Cerebral, S\u00edndrome de Down e Autismo;<br \/>\nAssessora e Consultora na \u00e1rea da Educa\u00e7\u00e3o.<\/p>\n<p><strong>P\u00fablico-alvo:<\/strong> pais, familiares, profissionais, estudantes e interessados no tema.<br \/>\n<strong>Investimento: <\/strong>1 pacote de fraldas + 1 livro infantil ilustrado que ser\u00e3o recebidos antes da palestra.<br \/>\n<strong>Inscri\u00e7\u00e3o:<\/strong> at\u00e9 o dia 3 de mar\u00e7o de 2010, exclusivamente por e-mail. As vagas s\u00e3o limitadas e n\u00e3o haver\u00e1 inscri\u00e7\u00e3o no local. \u00a0Para inscrever-se, preencha a FICHA DE INSCRI\u00c7\u00c3O dispon\u00edvel neste link &lt; <a href=\"http:\/\/www.inclusivenews.com.br\/wp-content\/uploads\/2010\/02\/ficha.doc\">http:\/\/www.inclusive.org.br\/wp-content\/uploads\/2010\/02\/ficha.doc<\/a> &gt; e envie-a para o e-mail: <a href=\"mailto:inscricoes@inclusive.org.br\">inscricoes@inclusive.org.br<\/a><\/p>\n<p><strong>N\u00e3o ser\u00e1 fornecido certificado de participa\u00e7\u00e3o.<\/strong><\/p>\n<p><strong>A confirma\u00e7\u00e3o da inscri\u00e7\u00e3o ser\u00e1 feita no link<br \/>\n&lt; <a href=\"http:\/\/www.inclusive.org.br\/?page_id=14103\">http:\/\/www.inclusive.org.br\/?page_id=14103<\/a> &gt;,<br \/>\nonde a lista dos inscritos ser\u00e1 publicada no dia 4 de mar\u00e7o de 2010.<\/strong><\/p>\n<p><strong>Mais informa\u00e7\u00f5es:<\/strong> Vivian Missaglia (51) 9187-7801 ou pelo e-mail: <a href=\"mailto:inscricoes@inclusive.org.br\">inscricoes@inclusive.org.br<\/a><\/p>\n<p><strong>Colabora\u00e7\u00e3o:<\/strong><br \/>\nCentro de Estudos e Atendimento Neurol\u00f3gico da Sa\u00fade (CEANS)<br \/>\nInclusive &#8211; Inclus\u00e3o e Cidadania<br \/>\nEscolas e Faculdades QI<br \/>\nAFAD Porto Alegre<br \/>\nAFAD Novo Hamburgo<br \/>\nAFAD Cachoeira do Sul<\/p>\n","protected":false},"excerpt":{"rendered":"<p>Convite para palestra a ser realizada em Porto Alegre, dia 5 de mar\u00e7o, numa colabora\u00e7\u00e3o do Centro de Estudos e Atendimento Neurol\u00f3gico da Sa\u00fade (CEANS), Inclusive &#8211; Inclus\u00e3o e Cidadania, Escolas e Faculdades QI, AFAD Porto Alegre, AFAD Novo Hamburgo, AFAD Cachoeira do Sul.<\/p>\n","protected":false},"author":1,"featured_media":0,"comment_status":"open","ping_status":"open","sticky":false,"template":"","format":"standard","meta":{"site-container-style":"default","site-container-layout":"default","site-sidebar-layout":"default","disable-article-header":"default","disable-site-header":"default","disable-site-footer":"default","disable-content-area-spacing":"default","footnotes":""},"categories":[12,4],"tags":[],"class_list":["post-14157","post","type-post","status-publish","format-standard","hentry","category-cursos-e-eventos","category-noticias"],"yoast_head":"<!-- This site is optimized with the Yoast SEO plugin v27.4 - https:\/\/yoast.com\/product\/yoast-seo-wordpress\/ -->\n<title>Estrat\u00e9gias de terapias combinadas para crian\u00e7as com s\u00edndrome de Down -<\/title>\n<meta name=\"robots\" content=\"index, follow, max-snippet:-1, max-image-preview:large, max-video-preview:-1\" \/>\n<link rel=\"canonical\" href=\"https:\/\/inclusivenews.com.br\/?p=14157\" \/>\n<meta property=\"og:locale\" content=\"pt_PT\" \/>\n<meta property=\"og:type\" content=\"article\" \/>\n<meta property=\"og:title\" content=\"Estrat\u00e9gias de terapias combinadas para crian\u00e7as com s\u00edndrome de Down -\" \/>\n<meta property=\"og:description\" content=\"Convite para palestra a ser realizada em Porto Alegre, dia 5 de mar\u00e7o, numa colabora\u00e7\u00e3o do Centro de Estudos e Atendimento Neurol\u00f3gico da Sa\u00fade (CEANS), Inclusive - Inclus\u00e3o e Cidadania, Escolas e Faculdades QI, AFAD Porto Alegre, AFAD Novo Hamburgo, AFAD Cachoeira do Sul.\" \/>\n<meta property=\"og:url\" content=\"https:\/\/inclusivenews.com.br\/?p=14157\" \/>\n<meta property=\"article:publisher\" content=\"https:\/\/www.facebook.com\/agenciainclusive\/\" \/>\n<meta property=\"article:published_time\" content=\"2010-03-01T08:59:16+00:00\" \/>\n<meta property=\"og:image\" content=\"http:\/\/inclusivenews.com.br\/wp-content\/uploads\/2010\/02\/convite.jpg\" \/>\n<meta name=\"author\" content=\"inclusivenews2024\" \/>\n<meta name=\"twitter:card\" content=\"summary_large_image\" \/>\n<meta name=\"twitter:label1\" content=\"Escrito por\" \/>\n\t<meta name=\"twitter:data1\" content=\"inclusivenews2024\" \/>\n\t<meta name=\"twitter:label2\" content=\"Tempo estimado de leitura\" \/>\n\t<meta name=\"twitter:data2\" content=\"1 minuto\" \/>\n<script type=\"application\/ld+json\" class=\"yoast-schema-graph\">{\"@context\":\"https:\\\/\\\/schema.org\",\"@graph\":[{\"@type\":\"Article\",\"@id\":\"https:\\\/\\\/inclusivenews.com.br\\\/?p=14157#article\",\"isPartOf\":{\"@id\":\"https:\\\/\\\/inclusivenews.com.br\\\/?p=14157\"},\"author\":{\"name\":\"inclusivenews2024\",\"@id\":\"https:\\\/\\\/inclusivenews.com.br\\\/#\\\/schema\\\/person\\\/ae4ec7087559b8692fb33b6fffd2273b\"},\"headline\":\"Estrat\u00e9gias de terapias combinadas para crian\u00e7as com s\u00edndrome de Down\",\"datePublished\":\"2010-03-01T08:59:16+00:00\",\"mainEntityOfPage\":{\"@id\":\"https:\\\/\\\/inclusivenews.com.br\\\/?p=14157\"},\"wordCount\":281,\"commentCount\":0,\"publisher\":{\"@id\":\"https:\\\/\\\/inclusivenews.com.br\\\/#organization\"},\"image\":{\"@id\":\"https:\\\/\\\/inclusivenews.com.br\\\/?p=14157#primaryimage\"},\"thumbnailUrl\":\"http:\\\/\\\/inclusivenews.com.br\\\/wp-content\\\/uploads\\\/2010\\\/02\\\/convite.jpg\",\"articleSection\":[\"Cursos e eventos\",\"NOT\u00cdCIAS\"],\"inLanguage\":\"pt-PT\",\"potentialAction\":[{\"@type\":\"CommentAction\",\"name\":\"Comment\",\"target\":[\"https:\\\/\\\/inclusivenews.com.br\\\/?p=14157#respond\"]}]},{\"@type\":\"WebPage\",\"@id\":\"https:\\\/\\\/inclusivenews.com.br\\\/?p=14157\",\"url\":\"https:\\\/\\\/inclusivenews.com.br\\\/?p=14157\",\"name\":\"Estrat\u00e9gias de terapias combinadas para crian\u00e7as com s\u00edndrome de Down -\",\"isPartOf\":{\"@id\":\"https:\\\/\\\/inclusivenews.com.br\\\/#website\"},\"primaryImageOfPage\":{\"@id\":\"https:\\\/\\\/inclusivenews.com.br\\\/?p=14157#primaryimage\"},\"image\":{\"@id\":\"https:\\\/\\\/inclusivenews.com.br\\\/?p=14157#primaryimage\"},\"thumbnailUrl\":\"http:\\\/\\\/inclusivenews.com.br\\\/wp-content\\\/uploads\\\/2010\\\/02\\\/convite.jpg\",\"datePublished\":\"2010-03-01T08:59:16+00:00\",\"breadcrumb\":{\"@id\":\"https:\\\/\\\/inclusivenews.com.br\\\/?p=14157#breadcrumb\"},\"inLanguage\":\"pt-PT\",\"potentialAction\":[{\"@type\":\"ReadAction\",\"target\":[\"https:\\\/\\\/inclusivenews.com.br\\\/?p=14157\"]}]},{\"@type\":\"ImageObject\",\"inLanguage\":\"pt-PT\",\"@id\":\"https:\\\/\\\/inclusivenews.com.br\\\/?p=14157#primaryimage\",\"url\":\"\",\"contentUrl\":\"\"},{\"@type\":\"BreadcrumbList\",\"@id\":\"https:\\\/\\\/inclusivenews.com.br\\\/?p=14157#breadcrumb\",\"itemListElement\":[{\"@type\":\"ListItem\",\"position\":1,\"name\":\"In\u00edcio\",\"item\":\"https:\\\/\\\/inclusivenews.com.br\\\/\"},{\"@type\":\"ListItem\",\"position\":2,\"name\":\"Estrat\u00e9gias de terapias combinadas para crian\u00e7as com s\u00edndrome de Down\"}]},{\"@type\":\"WebSite\",\"@id\":\"https:\\\/\\\/inclusivenews.com.br\\\/#website\",\"url\":\"https:\\\/\\\/inclusivenews.com.br\\\/\",\"name\":\"Inclusive News\",\"description\":\"Inclusive News\",\"publisher\":{\"@id\":\"https:\\\/\\\/inclusivenews.com.br\\\/#organization\"},\"potentialAction\":[{\"@type\":\"SearchAction\",\"target\":{\"@type\":\"EntryPoint\",\"urlTemplate\":\"https:\\\/\\\/inclusivenews.com.br\\\/?s={search_term_string}\"},\"query-input\":{\"@type\":\"PropertyValueSpecification\",\"valueRequired\":true,\"valueName\":\"search_term_string\"}}],\"inLanguage\":\"pt-PT\"},{\"@type\":\"Organization\",\"@id\":\"https:\\\/\\\/inclusivenews.com.br\\\/#organization\",\"name\":\"Inclusive - inclus\u00e3o e cidadania\",\"url\":\"https:\\\/\\\/inclusivenews.com.br\\\/\",\"logo\":{\"@type\":\"ImageObject\",\"inLanguage\":\"pt-PT\",\"@id\":\"https:\\\/\\\/inclusivenews.com.br\\\/#\\\/schema\\\/logo\\\/image\\\/\",\"url\":\"https:\\\/\\\/inclusivenews.com.br\\\/wp-content\\\/uploads\\\/2024\\\/03\\\/@grandesite.png\",\"contentUrl\":\"https:\\\/\\\/inclusivenews.com.br\\\/wp-content\\\/uploads\\\/2024\\\/03\\\/@grandesite.png\",\"width\":1080,\"height\":1080,\"caption\":\"Inclusive - inclus\u00e3o e cidadania\"},\"image\":{\"@id\":\"https:\\\/\\\/inclusivenews.com.br\\\/#\\\/schema\\\/logo\\\/image\\\/\"},\"sameAs\":[\"https:\\\/\\\/www.facebook.com\\\/agenciainclusive\\\/\",\"https:\\\/\\\/www.instagram.com\\\/newsinclusive\\\/\"]},{\"@type\":\"Person\",\"@id\":\"https:\\\/\\\/inclusivenews.com.br\\\/#\\\/schema\\\/person\\\/ae4ec7087559b8692fb33b6fffd2273b\",\"name\":\"inclusivenews2024\",\"image\":{\"@type\":\"ImageObject\",\"inLanguage\":\"pt-PT\",\"@id\":\"https:\\\/\\\/secure.gravatar.com\\\/avatar\\\/c5a7ef84c66fa914f55bc4f7ce26cfa275a3b9a1c5568b907bd184fb4dde7b40?s=96&d=mm&r=g\",\"url\":\"https:\\\/\\\/secure.gravatar.com\\\/avatar\\\/c5a7ef84c66fa914f55bc4f7ce26cfa275a3b9a1c5568b907bd184fb4dde7b40?s=96&d=mm&r=g\",\"contentUrl\":\"https:\\\/\\\/secure.gravatar.com\\\/avatar\\\/c5a7ef84c66fa914f55bc4f7ce26cfa275a3b9a1c5568b907bd184fb4dde7b40?s=96&d=mm&r=g\",\"caption\":\"inclusivenews2024\"},\"sameAs\":[\"https:\\\/\\\/inclusivenews.com.br\"],\"url\":\"https:\\\/\\\/inclusivenews.com.br\\\/?author=1\"}]}<\/script>\n<!-- \/ Yoast SEO plugin. -->","yoast_head_json":{"title":"Estrat\u00e9gias de terapias combinadas para crian\u00e7as com s\u00edndrome de Down -","robots":{"index":"index","follow":"follow","max-snippet":"max-snippet:-1","max-image-preview":"max-image-preview:large","max-video-preview":"max-video-preview:-1"},"canonical":"https:\/\/inclusivenews.com.br\/?p=14157","og_locale":"pt_PT","og_type":"article","og_title":"Estrat\u00e9gias de terapias combinadas para crian\u00e7as com s\u00edndrome de Down -","og_description":"Convite para palestra a ser realizada em Porto Alegre, dia 5 de mar\u00e7o, numa colabora\u00e7\u00e3o do Centro de Estudos e Atendimento Neurol\u00f3gico da Sa\u00fade (CEANS), Inclusive - Inclus\u00e3o e Cidadania, Escolas e Faculdades QI, AFAD Porto Alegre, AFAD Novo Hamburgo, AFAD Cachoeira do Sul.","og_url":"https:\/\/inclusivenews.com.br\/?p=14157","article_publisher":"https:\/\/www.facebook.com\/agenciainclusive\/","article_published_time":"2010-03-01T08:59:16+00:00","og_image":[{"url":"http:\/\/inclusivenews.com.br\/wp-content\/uploads\/2010\/02\/convite.jpg","type":"","width":"","height":""}],"author":"inclusivenews2024","twitter_card":"summary_large_image","twitter_misc":{"Escrito por":"inclusivenews2024","Tempo estimado de leitura":"1 minuto"},"schema":{"@context":"https:\/\/schema.org","@graph":[{"@type":"Article","@id":"https:\/\/inclusivenews.com.br\/?p=14157#article","isPartOf":{"@id":"https:\/\/inclusivenews.com.br\/?p=14157"},"author":{"name":"inclusivenews2024","@id":"https:\/\/inclusivenews.com.br\/#\/schema\/person\/ae4ec7087559b8692fb33b6fffd2273b"},"headline":"Estrat\u00e9gias de terapias combinadas para crian\u00e7as com s\u00edndrome de Down","datePublished":"2010-03-01T08:59:16+00:00","mainEntityOfPage":{"@id":"https:\/\/inclusivenews.com.br\/?p=14157"},"wordCount":281,"commentCount":0,"publisher":{"@id":"https:\/\/inclusivenews.com.br\/#organization"},"image":{"@id":"https:\/\/inclusivenews.com.br\/?p=14157#primaryimage"},"thumbnailUrl":"http:\/\/inclusivenews.com.br\/wp-content\/uploads\/2010\/02\/convite.jpg","articleSection":["Cursos e eventos","NOT\u00cdCIAS"],"inLanguage":"pt-PT","potentialAction":[{"@type":"CommentAction","name":"Comment","target":["https:\/\/inclusivenews.com.br\/?p=14157#respond"]}]},{"@type":"WebPage","@id":"https:\/\/inclusivenews.com.br\/?p=14157","url":"https:\/\/inclusivenews.com.br\/?p=14157","name":"Estrat\u00e9gias de terapias combinadas para crian\u00e7as com s\u00edndrome de Down -","isPartOf":{"@id":"https:\/\/inclusivenews.com.br\/#website"},"primaryImageOfPage":{"@id":"https:\/\/inclusivenews.com.br\/?p=14157#primaryimage"},"image":{"@id":"https:\/\/inclusivenews.com.br\/?p=14157#primaryimage"},"thumbnailUrl":"http:\/\/inclusivenews.com.br\/wp-content\/uploads\/2010\/02\/convite.jpg","datePublished":"2010-03-01T08:59:16+00:00","breadcrumb":{"@id":"https:\/\/inclusivenews.com.br\/?p=14157#breadcrumb"},"inLanguage":"pt-PT","potentialAction":[{"@type":"ReadAction","target":["https:\/\/inclusivenews.com.br\/?p=14157"]}]},{"@type":"ImageObject","inLanguage":"pt-PT","@id":"https:\/\/inclusivenews.com.br\/?p=14157#primaryimage","url":"","contentUrl":""},{"@type":"BreadcrumbList","@id":"https:\/\/inclusivenews.com.br\/?p=14157#breadcrumb","itemListElement":[{"@type":"ListItem","position":1,"name":"In\u00edcio","item":"https:\/\/inclusivenews.com.br\/"},{"@type":"ListItem","position":2,"name":"Estrat\u00e9gias de terapias combinadas para crian\u00e7as com s\u00edndrome de Down"}]},{"@type":"WebSite","@id":"https:\/\/inclusivenews.com.br\/#website","url":"https:\/\/inclusivenews.com.br\/","name":"Inclusive News","description":"Inclusive News","publisher":{"@id":"https:\/\/inclusivenews.com.br\/#organization"},"potentialAction":[{"@type":"SearchAction","target":{"@type":"EntryPoint","urlTemplate":"https:\/\/inclusivenews.com.br\/?s={search_term_string}"},"query-input":{"@type":"PropertyValueSpecification","valueRequired":true,"valueName":"search_term_string"}}],"inLanguage":"pt-PT"},{"@type":"Organization","@id":"https:\/\/inclusivenews.com.br\/#organization","name":"Inclusive - inclus\u00e3o e cidadania","url":"https:\/\/inclusivenews.com.br\/","logo":{"@type":"ImageObject","inLanguage":"pt-PT","@id":"https:\/\/inclusivenews.com.br\/#\/schema\/logo\/image\/","url":"https:\/\/inclusivenews.com.br\/wp-content\/uploads\/2024\/03\/@grandesite.png","contentUrl":"https:\/\/inclusivenews.com.br\/wp-content\/uploads\/2024\/03\/@grandesite.png","width":1080,"height":1080,"caption":"Inclusive - inclus\u00e3o e cidadania"},"image":{"@id":"https:\/\/inclusivenews.com.br\/#\/schema\/logo\/image\/"},"sameAs":["https:\/\/www.facebook.com\/agenciainclusive\/","https:\/\/www.instagram.com\/newsinclusive\/"]},{"@type":"Person","@id":"https:\/\/inclusivenews.com.br\/#\/schema\/person\/ae4ec7087559b8692fb33b6fffd2273b","name":"inclusivenews2024","image":{"@type":"ImageObject","inLanguage":"pt-PT","@id":"https:\/\/secure.gravatar.com\/avatar\/c5a7ef84c66fa914f55bc4f7ce26cfa275a3b9a1c5568b907bd184fb4dde7b40?s=96&d=mm&r=g","url":"https:\/\/secure.gravatar.com\/avatar\/c5a7ef84c66fa914f55bc4f7ce26cfa275a3b9a1c5568b907bd184fb4dde7b40?s=96&d=mm&r=g","contentUrl":"https:\/\/secure.gravatar.com\/avatar\/c5a7ef84c66fa914f55bc4f7ce26cfa275a3b9a1c5568b907bd184fb4dde7b40?s=96&d=mm&r=g","caption":"inclusivenews2024"},"sameAs":["https:\/\/inclusivenews.com.br"],"url":"https:\/\/inclusivenews.com.br\/?author=1"}]}},"_links":{"self":[{"href":"https:\/\/inclusivenews.com.br\/index.php?rest_route=\/wp\/v2\/posts\/14157","targetHints":{"allow":["GET"]}}],"collection":[{"href":"https:\/\/inclusivenews.com.br\/index.php?rest_route=\/wp\/v2\/posts"}],"about":[{"href":"https:\/\/inclusivenews.com.br\/index.php?rest_route=\/wp\/v2\/types\/post"}],"author":[{"embeddable":true,"href":"https:\/\/inclusivenews.com.br\/index.php?rest_route=\/wp\/v2\/users\/1"}],"replies":[{"embeddable":true,"href":"https:\/\/inclusivenews.com.br\/index.php?rest_route=%2Fwp%2Fv2%2Fcomments&post=14157"}],"version-history":[{"count":0,"href":"https:\/\/inclusivenews.com.br\/index.php?rest_route=\/wp\/v2\/posts\/14157\/revisions"}],"wp:attachment":[{"href":"https:\/\/inclusivenews.com.br\/index.php?rest_route=%2Fwp%2Fv2%2Fmedia&parent=14157"}],"wp:term":[{"taxonomy":"category","embeddable":true,"href":"https:\/\/inclusivenews.com.br\/index.php?rest_route=%2Fwp%2Fv2%2Fcategories&post=14157"},{"taxonomy":"post_tag","embeddable":true,"href":"https:\/\/inclusivenews.com.br\/index.php?rest_route=%2Fwp%2Fv2%2Ftags&post=14157"}],"curies":[{"name":"wp","href":"https:\/\/api.w.org\/{rel}","templated":true}]}}