{"id":14164,"date":"2010-03-01T08:36:04","date_gmt":"2010-03-01T11:36:04","guid":{"rendered":"http:\/\/www.inclusive.org.br\/?p=14164"},"modified":"2010-03-01T08:36:04","modified_gmt":"2010-03-01T11:36:04","slug":"audiencia-publica-discute-acoes-afirmativas-no-supremo-tribunal-federal","status":"publish","type":"post","link":"https:\/\/inclusivenews.com.br\/?p=14164","title":{"rendered":"Audi\u00eancia p\u00fablica discute a\u00e7\u00f5es afirmativas no Supremo Tribunal Federal"},"content":{"rendered":"<figure id=\"attachment_12626\" aria-describedby=\"caption-attachment-12626\" style=\"width: 200px\" class=\"wp-caption alignnone\"><a href=\"http:\/\/www.inclusivenews.com.br\/wp-content\/uploads\/2009\/11\/logo_final_observatorio.jpg\"><img loading=\"lazy\" decoding=\"async\" class=\"size-full wp-image-12626 \" title=\"Descri\u00e7\u00e3o da imagem: Logotipo do Observat\u00f3rio da Educa\u00e7\u00e3o, onde aparece caixa de di\u00e1logo com ponto de afirma\u00e7\u00e3o ao centro.\" src=\"http:\/\/inclusivenews.com.br\/wp-content\/uploads\/2009\/11\/logo_final_observatorio.jpg\" alt=\"Descri\u00e7\u00e3o da imagem: Logotipo do Observat\u00f3rio da Educa\u00e7\u00e3o, onde aparece caixa de di\u00e1logo com ponto de afirma\u00e7\u00e3o ao centro.\" width=\"200\" height=\"200\" srcset=\"https:\/\/inclusivenews.com.br\/wp-content\/uploads\/2009\/11\/logo_final_observatorio.jpg 200w, https:\/\/inclusivenews.com.br\/wp-content\/uploads\/2009\/11\/logo_final_observatorio-150x150.jpg 150w\" sizes=\"auto, (max-width: 200px) 100vw, 200px\" \/><\/a><figcaption id=\"caption-attachment-12626\" class=\"wp-caption-text\"> <\/figcaption><\/figure>\n<p style=\"text-align: justify;\">Este e outros assuntos est\u00e3o na edi\u00e7\u00e3o 50 do <strong>Boletim do Observat\u00f3rio da Educa\u00e7\u00e3o<\/strong>.<\/p>\n<ul style=\"text-align: justify;\">\n<li style=\"text-align: left;\"><a href=\"http:\/\/www.observatoriodaeducacao.org.br\/index.php?option=com_content&amp;view=article&amp;id=866:as-cotas-celebram-os-valores-constitucionais-afirma-flavia-piovesan&amp;catid=56:entrevistas&amp;Itemid=2\">\u201cAs cotas celebram os valores constitucionais\u201d, afirma Fl\u00e1via Piovesan<img loading=\"lazy\" decoding=\"async\" title=\"Link abrir\u00e1 em uma nova janela ou aba.\" src=\"http:\/\/www.inclusive.org.br\/images\/new_window.gif\" alt=\"Link abrir\u00e1 em uma nova janela ou aba.\" width=\"16\" height=\"14\" \/><\/a><\/li>\n<li style=\"text-align: left;\"><a href=\"http:\/\/www.observatoriodaeducacao.org.br\/index.php?option=com_content&amp;view=article&amp;id=863:artigo-analisa-debate-legislativo-sobre-acoes-afirmativas-no-brasil&amp;catid=57:artigos&amp;Itemid=37\">Artigo analisa debate legislativo sobre a\u00e7\u00f5es afirmativas no Brasil<img loading=\"lazy\" decoding=\"async\" title=\"Link abrir\u00e1 em uma nova janela ou aba.\" src=\"http:\/\/www.inclusive.org.br\/images\/new_window.gif\" alt=\"Link abrir\u00e1 em uma nova janela ou aba.\" width=\"16\" height=\"14\" \/><\/a><\/li>\n<li style=\"text-align: left;\"><a href=\"http:\/\/www.observatoriodaeducacao.org.br\/index.php?option=com_content&amp;view=article&amp;id=867:acoes-afirmativas-no-stf-audiencia-vai-informar-a-sociedade-brasileira-diz-oscar-vilhena&amp;catid=56:entrevistas&amp;Itemid=2\" target=\"_blank\" rel=\"noopener\">A\u00e7\u00f5es afirmativas no STF: audi\u00eancia vai informar a sociedade brasileira, diz Oscar Vilhena<img loading=\"lazy\" decoding=\"async\" title=\"Link abrir\u00e1 em uma nova janela ou aba.\" src=\"http:\/\/www.inclusive.org.br\/images\/new_window.gif\" alt=\"Link abrir\u00e1 em uma nova janela ou aba.\" width=\"16\" height=\"14\" \/><\/a><\/li>\n<li style=\"text-align: left;\"><a href=\"http:\/\/www.observatoriodaeducacao.org.br\/index.php?option=com_content&amp;view=article&amp;id=864:argumentos-contrarios-as-acoes-afirmativas-para-a-populacao-negra-sao-maioria-na-midia-brasileira&amp;catid=57:artigos&amp;Itemid=37\" target=\"_blank\" rel=\"noopener\">Argumentos contr\u00e1rios \u00e0s a\u00e7\u00f5es afirmativas para a popula\u00e7\u00e3o negra s\u00e3o maioria na m\u00eddia brasileira<img loading=\"lazy\" decoding=\"async\" title=\"Link abrir\u00e1 em uma nova janela ou aba.\" src=\"http:\/\/www.inclusive.org.br\/images\/new_window.gif\" alt=\"Link abrir\u00e1 em uma nova janela ou aba.\" width=\"16\" height=\"14\" \/><\/a><\/li>\n<li><a href=\"http:\/\/www.observatoriodaeducacao.org.br\/index.php?option=com_content&amp;view=article&amp;id=862:participe-da-oficina-direitos-autorais-na-escola-o-que-isso-tem-a-ver-comigo&amp;catid=48:sugestoes-de-pautas&amp;Itemid=98\" target=\"_blank\" rel=\"noopener\">Participe da oficina \u201cDireitos autorais na escola: o que isso tem a ver comigo?\u201d<\/a><\/li>\n<\/ul>\n<p style=\"text-align: justify;\">De 3 a 5 de mar\u00e7o, o Supremo Tribunal Federal (STF) realiza uma audi\u00eancia p\u00fablica com juristas, pesquisadores e representantes de organiza\u00e7\u00f5es da sociedade civil para reunir argumentos a respeito da pol\u00edtica de a\u00e7\u00f5es afirmativas para a reserva de vagas nas universidades. \u00c9 a quinta vez que o STF convoca audi\u00eancias desse tipo, sobre temas de grande repercuss\u00e3o &#8211; j\u00e1 houve discuss\u00e3o sobre c\u00e9lulas-tronco, fetos anenc\u00e9falos, importa\u00e7\u00e3o de pneus usados e sa\u00fade.<\/p>\n<p style=\"text-align: justify;\">Para Oscar Vilhena, diretor da Conectas Direitos Humanos, a audi\u00eancia vai fornecer \u00e0 sociedade brasileira um grau de informa\u00e7\u00e3o que at\u00e9 hoje ela n\u00e3o tem. \u201c\u00c9 uma quest\u00e3o muito mistificada, com algumas fal\u00e1cias. Ent\u00e3o vai ser um momento de amplia\u00e7\u00e3o do debate\u201d, diz (leia entrevista na \u00edntegra aqui).<\/p>\n<p style=\"text-align: justify;\">Processos<br \/>\nDois processos sobre o tema est\u00e3o em tramita\u00e7\u00e3o no tribunal, e devem ser julgados pelos ministros: a Argui\u00e7\u00e3o de Descumprimento de Preceito Fundamental (ADPF) 186 e o Recurso Extraordin\u00e1rio (RE) 597285.<\/p>\n<p style=\"text-align: justify;\">A ADPF 186 foi ajuizada pelo Partido Democratas (DEM) contra o Conselho de Ensino, Pesquisa e Extens\u00e3o da Universidade de Bras\u00edlia (Cespe\/UnB), e questiona atos administrativos utilizados como crit\u00e9rios raciais para a admiss\u00e3o de alunos pelo sistema de reserva de vagas na UnB. J\u00e1 o RE 597285 foi interposto por um estudante que se sentiu prejudicado pelo sistema de cotas adotado pela Universidade Federal do Rio Grande do Sul (UFRGS). Ambos contestam a constitucionalidade do sistema de reserva de vagas e est\u00e3o sob a relatoria do ministro Ricardo Lewandowski, autor da convoca\u00e7\u00e3o da audi\u00eancia p\u00fablica.<\/p>\n<p style=\"text-align: justify;\">Durante o recesso de julho de 2009, o presidente do STF, ministro Gilmar Mendes, apresentou questionamentos sobre os processos e decidiu, individualmente, que n\u00e3o era o momento de conceder a liminar pleiteada pelo DEM. &#8220;As quest\u00f5es e d\u00favidas levantadas s\u00e3o muito s\u00e9rias, est\u00e3o ligadas \u00e0 identidade nacional, envolvem o pr\u00f3prio conceito que o brasileiro tem de si mesmo e demonstram a necessidade de promovermos a justi\u00e7a social&#8221;, afirmou o ministro na ocasi\u00e3o.<\/p>\n<p style=\"text-align: justify;\">Argumentos<br \/>\nDe acordo com a ADPF, o sistema de cotas violaria princ\u00edpios constitucionais, como a igualdade e a meritocracia. Fl\u00e1via Piovesan, professora-doutora da PUC-SP na \u00e1rea de direito constitucional e direitos humanos, vai defender na audi\u00eancia a compatibilidade das a\u00e7\u00f5es afirmativas com o sistema constitucional brasileiro (leia alguns dos argumentos da professora em entrevista concedida ao Observat\u00f3rio).<\/p>\n<p style=\"text-align: justify;\">Outro argumento recorrente no debate p\u00fablico \u00e9 que o sistema criaria uma divis\u00e3o de ra\u00e7as na sociedade brasileira. Para o antrop\u00f3logo Kabengele Munanga, professor da Faculdade de Filosofia, Letras e Ci\u00eancias Humanas da Universidade de S\u00e3o Paulo (FFLCH-USP), tamb\u00e9m inscrito na audi\u00eancia, o argumento \u00e9 falacioso e o sucesso da pol\u00edtica, evidente. \u201cEm menos de 10 anos, j\u00e1 temos muitos alunos negros, \u00edndios, diplomados, que n\u00e3o ter\u00edamos em todo um s\u00e9culo. Al\u00e9m do mais, em todo esse per\u00edodo, n\u00e3o foi registrado nenhum linchamento, nenhum conflito racial. A sociedade digeriu bem essa pol\u00edtica\u201d, diz.<\/p>\n<p style=\"text-align: justify;\">Cronograma<br \/>\nA programa\u00e7\u00e3o das audi\u00eancias &#8211; com a data e hor\u00e1rio de cada interven\u00e7\u00e3o &#8211; pode ser acessada na p\u00e1gina do STF, na op\u00e7\u00e3o audi\u00eancias p\u00fablicas. Cada participante ter\u00e1 15 minutos para a sua exposi\u00e7\u00e3o. A audi\u00eancia p\u00fablica ser\u00e1 transmitida, ao vivo, pela TV Justi\u00e7a e pela R\u00e1dio Justi\u00e7a.<\/p>\n<p>(Com informa\u00e7\u00f5es do STF Not\u00edcias)<br \/>\n_____________________________________________________________<\/p>\n<p style=\"text-align: justify;\">EXPEDIENTE<\/p>\n<p style=\"text-align: justify;\"><strong>Coordena\u00e7\u00e3o editorial:<\/strong> Mari\u00e2ngela              Graciano<br \/>\n<strong>Reda\u00e7\u00e3o e edi\u00e7\u00e3o: <\/strong>Abr\u00e3o Neto, Aline              Abbonizio, Fernanda Campagnucci e Mari\u00e2ngela Graciano<br \/>\n<strong>Assessoria de inform\u00e1tica:<\/strong> M\u00e1rio S\u00e9rgio de Thomaz<br \/>\n<strong>Assesseria de Web: <\/strong>Gledson Neix<br \/>\n<strong>Apoio Institucional:<\/strong> EED;              Avina; Save the Children; e Ford Foundation.<\/p>\n<p><strong>A\u00e7\u00e3o Educativa<\/strong> &#8211; Rua General Jardim,              660, CEP 01223-010, S\u00e3o Paulo &#8211; SP, (11) 3151-2333 ramal 175, <a href=\"mailto:observatorio@acaoeducativa.org\" target=\"_blank\" rel=\"noopener\">observatorio@acaoeducativa.org<\/a><\/p>\n","protected":false},"excerpt":{"rendered":"<p>Durante tr\u00eas dias, 38 pessoas &#8211; entre pesquisadores e representantes de organiza\u00e7\u00f5es da sociedade civil &#8211; devem apresentar argumentos favor\u00e1veis e contr\u00e1rios ao sistema de cotas nas universidades p\u00fablicas. Este e outros artigos est\u00e3o no boletim 50 do Observat\u00f3rio da Educa\u00e7\u00e3o.<\/p>\n","protected":false},"author":1,"featured_media":0,"comment_status":"open","ping_status":"open","sticky":false,"template":"","format":"standard","meta":{"site-container-style":"default","site-container-layout":"default","site-sidebar-layout":"default","disable-article-header":"default","disable-site-header":"default","disable-site-footer":"default","disable-content-area-spacing":"default","footnotes":""},"categories":[4],"tags":[],"class_list":["post-14164","post","type-post","status-publish","format-standard","hentry","category-noticias"],"yoast_head":"<!-- This site is optimized with the Yoast SEO plugin v27.4 - https:\/\/yoast.com\/product\/yoast-seo-wordpress\/ -->\n<title>Audi\u00eancia p\u00fablica discute a\u00e7\u00f5es afirmativas no Supremo Tribunal Federal -<\/title>\n<meta name=\"robots\" content=\"index, follow, max-snippet:-1, max-image-preview:large, max-video-preview:-1\" \/>\n<link rel=\"canonical\" href=\"https:\/\/inclusivenews.com.br\/?p=14164\" \/>\n<meta property=\"og:locale\" content=\"pt_PT\" \/>\n<meta property=\"og:type\" content=\"article\" \/>\n<meta property=\"og:title\" content=\"Audi\u00eancia p\u00fablica discute a\u00e7\u00f5es afirmativas no Supremo Tribunal Federal -\" \/>\n<meta property=\"og:description\" content=\"Durante tr\u00eas dias, 38 pessoas - entre pesquisadores e representantes de organiza\u00e7\u00f5es da sociedade civil - devem apresentar argumentos favor\u00e1veis e contr\u00e1rios ao sistema de cotas nas universidades p\u00fablicas. Este e outros artigos est\u00e3o no boletim 50 do Observat\u00f3rio da Educa\u00e7\u00e3o.\" \/>\n<meta property=\"og:url\" content=\"https:\/\/inclusivenews.com.br\/?p=14164\" \/>\n<meta property=\"article:publisher\" content=\"https:\/\/www.facebook.com\/agenciainclusive\/\" \/>\n<meta property=\"article:published_time\" content=\"2010-03-01T11:36:04+00:00\" \/>\n<meta property=\"og:image\" content=\"http:\/\/inclusivenews.com.br\/wp-content\/uploads\/2009\/11\/logo_final_observatorio.jpg\" \/>\n<meta name=\"author\" content=\"inclusivenews2024\" \/>\n<meta name=\"twitter:card\" content=\"summary_large_image\" \/>\n<meta name=\"twitter:label1\" content=\"Escrito por\" \/>\n\t<meta name=\"twitter:data1\" content=\"inclusivenews2024\" \/>\n\t<meta name=\"twitter:label2\" content=\"Tempo estimado de leitura\" \/>\n\t<meta name=\"twitter:data2\" content=\"4 minutos\" \/>\n<script type=\"application\/ld+json\" class=\"yoast-schema-graph\">{\"@context\":\"https:\\\/\\\/schema.org\",\"@graph\":[{\"@type\":\"Article\",\"@id\":\"https:\\\/\\\/inclusivenews.com.br\\\/?p=14164#article\",\"isPartOf\":{\"@id\":\"https:\\\/\\\/inclusivenews.com.br\\\/?p=14164\"},\"author\":{\"name\":\"inclusivenews2024\",\"@id\":\"https:\\\/\\\/inclusivenews.com.br\\\/#\\\/schema\\\/person\\\/ae4ec7087559b8692fb33b6fffd2273b\"},\"headline\":\"Audi\u00eancia p\u00fablica discute a\u00e7\u00f5es afirmativas no Supremo Tribunal Federal\",\"datePublished\":\"2010-03-01T11:36:04+00:00\",\"mainEntityOfPage\":{\"@id\":\"https:\\\/\\\/inclusivenews.com.br\\\/?p=14164\"},\"wordCount\":759,\"commentCount\":0,\"publisher\":{\"@id\":\"https:\\\/\\\/inclusivenews.com.br\\\/#organization\"},\"image\":{\"@id\":\"https:\\\/\\\/inclusivenews.com.br\\\/?p=14164#primaryimage\"},\"thumbnailUrl\":\"http:\\\/\\\/inclusivenews.com.br\\\/wp-content\\\/uploads\\\/2009\\\/11\\\/logo_final_observatorio.jpg\",\"articleSection\":[\"NOT\u00cdCIAS\"],\"inLanguage\":\"pt-PT\",\"potentialAction\":[{\"@type\":\"CommentAction\",\"name\":\"Comment\",\"target\":[\"https:\\\/\\\/inclusivenews.com.br\\\/?p=14164#respond\"]}]},{\"@type\":\"WebPage\",\"@id\":\"https:\\\/\\\/inclusivenews.com.br\\\/?p=14164\",\"url\":\"https:\\\/\\\/inclusivenews.com.br\\\/?p=14164\",\"name\":\"Audi\u00eancia p\u00fablica discute a\u00e7\u00f5es afirmativas no Supremo Tribunal Federal -\",\"isPartOf\":{\"@id\":\"https:\\\/\\\/inclusivenews.com.br\\\/#website\"},\"primaryImageOfPage\":{\"@id\":\"https:\\\/\\\/inclusivenews.com.br\\\/?p=14164#primaryimage\"},\"image\":{\"@id\":\"https:\\\/\\\/inclusivenews.com.br\\\/?p=14164#primaryimage\"},\"thumbnailUrl\":\"http:\\\/\\\/inclusivenews.com.br\\\/wp-content\\\/uploads\\\/2009\\\/11\\\/logo_final_observatorio.jpg\",\"datePublished\":\"2010-03-01T11:36:04+00:00\",\"breadcrumb\":{\"@id\":\"https:\\\/\\\/inclusivenews.com.br\\\/?p=14164#breadcrumb\"},\"inLanguage\":\"pt-PT\",\"potentialAction\":[{\"@type\":\"ReadAction\",\"target\":[\"https:\\\/\\\/inclusivenews.com.br\\\/?p=14164\"]}]},{\"@type\":\"ImageObject\",\"inLanguage\":\"pt-PT\",\"@id\":\"https:\\\/\\\/inclusivenews.com.br\\\/?p=14164#primaryimage\",\"url\":\"https:\\\/\\\/inclusivenews.com.br\\\/wp-content\\\/uploads\\\/2009\\\/11\\\/logo_final_observatorio.jpg\",\"contentUrl\":\"https:\\\/\\\/inclusivenews.com.br\\\/wp-content\\\/uploads\\\/2009\\\/11\\\/logo_final_observatorio.jpg\",\"width\":200,\"height\":200},{\"@type\":\"BreadcrumbList\",\"@id\":\"https:\\\/\\\/inclusivenews.com.br\\\/?p=14164#breadcrumb\",\"itemListElement\":[{\"@type\":\"ListItem\",\"position\":1,\"name\":\"In\u00edcio\",\"item\":\"https:\\\/\\\/inclusivenews.com.br\\\/\"},{\"@type\":\"ListItem\",\"position\":2,\"name\":\"Audi\u00eancia p\u00fablica discute a\u00e7\u00f5es afirmativas no Supremo Tribunal Federal\"}]},{\"@type\":\"WebSite\",\"@id\":\"https:\\\/\\\/inclusivenews.com.br\\\/#website\",\"url\":\"https:\\\/\\\/inclusivenews.com.br\\\/\",\"name\":\"Inclusive News\",\"description\":\"Inclusive News\",\"publisher\":{\"@id\":\"https:\\\/\\\/inclusivenews.com.br\\\/#organization\"},\"potentialAction\":[{\"@type\":\"SearchAction\",\"target\":{\"@type\":\"EntryPoint\",\"urlTemplate\":\"https:\\\/\\\/inclusivenews.com.br\\\/?s={search_term_string}\"},\"query-input\":{\"@type\":\"PropertyValueSpecification\",\"valueRequired\":true,\"valueName\":\"search_term_string\"}}],\"inLanguage\":\"pt-PT\"},{\"@type\":\"Organization\",\"@id\":\"https:\\\/\\\/inclusivenews.com.br\\\/#organization\",\"name\":\"Inclusive - inclus\u00e3o e cidadania\",\"url\":\"https:\\\/\\\/inclusivenews.com.br\\\/\",\"logo\":{\"@type\":\"ImageObject\",\"inLanguage\":\"pt-PT\",\"@id\":\"https:\\\/\\\/inclusivenews.com.br\\\/#\\\/schema\\\/logo\\\/image\\\/\",\"url\":\"https:\\\/\\\/inclusivenews.com.br\\\/wp-content\\\/uploads\\\/2024\\\/03\\\/@grandesite.png\",\"contentUrl\":\"https:\\\/\\\/inclusivenews.com.br\\\/wp-content\\\/uploads\\\/2024\\\/03\\\/@grandesite.png\",\"width\":1080,\"height\":1080,\"caption\":\"Inclusive - inclus\u00e3o e cidadania\"},\"image\":{\"@id\":\"https:\\\/\\\/inclusivenews.com.br\\\/#\\\/schema\\\/logo\\\/image\\\/\"},\"sameAs\":[\"https:\\\/\\\/www.facebook.com\\\/agenciainclusive\\\/\",\"https:\\\/\\\/www.instagram.com\\\/newsinclusive\\\/\"]},{\"@type\":\"Person\",\"@id\":\"https:\\\/\\\/inclusivenews.com.br\\\/#\\\/schema\\\/person\\\/ae4ec7087559b8692fb33b6fffd2273b\",\"name\":\"inclusivenews2024\",\"image\":{\"@type\":\"ImageObject\",\"inLanguage\":\"pt-PT\",\"@id\":\"https:\\\/\\\/secure.gravatar.com\\\/avatar\\\/c5a7ef84c66fa914f55bc4f7ce26cfa275a3b9a1c5568b907bd184fb4dde7b40?s=96&d=mm&r=g\",\"url\":\"https:\\\/\\\/secure.gravatar.com\\\/avatar\\\/c5a7ef84c66fa914f55bc4f7ce26cfa275a3b9a1c5568b907bd184fb4dde7b40?s=96&d=mm&r=g\",\"contentUrl\":\"https:\\\/\\\/secure.gravatar.com\\\/avatar\\\/c5a7ef84c66fa914f55bc4f7ce26cfa275a3b9a1c5568b907bd184fb4dde7b40?s=96&d=mm&r=g\",\"caption\":\"inclusivenews2024\"},\"sameAs\":[\"https:\\\/\\\/inclusivenews.com.br\"],\"url\":\"https:\\\/\\\/inclusivenews.com.br\\\/?author=1\"}]}<\/script>\n<!-- \/ Yoast SEO plugin. -->","yoast_head_json":{"title":"Audi\u00eancia p\u00fablica discute a\u00e7\u00f5es afirmativas no Supremo Tribunal Federal -","robots":{"index":"index","follow":"follow","max-snippet":"max-snippet:-1","max-image-preview":"max-image-preview:large","max-video-preview":"max-video-preview:-1"},"canonical":"https:\/\/inclusivenews.com.br\/?p=14164","og_locale":"pt_PT","og_type":"article","og_title":"Audi\u00eancia p\u00fablica discute a\u00e7\u00f5es afirmativas no Supremo Tribunal Federal -","og_description":"Durante tr\u00eas dias, 38 pessoas - entre pesquisadores e representantes de organiza\u00e7\u00f5es da sociedade civil - devem apresentar argumentos favor\u00e1veis e contr\u00e1rios ao sistema de cotas nas universidades p\u00fablicas. Este e outros artigos est\u00e3o no boletim 50 do Observat\u00f3rio da Educa\u00e7\u00e3o.","og_url":"https:\/\/inclusivenews.com.br\/?p=14164","article_publisher":"https:\/\/www.facebook.com\/agenciainclusive\/","article_published_time":"2010-03-01T11:36:04+00:00","og_image":[{"url":"http:\/\/inclusivenews.com.br\/wp-content\/uploads\/2009\/11\/logo_final_observatorio.jpg","type":"","width":"","height":""}],"author":"inclusivenews2024","twitter_card":"summary_large_image","twitter_misc":{"Escrito por":"inclusivenews2024","Tempo estimado de leitura":"4 minutos"},"schema":{"@context":"https:\/\/schema.org","@graph":[{"@type":"Article","@id":"https:\/\/inclusivenews.com.br\/?p=14164#article","isPartOf":{"@id":"https:\/\/inclusivenews.com.br\/?p=14164"},"author":{"name":"inclusivenews2024","@id":"https:\/\/inclusivenews.com.br\/#\/schema\/person\/ae4ec7087559b8692fb33b6fffd2273b"},"headline":"Audi\u00eancia p\u00fablica discute a\u00e7\u00f5es afirmativas no Supremo Tribunal Federal","datePublished":"2010-03-01T11:36:04+00:00","mainEntityOfPage":{"@id":"https:\/\/inclusivenews.com.br\/?p=14164"},"wordCount":759,"commentCount":0,"publisher":{"@id":"https:\/\/inclusivenews.com.br\/#organization"},"image":{"@id":"https:\/\/inclusivenews.com.br\/?p=14164#primaryimage"},"thumbnailUrl":"http:\/\/inclusivenews.com.br\/wp-content\/uploads\/2009\/11\/logo_final_observatorio.jpg","articleSection":["NOT\u00cdCIAS"],"inLanguage":"pt-PT","potentialAction":[{"@type":"CommentAction","name":"Comment","target":["https:\/\/inclusivenews.com.br\/?p=14164#respond"]}]},{"@type":"WebPage","@id":"https:\/\/inclusivenews.com.br\/?p=14164","url":"https:\/\/inclusivenews.com.br\/?p=14164","name":"Audi\u00eancia p\u00fablica discute a\u00e7\u00f5es afirmativas no Supremo Tribunal Federal -","isPartOf":{"@id":"https:\/\/inclusivenews.com.br\/#website"},"primaryImageOfPage":{"@id":"https:\/\/inclusivenews.com.br\/?p=14164#primaryimage"},"image":{"@id":"https:\/\/inclusivenews.com.br\/?p=14164#primaryimage"},"thumbnailUrl":"http:\/\/inclusivenews.com.br\/wp-content\/uploads\/2009\/11\/logo_final_observatorio.jpg","datePublished":"2010-03-01T11:36:04+00:00","breadcrumb":{"@id":"https:\/\/inclusivenews.com.br\/?p=14164#breadcrumb"},"inLanguage":"pt-PT","potentialAction":[{"@type":"ReadAction","target":["https:\/\/inclusivenews.com.br\/?p=14164"]}]},{"@type":"ImageObject","inLanguage":"pt-PT","@id":"https:\/\/inclusivenews.com.br\/?p=14164#primaryimage","url":"https:\/\/inclusivenews.com.br\/wp-content\/uploads\/2009\/11\/logo_final_observatorio.jpg","contentUrl":"https:\/\/inclusivenews.com.br\/wp-content\/uploads\/2009\/11\/logo_final_observatorio.jpg","width":200,"height":200},{"@type":"BreadcrumbList","@id":"https:\/\/inclusivenews.com.br\/?p=14164#breadcrumb","itemListElement":[{"@type":"ListItem","position":1,"name":"In\u00edcio","item":"https:\/\/inclusivenews.com.br\/"},{"@type":"ListItem","position":2,"name":"Audi\u00eancia p\u00fablica discute a\u00e7\u00f5es afirmativas no Supremo Tribunal Federal"}]},{"@type":"WebSite","@id":"https:\/\/inclusivenews.com.br\/#website","url":"https:\/\/inclusivenews.com.br\/","name":"Inclusive News","description":"Inclusive News","publisher":{"@id":"https:\/\/inclusivenews.com.br\/#organization"},"potentialAction":[{"@type":"SearchAction","target":{"@type":"EntryPoint","urlTemplate":"https:\/\/inclusivenews.com.br\/?s={search_term_string}"},"query-input":{"@type":"PropertyValueSpecification","valueRequired":true,"valueName":"search_term_string"}}],"inLanguage":"pt-PT"},{"@type":"Organization","@id":"https:\/\/inclusivenews.com.br\/#organization","name":"Inclusive - inclus\u00e3o e cidadania","url":"https:\/\/inclusivenews.com.br\/","logo":{"@type":"ImageObject","inLanguage":"pt-PT","@id":"https:\/\/inclusivenews.com.br\/#\/schema\/logo\/image\/","url":"https:\/\/inclusivenews.com.br\/wp-content\/uploads\/2024\/03\/@grandesite.png","contentUrl":"https:\/\/inclusivenews.com.br\/wp-content\/uploads\/2024\/03\/@grandesite.png","width":1080,"height":1080,"caption":"Inclusive - inclus\u00e3o e cidadania"},"image":{"@id":"https:\/\/inclusivenews.com.br\/#\/schema\/logo\/image\/"},"sameAs":["https:\/\/www.facebook.com\/agenciainclusive\/","https:\/\/www.instagram.com\/newsinclusive\/"]},{"@type":"Person","@id":"https:\/\/inclusivenews.com.br\/#\/schema\/person\/ae4ec7087559b8692fb33b6fffd2273b","name":"inclusivenews2024","image":{"@type":"ImageObject","inLanguage":"pt-PT","@id":"https:\/\/secure.gravatar.com\/avatar\/c5a7ef84c66fa914f55bc4f7ce26cfa275a3b9a1c5568b907bd184fb4dde7b40?s=96&d=mm&r=g","url":"https:\/\/secure.gravatar.com\/avatar\/c5a7ef84c66fa914f55bc4f7ce26cfa275a3b9a1c5568b907bd184fb4dde7b40?s=96&d=mm&r=g","contentUrl":"https:\/\/secure.gravatar.com\/avatar\/c5a7ef84c66fa914f55bc4f7ce26cfa275a3b9a1c5568b907bd184fb4dde7b40?s=96&d=mm&r=g","caption":"inclusivenews2024"},"sameAs":["https:\/\/inclusivenews.com.br"],"url":"https:\/\/inclusivenews.com.br\/?author=1"}]}},"_links":{"self":[{"href":"https:\/\/inclusivenews.com.br\/index.php?rest_route=\/wp\/v2\/posts\/14164","targetHints":{"allow":["GET"]}}],"collection":[{"href":"https:\/\/inclusivenews.com.br\/index.php?rest_route=\/wp\/v2\/posts"}],"about":[{"href":"https:\/\/inclusivenews.com.br\/index.php?rest_route=\/wp\/v2\/types\/post"}],"author":[{"embeddable":true,"href":"https:\/\/inclusivenews.com.br\/index.php?rest_route=\/wp\/v2\/users\/1"}],"replies":[{"embeddable":true,"href":"https:\/\/inclusivenews.com.br\/index.php?rest_route=%2Fwp%2Fv2%2Fcomments&post=14164"}],"version-history":[{"count":0,"href":"https:\/\/inclusivenews.com.br\/index.php?rest_route=\/wp\/v2\/posts\/14164\/revisions"}],"wp:attachment":[{"href":"https:\/\/inclusivenews.com.br\/index.php?rest_route=%2Fwp%2Fv2%2Fmedia&parent=14164"}],"wp:term":[{"taxonomy":"category","embeddable":true,"href":"https:\/\/inclusivenews.com.br\/index.php?rest_route=%2Fwp%2Fv2%2Fcategories&post=14164"},{"taxonomy":"post_tag","embeddable":true,"href":"https:\/\/inclusivenews.com.br\/index.php?rest_route=%2Fwp%2Fv2%2Ftags&post=14164"}],"curies":[{"name":"wp","href":"https:\/\/api.w.org\/{rel}","templated":true}]}}