{"id":14167,"date":"2010-03-02T07:52:20","date_gmt":"2010-03-02T10:52:20","guid":{"rendered":"http:\/\/www.inclusive.org.br\/?p=14167"},"modified":"2010-03-02T07:52:20","modified_gmt":"2010-03-02T10:52:20","slug":"vale-a-pena-acessar-mundo-em-movimento","status":"publish","type":"post","link":"https:\/\/inclusivenews.com.br\/?p=14167","title":{"rendered":"Vale a Pena Acessar &#8211; Mundo em Movimentos"},"content":{"rendered":"<figure id=\"attachment_14168\" aria-describedby=\"caption-attachment-14168\" style=\"width: 162px\" class=\"wp-caption alignleft\"><a href=\"http:\/\/www.inclusivenews.com.br\/wp-content\/uploads\/2010\/03\/7024833.jpg\"><img loading=\"lazy\" decoding=\"async\" class=\"size-thumbnail wp-image-14168\" src=\"http:\/\/inclusivenews.com.br\/wp-content\/uploads\/2010\/03\/7024833-150x150.jpg\" alt=\"\" width=\"162\" height=\"162\" \/><\/a><figcaption id=\"caption-attachment-14168\" class=\"wp-caption-text\">Capa do livro: O Movimento dos Movimentos<\/figcaption><\/figure>\n<p><a href=\"http:\/\/mundoemmovimentos.blogspot.com\/\">Mundo em Movimentos<\/a> \u00e9 o blog do soci\u00f3logo, advogado e professor S\u00e9rgio Coutinho.<\/p>\n<p>Autor do livro <strong><em>O Movimento dos Movimentos<\/em><\/strong><em><strong> \u2013 possibilidade e limites do F\u00f3rum Social Mundial<\/strong>, o livro <\/em>consiste numa an\u00e1lise da ideologia pr\u00f3pria ao F\u00f3rum como movimento social. (Fonte: swissinfo.ch \u2013 Not\u00edcias da Su\u00ed\u00e7a para o Mundo.)<\/p>\n<p>Com v\u00e1rios artigos publicados, entre estes \u201c<em><strong>O F\u00f3rum Social Mundial em defesa do mundo como ele \u00e9<\/strong>\u201d e<\/em> \u201c<em><strong>A prote\u00e7\u00e3o \u00e0 pessoa com defici\u00eancia pela<\/strong><\/em><em><strong> ratifica\u00e7\u00e3o da conven\u00e7\u00e3o dos seus direitos<\/strong>&#8221; <\/em>Sergio Coutinho<em> \u00e9 tamb\u00e9m<\/em> consultor de direitos das pessoas com defici\u00eancia.<\/p>\n<p>Nas palavras do autor:\u00a0 &#8220;o blog \u00e9 resultado de minhas\u00a0 pesquisas sobre movimentos sociais internacionais. Enquanto aguardava a publica\u00e7\u00e3o do <a href=\"http:\/\/www.livrariacultura.com.br\/scripts\/cultura\/resenha\/resenha.asp?nitem=7024833&amp;sid=89711411910423411049242553&amp;k5=2F613859&amp;uid=\">meu livro<\/a> sobre o tema, vencedor do I Pr\u00eamio Liter\u00e1rio Cidade de Manaus, procurei atualizar constantemente o conte\u00fado por meio de an\u00e1lises sobre iniciativas coletivas ao redor do mundo&#8221;<\/p>\n<p>Com literatura farta sobre direitos humanos e movimentos sociais, Mundo em Movimentos \u00e9 leitura importante e recomendada.<\/p>\n<p><em><br \/>\nElis Zampieri \u00e9 pedagoga, com especializa\u00e7\u00e3o em Educa\u00e7\u00e3o Infantil e S\u00e9ries Iniciais e em Educa\u00e7\u00e3o Especial. \u00c9 autora do blog \u201cSobre Educa\u00e7\u00e3o\u201d, colaboradora da Inclusive e moderadora do grupo \u201cEduca\u00e7\u00e3o Especial em Rede\u201d.<\/em><\/p>\n","protected":false},"excerpt":{"rendered":"<p>Mundo em Movimentos \u00e9 o blog do soci\u00f3logo, advogado e professor S\u00e9rgio Coutinho. Autor do livro O Movimento dos Movimentos \u2013 possibilidade e limites do F\u00f3rum Social Mundial, o livro consiste numa an\u00e1lise da ideologia pr\u00f3pria ao F\u00f3rum como movimento social. (Fonte: swissinfo.ch \u2013 Not\u00edcias da Su\u00ed\u00e7a para o Mundo.) Com v\u00e1rios artigos publicados, entre [&hellip;]<\/p>\n","protected":false},"author":1,"featured_media":0,"comment_status":"open","ping_status":"open","sticky":false,"template":"","format":"standard","meta":{"site-container-style":"default","site-container-layout":"default","site-sidebar-layout":"default","disable-article-header":"default","disable-site-header":"default","disable-site-footer":"default","disable-content-area-spacing":"default","footnotes":""},"categories":[36],"tags":[61,85,86,87],"class_list":["post-14167","post","type-post","status-publish","format-standard","hentry","category-colunas-especiais","tag-eliszampieri","tag-indicacao-de-leitura","tag-mundo-em-movimentos","tag-sergio-coutinho"],"yoast_head":"<!-- This site is optimized with the Yoast SEO plugin v27.4 - https:\/\/yoast.com\/product\/yoast-seo-wordpress\/ -->\n<title>Vale a Pena Acessar - Mundo em Movimentos -<\/title>\n<meta name=\"robots\" content=\"index, follow, max-snippet:-1, max-image-preview:large, max-video-preview:-1\" \/>\n<link rel=\"canonical\" href=\"https:\/\/inclusivenews.com.br\/?p=14167\" \/>\n<meta property=\"og:locale\" content=\"pt_PT\" \/>\n<meta property=\"og:type\" content=\"article\" \/>\n<meta property=\"og:title\" content=\"Vale a Pena Acessar - Mundo em Movimentos -\" \/>\n<meta property=\"og:description\" content=\"Mundo em Movimentos \u00e9 o blog do soci\u00f3logo, advogado e professor S\u00e9rgio Coutinho. Autor do livro O Movimento dos Movimentos \u2013 possibilidade e limites do F\u00f3rum Social Mundial, o livro consiste numa an\u00e1lise da ideologia pr\u00f3pria ao F\u00f3rum como movimento social. (Fonte: swissinfo.ch \u2013 Not\u00edcias da Su\u00ed\u00e7a para o Mundo.) Com v\u00e1rios artigos publicados, entre [&hellip;]\" \/>\n<meta property=\"og:url\" content=\"https:\/\/inclusivenews.com.br\/?p=14167\" \/>\n<meta property=\"article:publisher\" content=\"https:\/\/www.facebook.com\/agenciainclusive\/\" \/>\n<meta property=\"article:published_time\" content=\"2010-03-02T10:52:20+00:00\" \/>\n<meta property=\"og:image\" content=\"http:\/\/inclusivenews.com.br\/wp-content\/uploads\/2010\/03\/7024833-150x150.jpg\" \/>\n<meta name=\"author\" content=\"inclusivenews2024\" \/>\n<meta name=\"twitter:card\" content=\"summary_large_image\" \/>\n<meta name=\"twitter:label1\" content=\"Escrito por\" \/>\n\t<meta name=\"twitter:data1\" content=\"inclusivenews2024\" \/>\n\t<meta name=\"twitter:label2\" content=\"Tempo estimado de leitura\" \/>\n\t<meta name=\"twitter:data2\" content=\"1 minuto\" \/>\n<script type=\"application\/ld+json\" class=\"yoast-schema-graph\">{\"@context\":\"https:\\\/\\\/schema.org\",\"@graph\":[{\"@type\":\"Article\",\"@id\":\"https:\\\/\\\/inclusivenews.com.br\\\/?p=14167#article\",\"isPartOf\":{\"@id\":\"https:\\\/\\\/inclusivenews.com.br\\\/?p=14167\"},\"author\":{\"name\":\"inclusivenews2024\",\"@id\":\"https:\\\/\\\/inclusivenews.com.br\\\/#\\\/schema\\\/person\\\/ae4ec7087559b8692fb33b6fffd2273b\"},\"headline\":\"Vale a Pena Acessar &#8211; Mundo em Movimentos\",\"datePublished\":\"2010-03-02T10:52:20+00:00\",\"mainEntityOfPage\":{\"@id\":\"https:\\\/\\\/inclusivenews.com.br\\\/?p=14167\"},\"wordCount\":232,\"commentCount\":0,\"publisher\":{\"@id\":\"https:\\\/\\\/inclusivenews.com.br\\\/#organization\"},\"image\":{\"@id\":\"https:\\\/\\\/inclusivenews.com.br\\\/?p=14167#primaryimage\"},\"thumbnailUrl\":\"http:\\\/\\\/inclusivenews.com.br\\\/wp-content\\\/uploads\\\/2010\\\/03\\\/7024833-150x150.jpg\",\"keywords\":[\"ElisZampieri\",\"Indica\u00e7\u00e3o de leitura\",\"Mundo em Movimentos\",\"Sergio Coutinho\"],\"articleSection\":[\"Colunas especiais\"],\"inLanguage\":\"pt-PT\",\"potentialAction\":[{\"@type\":\"CommentAction\",\"name\":\"Comment\",\"target\":[\"https:\\\/\\\/inclusivenews.com.br\\\/?p=14167#respond\"]}]},{\"@type\":\"WebPage\",\"@id\":\"https:\\\/\\\/inclusivenews.com.br\\\/?p=14167\",\"url\":\"https:\\\/\\\/inclusivenews.com.br\\\/?p=14167\",\"name\":\"Vale a Pena Acessar - Mundo em Movimentos -\",\"isPartOf\":{\"@id\":\"https:\\\/\\\/inclusivenews.com.br\\\/#website\"},\"primaryImageOfPage\":{\"@id\":\"https:\\\/\\\/inclusivenews.com.br\\\/?p=14167#primaryimage\"},\"image\":{\"@id\":\"https:\\\/\\\/inclusivenews.com.br\\\/?p=14167#primaryimage\"},\"thumbnailUrl\":\"http:\\\/\\\/inclusivenews.com.br\\\/wp-content\\\/uploads\\\/2010\\\/03\\\/7024833-150x150.jpg\",\"datePublished\":\"2010-03-02T10:52:20+00:00\",\"breadcrumb\":{\"@id\":\"https:\\\/\\\/inclusivenews.com.br\\\/?p=14167#breadcrumb\"},\"inLanguage\":\"pt-PT\",\"potentialAction\":[{\"@type\":\"ReadAction\",\"target\":[\"https:\\\/\\\/inclusivenews.com.br\\\/?p=14167\"]}]},{\"@type\":\"ImageObject\",\"inLanguage\":\"pt-PT\",\"@id\":\"https:\\\/\\\/inclusivenews.com.br\\\/?p=14167#primaryimage\",\"url\":\"\",\"contentUrl\":\"\"},{\"@type\":\"BreadcrumbList\",\"@id\":\"https:\\\/\\\/inclusivenews.com.br\\\/?p=14167#breadcrumb\",\"itemListElement\":[{\"@type\":\"ListItem\",\"position\":1,\"name\":\"In\u00edcio\",\"item\":\"https:\\\/\\\/inclusivenews.com.br\\\/\"},{\"@type\":\"ListItem\",\"position\":2,\"name\":\"Vale a Pena Acessar &#8211; Mundo em Movimentos\"}]},{\"@type\":\"WebSite\",\"@id\":\"https:\\\/\\\/inclusivenews.com.br\\\/#website\",\"url\":\"https:\\\/\\\/inclusivenews.com.br\\\/\",\"name\":\"Inclusive News\",\"description\":\"Inclusive News\",\"publisher\":{\"@id\":\"https:\\\/\\\/inclusivenews.com.br\\\/#organization\"},\"potentialAction\":[{\"@type\":\"SearchAction\",\"target\":{\"@type\":\"EntryPoint\",\"urlTemplate\":\"https:\\\/\\\/inclusivenews.com.br\\\/?s={search_term_string}\"},\"query-input\":{\"@type\":\"PropertyValueSpecification\",\"valueRequired\":true,\"valueName\":\"search_term_string\"}}],\"inLanguage\":\"pt-PT\"},{\"@type\":\"Organization\",\"@id\":\"https:\\\/\\\/inclusivenews.com.br\\\/#organization\",\"name\":\"Inclusive - inclus\u00e3o e cidadania\",\"url\":\"https:\\\/\\\/inclusivenews.com.br\\\/\",\"logo\":{\"@type\":\"ImageObject\",\"inLanguage\":\"pt-PT\",\"@id\":\"https:\\\/\\\/inclusivenews.com.br\\\/#\\\/schema\\\/logo\\\/image\\\/\",\"url\":\"https:\\\/\\\/inclusivenews.com.br\\\/wp-content\\\/uploads\\\/2024\\\/03\\\/@grandesite.png\",\"contentUrl\":\"https:\\\/\\\/inclusivenews.com.br\\\/wp-content\\\/uploads\\\/2024\\\/03\\\/@grandesite.png\",\"width\":1080,\"height\":1080,\"caption\":\"Inclusive - inclus\u00e3o e cidadania\"},\"image\":{\"@id\":\"https:\\\/\\\/inclusivenews.com.br\\\/#\\\/schema\\\/logo\\\/image\\\/\"},\"sameAs\":[\"https:\\\/\\\/www.facebook.com\\\/agenciainclusive\\\/\",\"https:\\\/\\\/www.instagram.com\\\/newsinclusive\\\/\"]},{\"@type\":\"Person\",\"@id\":\"https:\\\/\\\/inclusivenews.com.br\\\/#\\\/schema\\\/person\\\/ae4ec7087559b8692fb33b6fffd2273b\",\"name\":\"inclusivenews2024\",\"image\":{\"@type\":\"ImageObject\",\"inLanguage\":\"pt-PT\",\"@id\":\"https:\\\/\\\/secure.gravatar.com\\\/avatar\\\/c5a7ef84c66fa914f55bc4f7ce26cfa275a3b9a1c5568b907bd184fb4dde7b40?s=96&d=mm&r=g\",\"url\":\"https:\\\/\\\/secure.gravatar.com\\\/avatar\\\/c5a7ef84c66fa914f55bc4f7ce26cfa275a3b9a1c5568b907bd184fb4dde7b40?s=96&d=mm&r=g\",\"contentUrl\":\"https:\\\/\\\/secure.gravatar.com\\\/avatar\\\/c5a7ef84c66fa914f55bc4f7ce26cfa275a3b9a1c5568b907bd184fb4dde7b40?s=96&d=mm&r=g\",\"caption\":\"inclusivenews2024\"},\"sameAs\":[\"https:\\\/\\\/inclusivenews.com.br\"],\"url\":\"https:\\\/\\\/inclusivenews.com.br\\\/?author=1\"}]}<\/script>\n<!-- \/ Yoast SEO plugin. -->","yoast_head_json":{"title":"Vale a Pena Acessar - Mundo em Movimentos -","robots":{"index":"index","follow":"follow","max-snippet":"max-snippet:-1","max-image-preview":"max-image-preview:large","max-video-preview":"max-video-preview:-1"},"canonical":"https:\/\/inclusivenews.com.br\/?p=14167","og_locale":"pt_PT","og_type":"article","og_title":"Vale a Pena Acessar - Mundo em Movimentos -","og_description":"Mundo em Movimentos \u00e9 o blog do soci\u00f3logo, advogado e professor S\u00e9rgio Coutinho. Autor do livro O Movimento dos Movimentos \u2013 possibilidade e limites do F\u00f3rum Social Mundial, o livro consiste numa an\u00e1lise da ideologia pr\u00f3pria ao F\u00f3rum como movimento social. (Fonte: swissinfo.ch \u2013 Not\u00edcias da Su\u00ed\u00e7a para o Mundo.) Com v\u00e1rios artigos publicados, entre [&hellip;]","og_url":"https:\/\/inclusivenews.com.br\/?p=14167","article_publisher":"https:\/\/www.facebook.com\/agenciainclusive\/","article_published_time":"2010-03-02T10:52:20+00:00","og_image":[{"url":"http:\/\/inclusivenews.com.br\/wp-content\/uploads\/2010\/03\/7024833-150x150.jpg","type":"","width":"","height":""}],"author":"inclusivenews2024","twitter_card":"summary_large_image","twitter_misc":{"Escrito por":"inclusivenews2024","Tempo estimado de leitura":"1 minuto"},"schema":{"@context":"https:\/\/schema.org","@graph":[{"@type":"Article","@id":"https:\/\/inclusivenews.com.br\/?p=14167#article","isPartOf":{"@id":"https:\/\/inclusivenews.com.br\/?p=14167"},"author":{"name":"inclusivenews2024","@id":"https:\/\/inclusivenews.com.br\/#\/schema\/person\/ae4ec7087559b8692fb33b6fffd2273b"},"headline":"Vale a Pena Acessar &#8211; Mundo em Movimentos","datePublished":"2010-03-02T10:52:20+00:00","mainEntityOfPage":{"@id":"https:\/\/inclusivenews.com.br\/?p=14167"},"wordCount":232,"commentCount":0,"publisher":{"@id":"https:\/\/inclusivenews.com.br\/#organization"},"image":{"@id":"https:\/\/inclusivenews.com.br\/?p=14167#primaryimage"},"thumbnailUrl":"http:\/\/inclusivenews.com.br\/wp-content\/uploads\/2010\/03\/7024833-150x150.jpg","keywords":["ElisZampieri","Indica\u00e7\u00e3o de leitura","Mundo em Movimentos","Sergio Coutinho"],"articleSection":["Colunas especiais"],"inLanguage":"pt-PT","potentialAction":[{"@type":"CommentAction","name":"Comment","target":["https:\/\/inclusivenews.com.br\/?p=14167#respond"]}]},{"@type":"WebPage","@id":"https:\/\/inclusivenews.com.br\/?p=14167","url":"https:\/\/inclusivenews.com.br\/?p=14167","name":"Vale a Pena Acessar - Mundo em Movimentos -","isPartOf":{"@id":"https:\/\/inclusivenews.com.br\/#website"},"primaryImageOfPage":{"@id":"https:\/\/inclusivenews.com.br\/?p=14167#primaryimage"},"image":{"@id":"https:\/\/inclusivenews.com.br\/?p=14167#primaryimage"},"thumbnailUrl":"http:\/\/inclusivenews.com.br\/wp-content\/uploads\/2010\/03\/7024833-150x150.jpg","datePublished":"2010-03-02T10:52:20+00:00","breadcrumb":{"@id":"https:\/\/inclusivenews.com.br\/?p=14167#breadcrumb"},"inLanguage":"pt-PT","potentialAction":[{"@type":"ReadAction","target":["https:\/\/inclusivenews.com.br\/?p=14167"]}]},{"@type":"ImageObject","inLanguage":"pt-PT","@id":"https:\/\/inclusivenews.com.br\/?p=14167#primaryimage","url":"","contentUrl":""},{"@type":"BreadcrumbList","@id":"https:\/\/inclusivenews.com.br\/?p=14167#breadcrumb","itemListElement":[{"@type":"ListItem","position":1,"name":"In\u00edcio","item":"https:\/\/inclusivenews.com.br\/"},{"@type":"ListItem","position":2,"name":"Vale a Pena Acessar &#8211; Mundo em Movimentos"}]},{"@type":"WebSite","@id":"https:\/\/inclusivenews.com.br\/#website","url":"https:\/\/inclusivenews.com.br\/","name":"Inclusive News","description":"Inclusive News","publisher":{"@id":"https:\/\/inclusivenews.com.br\/#organization"},"potentialAction":[{"@type":"SearchAction","target":{"@type":"EntryPoint","urlTemplate":"https:\/\/inclusivenews.com.br\/?s={search_term_string}"},"query-input":{"@type":"PropertyValueSpecification","valueRequired":true,"valueName":"search_term_string"}}],"inLanguage":"pt-PT"},{"@type":"Organization","@id":"https:\/\/inclusivenews.com.br\/#organization","name":"Inclusive - inclus\u00e3o e cidadania","url":"https:\/\/inclusivenews.com.br\/","logo":{"@type":"ImageObject","inLanguage":"pt-PT","@id":"https:\/\/inclusivenews.com.br\/#\/schema\/logo\/image\/","url":"https:\/\/inclusivenews.com.br\/wp-content\/uploads\/2024\/03\/@grandesite.png","contentUrl":"https:\/\/inclusivenews.com.br\/wp-content\/uploads\/2024\/03\/@grandesite.png","width":1080,"height":1080,"caption":"Inclusive - inclus\u00e3o e cidadania"},"image":{"@id":"https:\/\/inclusivenews.com.br\/#\/schema\/logo\/image\/"},"sameAs":["https:\/\/www.facebook.com\/agenciainclusive\/","https:\/\/www.instagram.com\/newsinclusive\/"]},{"@type":"Person","@id":"https:\/\/inclusivenews.com.br\/#\/schema\/person\/ae4ec7087559b8692fb33b6fffd2273b","name":"inclusivenews2024","image":{"@type":"ImageObject","inLanguage":"pt-PT","@id":"https:\/\/secure.gravatar.com\/avatar\/c5a7ef84c66fa914f55bc4f7ce26cfa275a3b9a1c5568b907bd184fb4dde7b40?s=96&d=mm&r=g","url":"https:\/\/secure.gravatar.com\/avatar\/c5a7ef84c66fa914f55bc4f7ce26cfa275a3b9a1c5568b907bd184fb4dde7b40?s=96&d=mm&r=g","contentUrl":"https:\/\/secure.gravatar.com\/avatar\/c5a7ef84c66fa914f55bc4f7ce26cfa275a3b9a1c5568b907bd184fb4dde7b40?s=96&d=mm&r=g","caption":"inclusivenews2024"},"sameAs":["https:\/\/inclusivenews.com.br"],"url":"https:\/\/inclusivenews.com.br\/?author=1"}]}},"_links":{"self":[{"href":"https:\/\/inclusivenews.com.br\/index.php?rest_route=\/wp\/v2\/posts\/14167","targetHints":{"allow":["GET"]}}],"collection":[{"href":"https:\/\/inclusivenews.com.br\/index.php?rest_route=\/wp\/v2\/posts"}],"about":[{"href":"https:\/\/inclusivenews.com.br\/index.php?rest_route=\/wp\/v2\/types\/post"}],"author":[{"embeddable":true,"href":"https:\/\/inclusivenews.com.br\/index.php?rest_route=\/wp\/v2\/users\/1"}],"replies":[{"embeddable":true,"href":"https:\/\/inclusivenews.com.br\/index.php?rest_route=%2Fwp%2Fv2%2Fcomments&post=14167"}],"version-history":[{"count":0,"href":"https:\/\/inclusivenews.com.br\/index.php?rest_route=\/wp\/v2\/posts\/14167\/revisions"}],"wp:attachment":[{"href":"https:\/\/inclusivenews.com.br\/index.php?rest_route=%2Fwp%2Fv2%2Fmedia&parent=14167"}],"wp:term":[{"taxonomy":"category","embeddable":true,"href":"https:\/\/inclusivenews.com.br\/index.php?rest_route=%2Fwp%2Fv2%2Fcategories&post=14167"},{"taxonomy":"post_tag","embeddable":true,"href":"https:\/\/inclusivenews.com.br\/index.php?rest_route=%2Fwp%2Fv2%2Ftags&post=14167"}],"curies":[{"name":"wp","href":"https:\/\/api.w.org\/{rel}","templated":true}]}}