{"id":14170,"date":"2010-03-02T07:55:43","date_gmt":"2010-03-02T10:55:43","guid":{"rendered":"http:\/\/www.inclusive.org.br\/?p=14170"},"modified":"2010-03-02T07:55:43","modified_gmt":"2010-03-02T10:55:43","slug":"entidades-cobram-do-minc-a-publicacao-do-projeto-de-reforma-da-lei-de-direitos-autorais","status":"publish","type":"post","link":"https:\/\/inclusivenews.com.br\/?p=14170","title":{"rendered":"Entidades cobram do MinC a publica\u00e7\u00e3o do projeto de reforma da lei de direitos autorais"},"content":{"rendered":"<figure style=\"width: 300px\" class=\"wp-caption alignleft\"><img loading=\"lazy\" decoding=\"async\" title=\"S\u00edmbolos utilizados nas licen\u00e7as Creative Commons\" src=\"http:\/\/www.newmediarights.org\/files\/u1875\/creative%20commons%20image.jpg\" alt=\"\" width=\"300\" height=\"225\" \/><figcaption class=\"wp-caption-text\"> <\/figcaption><\/figure>\n<div class=\"plain\">\n<p style=\"text-align: justify;\">Seis organiza\u00e7\u00f5es da sociedade civil, entre elas o Intervozes, ratificou na \u00faltima semana uma cobran\u00e7a feita ao Minist\u00e9rio da Cultura (MinC) no dia 23 de outubro de 2010. Preocupadas com o atraso na publica\u00e7\u00e3o do anteprojeto de reforma da Lei do Direito Autoral (Lei 9.610\/98), as entidades cobraram um posicionamento do MinC, j\u00e1 que as datas previstas para a publica\u00e7\u00e3o da mat\u00e9ria j\u00e1 estavam todas vencidas. Quando a primeira cobran\u00e7a foi feita j\u00e1 \u201ceram passados seis meses do prazo estipulado para o envio \u00e0 consulta p\u00fablica. Contudo, dez meses ap\u00f3s a primeira data prevista, o projeto ainda n\u00e3o foi publicado\u201d. O documento foi assinado pelo Idec \u2013 Instituto Brasileiro de Defesa do Consumidor, Gpopai\/USP &#8211; Grupo de Pesquisa em Pol\u00edticas P\u00fablicas para o Acesso \u00e0 Informa\u00e7\u00e3o; Intervozes \u2013 Coletivo Brasil de Comunica\u00e7\u00e3o Social; A\u00e7\u00e3o Educativa; Instituto Paulo Freire; e Movimento M\u00fasica para Baixar.<\/p>\n<p style=\"text-align: justify;\">O fato de 2010 ser ano eleitoral preocupa ainda mais as entidades, que pedem urg\u00eancia nos encaminhamentos. Elas acreditam que \u201ca paralisa\u00e7\u00e3o do projeto de reforma da lei de direitos autorais, e a sua consequente n\u00e3o aprova\u00e7\u00e3o nesse ano, significam a interrup\u00e7\u00e3o de um s\u00e9rio e prof\u00edcuo processo de discuss\u00e3o entre Governo e sociedade civil que vem ocorrendo desde 2007\u201d.<\/p>\n<p style=\"text-align: justify;\"><strong>Retorno \u2013 <\/strong>O documento foi entregue pelo representante do Idec, Guilherme Varella, em reuni\u00e3o realizada com Marcos Souza, coordenador do direito autoral do MinC. De acordo com Varella, apesar do atraso, as perspectivas s\u00e3o boas. \u201cNo ano passado havia uma grande resist\u00eancia em colocar esse projeto em consulta. Este ano, al\u00e9m de apoios importantes na sociedade h\u00e1 uma recomenda\u00e7\u00e3o da Casa Civil de que o projeto seja colocado em consulta p\u00fablica at\u00e9 mar\u00e7o. \u00c9 poss\u00edvel que j\u00e1 esteja no Congresso no in\u00edcio de maio\u201d, aposta.<\/p>\n<p style=\"text-align: justify;\">At\u00e9 que a proposta venha a p\u00fablico, o representante do Idec acredita que \u00e9 preciso construir uma agenda com as entidades que defendem a proposta. \u201cPrecisamos permanecer com a press\u00e3o p\u00fablica. Queremos comprometer o Minist\u00e9rio [da Cultura] a realizar um grande debate durante o processo de consulta. Junto com isso, precisamo publicizar a quest\u00e3o, conseguir apoios e preparar interven\u00e7\u00f5es nas Confer\u00eancias Nacionais de Cultura e de Educa\u00e7\u00e3o, que acontecem ainda no primeiro semestre\u201d. Uma das estrat\u00e9gias \u00e9 exatamente sensibilizar os educadores e o Minist\u00e9rio da Educa\u00e7\u00e3o em rela\u00e7\u00e3o ao impacto que o direito autoral tem na educa\u00e7\u00e3o. \u201cN\u00e3o \u00e9 liberada a c\u00f3pia integral de livros nem para fins educativos. Precisamos convencer o MEC a entrar nesse debate\u201d.<\/p>\n<p style=\"text-align: justify;\"><strong>Processo &#8211; <\/strong>Desde 2005, o Minist\u00e9rio da Cultura, a partir de uma resolu\u00e7\u00e3o da I Confer\u00eancia Nacional de Cultura,\u00a0 realiza uma s\u00e9rie de debates com a sociedade buscando subsidiar a formula\u00e7\u00e3o de um nova pol\u00edtica de direitos autorais. Em 2007, foi lan\u00e7ado o F\u00f3rum Nacional de Direito Autoral foram e ao longo de dois anos promovidos tr\u00eas Congressos sobre Direito do Autor e Interesse P\u00fablico. Ap\u00f3s todo esse percurso, o MinC chegou a uma proposta de reforma da Lei do Direito Autoral (Lei 9.610\/98), que tem como princ\u00edpios: a) equilibrar a rela\u00e7\u00e3o entre criadores e investidores, marcada pela cess\u00e3o total de direitos dos primeiros para os \u00faltimos sem qualquer forma de revis\u00e3o do equil\u00edbrio contratual; b) equilibrar os direitos conferidos pela lei aos titulares de direitos autorais e os direitos dos membros da sociedade de terem acesso ao conhecimento e \u00e0 cultura e; c) exercer o papel do Estado na prote\u00e7\u00e3o e promo\u00e7\u00e3o dos direitos autorais no pa\u00eds, situa\u00e7\u00e3o que impede a formula\u00e7\u00e3o de pol\u00edticas p\u00fablicas que respondam \u00e0s necessidades e problemas espec\u00edficos de nossa sociedade.<br \/>\n______________<\/p>\n<\/div>\n<p><strong>Fonte:<\/strong> <a href=\"http:\/\/www.intervozes.org.br\/noticias\/entidades-cobram-do-minc-a-publicacao-do-projeto-de-reforma-da-lei-de-direitos-autorais\">Intervozes<\/a><\/p>\n","protected":false},"excerpt":{"rendered":"<p>Carta endere\u00e7ada ao ministro Juca Ferreira reitera o alerta sobre as dificuldades das vota\u00e7\u00f5es no ano eleitoral e pede que o ministro n\u00e3o desperdice \u201cuma oportunidade hist\u00f3rica de elaborar uma proposta avan\u00e7ada, adequada \u00e0 nova realidade tecnol\u00f3gica e \u00e0s necessidades efetivas da sociedade brasileira\u201d. Do Intervozes.<\/p>\n","protected":false},"author":1,"featured_media":0,"comment_status":"open","ping_status":"open","sticky":false,"template":"","format":"standard","meta":{"site-container-style":"default","site-container-layout":"default","site-sidebar-layout":"default","disable-article-header":"default","disable-site-header":"default","disable-site-footer":"default","disable-content-area-spacing":"default","footnotes":""},"categories":[4],"tags":[88],"class_list":["post-14170","post","type-post","status-publish","format-standard","hentry","category-noticias","tag-direitos-autorais"],"yoast_head":"<!-- This site is optimized with the Yoast SEO plugin v27.4 - https:\/\/yoast.com\/product\/yoast-seo-wordpress\/ -->\n<title>Entidades cobram do MinC a publica\u00e7\u00e3o do projeto de reforma da lei de direitos autorais -<\/title>\n<meta name=\"robots\" content=\"index, follow, max-snippet:-1, max-image-preview:large, max-video-preview:-1\" \/>\n<link rel=\"canonical\" href=\"https:\/\/inclusivenews.com.br\/?p=14170\" \/>\n<meta property=\"og:locale\" content=\"pt_PT\" \/>\n<meta property=\"og:type\" content=\"article\" \/>\n<meta property=\"og:title\" content=\"Entidades cobram do MinC a publica\u00e7\u00e3o do projeto de reforma da lei de direitos autorais -\" \/>\n<meta property=\"og:description\" content=\"Carta endere\u00e7ada ao ministro Juca Ferreira reitera o alerta sobre as dificuldades das vota\u00e7\u00f5es no ano eleitoral e pede que o ministro n\u00e3o desperdice \u201cuma oportunidade hist\u00f3rica de elaborar uma proposta avan\u00e7ada, adequada \u00e0 nova realidade tecnol\u00f3gica e \u00e0s necessidades efetivas da sociedade brasileira\u201d. Do Intervozes.\" \/>\n<meta property=\"og:url\" content=\"https:\/\/inclusivenews.com.br\/?p=14170\" \/>\n<meta property=\"article:publisher\" content=\"https:\/\/www.facebook.com\/agenciainclusive\/\" \/>\n<meta property=\"article:published_time\" content=\"2010-03-02T10:55:43+00:00\" \/>\n<meta property=\"og:image\" content=\"http:\/\/www.newmediarights.org\/files\/u1875\/creative%20commons%20image.jpg\" \/>\n<meta name=\"author\" content=\"inclusivenews2024\" \/>\n<meta name=\"twitter:card\" content=\"summary_large_image\" \/>\n<meta name=\"twitter:label1\" content=\"Escrito por\" \/>\n\t<meta name=\"twitter:data1\" content=\"inclusivenews2024\" \/>\n\t<meta name=\"twitter:label2\" content=\"Tempo estimado de leitura\" \/>\n\t<meta name=\"twitter:data2\" content=\"3 minutos\" \/>\n<script type=\"application\/ld+json\" class=\"yoast-schema-graph\">{\"@context\":\"https:\\\/\\\/schema.org\",\"@graph\":[{\"@type\":\"Article\",\"@id\":\"https:\\\/\\\/inclusivenews.com.br\\\/?p=14170#article\",\"isPartOf\":{\"@id\":\"https:\\\/\\\/inclusivenews.com.br\\\/?p=14170\"},\"author\":{\"name\":\"inclusivenews2024\",\"@id\":\"https:\\\/\\\/inclusivenews.com.br\\\/#\\\/schema\\\/person\\\/ae4ec7087559b8692fb33b6fffd2273b\"},\"headline\":\"Entidades cobram do MinC a publica\u00e7\u00e3o do projeto de reforma da lei de direitos autorais\",\"datePublished\":\"2010-03-02T10:55:43+00:00\",\"mainEntityOfPage\":{\"@id\":\"https:\\\/\\\/inclusivenews.com.br\\\/?p=14170\"},\"wordCount\":661,\"commentCount\":0,\"publisher\":{\"@id\":\"https:\\\/\\\/inclusivenews.com.br\\\/#organization\"},\"image\":{\"@id\":\"https:\\\/\\\/inclusivenews.com.br\\\/?p=14170#primaryimage\"},\"thumbnailUrl\":\"http:\\\/\\\/www.newmediarights.org\\\/files\\\/u1875\\\/creative%20commons%20image.jpg\",\"keywords\":[\"Direitos autorais\"],\"articleSection\":[\"NOT\u00cdCIAS\"],\"inLanguage\":\"pt-PT\",\"potentialAction\":[{\"@type\":\"CommentAction\",\"name\":\"Comment\",\"target\":[\"https:\\\/\\\/inclusivenews.com.br\\\/?p=14170#respond\"]}]},{\"@type\":\"WebPage\",\"@id\":\"https:\\\/\\\/inclusivenews.com.br\\\/?p=14170\",\"url\":\"https:\\\/\\\/inclusivenews.com.br\\\/?p=14170\",\"name\":\"Entidades cobram do MinC a publica\u00e7\u00e3o do projeto de reforma da lei de direitos autorais -\",\"isPartOf\":{\"@id\":\"https:\\\/\\\/inclusivenews.com.br\\\/#website\"},\"primaryImageOfPage\":{\"@id\":\"https:\\\/\\\/inclusivenews.com.br\\\/?p=14170#primaryimage\"},\"image\":{\"@id\":\"https:\\\/\\\/inclusivenews.com.br\\\/?p=14170#primaryimage\"},\"thumbnailUrl\":\"http:\\\/\\\/www.newmediarights.org\\\/files\\\/u1875\\\/creative%20commons%20image.jpg\",\"datePublished\":\"2010-03-02T10:55:43+00:00\",\"breadcrumb\":{\"@id\":\"https:\\\/\\\/inclusivenews.com.br\\\/?p=14170#breadcrumb\"},\"inLanguage\":\"pt-PT\",\"potentialAction\":[{\"@type\":\"ReadAction\",\"target\":[\"https:\\\/\\\/inclusivenews.com.br\\\/?p=14170\"]}]},{\"@type\":\"ImageObject\",\"inLanguage\":\"pt-PT\",\"@id\":\"https:\\\/\\\/inclusivenews.com.br\\\/?p=14170#primaryimage\",\"url\":\"http:\\\/\\\/www.newmediarights.org\\\/files\\\/u1875\\\/creative%20commons%20image.jpg\",\"contentUrl\":\"http:\\\/\\\/www.newmediarights.org\\\/files\\\/u1875\\\/creative%20commons%20image.jpg\"},{\"@type\":\"BreadcrumbList\",\"@id\":\"https:\\\/\\\/inclusivenews.com.br\\\/?p=14170#breadcrumb\",\"itemListElement\":[{\"@type\":\"ListItem\",\"position\":1,\"name\":\"In\u00edcio\",\"item\":\"https:\\\/\\\/inclusivenews.com.br\\\/\"},{\"@type\":\"ListItem\",\"position\":2,\"name\":\"Entidades cobram do MinC a publica\u00e7\u00e3o do projeto de reforma da lei de direitos autorais\"}]},{\"@type\":\"WebSite\",\"@id\":\"https:\\\/\\\/inclusivenews.com.br\\\/#website\",\"url\":\"https:\\\/\\\/inclusivenews.com.br\\\/\",\"name\":\"Inclusive News\",\"description\":\"Inclusive News\",\"publisher\":{\"@id\":\"https:\\\/\\\/inclusivenews.com.br\\\/#organization\"},\"potentialAction\":[{\"@type\":\"SearchAction\",\"target\":{\"@type\":\"EntryPoint\",\"urlTemplate\":\"https:\\\/\\\/inclusivenews.com.br\\\/?s={search_term_string}\"},\"query-input\":{\"@type\":\"PropertyValueSpecification\",\"valueRequired\":true,\"valueName\":\"search_term_string\"}}],\"inLanguage\":\"pt-PT\"},{\"@type\":\"Organization\",\"@id\":\"https:\\\/\\\/inclusivenews.com.br\\\/#organization\",\"name\":\"Inclusive - inclus\u00e3o e cidadania\",\"url\":\"https:\\\/\\\/inclusivenews.com.br\\\/\",\"logo\":{\"@type\":\"ImageObject\",\"inLanguage\":\"pt-PT\",\"@id\":\"https:\\\/\\\/inclusivenews.com.br\\\/#\\\/schema\\\/logo\\\/image\\\/\",\"url\":\"https:\\\/\\\/inclusivenews.com.br\\\/wp-content\\\/uploads\\\/2024\\\/03\\\/@grandesite.png\",\"contentUrl\":\"https:\\\/\\\/inclusivenews.com.br\\\/wp-content\\\/uploads\\\/2024\\\/03\\\/@grandesite.png\",\"width\":1080,\"height\":1080,\"caption\":\"Inclusive - inclus\u00e3o e cidadania\"},\"image\":{\"@id\":\"https:\\\/\\\/inclusivenews.com.br\\\/#\\\/schema\\\/logo\\\/image\\\/\"},\"sameAs\":[\"https:\\\/\\\/www.facebook.com\\\/agenciainclusive\\\/\",\"https:\\\/\\\/www.instagram.com\\\/newsinclusive\\\/\"]},{\"@type\":\"Person\",\"@id\":\"https:\\\/\\\/inclusivenews.com.br\\\/#\\\/schema\\\/person\\\/ae4ec7087559b8692fb33b6fffd2273b\",\"name\":\"inclusivenews2024\",\"image\":{\"@type\":\"ImageObject\",\"inLanguage\":\"pt-PT\",\"@id\":\"https:\\\/\\\/secure.gravatar.com\\\/avatar\\\/c5a7ef84c66fa914f55bc4f7ce26cfa275a3b9a1c5568b907bd184fb4dde7b40?s=96&d=mm&r=g\",\"url\":\"https:\\\/\\\/secure.gravatar.com\\\/avatar\\\/c5a7ef84c66fa914f55bc4f7ce26cfa275a3b9a1c5568b907bd184fb4dde7b40?s=96&d=mm&r=g\",\"contentUrl\":\"https:\\\/\\\/secure.gravatar.com\\\/avatar\\\/c5a7ef84c66fa914f55bc4f7ce26cfa275a3b9a1c5568b907bd184fb4dde7b40?s=96&d=mm&r=g\",\"caption\":\"inclusivenews2024\"},\"sameAs\":[\"https:\\\/\\\/inclusivenews.com.br\"],\"url\":\"https:\\\/\\\/inclusivenews.com.br\\\/?author=1\"}]}<\/script>\n<!-- \/ Yoast SEO plugin. -->","yoast_head_json":{"title":"Entidades cobram do MinC a publica\u00e7\u00e3o do projeto de reforma da lei de direitos autorais -","robots":{"index":"index","follow":"follow","max-snippet":"max-snippet:-1","max-image-preview":"max-image-preview:large","max-video-preview":"max-video-preview:-1"},"canonical":"https:\/\/inclusivenews.com.br\/?p=14170","og_locale":"pt_PT","og_type":"article","og_title":"Entidades cobram do MinC a publica\u00e7\u00e3o do projeto de reforma da lei de direitos autorais -","og_description":"Carta endere\u00e7ada ao ministro Juca Ferreira reitera o alerta sobre as dificuldades das vota\u00e7\u00f5es no ano eleitoral e pede que o ministro n\u00e3o desperdice \u201cuma oportunidade hist\u00f3rica de elaborar uma proposta avan\u00e7ada, adequada \u00e0 nova realidade tecnol\u00f3gica e \u00e0s necessidades efetivas da sociedade brasileira\u201d. Do Intervozes.","og_url":"https:\/\/inclusivenews.com.br\/?p=14170","article_publisher":"https:\/\/www.facebook.com\/agenciainclusive\/","article_published_time":"2010-03-02T10:55:43+00:00","og_image":[{"url":"http:\/\/www.newmediarights.org\/files\/u1875\/creative%20commons%20image.jpg","type":"","width":"","height":""}],"author":"inclusivenews2024","twitter_card":"summary_large_image","twitter_misc":{"Escrito por":"inclusivenews2024","Tempo estimado de leitura":"3 minutos"},"schema":{"@context":"https:\/\/schema.org","@graph":[{"@type":"Article","@id":"https:\/\/inclusivenews.com.br\/?p=14170#article","isPartOf":{"@id":"https:\/\/inclusivenews.com.br\/?p=14170"},"author":{"name":"inclusivenews2024","@id":"https:\/\/inclusivenews.com.br\/#\/schema\/person\/ae4ec7087559b8692fb33b6fffd2273b"},"headline":"Entidades cobram do MinC a publica\u00e7\u00e3o do projeto de reforma da lei de direitos autorais","datePublished":"2010-03-02T10:55:43+00:00","mainEntityOfPage":{"@id":"https:\/\/inclusivenews.com.br\/?p=14170"},"wordCount":661,"commentCount":0,"publisher":{"@id":"https:\/\/inclusivenews.com.br\/#organization"},"image":{"@id":"https:\/\/inclusivenews.com.br\/?p=14170#primaryimage"},"thumbnailUrl":"http:\/\/www.newmediarights.org\/files\/u1875\/creative%20commons%20image.jpg","keywords":["Direitos autorais"],"articleSection":["NOT\u00cdCIAS"],"inLanguage":"pt-PT","potentialAction":[{"@type":"CommentAction","name":"Comment","target":["https:\/\/inclusivenews.com.br\/?p=14170#respond"]}]},{"@type":"WebPage","@id":"https:\/\/inclusivenews.com.br\/?p=14170","url":"https:\/\/inclusivenews.com.br\/?p=14170","name":"Entidades cobram do MinC a publica\u00e7\u00e3o do projeto de reforma da lei de direitos autorais -","isPartOf":{"@id":"https:\/\/inclusivenews.com.br\/#website"},"primaryImageOfPage":{"@id":"https:\/\/inclusivenews.com.br\/?p=14170#primaryimage"},"image":{"@id":"https:\/\/inclusivenews.com.br\/?p=14170#primaryimage"},"thumbnailUrl":"http:\/\/www.newmediarights.org\/files\/u1875\/creative%20commons%20image.jpg","datePublished":"2010-03-02T10:55:43+00:00","breadcrumb":{"@id":"https:\/\/inclusivenews.com.br\/?p=14170#breadcrumb"},"inLanguage":"pt-PT","potentialAction":[{"@type":"ReadAction","target":["https:\/\/inclusivenews.com.br\/?p=14170"]}]},{"@type":"ImageObject","inLanguage":"pt-PT","@id":"https:\/\/inclusivenews.com.br\/?p=14170#primaryimage","url":"http:\/\/www.newmediarights.org\/files\/u1875\/creative%20commons%20image.jpg","contentUrl":"http:\/\/www.newmediarights.org\/files\/u1875\/creative%20commons%20image.jpg"},{"@type":"BreadcrumbList","@id":"https:\/\/inclusivenews.com.br\/?p=14170#breadcrumb","itemListElement":[{"@type":"ListItem","position":1,"name":"In\u00edcio","item":"https:\/\/inclusivenews.com.br\/"},{"@type":"ListItem","position":2,"name":"Entidades cobram do MinC a publica\u00e7\u00e3o do projeto de reforma da lei de direitos autorais"}]},{"@type":"WebSite","@id":"https:\/\/inclusivenews.com.br\/#website","url":"https:\/\/inclusivenews.com.br\/","name":"Inclusive News","description":"Inclusive News","publisher":{"@id":"https:\/\/inclusivenews.com.br\/#organization"},"potentialAction":[{"@type":"SearchAction","target":{"@type":"EntryPoint","urlTemplate":"https:\/\/inclusivenews.com.br\/?s={search_term_string}"},"query-input":{"@type":"PropertyValueSpecification","valueRequired":true,"valueName":"search_term_string"}}],"inLanguage":"pt-PT"},{"@type":"Organization","@id":"https:\/\/inclusivenews.com.br\/#organization","name":"Inclusive - inclus\u00e3o e cidadania","url":"https:\/\/inclusivenews.com.br\/","logo":{"@type":"ImageObject","inLanguage":"pt-PT","@id":"https:\/\/inclusivenews.com.br\/#\/schema\/logo\/image\/","url":"https:\/\/inclusivenews.com.br\/wp-content\/uploads\/2024\/03\/@grandesite.png","contentUrl":"https:\/\/inclusivenews.com.br\/wp-content\/uploads\/2024\/03\/@grandesite.png","width":1080,"height":1080,"caption":"Inclusive - inclus\u00e3o e cidadania"},"image":{"@id":"https:\/\/inclusivenews.com.br\/#\/schema\/logo\/image\/"},"sameAs":["https:\/\/www.facebook.com\/agenciainclusive\/","https:\/\/www.instagram.com\/newsinclusive\/"]},{"@type":"Person","@id":"https:\/\/inclusivenews.com.br\/#\/schema\/person\/ae4ec7087559b8692fb33b6fffd2273b","name":"inclusivenews2024","image":{"@type":"ImageObject","inLanguage":"pt-PT","@id":"https:\/\/secure.gravatar.com\/avatar\/c5a7ef84c66fa914f55bc4f7ce26cfa275a3b9a1c5568b907bd184fb4dde7b40?s=96&d=mm&r=g","url":"https:\/\/secure.gravatar.com\/avatar\/c5a7ef84c66fa914f55bc4f7ce26cfa275a3b9a1c5568b907bd184fb4dde7b40?s=96&d=mm&r=g","contentUrl":"https:\/\/secure.gravatar.com\/avatar\/c5a7ef84c66fa914f55bc4f7ce26cfa275a3b9a1c5568b907bd184fb4dde7b40?s=96&d=mm&r=g","caption":"inclusivenews2024"},"sameAs":["https:\/\/inclusivenews.com.br"],"url":"https:\/\/inclusivenews.com.br\/?author=1"}]}},"_links":{"self":[{"href":"https:\/\/inclusivenews.com.br\/index.php?rest_route=\/wp\/v2\/posts\/14170","targetHints":{"allow":["GET"]}}],"collection":[{"href":"https:\/\/inclusivenews.com.br\/index.php?rest_route=\/wp\/v2\/posts"}],"about":[{"href":"https:\/\/inclusivenews.com.br\/index.php?rest_route=\/wp\/v2\/types\/post"}],"author":[{"embeddable":true,"href":"https:\/\/inclusivenews.com.br\/index.php?rest_route=\/wp\/v2\/users\/1"}],"replies":[{"embeddable":true,"href":"https:\/\/inclusivenews.com.br\/index.php?rest_route=%2Fwp%2Fv2%2Fcomments&post=14170"}],"version-history":[{"count":0,"href":"https:\/\/inclusivenews.com.br\/index.php?rest_route=\/wp\/v2\/posts\/14170\/revisions"}],"wp:attachment":[{"href":"https:\/\/inclusivenews.com.br\/index.php?rest_route=%2Fwp%2Fv2%2Fmedia&parent=14170"}],"wp:term":[{"taxonomy":"category","embeddable":true,"href":"https:\/\/inclusivenews.com.br\/index.php?rest_route=%2Fwp%2Fv2%2Fcategories&post=14170"},{"taxonomy":"post_tag","embeddable":true,"href":"https:\/\/inclusivenews.com.br\/index.php?rest_route=%2Fwp%2Fv2%2Ftags&post=14170"}],"curies":[{"name":"wp","href":"https:\/\/api.w.org\/{rel}","templated":true}]}}