{"id":14171,"date":"2010-03-02T08:02:10","date_gmt":"2010-03-02T11:02:10","guid":{"rendered":"http:\/\/www.inclusive.org.br\/?p=14171"},"modified":"2010-03-02T08:02:10","modified_gmt":"2010-03-02T11:02:10","slug":"premio-educar-para-a-igualdade-racial-destacara-praticas-pedagogicas-e-de-gestao-escolar","status":"publish","type":"post","link":"https:\/\/inclusivenews.com.br\/?p=14171","title":{"rendered":"Pr\u00eamio Educar para a Igualdade Racial destacar\u00e1 pr\u00e1ticas pedag\u00f3gicas e de gest\u00e3o escolar"},"content":{"rendered":"<figure id=\"attachment_12403\" aria-describedby=\"caption-attachment-12403\" style=\"width: 249px\" class=\"wp-caption alignleft\"><a href=\"http:\/\/www.inclusivenews.com.br\/wp-content\/uploads\/2009\/11\/diferente.jpg\"><img loading=\"lazy\" decoding=\"async\" class=\"size-full wp-image-12403\" title=\"Inclusive - Diferente - s\u00edmbolo matem\u00e1tico da diferen\u00e7a. Dois tra\u00e7os paralelos cortados na diagonal por outro tra\u00e7o.\" src=\"http:\/\/inclusivenews.com.br\/wp-content\/uploads\/2009\/11\/diferente.jpg\" alt=\"\" width=\"249\" height=\"174\" srcset=\"https:\/\/inclusivenews.com.br\/wp-content\/uploads\/2009\/11\/diferente.jpg 356w, https:\/\/inclusivenews.com.br\/wp-content\/uploads\/2009\/11\/diferente-300x210.jpg 300w\" sizes=\"auto, (max-width: 249px) 100vw, 249px\" \/><\/a><figcaption id=\"caption-attachment-12403\" class=\"wp-caption-text\"> <\/figcaption><\/figure>\n<p>O pr\u00eamio Educar para a Igualdade Racial \u00e9 uma iniciativa da parceria CEERT e Grupo Santander Brasil, que est\u00e1 na sua 5\u00aa edi\u00e7\u00e3o. Tem por objetivo identificar, difundir, reconhecer e apoiar pr\u00e1ticas pedag\u00f3gicas e de gest\u00e3o escolar, vinculadas a tem\u00e1tica \u00e9tnico-racial, na perspectiva da garantia de uma educa\u00e7\u00e3o de qualidade para todas e todos e, mais especificamente, de combate ao racismo e de valoriza\u00e7\u00e3o da diversidade \u00e9tnico-racial.<span class=\"noticia1\"><\/p>\n<p style=\"text-align: justify;\">Al\u00e9m de um pr\u00eamio em dinheiro, o pacote da premia\u00e7\u00e3o inclui curso de forma\u00e7\u00e3o e ainda um acompanhamento de at\u00e9 doze meses junto a duas escolas premiadas. O acompanhamento busca contribuir para o aprimoramento da institucionaliza\u00e7\u00e3o, e, aprender a difundir, o passo-a-passo de quem que faz bem em termos de implementa\u00e7\u00e3o das diretrizes curriculares nacionais para a educa\u00e7\u00e3o das rela\u00e7\u00f5es \u00e9tnico-raciais.<\/p>\n<p style=\"text-align: justify;\">Os pr\u00eamios est\u00e3o divididos em quatro modalidades: educa\u00e7\u00e3o infantil, ensino fundamental anos iniciais, ensino fundamental anos finais e ensino m\u00e9dio. E em duas categorias, professor e escola. O pr\u00eamio \u00e9 realizado bi-anualmente e s\u00f3 podem se inscrever pr\u00e1ticas desenvolvidas at\u00e9 dois anos antes do ano de abertura do edital, sendo proibido concorrer pr\u00e1ticas iniciadas ou que se iniciar\u00e3o no ano de abertura.<\/p>\n<p style=\"text-align: justify;\">O edital permanece aberto por um per\u00edodo aproximadamente de 60 dias. Nessa fase as pr\u00e1ticas s\u00e3o inscritas por meio de uma ficha de inscri\u00e7\u00e3o dispon\u00edvel em papel e tamb\u00e9m on-line. Ao final desse per\u00edodo (60 dias) as pr\u00e1ticas passam por uma triagem onde s\u00e3o verificadas se as condi\u00e7\u00f5es de inscri\u00e7\u00f5es estabelecidas pelo edital foram cumpridas.<\/p>\n<p style=\"text-align: justify;\">Mais informa\u00e7\u00f5es: <a href=\"http:\/\/www.ceert.org.br\/modulos\/depoimentos\/premio.php\">http:\/\/www.ceert.org.br\/modulos\/depoimentos\/premio.php<\/a><br \/>\n______________<\/p>\n<p style=\"text-align: justify;\"><strong>Fonte:<\/strong> <a href=\"http:\/\/www.undime.org.br\/htdocs\/index.php?id=5889\">UNDIME<\/a><\/p>\n<p><\/span><\/p>\n","protected":false},"excerpt":{"rendered":"<p>O pr\u00eamio Educar para a Igualdade Racial \u00e9 uma iniciativa da parceria CEERT e Grupo Santander Brasil, que est\u00e1 na sua 5\u00aa edi\u00e7\u00e3o. Da UNDIME.<\/p>\n","protected":false},"author":1,"featured_media":0,"comment_status":"open","ping_status":"open","sticky":false,"template":"","format":"standard","meta":{"site-container-style":"default","site-container-layout":"default","site-sidebar-layout":"default","disable-article-header":"default","disable-site-header":"default","disable-site-footer":"default","disable-content-area-spacing":"default","footnotes":""},"categories":[38,40,48,4],"tags":[],"class_list":["post-14171","post","type-post","status-publish","format-standard","hentry","category-deficiencia","category-diversidade","category-inclusao","category-noticias"],"yoast_head":"<!-- This site is optimized with the Yoast SEO plugin v27.4 - https:\/\/yoast.com\/product\/yoast-seo-wordpress\/ -->\n<title>Pr\u00eamio Educar para a Igualdade Racial destacar\u00e1 pr\u00e1ticas pedag\u00f3gicas e de gest\u00e3o escolar -<\/title>\n<meta name=\"robots\" content=\"index, follow, max-snippet:-1, max-image-preview:large, max-video-preview:-1\" \/>\n<link rel=\"canonical\" href=\"https:\/\/inclusivenews.com.br\/?p=14171\" \/>\n<meta property=\"og:locale\" content=\"pt_PT\" \/>\n<meta property=\"og:type\" content=\"article\" \/>\n<meta property=\"og:title\" content=\"Pr\u00eamio Educar para a Igualdade Racial destacar\u00e1 pr\u00e1ticas pedag\u00f3gicas e de gest\u00e3o escolar -\" \/>\n<meta property=\"og:description\" content=\"O pr\u00eamio Educar para a Igualdade Racial \u00e9 uma iniciativa da parceria CEERT e Grupo Santander Brasil, que est\u00e1 na sua 5\u00aa edi\u00e7\u00e3o. Da UNDIME.\" \/>\n<meta property=\"og:url\" content=\"https:\/\/inclusivenews.com.br\/?p=14171\" \/>\n<meta property=\"article:publisher\" content=\"https:\/\/www.facebook.com\/agenciainclusive\/\" \/>\n<meta property=\"article:published_time\" content=\"2010-03-02T11:02:10+00:00\" \/>\n<meta property=\"og:image\" content=\"http:\/\/inclusivenews.com.br\/wp-content\/uploads\/2009\/11\/diferente.jpg\" \/>\n<meta name=\"author\" content=\"inclusivenews2024\" \/>\n<meta name=\"twitter:card\" content=\"summary_large_image\" \/>\n<meta name=\"twitter:label1\" content=\"Escrito por\" \/>\n\t<meta name=\"twitter:data1\" content=\"inclusivenews2024\" \/>\n\t<meta name=\"twitter:label2\" content=\"Tempo estimado de leitura\" \/>\n\t<meta name=\"twitter:data2\" content=\"1 minuto\" \/>\n<script type=\"application\/ld+json\" class=\"yoast-schema-graph\">{\"@context\":\"https:\\\/\\\/schema.org\",\"@graph\":[{\"@type\":\"Article\",\"@id\":\"https:\\\/\\\/inclusivenews.com.br\\\/?p=14171#article\",\"isPartOf\":{\"@id\":\"https:\\\/\\\/inclusivenews.com.br\\\/?p=14171\"},\"author\":{\"name\":\"inclusivenews2024\",\"@id\":\"https:\\\/\\\/inclusivenews.com.br\\\/#\\\/schema\\\/person\\\/ae4ec7087559b8692fb33b6fffd2273b\"},\"headline\":\"Pr\u00eamio Educar para a Igualdade Racial destacar\u00e1 pr\u00e1ticas pedag\u00f3gicas e de gest\u00e3o escolar\",\"datePublished\":\"2010-03-02T11:02:10+00:00\",\"mainEntityOfPage\":{\"@id\":\"https:\\\/\\\/inclusivenews.com.br\\\/?p=14171\"},\"wordCount\":314,\"commentCount\":0,\"publisher\":{\"@id\":\"https:\\\/\\\/inclusivenews.com.br\\\/#organization\"},\"image\":{\"@id\":\"https:\\\/\\\/inclusivenews.com.br\\\/?p=14171#primaryimage\"},\"thumbnailUrl\":\"http:\\\/\\\/inclusivenews.com.br\\\/wp-content\\\/uploads\\\/2009\\\/11\\\/diferente.jpg\",\"articleSection\":[\"Defici\u00eancia\",\"Diversidade\",\"INCLUS\u00c3O SOCIAL\",\"NOT\u00cdCIAS\"],\"inLanguage\":\"pt-PT\",\"potentialAction\":[{\"@type\":\"CommentAction\",\"name\":\"Comment\",\"target\":[\"https:\\\/\\\/inclusivenews.com.br\\\/?p=14171#respond\"]}]},{\"@type\":\"WebPage\",\"@id\":\"https:\\\/\\\/inclusivenews.com.br\\\/?p=14171\",\"url\":\"https:\\\/\\\/inclusivenews.com.br\\\/?p=14171\",\"name\":\"Pr\u00eamio Educar para a Igualdade Racial destacar\u00e1 pr\u00e1ticas pedag\u00f3gicas e de gest\u00e3o escolar -\",\"isPartOf\":{\"@id\":\"https:\\\/\\\/inclusivenews.com.br\\\/#website\"},\"primaryImageOfPage\":{\"@id\":\"https:\\\/\\\/inclusivenews.com.br\\\/?p=14171#primaryimage\"},\"image\":{\"@id\":\"https:\\\/\\\/inclusivenews.com.br\\\/?p=14171#primaryimage\"},\"thumbnailUrl\":\"http:\\\/\\\/inclusivenews.com.br\\\/wp-content\\\/uploads\\\/2009\\\/11\\\/diferente.jpg\",\"datePublished\":\"2010-03-02T11:02:10+00:00\",\"breadcrumb\":{\"@id\":\"https:\\\/\\\/inclusivenews.com.br\\\/?p=14171#breadcrumb\"},\"inLanguage\":\"pt-PT\",\"potentialAction\":[{\"@type\":\"ReadAction\",\"target\":[\"https:\\\/\\\/inclusivenews.com.br\\\/?p=14171\"]}]},{\"@type\":\"ImageObject\",\"inLanguage\":\"pt-PT\",\"@id\":\"https:\\\/\\\/inclusivenews.com.br\\\/?p=14171#primaryimage\",\"url\":\"https:\\\/\\\/inclusivenews.com.br\\\/wp-content\\\/uploads\\\/2009\\\/11\\\/diferente.jpg\",\"contentUrl\":\"https:\\\/\\\/inclusivenews.com.br\\\/wp-content\\\/uploads\\\/2009\\\/11\\\/diferente.jpg\",\"width\":356,\"height\":249,\"caption\":\"Inclusive - Diferente - s\u00edmbolo matem\u00e1tico da diferen\u00e7a. Dois tra\u00e7os paralelos cortados na diagonal por outro tra\u00e7o.\"},{\"@type\":\"BreadcrumbList\",\"@id\":\"https:\\\/\\\/inclusivenews.com.br\\\/?p=14171#breadcrumb\",\"itemListElement\":[{\"@type\":\"ListItem\",\"position\":1,\"name\":\"In\u00edcio\",\"item\":\"https:\\\/\\\/inclusivenews.com.br\\\/\"},{\"@type\":\"ListItem\",\"position\":2,\"name\":\"Pr\u00eamio Educar para a Igualdade Racial destacar\u00e1 pr\u00e1ticas pedag\u00f3gicas e de gest\u00e3o escolar\"}]},{\"@type\":\"WebSite\",\"@id\":\"https:\\\/\\\/inclusivenews.com.br\\\/#website\",\"url\":\"https:\\\/\\\/inclusivenews.com.br\\\/\",\"name\":\"Inclusive News\",\"description\":\"Inclusive News\",\"publisher\":{\"@id\":\"https:\\\/\\\/inclusivenews.com.br\\\/#organization\"},\"potentialAction\":[{\"@type\":\"SearchAction\",\"target\":{\"@type\":\"EntryPoint\",\"urlTemplate\":\"https:\\\/\\\/inclusivenews.com.br\\\/?s={search_term_string}\"},\"query-input\":{\"@type\":\"PropertyValueSpecification\",\"valueRequired\":true,\"valueName\":\"search_term_string\"}}],\"inLanguage\":\"pt-PT\"},{\"@type\":\"Organization\",\"@id\":\"https:\\\/\\\/inclusivenews.com.br\\\/#organization\",\"name\":\"Inclusive - inclus\u00e3o e cidadania\",\"url\":\"https:\\\/\\\/inclusivenews.com.br\\\/\",\"logo\":{\"@type\":\"ImageObject\",\"inLanguage\":\"pt-PT\",\"@id\":\"https:\\\/\\\/inclusivenews.com.br\\\/#\\\/schema\\\/logo\\\/image\\\/\",\"url\":\"https:\\\/\\\/inclusivenews.com.br\\\/wp-content\\\/uploads\\\/2024\\\/03\\\/@grandesite.png\",\"contentUrl\":\"https:\\\/\\\/inclusivenews.com.br\\\/wp-content\\\/uploads\\\/2024\\\/03\\\/@grandesite.png\",\"width\":1080,\"height\":1080,\"caption\":\"Inclusive - inclus\u00e3o e cidadania\"},\"image\":{\"@id\":\"https:\\\/\\\/inclusivenews.com.br\\\/#\\\/schema\\\/logo\\\/image\\\/\"},\"sameAs\":[\"https:\\\/\\\/www.facebook.com\\\/agenciainclusive\\\/\",\"https:\\\/\\\/www.instagram.com\\\/newsinclusive\\\/\"]},{\"@type\":\"Person\",\"@id\":\"https:\\\/\\\/inclusivenews.com.br\\\/#\\\/schema\\\/person\\\/ae4ec7087559b8692fb33b6fffd2273b\",\"name\":\"inclusivenews2024\",\"image\":{\"@type\":\"ImageObject\",\"inLanguage\":\"pt-PT\",\"@id\":\"https:\\\/\\\/secure.gravatar.com\\\/avatar\\\/c5a7ef84c66fa914f55bc4f7ce26cfa275a3b9a1c5568b907bd184fb4dde7b40?s=96&d=mm&r=g\",\"url\":\"https:\\\/\\\/secure.gravatar.com\\\/avatar\\\/c5a7ef84c66fa914f55bc4f7ce26cfa275a3b9a1c5568b907bd184fb4dde7b40?s=96&d=mm&r=g\",\"contentUrl\":\"https:\\\/\\\/secure.gravatar.com\\\/avatar\\\/c5a7ef84c66fa914f55bc4f7ce26cfa275a3b9a1c5568b907bd184fb4dde7b40?s=96&d=mm&r=g\",\"caption\":\"inclusivenews2024\"},\"sameAs\":[\"https:\\\/\\\/inclusivenews.com.br\"],\"url\":\"https:\\\/\\\/inclusivenews.com.br\\\/?author=1\"}]}<\/script>\n<!-- \/ Yoast SEO plugin. -->","yoast_head_json":{"title":"Pr\u00eamio Educar para a Igualdade Racial destacar\u00e1 pr\u00e1ticas pedag\u00f3gicas e de gest\u00e3o escolar -","robots":{"index":"index","follow":"follow","max-snippet":"max-snippet:-1","max-image-preview":"max-image-preview:large","max-video-preview":"max-video-preview:-1"},"canonical":"https:\/\/inclusivenews.com.br\/?p=14171","og_locale":"pt_PT","og_type":"article","og_title":"Pr\u00eamio Educar para a Igualdade Racial destacar\u00e1 pr\u00e1ticas pedag\u00f3gicas e de gest\u00e3o escolar -","og_description":"O pr\u00eamio Educar para a Igualdade Racial \u00e9 uma iniciativa da parceria CEERT e Grupo Santander Brasil, que est\u00e1 na sua 5\u00aa edi\u00e7\u00e3o. Da UNDIME.","og_url":"https:\/\/inclusivenews.com.br\/?p=14171","article_publisher":"https:\/\/www.facebook.com\/agenciainclusive\/","article_published_time":"2010-03-02T11:02:10+00:00","og_image":[{"url":"http:\/\/inclusivenews.com.br\/wp-content\/uploads\/2009\/11\/diferente.jpg","type":"","width":"","height":""}],"author":"inclusivenews2024","twitter_card":"summary_large_image","twitter_misc":{"Escrito por":"inclusivenews2024","Tempo estimado de leitura":"1 minuto"},"schema":{"@context":"https:\/\/schema.org","@graph":[{"@type":"Article","@id":"https:\/\/inclusivenews.com.br\/?p=14171#article","isPartOf":{"@id":"https:\/\/inclusivenews.com.br\/?p=14171"},"author":{"name":"inclusivenews2024","@id":"https:\/\/inclusivenews.com.br\/#\/schema\/person\/ae4ec7087559b8692fb33b6fffd2273b"},"headline":"Pr\u00eamio Educar para a Igualdade Racial destacar\u00e1 pr\u00e1ticas pedag\u00f3gicas e de gest\u00e3o escolar","datePublished":"2010-03-02T11:02:10+00:00","mainEntityOfPage":{"@id":"https:\/\/inclusivenews.com.br\/?p=14171"},"wordCount":314,"commentCount":0,"publisher":{"@id":"https:\/\/inclusivenews.com.br\/#organization"},"image":{"@id":"https:\/\/inclusivenews.com.br\/?p=14171#primaryimage"},"thumbnailUrl":"http:\/\/inclusivenews.com.br\/wp-content\/uploads\/2009\/11\/diferente.jpg","articleSection":["Defici\u00eancia","Diversidade","INCLUS\u00c3O SOCIAL","NOT\u00cdCIAS"],"inLanguage":"pt-PT","potentialAction":[{"@type":"CommentAction","name":"Comment","target":["https:\/\/inclusivenews.com.br\/?p=14171#respond"]}]},{"@type":"WebPage","@id":"https:\/\/inclusivenews.com.br\/?p=14171","url":"https:\/\/inclusivenews.com.br\/?p=14171","name":"Pr\u00eamio Educar para a Igualdade Racial destacar\u00e1 pr\u00e1ticas pedag\u00f3gicas e de gest\u00e3o escolar -","isPartOf":{"@id":"https:\/\/inclusivenews.com.br\/#website"},"primaryImageOfPage":{"@id":"https:\/\/inclusivenews.com.br\/?p=14171#primaryimage"},"image":{"@id":"https:\/\/inclusivenews.com.br\/?p=14171#primaryimage"},"thumbnailUrl":"http:\/\/inclusivenews.com.br\/wp-content\/uploads\/2009\/11\/diferente.jpg","datePublished":"2010-03-02T11:02:10+00:00","breadcrumb":{"@id":"https:\/\/inclusivenews.com.br\/?p=14171#breadcrumb"},"inLanguage":"pt-PT","potentialAction":[{"@type":"ReadAction","target":["https:\/\/inclusivenews.com.br\/?p=14171"]}]},{"@type":"ImageObject","inLanguage":"pt-PT","@id":"https:\/\/inclusivenews.com.br\/?p=14171#primaryimage","url":"https:\/\/inclusivenews.com.br\/wp-content\/uploads\/2009\/11\/diferente.jpg","contentUrl":"https:\/\/inclusivenews.com.br\/wp-content\/uploads\/2009\/11\/diferente.jpg","width":356,"height":249,"caption":"Inclusive - Diferente - s\u00edmbolo matem\u00e1tico da diferen\u00e7a. Dois tra\u00e7os paralelos cortados na diagonal por outro tra\u00e7o."},{"@type":"BreadcrumbList","@id":"https:\/\/inclusivenews.com.br\/?p=14171#breadcrumb","itemListElement":[{"@type":"ListItem","position":1,"name":"In\u00edcio","item":"https:\/\/inclusivenews.com.br\/"},{"@type":"ListItem","position":2,"name":"Pr\u00eamio Educar para a Igualdade Racial destacar\u00e1 pr\u00e1ticas pedag\u00f3gicas e de gest\u00e3o escolar"}]},{"@type":"WebSite","@id":"https:\/\/inclusivenews.com.br\/#website","url":"https:\/\/inclusivenews.com.br\/","name":"Inclusive News","description":"Inclusive News","publisher":{"@id":"https:\/\/inclusivenews.com.br\/#organization"},"potentialAction":[{"@type":"SearchAction","target":{"@type":"EntryPoint","urlTemplate":"https:\/\/inclusivenews.com.br\/?s={search_term_string}"},"query-input":{"@type":"PropertyValueSpecification","valueRequired":true,"valueName":"search_term_string"}}],"inLanguage":"pt-PT"},{"@type":"Organization","@id":"https:\/\/inclusivenews.com.br\/#organization","name":"Inclusive - inclus\u00e3o e cidadania","url":"https:\/\/inclusivenews.com.br\/","logo":{"@type":"ImageObject","inLanguage":"pt-PT","@id":"https:\/\/inclusivenews.com.br\/#\/schema\/logo\/image\/","url":"https:\/\/inclusivenews.com.br\/wp-content\/uploads\/2024\/03\/@grandesite.png","contentUrl":"https:\/\/inclusivenews.com.br\/wp-content\/uploads\/2024\/03\/@grandesite.png","width":1080,"height":1080,"caption":"Inclusive - inclus\u00e3o e cidadania"},"image":{"@id":"https:\/\/inclusivenews.com.br\/#\/schema\/logo\/image\/"},"sameAs":["https:\/\/www.facebook.com\/agenciainclusive\/","https:\/\/www.instagram.com\/newsinclusive\/"]},{"@type":"Person","@id":"https:\/\/inclusivenews.com.br\/#\/schema\/person\/ae4ec7087559b8692fb33b6fffd2273b","name":"inclusivenews2024","image":{"@type":"ImageObject","inLanguage":"pt-PT","@id":"https:\/\/secure.gravatar.com\/avatar\/c5a7ef84c66fa914f55bc4f7ce26cfa275a3b9a1c5568b907bd184fb4dde7b40?s=96&d=mm&r=g","url":"https:\/\/secure.gravatar.com\/avatar\/c5a7ef84c66fa914f55bc4f7ce26cfa275a3b9a1c5568b907bd184fb4dde7b40?s=96&d=mm&r=g","contentUrl":"https:\/\/secure.gravatar.com\/avatar\/c5a7ef84c66fa914f55bc4f7ce26cfa275a3b9a1c5568b907bd184fb4dde7b40?s=96&d=mm&r=g","caption":"inclusivenews2024"},"sameAs":["https:\/\/inclusivenews.com.br"],"url":"https:\/\/inclusivenews.com.br\/?author=1"}]}},"_links":{"self":[{"href":"https:\/\/inclusivenews.com.br\/index.php?rest_route=\/wp\/v2\/posts\/14171","targetHints":{"allow":["GET"]}}],"collection":[{"href":"https:\/\/inclusivenews.com.br\/index.php?rest_route=\/wp\/v2\/posts"}],"about":[{"href":"https:\/\/inclusivenews.com.br\/index.php?rest_route=\/wp\/v2\/types\/post"}],"author":[{"embeddable":true,"href":"https:\/\/inclusivenews.com.br\/index.php?rest_route=\/wp\/v2\/users\/1"}],"replies":[{"embeddable":true,"href":"https:\/\/inclusivenews.com.br\/index.php?rest_route=%2Fwp%2Fv2%2Fcomments&post=14171"}],"version-history":[{"count":0,"href":"https:\/\/inclusivenews.com.br\/index.php?rest_route=\/wp\/v2\/posts\/14171\/revisions"}],"wp:attachment":[{"href":"https:\/\/inclusivenews.com.br\/index.php?rest_route=%2Fwp%2Fv2%2Fmedia&parent=14171"}],"wp:term":[{"taxonomy":"category","embeddable":true,"href":"https:\/\/inclusivenews.com.br\/index.php?rest_route=%2Fwp%2Fv2%2Fcategories&post=14171"},{"taxonomy":"post_tag","embeddable":true,"href":"https:\/\/inclusivenews.com.br\/index.php?rest_route=%2Fwp%2Fv2%2Ftags&post=14171"}],"curies":[{"name":"wp","href":"https:\/\/api.w.org\/{rel}","templated":true}]}}