{"id":14172,"date":"2010-03-01T19:01:16","date_gmt":"2010-03-01T22:01:16","guid":{"rendered":"http:\/\/www.inclusive.org.br\/?p=14172"},"modified":"2010-03-01T19:01:16","modified_gmt":"2010-03-01T22:01:16","slug":"tse-discute-voto-de-adolescentes-privados-de-liberdade","status":"publish","type":"post","link":"https:\/\/inclusivenews.com.br\/?p=14172","title":{"rendered":"TSE discute voto de adolescentes privados de liberdade"},"content":{"rendered":"<p><a href=\"http:\/\/www.inclusive.org.br\/?cat=1\"><\/a><\/p>\n<p><a href=\"http:\/\/www.inclusivenews.com.br\/wp-content\/uploads\/2010\/03\/voto1.bmp\"><img decoding=\"async\" class=\"alignleft size-full wp-image-14180\" title=\"voto\" src=\"http:\/\/inclusivenews.com.br\/wp-content\/uploads\/2010\/03\/voto1.bmp\" alt=\"\" \/><\/a>No \u00faltimo dia 22 de fevereiro, o Tribunal Superior Eleitoral (TSE) realizou uma audi\u00eancia p\u00fablica para debater a minuta de resolu\u00e7\u00e3o que trata do voto de presos provis\u00f3rios e adolescentes em cumprimento de medida socioeducativa de interna\u00e7\u00e3o. A ABMP foi representada no encontro pela 2\u00aa vice-presidente, Brigitte Remor. Segundo a magistrada, trata-se de um debate fundamental, por isso, \u00e9 preciso reconhecer a iniciativa do Tribunal. \u201cO exerc\u00edcio da cidadania de tal parcela da popula\u00e7\u00e3o juvenil, desde a elabora\u00e7\u00e3o de sua documenta\u00e7\u00e3o pessoal at\u00e9 o exerc\u00edcio do voto, constitui fonte importante de participa\u00e7\u00e3o e integra\u00e7\u00e3o na sociedade pol\u00edtica\u201d, avalia. O <a href=\"http:\/\/www.direitosdacrianca.org.br\/midia\/publicacoes\/levantamento-nacional-do-atendimento-socioeducativo-ao-adolescente-em-conflito-com-a-lei-2008\">Levantamento Nacional do Atendimento Socioeducativo ao Adolescente em Conflito com a Lei<\/a> revelou que, em dezembro de 2008, havia 16.868 adolescentes em regime privativo de liberdade.<\/p>\n<p>Durante a audi\u00eancia, representantes de Tribunais Regionais Eleitorais (TREs), defensorias p\u00fablicas de diversos estados e de organiza\u00e7\u00f5es da sociedade civil apresentaram sugest\u00f5es \u00e0 minuta. De acordo com o texto, os adolescentes poder\u00e3o votar nas pr\u00f3prias unidades de priva\u00e7\u00e3o de liberdade a partir de termos de coopera\u00e7\u00e3o t\u00e9cnica e parcerias que ser\u00e3o estabelecidas entre \u00f3rg\u00e3os envolvidos no processo eleitoral.<\/p>\n<p>O ministro Arnaldo Versiani, relator das instru\u00e7\u00f5es das elei\u00e7\u00f5es 2010, ir\u00e1 avaliar as sugest\u00f5es recebidas e apresentar o texto final da resolu\u00e7\u00e3o para exame do plen\u00e1rio do TSE. A ABMP apresentar\u00e1 formalmente suas sugest\u00f5es ao relator. Todas as resolu\u00e7\u00f5es com as regras das Elei\u00e7\u00f5es 2010 devem estar aprovadas pelo TSE at\u00e9 5 de mar\u00e7o. Para acessar o texto da minuta na \u00edntegra, clique <a href=\"http:\/\/www.tse.jus.br\/internet\/eleicoes\/2010\/audiencia_publica\/Minuta_intrucao_Voto_Provisorio_Adolescente_Internado_audiencia_publica.pdf\">aqui<\/a>.<br \/>\n____________<\/p>\n<p><strong>Fonte:<\/strong> <a href=\"http:\/\/www.abmp.org.br\/comunicacao.php?sec=noticias&amp;id=170\">ABMP<\/a><\/p>\n","protected":false},"excerpt":{"rendered":"<p>No \u00faltimo dia 22 de fevereiro, o Tribunal Superior Eleitoral (TSE) realizou uma audi\u00eancia p\u00fablica para debater a minuta de resolu\u00e7\u00e3o que trata do voto de presos provis\u00f3rios e adolescentes em cumprimento de medida socioeducativa de interna\u00e7\u00e3o. A ABMP foi representada no encontro pela 2\u00aa vice-presidente, Brigitte Remor. Segundo a magistrada, trata-se de um debate [&hellip;]<\/p>\n","protected":false},"author":1,"featured_media":0,"comment_status":"open","ping_status":"open","sticky":false,"template":"","format":"standard","meta":{"site-container-style":"default","site-container-layout":"default","site-sidebar-layout":"default","disable-article-header":"default","disable-site-header":"default","disable-site-footer":"default","disable-content-area-spacing":"default","footnotes":""},"categories":[48,26,4,49],"tags":[],"class_list":["post-14172","post","type-post","status-publish","format-standard","hentry","category-inclusao","category-legislacao","category-noticias","category-politicas-publicas"],"yoast_head":"<!-- This site is optimized with the Yoast SEO plugin v27.4 - https:\/\/yoast.com\/product\/yoast-seo-wordpress\/ -->\n<title>TSE discute voto de adolescentes privados de liberdade -<\/title>\n<meta name=\"robots\" content=\"index, follow, max-snippet:-1, max-image-preview:large, max-video-preview:-1\" \/>\n<link rel=\"canonical\" href=\"https:\/\/inclusivenews.com.br\/?p=14172\" \/>\n<meta property=\"og:locale\" content=\"pt_PT\" \/>\n<meta property=\"og:type\" content=\"article\" \/>\n<meta property=\"og:title\" content=\"TSE discute voto de adolescentes privados de liberdade -\" \/>\n<meta property=\"og:description\" content=\"No \u00faltimo dia 22 de fevereiro, o Tribunal Superior Eleitoral (TSE) realizou uma audi\u00eancia p\u00fablica para debater a minuta de resolu\u00e7\u00e3o que trata do voto de presos provis\u00f3rios e adolescentes em cumprimento de medida socioeducativa de interna\u00e7\u00e3o. A ABMP foi representada no encontro pela 2\u00aa vice-presidente, Brigitte Remor. Segundo a magistrada, trata-se de um debate [&hellip;]\" \/>\n<meta property=\"og:url\" content=\"https:\/\/inclusivenews.com.br\/?p=14172\" \/>\n<meta property=\"article:publisher\" content=\"https:\/\/www.facebook.com\/agenciainclusive\/\" \/>\n<meta property=\"article:published_time\" content=\"2010-03-01T22:01:16+00:00\" \/>\n<meta property=\"og:image\" content=\"http:\/\/inclusivenews.com.br\/wp-content\/uploads\/2010\/03\/voto1.bmp\" \/>\n<meta name=\"author\" content=\"inclusivenews2024\" \/>\n<meta name=\"twitter:card\" content=\"summary_large_image\" \/>\n<meta name=\"twitter:label1\" content=\"Escrito por\" \/>\n\t<meta name=\"twitter:data1\" content=\"inclusivenews2024\" \/>\n\t<meta name=\"twitter:label2\" content=\"Tempo estimado de leitura\" \/>\n\t<meta name=\"twitter:data2\" content=\"1 minuto\" \/>\n<script type=\"application\/ld+json\" class=\"yoast-schema-graph\">{\"@context\":\"https:\\\/\\\/schema.org\",\"@graph\":[{\"@type\":\"Article\",\"@id\":\"https:\\\/\\\/inclusivenews.com.br\\\/?p=14172#article\",\"isPartOf\":{\"@id\":\"https:\\\/\\\/inclusivenews.com.br\\\/?p=14172\"},\"author\":{\"name\":\"inclusivenews2024\",\"@id\":\"https:\\\/\\\/inclusivenews.com.br\\\/#\\\/schema\\\/person\\\/ae4ec7087559b8692fb33b6fffd2273b\"},\"headline\":\"TSE discute voto de adolescentes privados de liberdade\",\"datePublished\":\"2010-03-01T22:01:16+00:00\",\"mainEntityOfPage\":{\"@id\":\"https:\\\/\\\/inclusivenews.com.br\\\/?p=14172\"},\"wordCount\":281,\"commentCount\":0,\"publisher\":{\"@id\":\"https:\\\/\\\/inclusivenews.com.br\\\/#organization\"},\"image\":{\"@id\":\"https:\\\/\\\/inclusivenews.com.br\\\/?p=14172#primaryimage\"},\"thumbnailUrl\":\"http:\\\/\\\/inclusivenews.com.br\\\/wp-content\\\/uploads\\\/2010\\\/03\\\/voto1.bmp\",\"articleSection\":[\"INCLUS\u00c3O SOCIAL\",\"Legisla\u00e7\u00e3o ...\",\"NOT\u00cdCIAS\",\"Pol\u00edticas p\u00fablicas\"],\"inLanguage\":\"pt-PT\",\"potentialAction\":[{\"@type\":\"CommentAction\",\"name\":\"Comment\",\"target\":[\"https:\\\/\\\/inclusivenews.com.br\\\/?p=14172#respond\"]}]},{\"@type\":\"WebPage\",\"@id\":\"https:\\\/\\\/inclusivenews.com.br\\\/?p=14172\",\"url\":\"https:\\\/\\\/inclusivenews.com.br\\\/?p=14172\",\"name\":\"TSE discute voto de adolescentes privados de liberdade -\",\"isPartOf\":{\"@id\":\"https:\\\/\\\/inclusivenews.com.br\\\/#website\"},\"primaryImageOfPage\":{\"@id\":\"https:\\\/\\\/inclusivenews.com.br\\\/?p=14172#primaryimage\"},\"image\":{\"@id\":\"https:\\\/\\\/inclusivenews.com.br\\\/?p=14172#primaryimage\"},\"thumbnailUrl\":\"http:\\\/\\\/inclusivenews.com.br\\\/wp-content\\\/uploads\\\/2010\\\/03\\\/voto1.bmp\",\"datePublished\":\"2010-03-01T22:01:16+00:00\",\"breadcrumb\":{\"@id\":\"https:\\\/\\\/inclusivenews.com.br\\\/?p=14172#breadcrumb\"},\"inLanguage\":\"pt-PT\",\"potentialAction\":[{\"@type\":\"ReadAction\",\"target\":[\"https:\\\/\\\/inclusivenews.com.br\\\/?p=14172\"]}]},{\"@type\":\"ImageObject\",\"inLanguage\":\"pt-PT\",\"@id\":\"https:\\\/\\\/inclusivenews.com.br\\\/?p=14172#primaryimage\",\"url\":\"\",\"contentUrl\":\"\"},{\"@type\":\"BreadcrumbList\",\"@id\":\"https:\\\/\\\/inclusivenews.com.br\\\/?p=14172#breadcrumb\",\"itemListElement\":[{\"@type\":\"ListItem\",\"position\":1,\"name\":\"In\u00edcio\",\"item\":\"https:\\\/\\\/inclusivenews.com.br\\\/\"},{\"@type\":\"ListItem\",\"position\":2,\"name\":\"TSE discute voto de adolescentes privados de liberdade\"}]},{\"@type\":\"WebSite\",\"@id\":\"https:\\\/\\\/inclusivenews.com.br\\\/#website\",\"url\":\"https:\\\/\\\/inclusivenews.com.br\\\/\",\"name\":\"Inclusive News\",\"description\":\"Inclusive News\",\"publisher\":{\"@id\":\"https:\\\/\\\/inclusivenews.com.br\\\/#organization\"},\"potentialAction\":[{\"@type\":\"SearchAction\",\"target\":{\"@type\":\"EntryPoint\",\"urlTemplate\":\"https:\\\/\\\/inclusivenews.com.br\\\/?s={search_term_string}\"},\"query-input\":{\"@type\":\"PropertyValueSpecification\",\"valueRequired\":true,\"valueName\":\"search_term_string\"}}],\"inLanguage\":\"pt-PT\"},{\"@type\":\"Organization\",\"@id\":\"https:\\\/\\\/inclusivenews.com.br\\\/#organization\",\"name\":\"Inclusive - inclus\u00e3o e cidadania\",\"url\":\"https:\\\/\\\/inclusivenews.com.br\\\/\",\"logo\":{\"@type\":\"ImageObject\",\"inLanguage\":\"pt-PT\",\"@id\":\"https:\\\/\\\/inclusivenews.com.br\\\/#\\\/schema\\\/logo\\\/image\\\/\",\"url\":\"https:\\\/\\\/inclusivenews.com.br\\\/wp-content\\\/uploads\\\/2024\\\/03\\\/@grandesite.png\",\"contentUrl\":\"https:\\\/\\\/inclusivenews.com.br\\\/wp-content\\\/uploads\\\/2024\\\/03\\\/@grandesite.png\",\"width\":1080,\"height\":1080,\"caption\":\"Inclusive - inclus\u00e3o e cidadania\"},\"image\":{\"@id\":\"https:\\\/\\\/inclusivenews.com.br\\\/#\\\/schema\\\/logo\\\/image\\\/\"},\"sameAs\":[\"https:\\\/\\\/www.facebook.com\\\/agenciainclusive\\\/\",\"https:\\\/\\\/www.instagram.com\\\/newsinclusive\\\/\"]},{\"@type\":\"Person\",\"@id\":\"https:\\\/\\\/inclusivenews.com.br\\\/#\\\/schema\\\/person\\\/ae4ec7087559b8692fb33b6fffd2273b\",\"name\":\"inclusivenews2024\",\"image\":{\"@type\":\"ImageObject\",\"inLanguage\":\"pt-PT\",\"@id\":\"https:\\\/\\\/secure.gravatar.com\\\/avatar\\\/c5a7ef84c66fa914f55bc4f7ce26cfa275a3b9a1c5568b907bd184fb4dde7b40?s=96&d=mm&r=g\",\"url\":\"https:\\\/\\\/secure.gravatar.com\\\/avatar\\\/c5a7ef84c66fa914f55bc4f7ce26cfa275a3b9a1c5568b907bd184fb4dde7b40?s=96&d=mm&r=g\",\"contentUrl\":\"https:\\\/\\\/secure.gravatar.com\\\/avatar\\\/c5a7ef84c66fa914f55bc4f7ce26cfa275a3b9a1c5568b907bd184fb4dde7b40?s=96&d=mm&r=g\",\"caption\":\"inclusivenews2024\"},\"sameAs\":[\"https:\\\/\\\/inclusivenews.com.br\"],\"url\":\"https:\\\/\\\/inclusivenews.com.br\\\/?author=1\"}]}<\/script>\n<!-- \/ Yoast SEO plugin. -->","yoast_head_json":{"title":"TSE discute voto de adolescentes privados de liberdade -","robots":{"index":"index","follow":"follow","max-snippet":"max-snippet:-1","max-image-preview":"max-image-preview:large","max-video-preview":"max-video-preview:-1"},"canonical":"https:\/\/inclusivenews.com.br\/?p=14172","og_locale":"pt_PT","og_type":"article","og_title":"TSE discute voto de adolescentes privados de liberdade -","og_description":"No \u00faltimo dia 22 de fevereiro, o Tribunal Superior Eleitoral (TSE) realizou uma audi\u00eancia p\u00fablica para debater a minuta de resolu\u00e7\u00e3o que trata do voto de presos provis\u00f3rios e adolescentes em cumprimento de medida socioeducativa de interna\u00e7\u00e3o. A ABMP foi representada no encontro pela 2\u00aa vice-presidente, Brigitte Remor. Segundo a magistrada, trata-se de um debate [&hellip;]","og_url":"https:\/\/inclusivenews.com.br\/?p=14172","article_publisher":"https:\/\/www.facebook.com\/agenciainclusive\/","article_published_time":"2010-03-01T22:01:16+00:00","og_image":[{"url":"http:\/\/inclusivenews.com.br\/wp-content\/uploads\/2010\/03\/voto1.bmp","type":"","width":"","height":""}],"author":"inclusivenews2024","twitter_card":"summary_large_image","twitter_misc":{"Escrito por":"inclusivenews2024","Tempo estimado de leitura":"1 minuto"},"schema":{"@context":"https:\/\/schema.org","@graph":[{"@type":"Article","@id":"https:\/\/inclusivenews.com.br\/?p=14172#article","isPartOf":{"@id":"https:\/\/inclusivenews.com.br\/?p=14172"},"author":{"name":"inclusivenews2024","@id":"https:\/\/inclusivenews.com.br\/#\/schema\/person\/ae4ec7087559b8692fb33b6fffd2273b"},"headline":"TSE discute voto de adolescentes privados de liberdade","datePublished":"2010-03-01T22:01:16+00:00","mainEntityOfPage":{"@id":"https:\/\/inclusivenews.com.br\/?p=14172"},"wordCount":281,"commentCount":0,"publisher":{"@id":"https:\/\/inclusivenews.com.br\/#organization"},"image":{"@id":"https:\/\/inclusivenews.com.br\/?p=14172#primaryimage"},"thumbnailUrl":"http:\/\/inclusivenews.com.br\/wp-content\/uploads\/2010\/03\/voto1.bmp","articleSection":["INCLUS\u00c3O SOCIAL","Legisla\u00e7\u00e3o ...","NOT\u00cdCIAS","Pol\u00edticas p\u00fablicas"],"inLanguage":"pt-PT","potentialAction":[{"@type":"CommentAction","name":"Comment","target":["https:\/\/inclusivenews.com.br\/?p=14172#respond"]}]},{"@type":"WebPage","@id":"https:\/\/inclusivenews.com.br\/?p=14172","url":"https:\/\/inclusivenews.com.br\/?p=14172","name":"TSE discute voto de adolescentes privados de liberdade -","isPartOf":{"@id":"https:\/\/inclusivenews.com.br\/#website"},"primaryImageOfPage":{"@id":"https:\/\/inclusivenews.com.br\/?p=14172#primaryimage"},"image":{"@id":"https:\/\/inclusivenews.com.br\/?p=14172#primaryimage"},"thumbnailUrl":"http:\/\/inclusivenews.com.br\/wp-content\/uploads\/2010\/03\/voto1.bmp","datePublished":"2010-03-01T22:01:16+00:00","breadcrumb":{"@id":"https:\/\/inclusivenews.com.br\/?p=14172#breadcrumb"},"inLanguage":"pt-PT","potentialAction":[{"@type":"ReadAction","target":["https:\/\/inclusivenews.com.br\/?p=14172"]}]},{"@type":"ImageObject","inLanguage":"pt-PT","@id":"https:\/\/inclusivenews.com.br\/?p=14172#primaryimage","url":"","contentUrl":""},{"@type":"BreadcrumbList","@id":"https:\/\/inclusivenews.com.br\/?p=14172#breadcrumb","itemListElement":[{"@type":"ListItem","position":1,"name":"In\u00edcio","item":"https:\/\/inclusivenews.com.br\/"},{"@type":"ListItem","position":2,"name":"TSE discute voto de adolescentes privados de liberdade"}]},{"@type":"WebSite","@id":"https:\/\/inclusivenews.com.br\/#website","url":"https:\/\/inclusivenews.com.br\/","name":"Inclusive News","description":"Inclusive News","publisher":{"@id":"https:\/\/inclusivenews.com.br\/#organization"},"potentialAction":[{"@type":"SearchAction","target":{"@type":"EntryPoint","urlTemplate":"https:\/\/inclusivenews.com.br\/?s={search_term_string}"},"query-input":{"@type":"PropertyValueSpecification","valueRequired":true,"valueName":"search_term_string"}}],"inLanguage":"pt-PT"},{"@type":"Organization","@id":"https:\/\/inclusivenews.com.br\/#organization","name":"Inclusive - inclus\u00e3o e cidadania","url":"https:\/\/inclusivenews.com.br\/","logo":{"@type":"ImageObject","inLanguage":"pt-PT","@id":"https:\/\/inclusivenews.com.br\/#\/schema\/logo\/image\/","url":"https:\/\/inclusivenews.com.br\/wp-content\/uploads\/2024\/03\/@grandesite.png","contentUrl":"https:\/\/inclusivenews.com.br\/wp-content\/uploads\/2024\/03\/@grandesite.png","width":1080,"height":1080,"caption":"Inclusive - inclus\u00e3o e cidadania"},"image":{"@id":"https:\/\/inclusivenews.com.br\/#\/schema\/logo\/image\/"},"sameAs":["https:\/\/www.facebook.com\/agenciainclusive\/","https:\/\/www.instagram.com\/newsinclusive\/"]},{"@type":"Person","@id":"https:\/\/inclusivenews.com.br\/#\/schema\/person\/ae4ec7087559b8692fb33b6fffd2273b","name":"inclusivenews2024","image":{"@type":"ImageObject","inLanguage":"pt-PT","@id":"https:\/\/secure.gravatar.com\/avatar\/c5a7ef84c66fa914f55bc4f7ce26cfa275a3b9a1c5568b907bd184fb4dde7b40?s=96&d=mm&r=g","url":"https:\/\/secure.gravatar.com\/avatar\/c5a7ef84c66fa914f55bc4f7ce26cfa275a3b9a1c5568b907bd184fb4dde7b40?s=96&d=mm&r=g","contentUrl":"https:\/\/secure.gravatar.com\/avatar\/c5a7ef84c66fa914f55bc4f7ce26cfa275a3b9a1c5568b907bd184fb4dde7b40?s=96&d=mm&r=g","caption":"inclusivenews2024"},"sameAs":["https:\/\/inclusivenews.com.br"],"url":"https:\/\/inclusivenews.com.br\/?author=1"}]}},"_links":{"self":[{"href":"https:\/\/inclusivenews.com.br\/index.php?rest_route=\/wp\/v2\/posts\/14172","targetHints":{"allow":["GET"]}}],"collection":[{"href":"https:\/\/inclusivenews.com.br\/index.php?rest_route=\/wp\/v2\/posts"}],"about":[{"href":"https:\/\/inclusivenews.com.br\/index.php?rest_route=\/wp\/v2\/types\/post"}],"author":[{"embeddable":true,"href":"https:\/\/inclusivenews.com.br\/index.php?rest_route=\/wp\/v2\/users\/1"}],"replies":[{"embeddable":true,"href":"https:\/\/inclusivenews.com.br\/index.php?rest_route=%2Fwp%2Fv2%2Fcomments&post=14172"}],"version-history":[{"count":0,"href":"https:\/\/inclusivenews.com.br\/index.php?rest_route=\/wp\/v2\/posts\/14172\/revisions"}],"wp:attachment":[{"href":"https:\/\/inclusivenews.com.br\/index.php?rest_route=%2Fwp%2Fv2%2Fmedia&parent=14172"}],"wp:term":[{"taxonomy":"category","embeddable":true,"href":"https:\/\/inclusivenews.com.br\/index.php?rest_route=%2Fwp%2Fv2%2Fcategories&post=14172"},{"taxonomy":"post_tag","embeddable":true,"href":"https:\/\/inclusivenews.com.br\/index.php?rest_route=%2Fwp%2Fv2%2Ftags&post=14172"}],"curies":[{"name":"wp","href":"https:\/\/api.w.org\/{rel}","templated":true}]}}