{"id":14174,"date":"2010-03-05T09:22:51","date_gmt":"2010-03-05T12:22:51","guid":{"rendered":"http:\/\/www.inclusive.org.br\/?p=14174"},"modified":"2010-03-05T09:22:51","modified_gmt":"2010-03-05T12:22:51","slug":"a-campanha-nacional-pelo-direito-a-educacao-lanca-a-semana-de-acao-mundial-via-postie","status":"publish","type":"post","link":"https:\/\/inclusivenews.com.br\/?p=14174","title":{"rendered":"A Campanha Nacional pelo Direito \u00e0 Educa\u00e7\u00e3o lan\u00e7a a Semana de A\u00e7\u00e3o Mundial"},"content":{"rendered":"<p style=\"text-align: justify;\"><a href=\"http:\/\/www.inclusivenews.com.br\/wp-content\/uploads\/2009\/11\/saladeaulavazia1.jpg\"><img loading=\"lazy\" decoding=\"async\" class=\"alignleft size-full wp-image-12707\" title=\"Inclusive - sala de aula vazia.\" src=\"http:\/\/inclusivenews.com.br\/wp-content\/uploads\/2009\/11\/saladeaulavazia1.jpg\" alt=\"\" width=\"246\" height=\"176\" \/><\/a>A Campanha Nacional pelo Direito \u00e0 Educa\u00e7\u00e3o vai lan\u00e7ar no dia <strong>28 de abril <\/strong>a Semana de A\u00e7\u00e3o Mundial (SAM). A iniciativa \u00e9 uma a\u00e7\u00e3o da Campanha Global pela Educa\u00e7\u00e3o e acontece simultaneamente em mais de cem pa\u00edses como forma de press\u00e3o internacional sobre l\u00edderes e pol\u00edticos para que cumpram os tratados e leis nacionais e internacionais no sentindo de garantir educa\u00e7\u00e3o p\u00fablica de qualidade para todas e todos.<\/p>\n<p style=\"text-align: justify;\">O tema desenvolvido neste ano ser\u00e1 Um gol pela educa\u00e7\u00e3o p\u00fablica de qualidade. A proposta \u00e9 trabalhar o tema do financiamento, com o mote geral de que \u00e9 preciso financiamento adequado para atingir o compromisso de oferecer educa\u00e7\u00e3o de qualidade para todos. O pano de fundo \u00e9 a Copa do Mundo, por isso ser\u00e3o desenvolvidas atividades que integrem esporte e educa\u00e7\u00e3o, que envolvam atletas e esportistas (al\u00e9m dos atores da educa\u00e7\u00e3o) e que brinquem com a id\u00e9ia de fazer gols e pontos pela educa\u00e7\u00e3o. Pontos para serem somados \u00e0 a\u00e7\u00e3o por uma educa\u00e7\u00e3o p\u00fablica e gratuita, de qualidade, inclusiva, para todas e todos.<\/p>\n<p style=\"text-align: justify;\"><strong>OneGoal \u2013 Education for All (Um Gol\/Uma Meta: Educa\u00e7\u00e3o para todos) &#8211; <\/strong>A Campanha Global pela Educa\u00e7\u00e3o est\u00e1 lan\u00e7ando a iniciativa OneGoal: Education for All, com apoio da FIFA, cujo objetivo \u00e9 aproveitar a grande audi\u00eancia que a Copa do Mundo atrai para transmitir mensagens de apelo aos governantes e l\u00edderes mundiais para que cumpram as metas do programa Educa\u00e7\u00e3o para Todos. Atletas, celebridades e estadistas de v\u00e1rias partes do mundo j\u00e1 aderiram \u00e0 iniciativa. A id\u00e9ia \u00e9 que cada pa\u00eds lance o OneGoal no evento principal da SAM 2010.<\/p>\n<p style=\"text-align: justify;\"><strong>Atividades:<\/strong><br \/>\n<strong>\u2022\u00a025 de abril:<\/strong> Lan\u00e7amento da SAM, com um futebol de V\u00e1rzea no Jardim \u00c2ngela (periferia da zona sul de S\u00e3o Paulo), com estudantes, educadores, comunidade e atletas.<br \/>\n<strong>\u2022\u00a028 de abril: <\/strong>A grande atividade de cunho nacional, com a participa\u00e7\u00e3o de atores-chave no campo da educa\u00e7\u00e3o e de atletas. Haver\u00e1 alguma a\u00e7\u00e3o simb\u00f3lica de forte apelo midi\u00e1tico. Aproveitaremos a oportunidade para fazer o lan\u00e7amento da iniciativa OneGoal no Brasil.<\/p>\n<p style=\"text-align: justify;\"><strong>Servi\u00e7o:<\/strong><br \/>\nEmail: <a href=\"mailto:sam@campanhaeducacao.org.br\">sam@campanhaeducacao.org.br<\/a><br \/>\nTelefone: (11) 3159-1243<br \/>\nContato: C\u00edntia Santos<br \/>\n______________<\/p>\n<p style=\"text-align: justify;\"><strong>Fonte:<\/strong> <a href=\"http:\/\/www.undime.org.br\/htdocs\/index.php?id=5887\">UNDIME<\/a><\/p>\n","protected":false},"excerpt":{"rendered":"<p>A iniciativa \u00e9 uma a\u00e7\u00e3o da Campanha Global pela Educa\u00e7\u00e3o e acontece simultaneamente em mais de cem pa\u00edses como forma de press\u00e3o internacional sobre l\u00edderes e pol\u00edticos para que cumpram os tratados e leis nacionais e internacionais no sentindo de garantir educa\u00e7\u00e3o p\u00fablica de qualidade para todas e todos. Da UNDIME.<\/p>\n","protected":false},"author":1,"featured_media":0,"comment_status":"open","ping_status":"open","sticky":false,"template":"","format":"standard","meta":{"site-container-style":"default","site-container-layout":"default","site-sidebar-layout":"default","disable-article-header":"default","disable-site-header":"default","disable-site-footer":"default","disable-content-area-spacing":"default","footnotes":""},"categories":[3,11,6,4],"tags":[],"class_list":["post-14174","post","type-post","status-publish","format-standard","hentry","category-campanhas","category-direitos-humanos","category-educacao","category-noticias"],"yoast_head":"<!-- This site is optimized with the Yoast SEO plugin v27.4 - https:\/\/yoast.com\/product\/yoast-seo-wordpress\/ -->\n<title>A Campanha Nacional pelo Direito \u00e0 Educa\u00e7\u00e3o lan\u00e7a a Semana de A\u00e7\u00e3o Mundial -<\/title>\n<meta name=\"robots\" content=\"index, follow, max-snippet:-1, max-image-preview:large, max-video-preview:-1\" \/>\n<link rel=\"canonical\" href=\"https:\/\/inclusivenews.com.br\/?p=14174\" \/>\n<meta property=\"og:locale\" content=\"pt_PT\" \/>\n<meta property=\"og:type\" content=\"article\" \/>\n<meta property=\"og:title\" content=\"A Campanha Nacional pelo Direito \u00e0 Educa\u00e7\u00e3o lan\u00e7a a Semana de A\u00e7\u00e3o Mundial -\" \/>\n<meta property=\"og:description\" content=\"A iniciativa \u00e9 uma a\u00e7\u00e3o da Campanha Global pela Educa\u00e7\u00e3o e acontece simultaneamente em mais de cem pa\u00edses como forma de press\u00e3o internacional sobre l\u00edderes e pol\u00edticos para que cumpram os tratados e leis nacionais e internacionais no sentindo de garantir educa\u00e7\u00e3o p\u00fablica de qualidade para todas e todos. Da UNDIME.\" \/>\n<meta property=\"og:url\" content=\"https:\/\/inclusivenews.com.br\/?p=14174\" \/>\n<meta property=\"article:publisher\" content=\"https:\/\/www.facebook.com\/agenciainclusive\/\" \/>\n<meta property=\"article:published_time\" content=\"2010-03-05T12:22:51+00:00\" \/>\n<meta property=\"og:image\" content=\"http:\/\/inclusivenews.com.br\/wp-content\/uploads\/2009\/11\/saladeaulavazia1.jpg\" \/>\n<meta name=\"author\" content=\"inclusivenews2024\" \/>\n<meta name=\"twitter:card\" content=\"summary_large_image\" \/>\n<meta name=\"twitter:label1\" content=\"Escrito por\" \/>\n\t<meta name=\"twitter:data1\" content=\"inclusivenews2024\" \/>\n\t<meta name=\"twitter:label2\" content=\"Tempo estimado de leitura\" \/>\n\t<meta name=\"twitter:data2\" content=\"2 minutos\" \/>\n<script type=\"application\/ld+json\" class=\"yoast-schema-graph\">{\"@context\":\"https:\\\/\\\/schema.org\",\"@graph\":[{\"@type\":\"Article\",\"@id\":\"https:\\\/\\\/inclusivenews.com.br\\\/?p=14174#article\",\"isPartOf\":{\"@id\":\"https:\\\/\\\/inclusivenews.com.br\\\/?p=14174\"},\"author\":{\"name\":\"inclusivenews2024\",\"@id\":\"https:\\\/\\\/inclusivenews.com.br\\\/#\\\/schema\\\/person\\\/ae4ec7087559b8692fb33b6fffd2273b\"},\"headline\":\"A Campanha Nacional pelo Direito \u00e0 Educa\u00e7\u00e3o lan\u00e7a a Semana de A\u00e7\u00e3o Mundial\",\"datePublished\":\"2010-03-05T12:22:51+00:00\",\"mainEntityOfPage\":{\"@id\":\"https:\\\/\\\/inclusivenews.com.br\\\/?p=14174\"},\"wordCount\":389,\"commentCount\":0,\"publisher\":{\"@id\":\"https:\\\/\\\/inclusivenews.com.br\\\/#organization\"},\"image\":{\"@id\":\"https:\\\/\\\/inclusivenews.com.br\\\/?p=14174#primaryimage\"},\"thumbnailUrl\":\"http:\\\/\\\/inclusivenews.com.br\\\/wp-content\\\/uploads\\\/2009\\\/11\\\/saladeaulavazia1.jpg\",\"articleSection\":[\"CAMPANHAS\",\"DIREITOS HUMANOS\",\"EDUCA\u00c7\u00c3O\",\"NOT\u00cdCIAS\"],\"inLanguage\":\"pt-PT\",\"potentialAction\":[{\"@type\":\"CommentAction\",\"name\":\"Comment\",\"target\":[\"https:\\\/\\\/inclusivenews.com.br\\\/?p=14174#respond\"]}]},{\"@type\":\"WebPage\",\"@id\":\"https:\\\/\\\/inclusivenews.com.br\\\/?p=14174\",\"url\":\"https:\\\/\\\/inclusivenews.com.br\\\/?p=14174\",\"name\":\"A Campanha Nacional pelo Direito \u00e0 Educa\u00e7\u00e3o lan\u00e7a a Semana de A\u00e7\u00e3o Mundial -\",\"isPartOf\":{\"@id\":\"https:\\\/\\\/inclusivenews.com.br\\\/#website\"},\"primaryImageOfPage\":{\"@id\":\"https:\\\/\\\/inclusivenews.com.br\\\/?p=14174#primaryimage\"},\"image\":{\"@id\":\"https:\\\/\\\/inclusivenews.com.br\\\/?p=14174#primaryimage\"},\"thumbnailUrl\":\"http:\\\/\\\/inclusivenews.com.br\\\/wp-content\\\/uploads\\\/2009\\\/11\\\/saladeaulavazia1.jpg\",\"datePublished\":\"2010-03-05T12:22:51+00:00\",\"breadcrumb\":{\"@id\":\"https:\\\/\\\/inclusivenews.com.br\\\/?p=14174#breadcrumb\"},\"inLanguage\":\"pt-PT\",\"potentialAction\":[{\"@type\":\"ReadAction\",\"target\":[\"https:\\\/\\\/inclusivenews.com.br\\\/?p=14174\"]}]},{\"@type\":\"ImageObject\",\"inLanguage\":\"pt-PT\",\"@id\":\"https:\\\/\\\/inclusivenews.com.br\\\/?p=14174#primaryimage\",\"url\":\"https:\\\/\\\/inclusivenews.com.br\\\/wp-content\\\/uploads\\\/2009\\\/11\\\/saladeaulavazia1.jpg\",\"contentUrl\":\"https:\\\/\\\/inclusivenews.com.br\\\/wp-content\\\/uploads\\\/2009\\\/11\\\/saladeaulavazia1.jpg\",\"width\":273,\"height\":196,\"caption\":\"Inclusive - sala de aula vazia.\"},{\"@type\":\"BreadcrumbList\",\"@id\":\"https:\\\/\\\/inclusivenews.com.br\\\/?p=14174#breadcrumb\",\"itemListElement\":[{\"@type\":\"ListItem\",\"position\":1,\"name\":\"In\u00edcio\",\"item\":\"https:\\\/\\\/inclusivenews.com.br\\\/\"},{\"@type\":\"ListItem\",\"position\":2,\"name\":\"A Campanha Nacional pelo Direito \u00e0 Educa\u00e7\u00e3o lan\u00e7a a Semana de A\u00e7\u00e3o Mundial\"}]},{\"@type\":\"WebSite\",\"@id\":\"https:\\\/\\\/inclusivenews.com.br\\\/#website\",\"url\":\"https:\\\/\\\/inclusivenews.com.br\\\/\",\"name\":\"Inclusive News\",\"description\":\"Inclusive News\",\"publisher\":{\"@id\":\"https:\\\/\\\/inclusivenews.com.br\\\/#organization\"},\"potentialAction\":[{\"@type\":\"SearchAction\",\"target\":{\"@type\":\"EntryPoint\",\"urlTemplate\":\"https:\\\/\\\/inclusivenews.com.br\\\/?s={search_term_string}\"},\"query-input\":{\"@type\":\"PropertyValueSpecification\",\"valueRequired\":true,\"valueName\":\"search_term_string\"}}],\"inLanguage\":\"pt-PT\"},{\"@type\":\"Organization\",\"@id\":\"https:\\\/\\\/inclusivenews.com.br\\\/#organization\",\"name\":\"Inclusive - inclus\u00e3o e cidadania\",\"url\":\"https:\\\/\\\/inclusivenews.com.br\\\/\",\"logo\":{\"@type\":\"ImageObject\",\"inLanguage\":\"pt-PT\",\"@id\":\"https:\\\/\\\/inclusivenews.com.br\\\/#\\\/schema\\\/logo\\\/image\\\/\",\"url\":\"https:\\\/\\\/inclusivenews.com.br\\\/wp-content\\\/uploads\\\/2024\\\/03\\\/@grandesite.png\",\"contentUrl\":\"https:\\\/\\\/inclusivenews.com.br\\\/wp-content\\\/uploads\\\/2024\\\/03\\\/@grandesite.png\",\"width\":1080,\"height\":1080,\"caption\":\"Inclusive - inclus\u00e3o e cidadania\"},\"image\":{\"@id\":\"https:\\\/\\\/inclusivenews.com.br\\\/#\\\/schema\\\/logo\\\/image\\\/\"},\"sameAs\":[\"https:\\\/\\\/www.facebook.com\\\/agenciainclusive\\\/\",\"https:\\\/\\\/www.instagram.com\\\/newsinclusive\\\/\"]},{\"@type\":\"Person\",\"@id\":\"https:\\\/\\\/inclusivenews.com.br\\\/#\\\/schema\\\/person\\\/ae4ec7087559b8692fb33b6fffd2273b\",\"name\":\"inclusivenews2024\",\"image\":{\"@type\":\"ImageObject\",\"inLanguage\":\"pt-PT\",\"@id\":\"https:\\\/\\\/secure.gravatar.com\\\/avatar\\\/c5a7ef84c66fa914f55bc4f7ce26cfa275a3b9a1c5568b907bd184fb4dde7b40?s=96&d=mm&r=g\",\"url\":\"https:\\\/\\\/secure.gravatar.com\\\/avatar\\\/c5a7ef84c66fa914f55bc4f7ce26cfa275a3b9a1c5568b907bd184fb4dde7b40?s=96&d=mm&r=g\",\"contentUrl\":\"https:\\\/\\\/secure.gravatar.com\\\/avatar\\\/c5a7ef84c66fa914f55bc4f7ce26cfa275a3b9a1c5568b907bd184fb4dde7b40?s=96&d=mm&r=g\",\"caption\":\"inclusivenews2024\"},\"sameAs\":[\"https:\\\/\\\/inclusivenews.com.br\"],\"url\":\"https:\\\/\\\/inclusivenews.com.br\\\/?author=1\"}]}<\/script>\n<!-- \/ Yoast SEO plugin. -->","yoast_head_json":{"title":"A Campanha Nacional pelo Direito \u00e0 Educa\u00e7\u00e3o lan\u00e7a a Semana de A\u00e7\u00e3o Mundial -","robots":{"index":"index","follow":"follow","max-snippet":"max-snippet:-1","max-image-preview":"max-image-preview:large","max-video-preview":"max-video-preview:-1"},"canonical":"https:\/\/inclusivenews.com.br\/?p=14174","og_locale":"pt_PT","og_type":"article","og_title":"A Campanha Nacional pelo Direito \u00e0 Educa\u00e7\u00e3o lan\u00e7a a Semana de A\u00e7\u00e3o Mundial -","og_description":"A iniciativa \u00e9 uma a\u00e7\u00e3o da Campanha Global pela Educa\u00e7\u00e3o e acontece simultaneamente em mais de cem pa\u00edses como forma de press\u00e3o internacional sobre l\u00edderes e pol\u00edticos para que cumpram os tratados e leis nacionais e internacionais no sentindo de garantir educa\u00e7\u00e3o p\u00fablica de qualidade para todas e todos. Da UNDIME.","og_url":"https:\/\/inclusivenews.com.br\/?p=14174","article_publisher":"https:\/\/www.facebook.com\/agenciainclusive\/","article_published_time":"2010-03-05T12:22:51+00:00","og_image":[{"url":"http:\/\/inclusivenews.com.br\/wp-content\/uploads\/2009\/11\/saladeaulavazia1.jpg","type":"","width":"","height":""}],"author":"inclusivenews2024","twitter_card":"summary_large_image","twitter_misc":{"Escrito por":"inclusivenews2024","Tempo estimado de leitura":"2 minutos"},"schema":{"@context":"https:\/\/schema.org","@graph":[{"@type":"Article","@id":"https:\/\/inclusivenews.com.br\/?p=14174#article","isPartOf":{"@id":"https:\/\/inclusivenews.com.br\/?p=14174"},"author":{"name":"inclusivenews2024","@id":"https:\/\/inclusivenews.com.br\/#\/schema\/person\/ae4ec7087559b8692fb33b6fffd2273b"},"headline":"A Campanha Nacional pelo Direito \u00e0 Educa\u00e7\u00e3o lan\u00e7a a Semana de A\u00e7\u00e3o Mundial","datePublished":"2010-03-05T12:22:51+00:00","mainEntityOfPage":{"@id":"https:\/\/inclusivenews.com.br\/?p=14174"},"wordCount":389,"commentCount":0,"publisher":{"@id":"https:\/\/inclusivenews.com.br\/#organization"},"image":{"@id":"https:\/\/inclusivenews.com.br\/?p=14174#primaryimage"},"thumbnailUrl":"http:\/\/inclusivenews.com.br\/wp-content\/uploads\/2009\/11\/saladeaulavazia1.jpg","articleSection":["CAMPANHAS","DIREITOS HUMANOS","EDUCA\u00c7\u00c3O","NOT\u00cdCIAS"],"inLanguage":"pt-PT","potentialAction":[{"@type":"CommentAction","name":"Comment","target":["https:\/\/inclusivenews.com.br\/?p=14174#respond"]}]},{"@type":"WebPage","@id":"https:\/\/inclusivenews.com.br\/?p=14174","url":"https:\/\/inclusivenews.com.br\/?p=14174","name":"A Campanha Nacional pelo Direito \u00e0 Educa\u00e7\u00e3o lan\u00e7a a Semana de A\u00e7\u00e3o Mundial -","isPartOf":{"@id":"https:\/\/inclusivenews.com.br\/#website"},"primaryImageOfPage":{"@id":"https:\/\/inclusivenews.com.br\/?p=14174#primaryimage"},"image":{"@id":"https:\/\/inclusivenews.com.br\/?p=14174#primaryimage"},"thumbnailUrl":"http:\/\/inclusivenews.com.br\/wp-content\/uploads\/2009\/11\/saladeaulavazia1.jpg","datePublished":"2010-03-05T12:22:51+00:00","breadcrumb":{"@id":"https:\/\/inclusivenews.com.br\/?p=14174#breadcrumb"},"inLanguage":"pt-PT","potentialAction":[{"@type":"ReadAction","target":["https:\/\/inclusivenews.com.br\/?p=14174"]}]},{"@type":"ImageObject","inLanguage":"pt-PT","@id":"https:\/\/inclusivenews.com.br\/?p=14174#primaryimage","url":"https:\/\/inclusivenews.com.br\/wp-content\/uploads\/2009\/11\/saladeaulavazia1.jpg","contentUrl":"https:\/\/inclusivenews.com.br\/wp-content\/uploads\/2009\/11\/saladeaulavazia1.jpg","width":273,"height":196,"caption":"Inclusive - sala de aula vazia."},{"@type":"BreadcrumbList","@id":"https:\/\/inclusivenews.com.br\/?p=14174#breadcrumb","itemListElement":[{"@type":"ListItem","position":1,"name":"In\u00edcio","item":"https:\/\/inclusivenews.com.br\/"},{"@type":"ListItem","position":2,"name":"A Campanha Nacional pelo Direito \u00e0 Educa\u00e7\u00e3o lan\u00e7a a Semana de A\u00e7\u00e3o Mundial"}]},{"@type":"WebSite","@id":"https:\/\/inclusivenews.com.br\/#website","url":"https:\/\/inclusivenews.com.br\/","name":"Inclusive News","description":"Inclusive News","publisher":{"@id":"https:\/\/inclusivenews.com.br\/#organization"},"potentialAction":[{"@type":"SearchAction","target":{"@type":"EntryPoint","urlTemplate":"https:\/\/inclusivenews.com.br\/?s={search_term_string}"},"query-input":{"@type":"PropertyValueSpecification","valueRequired":true,"valueName":"search_term_string"}}],"inLanguage":"pt-PT"},{"@type":"Organization","@id":"https:\/\/inclusivenews.com.br\/#organization","name":"Inclusive - inclus\u00e3o e cidadania","url":"https:\/\/inclusivenews.com.br\/","logo":{"@type":"ImageObject","inLanguage":"pt-PT","@id":"https:\/\/inclusivenews.com.br\/#\/schema\/logo\/image\/","url":"https:\/\/inclusivenews.com.br\/wp-content\/uploads\/2024\/03\/@grandesite.png","contentUrl":"https:\/\/inclusivenews.com.br\/wp-content\/uploads\/2024\/03\/@grandesite.png","width":1080,"height":1080,"caption":"Inclusive - inclus\u00e3o e cidadania"},"image":{"@id":"https:\/\/inclusivenews.com.br\/#\/schema\/logo\/image\/"},"sameAs":["https:\/\/www.facebook.com\/agenciainclusive\/","https:\/\/www.instagram.com\/newsinclusive\/"]},{"@type":"Person","@id":"https:\/\/inclusivenews.com.br\/#\/schema\/person\/ae4ec7087559b8692fb33b6fffd2273b","name":"inclusivenews2024","image":{"@type":"ImageObject","inLanguage":"pt-PT","@id":"https:\/\/secure.gravatar.com\/avatar\/c5a7ef84c66fa914f55bc4f7ce26cfa275a3b9a1c5568b907bd184fb4dde7b40?s=96&d=mm&r=g","url":"https:\/\/secure.gravatar.com\/avatar\/c5a7ef84c66fa914f55bc4f7ce26cfa275a3b9a1c5568b907bd184fb4dde7b40?s=96&d=mm&r=g","contentUrl":"https:\/\/secure.gravatar.com\/avatar\/c5a7ef84c66fa914f55bc4f7ce26cfa275a3b9a1c5568b907bd184fb4dde7b40?s=96&d=mm&r=g","caption":"inclusivenews2024"},"sameAs":["https:\/\/inclusivenews.com.br"],"url":"https:\/\/inclusivenews.com.br\/?author=1"}]}},"_links":{"self":[{"href":"https:\/\/inclusivenews.com.br\/index.php?rest_route=\/wp\/v2\/posts\/14174","targetHints":{"allow":["GET"]}}],"collection":[{"href":"https:\/\/inclusivenews.com.br\/index.php?rest_route=\/wp\/v2\/posts"}],"about":[{"href":"https:\/\/inclusivenews.com.br\/index.php?rest_route=\/wp\/v2\/types\/post"}],"author":[{"embeddable":true,"href":"https:\/\/inclusivenews.com.br\/index.php?rest_route=\/wp\/v2\/users\/1"}],"replies":[{"embeddable":true,"href":"https:\/\/inclusivenews.com.br\/index.php?rest_route=%2Fwp%2Fv2%2Fcomments&post=14174"}],"version-history":[{"count":0,"href":"https:\/\/inclusivenews.com.br\/index.php?rest_route=\/wp\/v2\/posts\/14174\/revisions"}],"wp:attachment":[{"href":"https:\/\/inclusivenews.com.br\/index.php?rest_route=%2Fwp%2Fv2%2Fmedia&parent=14174"}],"wp:term":[{"taxonomy":"category","embeddable":true,"href":"https:\/\/inclusivenews.com.br\/index.php?rest_route=%2Fwp%2Fv2%2Fcategories&post=14174"},{"taxonomy":"post_tag","embeddable":true,"href":"https:\/\/inclusivenews.com.br\/index.php?rest_route=%2Fwp%2Fv2%2Ftags&post=14174"}],"curies":[{"name":"wp","href":"https:\/\/api.w.org\/{rel}","templated":true}]}}