{"id":14175,"date":"2010-03-02T08:09:35","date_gmt":"2010-03-02T11:09:35","guid":{"rendered":"http:\/\/www.inclusive.org.br\/?p=14175"},"modified":"2010-03-02T08:09:35","modified_gmt":"2010-03-02T11:09:35","slug":"campanha-realiza-seminario-internacional-sobre-educacao-de-qualidade","status":"publish","type":"post","link":"https:\/\/inclusivenews.com.br\/?p=14175","title":{"rendered":"Campanha realiza semin\u00e1rio internacional sobre educa\u00e7\u00e3o de qualidade"},"content":{"rendered":"<p><a href=\"http:\/\/www.inclusivenews.com.br\/wp-content\/uploads\/2009\/12\/participacao.jpg\"><img loading=\"lazy\" decoding=\"async\" class=\"alignleft size-full wp-image-12981\" title=\"Inclusive - alunos fazendo arte e pinturas no ch\u00e3o.\" src=\"http:\/\/inclusivenews.com.br\/wp-content\/uploads\/2009\/12\/participacao.jpg\" alt=\"\" width=\"283\" height=\"210\" \/><\/a><\/p>\n<p>A cidade de S\u00e3o Paulo ser\u00e1 sede do I Semin\u00e1rio Internacional sobre Educa\u00e7\u00e3o de Qualidade da CGE (Campanha Global pela Educa\u00e7\u00e3o). O evento foi proposto pela Campanha Nacional pelo Direito \u00e0 Educa\u00e7\u00e3o e ser\u00e1 realizado em parceria com a CGE e com apoio da Internacional da Educa\u00e7\u00e3o entre 15 e 17 de mar\u00e7o de 2010.<\/p>\n<p>O semin\u00e1rio contar\u00e1 com representantes de coaliz\u00f5es nacionais da \u00c1frica, Am\u00e9rica Latina, \u00c1sia, Europa e Am\u00e9rica do Norte, al\u00e9m de organiza\u00e7\u00f5es n\u00e3o-governamentais internacionais. A participa\u00e7\u00e3o \u00e9 restrita a membros da CGE, mas parceiros estrat\u00e9gicos da Campanha Nacional pelo Direito \u00e0 Educa\u00e7\u00e3o poder\u00e3o participar. Mais informa\u00e7\u00f5es podem ser obtidas pelo email <a href=\"mailto:coordenacao@campanhaeducacao.org.br\">coordenacao@campanhaeducacao.org.br<\/a>.<\/p>\n<p><strong>Desafios para a qualidade da educa\u00e7\u00e3o<\/strong><br \/>\nO objetivo do evento \u00e9 estimular a troca de experi\u00eancias sobre a quest\u00e3o da qualidade, partindo dos desafios enfrentados por cada uma das coaliz\u00f5es nacionais participantes do evento. A id\u00e9ia \u00e9 que os membros da CGE debatam a emerg\u00eancia de crit\u00e9rios como produtividade e performance para auferir a qualidade da educa\u00e7\u00e3o e proponham alternativas. Esses crit\u00e9rios s\u00e3o fortemente patrocinados por institui\u00e7\u00f5es financeiras internacionais, com destaque ao Banco Mundial.<\/p>\n<p>Durante o Semin\u00e1rio a Campanha Nacional pelo Direito \u00e0 Educa\u00e7\u00e3o lan\u00e7ar\u00e1 a vers\u00e3o em ingl\u00eas do CAQi (Custo Aluno-Qualidade Inicial), estudo pioneiro que apresenta uma metodologia de c\u00e1lculo dos custos de uma educa\u00e7\u00e3o p\u00fablica de qualidade, a partir de ampla discuss\u00e3o social e de crit\u00e9rios relacionados a uma vis\u00e3o de qualidade social, como inclus\u00e3o, sustentabilidade, diversidade, universalidade, democracia e cidadania.<\/p>\n<p><strong>Anivers\u00e1rio<\/strong><br \/>\nO Semin\u00e1rio faz parte das comemora\u00e7\u00f5es dos dez anos da Campanha Nacional pelo Direito \u00e0 Educa\u00e7\u00e3o (<a href=\"http:\/\/www.campanhaeducacao.org.br\/\" target=\"_blank\" rel=\"noopener\">saiba mais<\/a>). Em cada edi\u00e7\u00e3o de seu boletim a Campanha publica as mensagens que vem recebendo de parceiros e institui\u00e7\u00f5es que fazem parte de sua hist\u00f3ria (<a href=\"http:\/\/www.campanhaeducacao.org.br\/MSG_dez_anos_Campanha_3.pdf\" target=\"_blank\" rel=\"noopener\">leia as \u00faltimas<\/a>).<br \/>\n______________________<\/p>\n<p><strong>Fonte:<\/strong> <a href=\"http:\/\/www.fundabrinq.org.br\/portal\/noticias\/artigos\/marco\/seminario-internacional-sobre-educacao-.aspx\">Funda\u00e7\u00e3o ABRINQ<\/a><\/p>\n","protected":false},"excerpt":{"rendered":"<p>A cidade de S\u00e3o Paulo ser\u00e1 sede do I Semin\u00e1rio Internacional sobre Educa\u00e7\u00e3o de Qualidade da CGE (Campanha Global pela Educa\u00e7\u00e3o). O evento foi proposto pela Campanha Nacional pelo Direito \u00e0 Educa\u00e7\u00e3o e ser\u00e1 realizado em parceria com a CGE e com apoio da Internacional da Educa\u00e7\u00e3o entre 15 e 17 de mar\u00e7o de 2010.<\/p>\n","protected":false},"author":1,"featured_media":0,"comment_status":"open","ping_status":"open","sticky":false,"template":"","format":"standard","meta":{"site-container-style":"default","site-container-layout":"default","site-sidebar-layout":"default","disable-article-header":"default","disable-site-header":"default","disable-site-footer":"default","disable-content-area-spacing":"default","footnotes":""},"categories":[6,48,4],"tags":[],"class_list":["post-14175","post","type-post","status-publish","format-standard","hentry","category-educacao","category-inclusao","category-noticias"],"yoast_head":"<!-- This site is optimized with the Yoast SEO plugin v27.4 - https:\/\/yoast.com\/product\/yoast-seo-wordpress\/ -->\n<title>Campanha realiza semin\u00e1rio internacional sobre educa\u00e7\u00e3o de qualidade -<\/title>\n<meta name=\"robots\" content=\"index, follow, max-snippet:-1, max-image-preview:large, max-video-preview:-1\" \/>\n<link rel=\"canonical\" href=\"https:\/\/inclusivenews.com.br\/?p=14175\" \/>\n<meta property=\"og:locale\" content=\"pt_PT\" \/>\n<meta property=\"og:type\" content=\"article\" \/>\n<meta property=\"og:title\" content=\"Campanha realiza semin\u00e1rio internacional sobre educa\u00e7\u00e3o de qualidade -\" \/>\n<meta property=\"og:description\" content=\"A cidade de S\u00e3o Paulo ser\u00e1 sede do I Semin\u00e1rio Internacional sobre Educa\u00e7\u00e3o de Qualidade da CGE (Campanha Global pela Educa\u00e7\u00e3o). O evento foi proposto pela Campanha Nacional pelo Direito \u00e0 Educa\u00e7\u00e3o e ser\u00e1 realizado em parceria com a CGE e com apoio da Internacional da Educa\u00e7\u00e3o entre 15 e 17 de mar\u00e7o de 2010.\" \/>\n<meta property=\"og:url\" content=\"https:\/\/inclusivenews.com.br\/?p=14175\" \/>\n<meta property=\"article:publisher\" content=\"https:\/\/www.facebook.com\/agenciainclusive\/\" \/>\n<meta property=\"article:published_time\" content=\"2010-03-02T11:09:35+00:00\" \/>\n<meta property=\"og:image\" content=\"http:\/\/inclusivenews.com.br\/wp-content\/uploads\/2009\/12\/participacao.jpg\" \/>\n<meta name=\"author\" content=\"inclusivenews2024\" \/>\n<meta name=\"twitter:card\" content=\"summary_large_image\" \/>\n<meta name=\"twitter:label1\" content=\"Escrito por\" \/>\n\t<meta name=\"twitter:data1\" content=\"inclusivenews2024\" \/>\n\t<meta name=\"twitter:label2\" content=\"Tempo estimado de leitura\" \/>\n\t<meta name=\"twitter:data2\" content=\"2 minutos\" \/>\n<script type=\"application\/ld+json\" class=\"yoast-schema-graph\">{\"@context\":\"https:\\\/\\\/schema.org\",\"@graph\":[{\"@type\":\"Article\",\"@id\":\"https:\\\/\\\/inclusivenews.com.br\\\/?p=14175#article\",\"isPartOf\":{\"@id\":\"https:\\\/\\\/inclusivenews.com.br\\\/?p=14175\"},\"author\":{\"name\":\"inclusivenews2024\",\"@id\":\"https:\\\/\\\/inclusivenews.com.br\\\/#\\\/schema\\\/person\\\/ae4ec7087559b8692fb33b6fffd2273b\"},\"headline\":\"Campanha realiza semin\u00e1rio internacional sobre educa\u00e7\u00e3o de qualidade\",\"datePublished\":\"2010-03-02T11:09:35+00:00\",\"mainEntityOfPage\":{\"@id\":\"https:\\\/\\\/inclusivenews.com.br\\\/?p=14175\"},\"wordCount\":342,\"commentCount\":1,\"publisher\":{\"@id\":\"https:\\\/\\\/inclusivenews.com.br\\\/#organization\"},\"image\":{\"@id\":\"https:\\\/\\\/inclusivenews.com.br\\\/?p=14175#primaryimage\"},\"thumbnailUrl\":\"http:\\\/\\\/inclusivenews.com.br\\\/wp-content\\\/uploads\\\/2009\\\/12\\\/participacao.jpg\",\"articleSection\":[\"EDUCA\u00c7\u00c3O\",\"INCLUS\u00c3O SOCIAL\",\"NOT\u00cdCIAS\"],\"inLanguage\":\"pt-PT\",\"potentialAction\":[{\"@type\":\"CommentAction\",\"name\":\"Comment\",\"target\":[\"https:\\\/\\\/inclusivenews.com.br\\\/?p=14175#respond\"]}]},{\"@type\":\"WebPage\",\"@id\":\"https:\\\/\\\/inclusivenews.com.br\\\/?p=14175\",\"url\":\"https:\\\/\\\/inclusivenews.com.br\\\/?p=14175\",\"name\":\"Campanha realiza semin\u00e1rio internacional sobre educa\u00e7\u00e3o de qualidade -\",\"isPartOf\":{\"@id\":\"https:\\\/\\\/inclusivenews.com.br\\\/#website\"},\"primaryImageOfPage\":{\"@id\":\"https:\\\/\\\/inclusivenews.com.br\\\/?p=14175#primaryimage\"},\"image\":{\"@id\":\"https:\\\/\\\/inclusivenews.com.br\\\/?p=14175#primaryimage\"},\"thumbnailUrl\":\"http:\\\/\\\/inclusivenews.com.br\\\/wp-content\\\/uploads\\\/2009\\\/12\\\/participacao.jpg\",\"datePublished\":\"2010-03-02T11:09:35+00:00\",\"breadcrumb\":{\"@id\":\"https:\\\/\\\/inclusivenews.com.br\\\/?p=14175#breadcrumb\"},\"inLanguage\":\"pt-PT\",\"potentialAction\":[{\"@type\":\"ReadAction\",\"target\":[\"https:\\\/\\\/inclusivenews.com.br\\\/?p=14175\"]}]},{\"@type\":\"ImageObject\",\"inLanguage\":\"pt-PT\",\"@id\":\"https:\\\/\\\/inclusivenews.com.br\\\/?p=14175#primaryimage\",\"url\":\"\",\"contentUrl\":\"\"},{\"@type\":\"BreadcrumbList\",\"@id\":\"https:\\\/\\\/inclusivenews.com.br\\\/?p=14175#breadcrumb\",\"itemListElement\":[{\"@type\":\"ListItem\",\"position\":1,\"name\":\"In\u00edcio\",\"item\":\"https:\\\/\\\/inclusivenews.com.br\\\/\"},{\"@type\":\"ListItem\",\"position\":2,\"name\":\"Campanha realiza semin\u00e1rio internacional sobre educa\u00e7\u00e3o de qualidade\"}]},{\"@type\":\"WebSite\",\"@id\":\"https:\\\/\\\/inclusivenews.com.br\\\/#website\",\"url\":\"https:\\\/\\\/inclusivenews.com.br\\\/\",\"name\":\"Inclusive News\",\"description\":\"Inclusive News\",\"publisher\":{\"@id\":\"https:\\\/\\\/inclusivenews.com.br\\\/#organization\"},\"potentialAction\":[{\"@type\":\"SearchAction\",\"target\":{\"@type\":\"EntryPoint\",\"urlTemplate\":\"https:\\\/\\\/inclusivenews.com.br\\\/?s={search_term_string}\"},\"query-input\":{\"@type\":\"PropertyValueSpecification\",\"valueRequired\":true,\"valueName\":\"search_term_string\"}}],\"inLanguage\":\"pt-PT\"},{\"@type\":\"Organization\",\"@id\":\"https:\\\/\\\/inclusivenews.com.br\\\/#organization\",\"name\":\"Inclusive - inclus\u00e3o e cidadania\",\"url\":\"https:\\\/\\\/inclusivenews.com.br\\\/\",\"logo\":{\"@type\":\"ImageObject\",\"inLanguage\":\"pt-PT\",\"@id\":\"https:\\\/\\\/inclusivenews.com.br\\\/#\\\/schema\\\/logo\\\/image\\\/\",\"url\":\"https:\\\/\\\/inclusivenews.com.br\\\/wp-content\\\/uploads\\\/2024\\\/03\\\/@grandesite.png\",\"contentUrl\":\"https:\\\/\\\/inclusivenews.com.br\\\/wp-content\\\/uploads\\\/2024\\\/03\\\/@grandesite.png\",\"width\":1080,\"height\":1080,\"caption\":\"Inclusive - inclus\u00e3o e cidadania\"},\"image\":{\"@id\":\"https:\\\/\\\/inclusivenews.com.br\\\/#\\\/schema\\\/logo\\\/image\\\/\"},\"sameAs\":[\"https:\\\/\\\/www.facebook.com\\\/agenciainclusive\\\/\",\"https:\\\/\\\/www.instagram.com\\\/newsinclusive\\\/\"]},{\"@type\":\"Person\",\"@id\":\"https:\\\/\\\/inclusivenews.com.br\\\/#\\\/schema\\\/person\\\/ae4ec7087559b8692fb33b6fffd2273b\",\"name\":\"inclusivenews2024\",\"image\":{\"@type\":\"ImageObject\",\"inLanguage\":\"pt-PT\",\"@id\":\"https:\\\/\\\/secure.gravatar.com\\\/avatar\\\/c5a7ef84c66fa914f55bc4f7ce26cfa275a3b9a1c5568b907bd184fb4dde7b40?s=96&d=mm&r=g\",\"url\":\"https:\\\/\\\/secure.gravatar.com\\\/avatar\\\/c5a7ef84c66fa914f55bc4f7ce26cfa275a3b9a1c5568b907bd184fb4dde7b40?s=96&d=mm&r=g\",\"contentUrl\":\"https:\\\/\\\/secure.gravatar.com\\\/avatar\\\/c5a7ef84c66fa914f55bc4f7ce26cfa275a3b9a1c5568b907bd184fb4dde7b40?s=96&d=mm&r=g\",\"caption\":\"inclusivenews2024\"},\"sameAs\":[\"https:\\\/\\\/inclusivenews.com.br\"],\"url\":\"https:\\\/\\\/inclusivenews.com.br\\\/?author=1\"}]}<\/script>\n<!-- \/ Yoast SEO plugin. -->","yoast_head_json":{"title":"Campanha realiza semin\u00e1rio internacional sobre educa\u00e7\u00e3o de qualidade -","robots":{"index":"index","follow":"follow","max-snippet":"max-snippet:-1","max-image-preview":"max-image-preview:large","max-video-preview":"max-video-preview:-1"},"canonical":"https:\/\/inclusivenews.com.br\/?p=14175","og_locale":"pt_PT","og_type":"article","og_title":"Campanha realiza semin\u00e1rio internacional sobre educa\u00e7\u00e3o de qualidade -","og_description":"A cidade de S\u00e3o Paulo ser\u00e1 sede do I Semin\u00e1rio Internacional sobre Educa\u00e7\u00e3o de Qualidade da CGE (Campanha Global pela Educa\u00e7\u00e3o). O evento foi proposto pela Campanha Nacional pelo Direito \u00e0 Educa\u00e7\u00e3o e ser\u00e1 realizado em parceria com a CGE e com apoio da Internacional da Educa\u00e7\u00e3o entre 15 e 17 de mar\u00e7o de 2010.","og_url":"https:\/\/inclusivenews.com.br\/?p=14175","article_publisher":"https:\/\/www.facebook.com\/agenciainclusive\/","article_published_time":"2010-03-02T11:09:35+00:00","og_image":[{"url":"http:\/\/inclusivenews.com.br\/wp-content\/uploads\/2009\/12\/participacao.jpg","type":"","width":"","height":""}],"author":"inclusivenews2024","twitter_card":"summary_large_image","twitter_misc":{"Escrito por":"inclusivenews2024","Tempo estimado de leitura":"2 minutos"},"schema":{"@context":"https:\/\/schema.org","@graph":[{"@type":"Article","@id":"https:\/\/inclusivenews.com.br\/?p=14175#article","isPartOf":{"@id":"https:\/\/inclusivenews.com.br\/?p=14175"},"author":{"name":"inclusivenews2024","@id":"https:\/\/inclusivenews.com.br\/#\/schema\/person\/ae4ec7087559b8692fb33b6fffd2273b"},"headline":"Campanha realiza semin\u00e1rio internacional sobre educa\u00e7\u00e3o de qualidade","datePublished":"2010-03-02T11:09:35+00:00","mainEntityOfPage":{"@id":"https:\/\/inclusivenews.com.br\/?p=14175"},"wordCount":342,"commentCount":1,"publisher":{"@id":"https:\/\/inclusivenews.com.br\/#organization"},"image":{"@id":"https:\/\/inclusivenews.com.br\/?p=14175#primaryimage"},"thumbnailUrl":"http:\/\/inclusivenews.com.br\/wp-content\/uploads\/2009\/12\/participacao.jpg","articleSection":["EDUCA\u00c7\u00c3O","INCLUS\u00c3O SOCIAL","NOT\u00cdCIAS"],"inLanguage":"pt-PT","potentialAction":[{"@type":"CommentAction","name":"Comment","target":["https:\/\/inclusivenews.com.br\/?p=14175#respond"]}]},{"@type":"WebPage","@id":"https:\/\/inclusivenews.com.br\/?p=14175","url":"https:\/\/inclusivenews.com.br\/?p=14175","name":"Campanha realiza semin\u00e1rio internacional sobre educa\u00e7\u00e3o de qualidade -","isPartOf":{"@id":"https:\/\/inclusivenews.com.br\/#website"},"primaryImageOfPage":{"@id":"https:\/\/inclusivenews.com.br\/?p=14175#primaryimage"},"image":{"@id":"https:\/\/inclusivenews.com.br\/?p=14175#primaryimage"},"thumbnailUrl":"http:\/\/inclusivenews.com.br\/wp-content\/uploads\/2009\/12\/participacao.jpg","datePublished":"2010-03-02T11:09:35+00:00","breadcrumb":{"@id":"https:\/\/inclusivenews.com.br\/?p=14175#breadcrumb"},"inLanguage":"pt-PT","potentialAction":[{"@type":"ReadAction","target":["https:\/\/inclusivenews.com.br\/?p=14175"]}]},{"@type":"ImageObject","inLanguage":"pt-PT","@id":"https:\/\/inclusivenews.com.br\/?p=14175#primaryimage","url":"","contentUrl":""},{"@type":"BreadcrumbList","@id":"https:\/\/inclusivenews.com.br\/?p=14175#breadcrumb","itemListElement":[{"@type":"ListItem","position":1,"name":"In\u00edcio","item":"https:\/\/inclusivenews.com.br\/"},{"@type":"ListItem","position":2,"name":"Campanha realiza semin\u00e1rio internacional sobre educa\u00e7\u00e3o de qualidade"}]},{"@type":"WebSite","@id":"https:\/\/inclusivenews.com.br\/#website","url":"https:\/\/inclusivenews.com.br\/","name":"Inclusive News","description":"Inclusive News","publisher":{"@id":"https:\/\/inclusivenews.com.br\/#organization"},"potentialAction":[{"@type":"SearchAction","target":{"@type":"EntryPoint","urlTemplate":"https:\/\/inclusivenews.com.br\/?s={search_term_string}"},"query-input":{"@type":"PropertyValueSpecification","valueRequired":true,"valueName":"search_term_string"}}],"inLanguage":"pt-PT"},{"@type":"Organization","@id":"https:\/\/inclusivenews.com.br\/#organization","name":"Inclusive - inclus\u00e3o e cidadania","url":"https:\/\/inclusivenews.com.br\/","logo":{"@type":"ImageObject","inLanguage":"pt-PT","@id":"https:\/\/inclusivenews.com.br\/#\/schema\/logo\/image\/","url":"https:\/\/inclusivenews.com.br\/wp-content\/uploads\/2024\/03\/@grandesite.png","contentUrl":"https:\/\/inclusivenews.com.br\/wp-content\/uploads\/2024\/03\/@grandesite.png","width":1080,"height":1080,"caption":"Inclusive - inclus\u00e3o e cidadania"},"image":{"@id":"https:\/\/inclusivenews.com.br\/#\/schema\/logo\/image\/"},"sameAs":["https:\/\/www.facebook.com\/agenciainclusive\/","https:\/\/www.instagram.com\/newsinclusive\/"]},{"@type":"Person","@id":"https:\/\/inclusivenews.com.br\/#\/schema\/person\/ae4ec7087559b8692fb33b6fffd2273b","name":"inclusivenews2024","image":{"@type":"ImageObject","inLanguage":"pt-PT","@id":"https:\/\/secure.gravatar.com\/avatar\/c5a7ef84c66fa914f55bc4f7ce26cfa275a3b9a1c5568b907bd184fb4dde7b40?s=96&d=mm&r=g","url":"https:\/\/secure.gravatar.com\/avatar\/c5a7ef84c66fa914f55bc4f7ce26cfa275a3b9a1c5568b907bd184fb4dde7b40?s=96&d=mm&r=g","contentUrl":"https:\/\/secure.gravatar.com\/avatar\/c5a7ef84c66fa914f55bc4f7ce26cfa275a3b9a1c5568b907bd184fb4dde7b40?s=96&d=mm&r=g","caption":"inclusivenews2024"},"sameAs":["https:\/\/inclusivenews.com.br"],"url":"https:\/\/inclusivenews.com.br\/?author=1"}]}},"_links":{"self":[{"href":"https:\/\/inclusivenews.com.br\/index.php?rest_route=\/wp\/v2\/posts\/14175","targetHints":{"allow":["GET"]}}],"collection":[{"href":"https:\/\/inclusivenews.com.br\/index.php?rest_route=\/wp\/v2\/posts"}],"about":[{"href":"https:\/\/inclusivenews.com.br\/index.php?rest_route=\/wp\/v2\/types\/post"}],"author":[{"embeddable":true,"href":"https:\/\/inclusivenews.com.br\/index.php?rest_route=\/wp\/v2\/users\/1"}],"replies":[{"embeddable":true,"href":"https:\/\/inclusivenews.com.br\/index.php?rest_route=%2Fwp%2Fv2%2Fcomments&post=14175"}],"version-history":[{"count":0,"href":"https:\/\/inclusivenews.com.br\/index.php?rest_route=\/wp\/v2\/posts\/14175\/revisions"}],"wp:attachment":[{"href":"https:\/\/inclusivenews.com.br\/index.php?rest_route=%2Fwp%2Fv2%2Fmedia&parent=14175"}],"wp:term":[{"taxonomy":"category","embeddable":true,"href":"https:\/\/inclusivenews.com.br\/index.php?rest_route=%2Fwp%2Fv2%2Fcategories&post=14175"},{"taxonomy":"post_tag","embeddable":true,"href":"https:\/\/inclusivenews.com.br\/index.php?rest_route=%2Fwp%2Fv2%2Ftags&post=14175"}],"curies":[{"name":"wp","href":"https:\/\/api.w.org\/{rel}","templated":true}]}}