{"id":14177,"date":"2010-03-01T18:37:20","date_gmt":"2010-03-01T21:37:20","guid":{"rendered":"http:\/\/www.inclusive.org.br\/?p=14177"},"modified":"2010-03-01T18:37:20","modified_gmt":"2010-03-01T21:37:20","slug":"viver-a-vida-interprete-da-nova-amiga-de-luciana-e-cadeirante","status":"publish","type":"post","link":"https:\/\/inclusivenews.com.br\/?p=14177","title":{"rendered":"&#039;Viver a vida&#039;: Int\u00e9rprete da nova amiga de Luciana \u00e9 cadeirante"},"content":{"rendered":"<figure id=\"attachment_14176\" aria-describedby=\"caption-attachment-14176\" style=\"width: 269px\" class=\"wp-caption alignleft\"><a href=\"http:\/\/www.inclusivenews.com.br\/wp-content\/uploads\/2010\/03\/camila.jpg\"><img loading=\"lazy\" decoding=\"async\" class=\"size-full wp-image-14176 \" title=\"camila\" src=\"http:\/\/inclusivenews.com.br\/wp-content\/uploads\/2010\/03\/camila.jpg\" alt=\"\" width=\"269\" height=\"400\" \/><\/a><figcaption id=\"caption-attachment-14176\" class=\"wp-caption-text\">A atriz Vanessa Romanelli, que vive a personagem Camila na novela Viver a Vida<\/figcaption><\/figure>\n<p>Camila, a mais nova amiga de Luciana em \u201cViver a vida\u201d, que surgiu na trama semana passada, seria tetrapl\u00e9gica como a modelo \u2014 e explicaria isso quando as duas se conhecessem, na festa na casa amarela. Mas, na \u00faltima hora, o autor Manoel Carlos resolveu mudar o texto e incorporou \u00e0 personagem a hist\u00f3ria verdadeira de sua int\u00e9rprete, a atriz paulista Vanessa Romanelli, de 24 anos. Ela tem atrofia espinhal, uma doen\u00e7a degenerativa de origem gen\u00e9tica, que a obrigou a usar a cadeira de rodas a partir dos 17.<\/p>\n<p>\u2014 Vanessa est\u00e1 l\u00e1 como inspira\u00e7\u00e3o perfeita para a personagem. S\u00e3o duas pessoas numa \u00fanica. O que \u00e9 fic\u00e7\u00e3o \u00e9 a vida pessoal da Camila \u2014 diz Maneco, explicando sua op\u00e7\u00e3o por uma atriz cadeirante: \u2014 Se estamos falando sobre defici\u00eancia f\u00edsica, inclus\u00e3o social, supera\u00e7\u00e3o, contar com uma atriz que usa cadeira de rodas nos d\u00e1 muito mais credibilidade. \u00c9 como se coloc\u00e1ssemos em pr\u00e1tica a teoria.<\/p>\n<p>Casada com um jovem n\u00e3o cadeirante, Guilherme (Alexandre Vasconcelos), Camila usar\u00e1 sua experi\u00eancia no campo afetivo para ajudar Luciana a fazer descobertas. Na nova amiga, a modelo vai encontrar a pessoa ideal para esclarecer suas d\u00favidas sobre a vida sexual dos deficientes f\u00edsicos. Aprendizado que, em breve, colocar\u00e1 em pr\u00e1tica com Miguel (Mateus Solano). Os dois v\u00e3o namorar, se casar e ter filhos g\u00eameos.<\/p>\n<p>\u2014 \u00c9 interessante para Luciana trocar experi\u00eancia com uma amiga na mesma situa\u00e7\u00e3o em que ela se encontra. Essa conviv\u00eancia ajuda e faz parte do processo de reabilita\u00e7\u00e3o. Elas ter\u00e3o conversas esclarecedoras sobre sexualidade e tamb\u00e9m sobre outros assuntos. E n\u00e3o ser\u00e1 apenas Camila. Outras amigas com problemas semelhantes, e amigos tamb\u00e9m, surgir\u00e3o a partir de agora na vida de Luciana \u2014 adianta Maneco.<\/p>\n<p>Bi\u00f3loga formada e cursando mestrado na \u00e1rea, Vanessa faz parte do Grupo Oficina de Menestr\u00e9is, companhia-escola de teatro de S\u00e3o Paulo que re\u00fane atores com e sem defici\u00eancia f\u00edsica. Estava em cartaz com um musical na capital paulista quando foi chamada para fazer testes e ganhou o papel na novela.<\/p>\n<p>\u2014 Ainda n\u00e3o consegui acreditar que fui a escolhida \u2014 comemora ela, que faz sua estreia na TV: \u2014 Achei surpreendente terem escolhido uma cadeirante de verdade. E acho que, apesar de Alinne estar fazendo muito bem a Luciana, essa escolha dar\u00e1 um toque de realidade \u00e0 trama.<\/p>\n<p>Fonte: <a href=\"http:\/\/extra.globo.com\/lazer\/sessaoextra\/posts\/2010\/03\/01\/viver-vida-interprete-da-nova-amiga-de-luciana-cadeirante-269912.asp\">http:\/\/extra.globo.com\/lazer\/sessaoextra\/posts\/2010\/03\/01\/viver-vida-interprete-da-nova-amiga-de-luciana-cadeirante-269912.asp<\/a><\/p>\n","protected":false},"excerpt":{"rendered":"<p>Camila, a mais nova amiga de Luciana em \u201cViver a vida\u201d, que surgiu na trama semana passada, seria tetrapl\u00e9gica como a modelo \u2014 e explicaria isso quando as duas se conhecessem, na festa na casa amarela. Mas, na \u00faltima hora, o autor Manoel Carlos resolveu mudar o texto e incorporou \u00e0 personagem a hist\u00f3ria verdadeira [&hellip;]<\/p>\n","protected":false},"author":1,"featured_media":0,"comment_status":"open","ping_status":"open","sticky":false,"template":"","format":"standard","meta":{"site-container-style":"default","site-container-layout":"default","site-sidebar-layout":"default","disable-article-header":"default","disable-site-header":"default","disable-site-footer":"default","disable-content-area-spacing":"default","footnotes":""},"categories":[29,38,48,76,4],"tags":[],"class_list":["post-14177","post","type-post","status-publish","format-standard","hentry","category-cultura","category-deficiencia","category-inclusao","category-midia-e-deficiencia","category-noticias"],"yoast_head":"<!-- This site is optimized with the Yoast SEO plugin v27.4 - https:\/\/yoast.com\/product\/yoast-seo-wordpress\/ -->\n<title>&#039;Viver a vida&#039;: Int\u00e9rprete da nova amiga de Luciana \u00e9 cadeirante -<\/title>\n<meta name=\"robots\" content=\"index, follow, max-snippet:-1, max-image-preview:large, max-video-preview:-1\" \/>\n<link rel=\"canonical\" href=\"https:\/\/inclusivenews.com.br\/?p=14177\" \/>\n<meta property=\"og:locale\" content=\"pt_PT\" \/>\n<meta property=\"og:type\" content=\"article\" \/>\n<meta property=\"og:title\" content=\"&#039;Viver a vida&#039;: Int\u00e9rprete da nova amiga de Luciana \u00e9 cadeirante -\" \/>\n<meta property=\"og:description\" content=\"Camila, a mais nova amiga de Luciana em \u201cViver a vida\u201d, que surgiu na trama semana passada, seria tetrapl\u00e9gica como a modelo \u2014 e explicaria isso quando as duas se conhecessem, na festa na casa amarela. Mas, na \u00faltima hora, o autor Manoel Carlos resolveu mudar o texto e incorporou \u00e0 personagem a hist\u00f3ria verdadeira [&hellip;]\" \/>\n<meta property=\"og:url\" content=\"https:\/\/inclusivenews.com.br\/?p=14177\" \/>\n<meta property=\"article:publisher\" content=\"https:\/\/www.facebook.com\/agenciainclusive\/\" \/>\n<meta property=\"article:published_time\" content=\"2010-03-01T21:37:20+00:00\" \/>\n<meta property=\"og:image\" content=\"http:\/\/inclusivenews.com.br\/wp-content\/uploads\/2010\/03\/camila.jpg\" \/>\n<meta name=\"author\" content=\"inclusivenews2024\" \/>\n<meta name=\"twitter:card\" content=\"summary_large_image\" \/>\n<meta name=\"twitter:label1\" content=\"Escrito por\" \/>\n\t<meta name=\"twitter:data1\" content=\"inclusivenews2024\" \/>\n\t<meta name=\"twitter:label2\" content=\"Tempo estimado de leitura\" \/>\n\t<meta name=\"twitter:data2\" content=\"2 minutos\" \/>\n<script type=\"application\/ld+json\" class=\"yoast-schema-graph\">{\"@context\":\"https:\\\/\\\/schema.org\",\"@graph\":[{\"@type\":\"Article\",\"@id\":\"https:\\\/\\\/inclusivenews.com.br\\\/?p=14177#article\",\"isPartOf\":{\"@id\":\"https:\\\/\\\/inclusivenews.com.br\\\/?p=14177\"},\"author\":{\"name\":\"inclusivenews2024\",\"@id\":\"https:\\\/\\\/inclusivenews.com.br\\\/#\\\/schema\\\/person\\\/ae4ec7087559b8692fb33b6fffd2273b\"},\"headline\":\"&#039;Viver a vida&#039;: Int\u00e9rprete da nova amiga de Luciana \u00e9 cadeirante\",\"datePublished\":\"2010-03-01T21:37:20+00:00\",\"mainEntityOfPage\":{\"@id\":\"https:\\\/\\\/inclusivenews.com.br\\\/?p=14177\"},\"wordCount\":446,\"commentCount\":1,\"publisher\":{\"@id\":\"https:\\\/\\\/inclusivenews.com.br\\\/#organization\"},\"image\":{\"@id\":\"https:\\\/\\\/inclusivenews.com.br\\\/?p=14177#primaryimage\"},\"thumbnailUrl\":\"http:\\\/\\\/inclusivenews.com.br\\\/wp-content\\\/uploads\\\/2010\\\/03\\\/camila.jpg\",\"articleSection\":[\"Cultura\",\"Defici\u00eancia\",\"INCLUS\u00c3O SOCIAL\",\"M\u00eddia e Defici\u00eancia\",\"NOT\u00cdCIAS\"],\"inLanguage\":\"pt-PT\",\"potentialAction\":[{\"@type\":\"CommentAction\",\"name\":\"Comment\",\"target\":[\"https:\\\/\\\/inclusivenews.com.br\\\/?p=14177#respond\"]}]},{\"@type\":\"WebPage\",\"@id\":\"https:\\\/\\\/inclusivenews.com.br\\\/?p=14177\",\"url\":\"https:\\\/\\\/inclusivenews.com.br\\\/?p=14177\",\"name\":\"&#039;Viver a vida&#039;: Int\u00e9rprete da nova amiga de Luciana \u00e9 cadeirante -\",\"isPartOf\":{\"@id\":\"https:\\\/\\\/inclusivenews.com.br\\\/#website\"},\"primaryImageOfPage\":{\"@id\":\"https:\\\/\\\/inclusivenews.com.br\\\/?p=14177#primaryimage\"},\"image\":{\"@id\":\"https:\\\/\\\/inclusivenews.com.br\\\/?p=14177#primaryimage\"},\"thumbnailUrl\":\"http:\\\/\\\/inclusivenews.com.br\\\/wp-content\\\/uploads\\\/2010\\\/03\\\/camila.jpg\",\"datePublished\":\"2010-03-01T21:37:20+00:00\",\"breadcrumb\":{\"@id\":\"https:\\\/\\\/inclusivenews.com.br\\\/?p=14177#breadcrumb\"},\"inLanguage\":\"pt-PT\",\"potentialAction\":[{\"@type\":\"ReadAction\",\"target\":[\"https:\\\/\\\/inclusivenews.com.br\\\/?p=14177\"]}]},{\"@type\":\"ImageObject\",\"inLanguage\":\"pt-PT\",\"@id\":\"https:\\\/\\\/inclusivenews.com.br\\\/?p=14177#primaryimage\",\"url\":\"\",\"contentUrl\":\"\"},{\"@type\":\"BreadcrumbList\",\"@id\":\"https:\\\/\\\/inclusivenews.com.br\\\/?p=14177#breadcrumb\",\"itemListElement\":[{\"@type\":\"ListItem\",\"position\":1,\"name\":\"In\u00edcio\",\"item\":\"https:\\\/\\\/inclusivenews.com.br\\\/\"},{\"@type\":\"ListItem\",\"position\":2,\"name\":\"&#039;Viver a vida&#039;: Int\u00e9rprete da nova amiga de Luciana \u00e9 cadeirante\"}]},{\"@type\":\"WebSite\",\"@id\":\"https:\\\/\\\/inclusivenews.com.br\\\/#website\",\"url\":\"https:\\\/\\\/inclusivenews.com.br\\\/\",\"name\":\"Inclusive News\",\"description\":\"Inclusive News\",\"publisher\":{\"@id\":\"https:\\\/\\\/inclusivenews.com.br\\\/#organization\"},\"potentialAction\":[{\"@type\":\"SearchAction\",\"target\":{\"@type\":\"EntryPoint\",\"urlTemplate\":\"https:\\\/\\\/inclusivenews.com.br\\\/?s={search_term_string}\"},\"query-input\":{\"@type\":\"PropertyValueSpecification\",\"valueRequired\":true,\"valueName\":\"search_term_string\"}}],\"inLanguage\":\"pt-PT\"},{\"@type\":\"Organization\",\"@id\":\"https:\\\/\\\/inclusivenews.com.br\\\/#organization\",\"name\":\"Inclusive - inclus\u00e3o e cidadania\",\"url\":\"https:\\\/\\\/inclusivenews.com.br\\\/\",\"logo\":{\"@type\":\"ImageObject\",\"inLanguage\":\"pt-PT\",\"@id\":\"https:\\\/\\\/inclusivenews.com.br\\\/#\\\/schema\\\/logo\\\/image\\\/\",\"url\":\"https:\\\/\\\/inclusivenews.com.br\\\/wp-content\\\/uploads\\\/2024\\\/03\\\/@grandesite.png\",\"contentUrl\":\"https:\\\/\\\/inclusivenews.com.br\\\/wp-content\\\/uploads\\\/2024\\\/03\\\/@grandesite.png\",\"width\":1080,\"height\":1080,\"caption\":\"Inclusive - inclus\u00e3o e cidadania\"},\"image\":{\"@id\":\"https:\\\/\\\/inclusivenews.com.br\\\/#\\\/schema\\\/logo\\\/image\\\/\"},\"sameAs\":[\"https:\\\/\\\/www.facebook.com\\\/agenciainclusive\\\/\",\"https:\\\/\\\/www.instagram.com\\\/newsinclusive\\\/\"]},{\"@type\":\"Person\",\"@id\":\"https:\\\/\\\/inclusivenews.com.br\\\/#\\\/schema\\\/person\\\/ae4ec7087559b8692fb33b6fffd2273b\",\"name\":\"inclusivenews2024\",\"image\":{\"@type\":\"ImageObject\",\"inLanguage\":\"pt-PT\",\"@id\":\"https:\\\/\\\/secure.gravatar.com\\\/avatar\\\/c5a7ef84c66fa914f55bc4f7ce26cfa275a3b9a1c5568b907bd184fb4dde7b40?s=96&d=mm&r=g\",\"url\":\"https:\\\/\\\/secure.gravatar.com\\\/avatar\\\/c5a7ef84c66fa914f55bc4f7ce26cfa275a3b9a1c5568b907bd184fb4dde7b40?s=96&d=mm&r=g\",\"contentUrl\":\"https:\\\/\\\/secure.gravatar.com\\\/avatar\\\/c5a7ef84c66fa914f55bc4f7ce26cfa275a3b9a1c5568b907bd184fb4dde7b40?s=96&d=mm&r=g\",\"caption\":\"inclusivenews2024\"},\"sameAs\":[\"https:\\\/\\\/inclusivenews.com.br\"],\"url\":\"https:\\\/\\\/inclusivenews.com.br\\\/?author=1\"}]}<\/script>\n<!-- \/ Yoast SEO plugin. -->","yoast_head_json":{"title":"&#039;Viver a vida&#039;: Int\u00e9rprete da nova amiga de Luciana \u00e9 cadeirante -","robots":{"index":"index","follow":"follow","max-snippet":"max-snippet:-1","max-image-preview":"max-image-preview:large","max-video-preview":"max-video-preview:-1"},"canonical":"https:\/\/inclusivenews.com.br\/?p=14177","og_locale":"pt_PT","og_type":"article","og_title":"&#039;Viver a vida&#039;: Int\u00e9rprete da nova amiga de Luciana \u00e9 cadeirante -","og_description":"Camila, a mais nova amiga de Luciana em \u201cViver a vida\u201d, que surgiu na trama semana passada, seria tetrapl\u00e9gica como a modelo \u2014 e explicaria isso quando as duas se conhecessem, na festa na casa amarela. Mas, na \u00faltima hora, o autor Manoel Carlos resolveu mudar o texto e incorporou \u00e0 personagem a hist\u00f3ria verdadeira [&hellip;]","og_url":"https:\/\/inclusivenews.com.br\/?p=14177","article_publisher":"https:\/\/www.facebook.com\/agenciainclusive\/","article_published_time":"2010-03-01T21:37:20+00:00","og_image":[{"url":"http:\/\/inclusivenews.com.br\/wp-content\/uploads\/2010\/03\/camila.jpg","type":"","width":"","height":""}],"author":"inclusivenews2024","twitter_card":"summary_large_image","twitter_misc":{"Escrito por":"inclusivenews2024","Tempo estimado de leitura":"2 minutos"},"schema":{"@context":"https:\/\/schema.org","@graph":[{"@type":"Article","@id":"https:\/\/inclusivenews.com.br\/?p=14177#article","isPartOf":{"@id":"https:\/\/inclusivenews.com.br\/?p=14177"},"author":{"name":"inclusivenews2024","@id":"https:\/\/inclusivenews.com.br\/#\/schema\/person\/ae4ec7087559b8692fb33b6fffd2273b"},"headline":"&#039;Viver a vida&#039;: Int\u00e9rprete da nova amiga de Luciana \u00e9 cadeirante","datePublished":"2010-03-01T21:37:20+00:00","mainEntityOfPage":{"@id":"https:\/\/inclusivenews.com.br\/?p=14177"},"wordCount":446,"commentCount":1,"publisher":{"@id":"https:\/\/inclusivenews.com.br\/#organization"},"image":{"@id":"https:\/\/inclusivenews.com.br\/?p=14177#primaryimage"},"thumbnailUrl":"http:\/\/inclusivenews.com.br\/wp-content\/uploads\/2010\/03\/camila.jpg","articleSection":["Cultura","Defici\u00eancia","INCLUS\u00c3O SOCIAL","M\u00eddia e Defici\u00eancia","NOT\u00cdCIAS"],"inLanguage":"pt-PT","potentialAction":[{"@type":"CommentAction","name":"Comment","target":["https:\/\/inclusivenews.com.br\/?p=14177#respond"]}]},{"@type":"WebPage","@id":"https:\/\/inclusivenews.com.br\/?p=14177","url":"https:\/\/inclusivenews.com.br\/?p=14177","name":"&#039;Viver a vida&#039;: Int\u00e9rprete da nova amiga de Luciana \u00e9 cadeirante -","isPartOf":{"@id":"https:\/\/inclusivenews.com.br\/#website"},"primaryImageOfPage":{"@id":"https:\/\/inclusivenews.com.br\/?p=14177#primaryimage"},"image":{"@id":"https:\/\/inclusivenews.com.br\/?p=14177#primaryimage"},"thumbnailUrl":"http:\/\/inclusivenews.com.br\/wp-content\/uploads\/2010\/03\/camila.jpg","datePublished":"2010-03-01T21:37:20+00:00","breadcrumb":{"@id":"https:\/\/inclusivenews.com.br\/?p=14177#breadcrumb"},"inLanguage":"pt-PT","potentialAction":[{"@type":"ReadAction","target":["https:\/\/inclusivenews.com.br\/?p=14177"]}]},{"@type":"ImageObject","inLanguage":"pt-PT","@id":"https:\/\/inclusivenews.com.br\/?p=14177#primaryimage","url":"","contentUrl":""},{"@type":"BreadcrumbList","@id":"https:\/\/inclusivenews.com.br\/?p=14177#breadcrumb","itemListElement":[{"@type":"ListItem","position":1,"name":"In\u00edcio","item":"https:\/\/inclusivenews.com.br\/"},{"@type":"ListItem","position":2,"name":"&#039;Viver a vida&#039;: Int\u00e9rprete da nova amiga de Luciana \u00e9 cadeirante"}]},{"@type":"WebSite","@id":"https:\/\/inclusivenews.com.br\/#website","url":"https:\/\/inclusivenews.com.br\/","name":"Inclusive News","description":"Inclusive News","publisher":{"@id":"https:\/\/inclusivenews.com.br\/#organization"},"potentialAction":[{"@type":"SearchAction","target":{"@type":"EntryPoint","urlTemplate":"https:\/\/inclusivenews.com.br\/?s={search_term_string}"},"query-input":{"@type":"PropertyValueSpecification","valueRequired":true,"valueName":"search_term_string"}}],"inLanguage":"pt-PT"},{"@type":"Organization","@id":"https:\/\/inclusivenews.com.br\/#organization","name":"Inclusive - inclus\u00e3o e cidadania","url":"https:\/\/inclusivenews.com.br\/","logo":{"@type":"ImageObject","inLanguage":"pt-PT","@id":"https:\/\/inclusivenews.com.br\/#\/schema\/logo\/image\/","url":"https:\/\/inclusivenews.com.br\/wp-content\/uploads\/2024\/03\/@grandesite.png","contentUrl":"https:\/\/inclusivenews.com.br\/wp-content\/uploads\/2024\/03\/@grandesite.png","width":1080,"height":1080,"caption":"Inclusive - inclus\u00e3o e cidadania"},"image":{"@id":"https:\/\/inclusivenews.com.br\/#\/schema\/logo\/image\/"},"sameAs":["https:\/\/www.facebook.com\/agenciainclusive\/","https:\/\/www.instagram.com\/newsinclusive\/"]},{"@type":"Person","@id":"https:\/\/inclusivenews.com.br\/#\/schema\/person\/ae4ec7087559b8692fb33b6fffd2273b","name":"inclusivenews2024","image":{"@type":"ImageObject","inLanguage":"pt-PT","@id":"https:\/\/secure.gravatar.com\/avatar\/c5a7ef84c66fa914f55bc4f7ce26cfa275a3b9a1c5568b907bd184fb4dde7b40?s=96&d=mm&r=g","url":"https:\/\/secure.gravatar.com\/avatar\/c5a7ef84c66fa914f55bc4f7ce26cfa275a3b9a1c5568b907bd184fb4dde7b40?s=96&d=mm&r=g","contentUrl":"https:\/\/secure.gravatar.com\/avatar\/c5a7ef84c66fa914f55bc4f7ce26cfa275a3b9a1c5568b907bd184fb4dde7b40?s=96&d=mm&r=g","caption":"inclusivenews2024"},"sameAs":["https:\/\/inclusivenews.com.br"],"url":"https:\/\/inclusivenews.com.br\/?author=1"}]}},"_links":{"self":[{"href":"https:\/\/inclusivenews.com.br\/index.php?rest_route=\/wp\/v2\/posts\/14177","targetHints":{"allow":["GET"]}}],"collection":[{"href":"https:\/\/inclusivenews.com.br\/index.php?rest_route=\/wp\/v2\/posts"}],"about":[{"href":"https:\/\/inclusivenews.com.br\/index.php?rest_route=\/wp\/v2\/types\/post"}],"author":[{"embeddable":true,"href":"https:\/\/inclusivenews.com.br\/index.php?rest_route=\/wp\/v2\/users\/1"}],"replies":[{"embeddable":true,"href":"https:\/\/inclusivenews.com.br\/index.php?rest_route=%2Fwp%2Fv2%2Fcomments&post=14177"}],"version-history":[{"count":0,"href":"https:\/\/inclusivenews.com.br\/index.php?rest_route=\/wp\/v2\/posts\/14177\/revisions"}],"wp:attachment":[{"href":"https:\/\/inclusivenews.com.br\/index.php?rest_route=%2Fwp%2Fv2%2Fmedia&parent=14177"}],"wp:term":[{"taxonomy":"category","embeddable":true,"href":"https:\/\/inclusivenews.com.br\/index.php?rest_route=%2Fwp%2Fv2%2Fcategories&post=14177"},{"taxonomy":"post_tag","embeddable":true,"href":"https:\/\/inclusivenews.com.br\/index.php?rest_route=%2Fwp%2Fv2%2Ftags&post=14177"}],"curies":[{"name":"wp","href":"https:\/\/api.w.org\/{rel}","templated":true}]}}