{"id":14186,"date":"2010-03-03T06:00:44","date_gmt":"2010-03-03T09:00:44","guid":{"rendered":"http:\/\/www.inclusive.org.br\/?p=14186"},"modified":"2010-03-03T06:00:44","modified_gmt":"2010-03-03T09:00:44","slug":"conferencia-propoe-liberar-dados-publicos","status":"publish","type":"post","link":"https:\/\/inclusivenews.com.br\/?p=14186","title":{"rendered":"Confer\u00eancia prop\u00f5e liberar dados p\u00fablicos"},"content":{"rendered":"<figure style=\"width: 203px\" class=\"wp-caption alignleft\"><img loading=\"lazy\" decoding=\"async\" title=\"Painel com c\u00f3digo bin\u00e1rio, onde aparecem os n\u00fameros 0 e 1.\" src=\"http:\/\/api.ning.com\/files\/Nl0DNdLH3PZYUWv1AxJvOYAJPSXffgunjLPiRb0QcwdrD3CGO06lTIyI4eRJneNSvL1Z5TF-ylUpePv7WItR0slwlDVxn9HV\/comunicacaopublicadigital.jpg\" alt=\"\" width=\"203\" height=\"203\" \/><figcaption class=\"wp-caption-text\"> <\/figcaption><\/figure>\n<p>As organiza\u00e7\u00f5es sociais devem estimular \u2014 inclusive dando o exemplo \u2014 a abertura de dados p\u00fablicos na internet, defenderam especialistas reunidos na \u00faltima quinta-feira na confer\u00eancia Web para o Desenvolvimento, que envolveu profissionais ligados a sites de governos, ONGs e ag\u00eancias das Na\u00e7\u00f5es Unidas. \u201cO princ\u00edpio tem de ser a abertura m\u00e1xima. N\u00e3o s\u00f3 de documentos hist\u00f3ricos, do passado, mas tamb\u00e9m do presente\u201d, prop\u00f4s o coordenador da \u00e1rea de Comunica\u00e7\u00e3o e Informa\u00e7\u00e3o da UNESCO no Brasil, Guilherme Canela.<\/p>\n<p>O evento, promovido pela ONU com apoio da Petrobras, do Comit\u00ea Gestor da Internet Brasil e da Funda\u00e7\u00e3o Padre Anchieta, entre outros parceiros, termina nesta sexta-feira. Trata-se da sexta edi\u00e7\u00e3o, a primeira na Am\u00e9rica Latina. \u201cA web \u00e9 um modo de a ONU transformar a forma como pode ser relevante\u201d, disse o diretor da UNESCO no Brasil, Vincent Defourny, em sue discurso de abertura.<\/p>\n<p>Um dos temas principais desta edi\u00e7\u00e3o \u00e9 justamente a transpar\u00eancia, assunto abordado por diversos palestrantes no primeiro dia. \u201cTem de ser uma web para todos, acessada de qualquer dispositivo, em qualquer lugar, segura e confi\u00e1vel\u201d, resumiu Vagner Diniz, gerente do Cons\u00f3rcio World Wide Web (comunidade que busca desenvolver padr\u00f5es comuns na internet). \u201cAs organiza\u00e7\u00f5es p\u00fablicas t\u00eam de ter os dados abertos, num formato aberto, para que sejam reaproveit\u00e1veis pela sociedade, livres para serem interpretados\u201d, afirmou. Sob esse crit\u00e9rio, dados em formatos que um leigo dificilmente consegue copiar ou reorganizar \u2014 como PDF ou flash \u2014 \u201cn\u00e3o s\u00e3o dados abertos\u201d, detalhou.<\/p>\n<p>Para Joel Selanikio, diretor de uma organiza\u00e7\u00e3o que desenvolve tecnologia para a \u00e1rea de sa\u00fade, a inspira\u00e7\u00e3o tem de ser os recursos que v\u00eam fazendo tanto sucesso nos \u00faltimos anos, como Facebook e Gmail: sites e aplicativos devem ser gratuitos e simples a ponto de os internautas navegarem sem ter de precisar de ajuda.<\/p>\n<p>\u201c\u00c9 preciso haver um \u00edndice geral. Os dados precisam ser organizados, identificados, facilmente encontr\u00e1veis, os sites devem ser amig\u00e1veis para os usu\u00e1rios\u201d, ecoou a diretora do escrit\u00f3rio de Pol\u00edticas de Informa\u00e7\u00e3o do Departamento de Justi\u00e7a dos Estados Unidos, Melanie Ann Pustay.<\/p>\n<p>Ela defendeu uma pol\u00edtica de \u201clibera\u00e7\u00e3o pr\u00f3-ativa\u201d da informa\u00e7\u00e3o. Ou seja: n\u00e3o se deve esperar que o cidad\u00e3o pe\u00e7a os dados \u2014 \u00e9 preciso liber\u00e1-los antes. \u201cAinda \u00e9 um desafio fazer as pessoas das organiza\u00e7\u00f5es perceberem que n\u00e3o h\u00e1 problema em divulgar dados, que \u00e9 bom disponibiliz\u00e1-los. Mas \u00e9 preciso mais do que isso: temos de nos adiantar e liberar antes que seja pedido\u201d, declarou.<\/p>\n<p>Claro que algumas informa\u00e7\u00f5es, por raz\u00f5es de privacidade ou seguran\u00e7a, devem ser preservadas. \u201cMas isso deve ser a exce\u00e7\u00e3o. E mesmo as regras para isso precisam ser claras: em que caso n\u00e3o ser transparente?\u201d, disse Canela, da UNESCO. \u201cA internet criou uma nova realidade, em que o p\u00fablico cobra mais informa\u00e7\u00e3o. Mas tamb\u00e9m criou ferramentas que permitem que nos antecipemos a isso\u201d, observou.<\/p>\n<p>___________<\/p>\n<p><strong>Fonte:<\/strong> <a href=\"http:\/\/www.pnud.org.br\/administracao\/reportagens\/index.php?id01=3420&amp;lay=apu\">PNUD<\/a><\/p>\n","protected":false},"excerpt":{"rendered":"<p>Especialistas reunidos em Bras\u00edlia defendem que organiza\u00e7\u00f5es sociais devem estimular e exemplificar a abertura de informa\u00e7\u00f5es na internet. Do PNUD.<\/p>\n","protected":false},"author":1,"featured_media":0,"comment_status":"open","ping_status":"open","sticky":false,"template":"","format":"standard","meta":{"site-container-style":"default","site-container-layout":"default","site-sidebar-layout":"default","disable-article-header":"default","disable-site-header":"default","disable-site-footer":"default","disable-content-area-spacing":"default","footnotes":""},"categories":[4],"tags":[],"class_list":["post-14186","post","type-post","status-publish","format-standard","hentry","category-noticias"],"yoast_head":"<!-- This site is optimized with the Yoast SEO plugin v27.4 - https:\/\/yoast.com\/product\/yoast-seo-wordpress\/ -->\n<title>Confer\u00eancia prop\u00f5e liberar dados p\u00fablicos -<\/title>\n<meta name=\"robots\" content=\"index, follow, max-snippet:-1, max-image-preview:large, max-video-preview:-1\" \/>\n<link rel=\"canonical\" href=\"https:\/\/inclusivenews.com.br\/?p=14186\" \/>\n<meta property=\"og:locale\" content=\"pt_PT\" \/>\n<meta property=\"og:type\" content=\"article\" \/>\n<meta property=\"og:title\" content=\"Confer\u00eancia prop\u00f5e liberar dados p\u00fablicos -\" \/>\n<meta property=\"og:description\" content=\"Especialistas reunidos em Bras\u00edlia defendem que organiza\u00e7\u00f5es sociais devem estimular e exemplificar a abertura de informa\u00e7\u00f5es na internet. Do PNUD.\" \/>\n<meta property=\"og:url\" content=\"https:\/\/inclusivenews.com.br\/?p=14186\" \/>\n<meta property=\"article:publisher\" content=\"https:\/\/www.facebook.com\/agenciainclusive\/\" \/>\n<meta property=\"article:published_time\" content=\"2010-03-03T09:00:44+00:00\" \/>\n<meta property=\"og:image\" content=\"http:\/\/api.ning.com\/files\/Nl0DNdLH3PZYUWv1AxJvOYAJPSXffgunjLPiRb0QcwdrD3CGO06lTIyI4eRJneNSvL1Z5TF-ylUpePv7WItR0slwlDVxn9HV\/comunicacaopublicadigital.jpg\" \/>\n<meta name=\"author\" content=\"inclusivenews2024\" \/>\n<meta name=\"twitter:card\" content=\"summary_large_image\" \/>\n<meta name=\"twitter:label1\" content=\"Escrito por\" \/>\n\t<meta name=\"twitter:data1\" content=\"inclusivenews2024\" \/>\n\t<meta name=\"twitter:label2\" content=\"Tempo estimado de leitura\" \/>\n\t<meta name=\"twitter:data2\" content=\"3 minutos\" \/>\n<script type=\"application\/ld+json\" class=\"yoast-schema-graph\">{\"@context\":\"https:\\\/\\\/schema.org\",\"@graph\":[{\"@type\":\"Article\",\"@id\":\"https:\\\/\\\/inclusivenews.com.br\\\/?p=14186#article\",\"isPartOf\":{\"@id\":\"https:\\\/\\\/inclusivenews.com.br\\\/?p=14186\"},\"author\":{\"name\":\"inclusivenews2024\",\"@id\":\"https:\\\/\\\/inclusivenews.com.br\\\/#\\\/schema\\\/person\\\/ae4ec7087559b8692fb33b6fffd2273b\"},\"headline\":\"Confer\u00eancia prop\u00f5e liberar dados p\u00fablicos\",\"datePublished\":\"2010-03-03T09:00:44+00:00\",\"mainEntityOfPage\":{\"@id\":\"https:\\\/\\\/inclusivenews.com.br\\\/?p=14186\"},\"wordCount\":528,\"commentCount\":0,\"publisher\":{\"@id\":\"https:\\\/\\\/inclusivenews.com.br\\\/#organization\"},\"image\":{\"@id\":\"https:\\\/\\\/inclusivenews.com.br\\\/?p=14186#primaryimage\"},\"thumbnailUrl\":\"http:\\\/\\\/api.ning.com\\\/files\\\/Nl0DNdLH3PZYUWv1AxJvOYAJPSXffgunjLPiRb0QcwdrD3CGO06lTIyI4eRJneNSvL1Z5TF-ylUpePv7WItR0slwlDVxn9HV\\\/comunicacaopublicadigital.jpg\",\"articleSection\":[\"NOT\u00cdCIAS\"],\"inLanguage\":\"pt-PT\",\"potentialAction\":[{\"@type\":\"CommentAction\",\"name\":\"Comment\",\"target\":[\"https:\\\/\\\/inclusivenews.com.br\\\/?p=14186#respond\"]}]},{\"@type\":\"WebPage\",\"@id\":\"https:\\\/\\\/inclusivenews.com.br\\\/?p=14186\",\"url\":\"https:\\\/\\\/inclusivenews.com.br\\\/?p=14186\",\"name\":\"Confer\u00eancia prop\u00f5e liberar dados p\u00fablicos -\",\"isPartOf\":{\"@id\":\"https:\\\/\\\/inclusivenews.com.br\\\/#website\"},\"primaryImageOfPage\":{\"@id\":\"https:\\\/\\\/inclusivenews.com.br\\\/?p=14186#primaryimage\"},\"image\":{\"@id\":\"https:\\\/\\\/inclusivenews.com.br\\\/?p=14186#primaryimage\"},\"thumbnailUrl\":\"http:\\\/\\\/api.ning.com\\\/files\\\/Nl0DNdLH3PZYUWv1AxJvOYAJPSXffgunjLPiRb0QcwdrD3CGO06lTIyI4eRJneNSvL1Z5TF-ylUpePv7WItR0slwlDVxn9HV\\\/comunicacaopublicadigital.jpg\",\"datePublished\":\"2010-03-03T09:00:44+00:00\",\"breadcrumb\":{\"@id\":\"https:\\\/\\\/inclusivenews.com.br\\\/?p=14186#breadcrumb\"},\"inLanguage\":\"pt-PT\",\"potentialAction\":[{\"@type\":\"ReadAction\",\"target\":[\"https:\\\/\\\/inclusivenews.com.br\\\/?p=14186\"]}]},{\"@type\":\"ImageObject\",\"inLanguage\":\"pt-PT\",\"@id\":\"https:\\\/\\\/inclusivenews.com.br\\\/?p=14186#primaryimage\",\"url\":\"http:\\\/\\\/api.ning.com\\\/files\\\/Nl0DNdLH3PZYUWv1AxJvOYAJPSXffgunjLPiRb0QcwdrD3CGO06lTIyI4eRJneNSvL1Z5TF-ylUpePv7WItR0slwlDVxn9HV\\\/comunicacaopublicadigital.jpg\",\"contentUrl\":\"http:\\\/\\\/api.ning.com\\\/files\\\/Nl0DNdLH3PZYUWv1AxJvOYAJPSXffgunjLPiRb0QcwdrD3CGO06lTIyI4eRJneNSvL1Z5TF-ylUpePv7WItR0slwlDVxn9HV\\\/comunicacaopublicadigital.jpg\"},{\"@type\":\"BreadcrumbList\",\"@id\":\"https:\\\/\\\/inclusivenews.com.br\\\/?p=14186#breadcrumb\",\"itemListElement\":[{\"@type\":\"ListItem\",\"position\":1,\"name\":\"In\u00edcio\",\"item\":\"https:\\\/\\\/inclusivenews.com.br\\\/\"},{\"@type\":\"ListItem\",\"position\":2,\"name\":\"Confer\u00eancia prop\u00f5e liberar dados p\u00fablicos\"}]},{\"@type\":\"WebSite\",\"@id\":\"https:\\\/\\\/inclusivenews.com.br\\\/#website\",\"url\":\"https:\\\/\\\/inclusivenews.com.br\\\/\",\"name\":\"Inclusive News\",\"description\":\"Inclusive News\",\"publisher\":{\"@id\":\"https:\\\/\\\/inclusivenews.com.br\\\/#organization\"},\"potentialAction\":[{\"@type\":\"SearchAction\",\"target\":{\"@type\":\"EntryPoint\",\"urlTemplate\":\"https:\\\/\\\/inclusivenews.com.br\\\/?s={search_term_string}\"},\"query-input\":{\"@type\":\"PropertyValueSpecification\",\"valueRequired\":true,\"valueName\":\"search_term_string\"}}],\"inLanguage\":\"pt-PT\"},{\"@type\":\"Organization\",\"@id\":\"https:\\\/\\\/inclusivenews.com.br\\\/#organization\",\"name\":\"Inclusive - inclus\u00e3o e cidadania\",\"url\":\"https:\\\/\\\/inclusivenews.com.br\\\/\",\"logo\":{\"@type\":\"ImageObject\",\"inLanguage\":\"pt-PT\",\"@id\":\"https:\\\/\\\/inclusivenews.com.br\\\/#\\\/schema\\\/logo\\\/image\\\/\",\"url\":\"https:\\\/\\\/inclusivenews.com.br\\\/wp-content\\\/uploads\\\/2024\\\/03\\\/@grandesite.png\",\"contentUrl\":\"https:\\\/\\\/inclusivenews.com.br\\\/wp-content\\\/uploads\\\/2024\\\/03\\\/@grandesite.png\",\"width\":1080,\"height\":1080,\"caption\":\"Inclusive - inclus\u00e3o e cidadania\"},\"image\":{\"@id\":\"https:\\\/\\\/inclusivenews.com.br\\\/#\\\/schema\\\/logo\\\/image\\\/\"},\"sameAs\":[\"https:\\\/\\\/www.facebook.com\\\/agenciainclusive\\\/\",\"https:\\\/\\\/www.instagram.com\\\/newsinclusive\\\/\"]},{\"@type\":\"Person\",\"@id\":\"https:\\\/\\\/inclusivenews.com.br\\\/#\\\/schema\\\/person\\\/ae4ec7087559b8692fb33b6fffd2273b\",\"name\":\"inclusivenews2024\",\"image\":{\"@type\":\"ImageObject\",\"inLanguage\":\"pt-PT\",\"@id\":\"https:\\\/\\\/secure.gravatar.com\\\/avatar\\\/c5a7ef84c66fa914f55bc4f7ce26cfa275a3b9a1c5568b907bd184fb4dde7b40?s=96&d=mm&r=g\",\"url\":\"https:\\\/\\\/secure.gravatar.com\\\/avatar\\\/c5a7ef84c66fa914f55bc4f7ce26cfa275a3b9a1c5568b907bd184fb4dde7b40?s=96&d=mm&r=g\",\"contentUrl\":\"https:\\\/\\\/secure.gravatar.com\\\/avatar\\\/c5a7ef84c66fa914f55bc4f7ce26cfa275a3b9a1c5568b907bd184fb4dde7b40?s=96&d=mm&r=g\",\"caption\":\"inclusivenews2024\"},\"sameAs\":[\"https:\\\/\\\/inclusivenews.com.br\"],\"url\":\"https:\\\/\\\/inclusivenews.com.br\\\/?author=1\"}]}<\/script>\n<!-- \/ Yoast SEO plugin. -->","yoast_head_json":{"title":"Confer\u00eancia prop\u00f5e liberar dados p\u00fablicos -","robots":{"index":"index","follow":"follow","max-snippet":"max-snippet:-1","max-image-preview":"max-image-preview:large","max-video-preview":"max-video-preview:-1"},"canonical":"https:\/\/inclusivenews.com.br\/?p=14186","og_locale":"pt_PT","og_type":"article","og_title":"Confer\u00eancia prop\u00f5e liberar dados p\u00fablicos -","og_description":"Especialistas reunidos em Bras\u00edlia defendem que organiza\u00e7\u00f5es sociais devem estimular e exemplificar a abertura de informa\u00e7\u00f5es na internet. Do PNUD.","og_url":"https:\/\/inclusivenews.com.br\/?p=14186","article_publisher":"https:\/\/www.facebook.com\/agenciainclusive\/","article_published_time":"2010-03-03T09:00:44+00:00","og_image":[{"url":"http:\/\/api.ning.com\/files\/Nl0DNdLH3PZYUWv1AxJvOYAJPSXffgunjLPiRb0QcwdrD3CGO06lTIyI4eRJneNSvL1Z5TF-ylUpePv7WItR0slwlDVxn9HV\/comunicacaopublicadigital.jpg","type":"","width":"","height":""}],"author":"inclusivenews2024","twitter_card":"summary_large_image","twitter_misc":{"Escrito por":"inclusivenews2024","Tempo estimado de leitura":"3 minutos"},"schema":{"@context":"https:\/\/schema.org","@graph":[{"@type":"Article","@id":"https:\/\/inclusivenews.com.br\/?p=14186#article","isPartOf":{"@id":"https:\/\/inclusivenews.com.br\/?p=14186"},"author":{"name":"inclusivenews2024","@id":"https:\/\/inclusivenews.com.br\/#\/schema\/person\/ae4ec7087559b8692fb33b6fffd2273b"},"headline":"Confer\u00eancia prop\u00f5e liberar dados p\u00fablicos","datePublished":"2010-03-03T09:00:44+00:00","mainEntityOfPage":{"@id":"https:\/\/inclusivenews.com.br\/?p=14186"},"wordCount":528,"commentCount":0,"publisher":{"@id":"https:\/\/inclusivenews.com.br\/#organization"},"image":{"@id":"https:\/\/inclusivenews.com.br\/?p=14186#primaryimage"},"thumbnailUrl":"http:\/\/api.ning.com\/files\/Nl0DNdLH3PZYUWv1AxJvOYAJPSXffgunjLPiRb0QcwdrD3CGO06lTIyI4eRJneNSvL1Z5TF-ylUpePv7WItR0slwlDVxn9HV\/comunicacaopublicadigital.jpg","articleSection":["NOT\u00cdCIAS"],"inLanguage":"pt-PT","potentialAction":[{"@type":"CommentAction","name":"Comment","target":["https:\/\/inclusivenews.com.br\/?p=14186#respond"]}]},{"@type":"WebPage","@id":"https:\/\/inclusivenews.com.br\/?p=14186","url":"https:\/\/inclusivenews.com.br\/?p=14186","name":"Confer\u00eancia prop\u00f5e liberar dados p\u00fablicos -","isPartOf":{"@id":"https:\/\/inclusivenews.com.br\/#website"},"primaryImageOfPage":{"@id":"https:\/\/inclusivenews.com.br\/?p=14186#primaryimage"},"image":{"@id":"https:\/\/inclusivenews.com.br\/?p=14186#primaryimage"},"thumbnailUrl":"http:\/\/api.ning.com\/files\/Nl0DNdLH3PZYUWv1AxJvOYAJPSXffgunjLPiRb0QcwdrD3CGO06lTIyI4eRJneNSvL1Z5TF-ylUpePv7WItR0slwlDVxn9HV\/comunicacaopublicadigital.jpg","datePublished":"2010-03-03T09:00:44+00:00","breadcrumb":{"@id":"https:\/\/inclusivenews.com.br\/?p=14186#breadcrumb"},"inLanguage":"pt-PT","potentialAction":[{"@type":"ReadAction","target":["https:\/\/inclusivenews.com.br\/?p=14186"]}]},{"@type":"ImageObject","inLanguage":"pt-PT","@id":"https:\/\/inclusivenews.com.br\/?p=14186#primaryimage","url":"http:\/\/api.ning.com\/files\/Nl0DNdLH3PZYUWv1AxJvOYAJPSXffgunjLPiRb0QcwdrD3CGO06lTIyI4eRJneNSvL1Z5TF-ylUpePv7WItR0slwlDVxn9HV\/comunicacaopublicadigital.jpg","contentUrl":"http:\/\/api.ning.com\/files\/Nl0DNdLH3PZYUWv1AxJvOYAJPSXffgunjLPiRb0QcwdrD3CGO06lTIyI4eRJneNSvL1Z5TF-ylUpePv7WItR0slwlDVxn9HV\/comunicacaopublicadigital.jpg"},{"@type":"BreadcrumbList","@id":"https:\/\/inclusivenews.com.br\/?p=14186#breadcrumb","itemListElement":[{"@type":"ListItem","position":1,"name":"In\u00edcio","item":"https:\/\/inclusivenews.com.br\/"},{"@type":"ListItem","position":2,"name":"Confer\u00eancia prop\u00f5e liberar dados p\u00fablicos"}]},{"@type":"WebSite","@id":"https:\/\/inclusivenews.com.br\/#website","url":"https:\/\/inclusivenews.com.br\/","name":"Inclusive News","description":"Inclusive News","publisher":{"@id":"https:\/\/inclusivenews.com.br\/#organization"},"potentialAction":[{"@type":"SearchAction","target":{"@type":"EntryPoint","urlTemplate":"https:\/\/inclusivenews.com.br\/?s={search_term_string}"},"query-input":{"@type":"PropertyValueSpecification","valueRequired":true,"valueName":"search_term_string"}}],"inLanguage":"pt-PT"},{"@type":"Organization","@id":"https:\/\/inclusivenews.com.br\/#organization","name":"Inclusive - inclus\u00e3o e cidadania","url":"https:\/\/inclusivenews.com.br\/","logo":{"@type":"ImageObject","inLanguage":"pt-PT","@id":"https:\/\/inclusivenews.com.br\/#\/schema\/logo\/image\/","url":"https:\/\/inclusivenews.com.br\/wp-content\/uploads\/2024\/03\/@grandesite.png","contentUrl":"https:\/\/inclusivenews.com.br\/wp-content\/uploads\/2024\/03\/@grandesite.png","width":1080,"height":1080,"caption":"Inclusive - inclus\u00e3o e cidadania"},"image":{"@id":"https:\/\/inclusivenews.com.br\/#\/schema\/logo\/image\/"},"sameAs":["https:\/\/www.facebook.com\/agenciainclusive\/","https:\/\/www.instagram.com\/newsinclusive\/"]},{"@type":"Person","@id":"https:\/\/inclusivenews.com.br\/#\/schema\/person\/ae4ec7087559b8692fb33b6fffd2273b","name":"inclusivenews2024","image":{"@type":"ImageObject","inLanguage":"pt-PT","@id":"https:\/\/secure.gravatar.com\/avatar\/c5a7ef84c66fa914f55bc4f7ce26cfa275a3b9a1c5568b907bd184fb4dde7b40?s=96&d=mm&r=g","url":"https:\/\/secure.gravatar.com\/avatar\/c5a7ef84c66fa914f55bc4f7ce26cfa275a3b9a1c5568b907bd184fb4dde7b40?s=96&d=mm&r=g","contentUrl":"https:\/\/secure.gravatar.com\/avatar\/c5a7ef84c66fa914f55bc4f7ce26cfa275a3b9a1c5568b907bd184fb4dde7b40?s=96&d=mm&r=g","caption":"inclusivenews2024"},"sameAs":["https:\/\/inclusivenews.com.br"],"url":"https:\/\/inclusivenews.com.br\/?author=1"}]}},"_links":{"self":[{"href":"https:\/\/inclusivenews.com.br\/index.php?rest_route=\/wp\/v2\/posts\/14186","targetHints":{"allow":["GET"]}}],"collection":[{"href":"https:\/\/inclusivenews.com.br\/index.php?rest_route=\/wp\/v2\/posts"}],"about":[{"href":"https:\/\/inclusivenews.com.br\/index.php?rest_route=\/wp\/v2\/types\/post"}],"author":[{"embeddable":true,"href":"https:\/\/inclusivenews.com.br\/index.php?rest_route=\/wp\/v2\/users\/1"}],"replies":[{"embeddable":true,"href":"https:\/\/inclusivenews.com.br\/index.php?rest_route=%2Fwp%2Fv2%2Fcomments&post=14186"}],"version-history":[{"count":0,"href":"https:\/\/inclusivenews.com.br\/index.php?rest_route=\/wp\/v2\/posts\/14186\/revisions"}],"wp:attachment":[{"href":"https:\/\/inclusivenews.com.br\/index.php?rest_route=%2Fwp%2Fv2%2Fmedia&parent=14186"}],"wp:term":[{"taxonomy":"category","embeddable":true,"href":"https:\/\/inclusivenews.com.br\/index.php?rest_route=%2Fwp%2Fv2%2Fcategories&post=14186"},{"taxonomy":"post_tag","embeddable":true,"href":"https:\/\/inclusivenews.com.br\/index.php?rest_route=%2Fwp%2Fv2%2Ftags&post=14186"}],"curies":[{"name":"wp","href":"https:\/\/api.w.org\/{rel}","templated":true}]}}