{"id":14188,"date":"2010-03-02T18:33:53","date_gmt":"2010-03-02T21:33:53","guid":{"rendered":"http:\/\/www.inclusive.org.br\/?p=14188"},"modified":"2010-03-02T18:33:53","modified_gmt":"2010-03-02T21:33:53","slug":"mpd-apoia-a-integralidade-do-3-pndh","status":"publish","type":"post","link":"https:\/\/inclusivenews.com.br\/?p=14188","title":{"rendered":"Minist\u00e9rio P\u00fablico Democr\u00e1tico apoia a integralidade do 3\u00b0 PNDH"},"content":{"rendered":"<figure id=\"attachment_14195\" aria-describedby=\"caption-attachment-14195\" style=\"width: 150px\" class=\"wp-caption alignleft\"><a href=\"http:\/\/www.inclusivenews.com.br\/wp-content\/uploads\/2010\/03\/logo-mpd.jpg\"><img loading=\"lazy\" decoding=\"async\" class=\"size-full wp-image-14195\" title=\"logo mpd\" src=\"http:\/\/inclusivenews.com.br\/wp-content\/uploads\/2010\/03\/logo-mpd.jpg\" alt=\"\" width=\"150\" height=\"150\" \/><\/a><figcaption id=\"caption-attachment-14195\" class=\"wp-caption-text\">Logo do Minist\u00e9rio P\u00fablico Democr\u00e1tico<\/figcaption><\/figure>\n<p>O Movimento do Minist\u00e9rio P\u00fablico Democr\u00e1tico, entidade civil sem fins econ\u00f4micos, integrada por membros do MP de todo o Brasil, vem a p\u00fablico manifestar seu apoio \u00e0 integralidade do 3\u00ba Plano Nacional dos Direitos Humanos, conforme Decreto federal n\u00ba 7.037, de 21\/12\/2009.<\/p>\n<p>O PNDH \u00e9 de suma import\u00e2ncia para a sociedade brasileira pois, embora o Brasil tenha ratificado diversos tratados internacionais em defesa aos direitos humanos, as viola\u00e7\u00f5es continuam ocorrendo das mais diversas formas, por isso a necessidade da propositura de projetos de leis que implementem tais direitos. E as resolu\u00e7\u00f5es aprovadas na 11\u00aa Confer\u00eancia Nacional dos Direitos Humanos, realizada em dezembro de 2008, v\u00e3o nesse sentido, tendo o 3\u00ba PNDH apenas as adotado.<\/p>\n<p>A onda de cr\u00edticas ao 3\u00ba PNDH, desencadeada por setores conservadores da sociedade brasileira, bastante conhecidos h\u00e1 s\u00e9culos, s\u00f3 vem demonstrar que a eles n\u00e3o interessa: (a) o conhecimento da verdade sobre o per\u00edodo da ditadura militar recente; (b) o reconhecimento da autonomia da vontade das mulheres sobre seus corpos; (c) a obedi\u00eancia \u00e0 regra constitucional que determina a laicidade do Estado brasileiro; (d) men\u00e7\u00e3o a qualquer controle social sobre concess\u00f5es de radiodifus\u00e3o; e, definitivamente, (e) n\u00e3o admitem sequer a m\u00ednima discuss\u00e3o sobre o \u00edndice de produtividade das propriedades rurais.<\/p>\n<p>Mas, o povo brasileiro h\u00e1 de avan\u00e7ar em suas conquistas sociais transformando o Brasil numa rep\u00fablica federativa de fato democr\u00e1tica. O conte\u00fado do 3\u00ba PNDH &#8211; que apenas representa a continuidade dos PNDH anteriores, de 1996 e 2002 &#8211; foi exaustivamente discutido de forma democr\u00e1tica durante a 11\u00aa Confer\u00eancia acima citada, realizada em 2008. A palavra agora est\u00e1 com o Congresso Nacional. \u00c9 l\u00e1 o foro competente onde se dar\u00e1 ou n\u00e3o forma legal \u00e0s propostas apresentadas pelo governo federal.<br \/>\n__________<br \/>\n<strong><br \/>\nFonte:<\/strong> <a href=\"http:\/\/www.mpd.org.br\/\">MPD<\/a><\/p>\n","protected":false},"excerpt":{"rendered":"<p>O Movimento do Minist\u00e9rio P\u00fablico Democr\u00e1tico, entidade civil sem fins econ\u00f4micos, integrada por membros do MP de todo o Brasil, vem a p\u00fablico manifestar seu apoio \u00e0 integralidade do 3\u00ba Plano Nacional dos Direitos Humanos, conforme Decreto federal n\u00ba 7.037, de 21\/12\/2009. O PNDH \u00e9 de suma import\u00e2ncia para a sociedade brasileira pois, embora o [&hellip;]<\/p>\n","protected":false},"author":1,"featured_media":0,"comment_status":"open","ping_status":"open","sticky":false,"template":"","format":"standard","meta":{"site-container-style":"default","site-container-layout":"default","site-sidebar-layout":"default","disable-article-header":"default","disable-site-header":"default","disable-site-footer":"default","disable-content-area-spacing":"default","footnotes":""},"categories":[11,26,4],"tags":[],"class_list":["post-14188","post","type-post","status-publish","format-standard","hentry","category-direitos-humanos","category-legislacao","category-noticias"],"yoast_head":"<!-- This site is optimized with the Yoast SEO plugin v27.4 - https:\/\/yoast.com\/product\/yoast-seo-wordpress\/ -->\n<title>Minist\u00e9rio P\u00fablico Democr\u00e1tico apoia a integralidade do 3\u00b0 PNDH -<\/title>\n<meta name=\"robots\" content=\"index, follow, max-snippet:-1, max-image-preview:large, max-video-preview:-1\" \/>\n<link rel=\"canonical\" href=\"https:\/\/inclusivenews.com.br\/?p=14188\" \/>\n<meta property=\"og:locale\" content=\"pt_PT\" \/>\n<meta property=\"og:type\" content=\"article\" \/>\n<meta property=\"og:title\" content=\"Minist\u00e9rio P\u00fablico Democr\u00e1tico apoia a integralidade do 3\u00b0 PNDH -\" \/>\n<meta property=\"og:description\" content=\"O Movimento do Minist\u00e9rio P\u00fablico Democr\u00e1tico, entidade civil sem fins econ\u00f4micos, integrada por membros do MP de todo o Brasil, vem a p\u00fablico manifestar seu apoio \u00e0 integralidade do 3\u00ba Plano Nacional dos Direitos Humanos, conforme Decreto federal n\u00ba 7.037, de 21\/12\/2009. O PNDH \u00e9 de suma import\u00e2ncia para a sociedade brasileira pois, embora o [&hellip;]\" \/>\n<meta property=\"og:url\" content=\"https:\/\/inclusivenews.com.br\/?p=14188\" \/>\n<meta property=\"article:publisher\" content=\"https:\/\/www.facebook.com\/agenciainclusive\/\" \/>\n<meta property=\"article:published_time\" content=\"2010-03-02T21:33:53+00:00\" \/>\n<meta property=\"og:image\" content=\"http:\/\/inclusivenews.com.br\/wp-content\/uploads\/2010\/03\/logo-mpd.jpg\" \/>\n<meta name=\"author\" content=\"inclusivenews2024\" \/>\n<meta name=\"twitter:card\" content=\"summary_large_image\" \/>\n<meta name=\"twitter:label1\" content=\"Escrito por\" \/>\n\t<meta name=\"twitter:data1\" content=\"inclusivenews2024\" \/>\n\t<meta name=\"twitter:label2\" content=\"Tempo estimado de leitura\" \/>\n\t<meta name=\"twitter:data2\" content=\"2 minutos\" \/>\n<script type=\"application\/ld+json\" class=\"yoast-schema-graph\">{\"@context\":\"https:\\\/\\\/schema.org\",\"@graph\":[{\"@type\":\"Article\",\"@id\":\"https:\\\/\\\/inclusivenews.com.br\\\/?p=14188#article\",\"isPartOf\":{\"@id\":\"https:\\\/\\\/inclusivenews.com.br\\\/?p=14188\"},\"author\":{\"name\":\"inclusivenews2024\",\"@id\":\"https:\\\/\\\/inclusivenews.com.br\\\/#\\\/schema\\\/person\\\/ae4ec7087559b8692fb33b6fffd2273b\"},\"headline\":\"Minist\u00e9rio P\u00fablico Democr\u00e1tico apoia a integralidade do 3\u00b0 PNDH\",\"datePublished\":\"2010-03-02T21:33:53+00:00\",\"mainEntityOfPage\":{\"@id\":\"https:\\\/\\\/inclusivenews.com.br\\\/?p=14188\"},\"wordCount\":325,\"commentCount\":0,\"publisher\":{\"@id\":\"https:\\\/\\\/inclusivenews.com.br\\\/#organization\"},\"image\":{\"@id\":\"https:\\\/\\\/inclusivenews.com.br\\\/?p=14188#primaryimage\"},\"thumbnailUrl\":\"http:\\\/\\\/inclusivenews.com.br\\\/wp-content\\\/uploads\\\/2010\\\/03\\\/logo-mpd.jpg\",\"articleSection\":[\"DIREITOS HUMANOS\",\"Legisla\u00e7\u00e3o ...\",\"NOT\u00cdCIAS\"],\"inLanguage\":\"pt-PT\",\"potentialAction\":[{\"@type\":\"CommentAction\",\"name\":\"Comment\",\"target\":[\"https:\\\/\\\/inclusivenews.com.br\\\/?p=14188#respond\"]}]},{\"@type\":\"WebPage\",\"@id\":\"https:\\\/\\\/inclusivenews.com.br\\\/?p=14188\",\"url\":\"https:\\\/\\\/inclusivenews.com.br\\\/?p=14188\",\"name\":\"Minist\u00e9rio P\u00fablico Democr\u00e1tico apoia a integralidade do 3\u00b0 PNDH -\",\"isPartOf\":{\"@id\":\"https:\\\/\\\/inclusivenews.com.br\\\/#website\"},\"primaryImageOfPage\":{\"@id\":\"https:\\\/\\\/inclusivenews.com.br\\\/?p=14188#primaryimage\"},\"image\":{\"@id\":\"https:\\\/\\\/inclusivenews.com.br\\\/?p=14188#primaryimage\"},\"thumbnailUrl\":\"http:\\\/\\\/inclusivenews.com.br\\\/wp-content\\\/uploads\\\/2010\\\/03\\\/logo-mpd.jpg\",\"datePublished\":\"2010-03-02T21:33:53+00:00\",\"breadcrumb\":{\"@id\":\"https:\\\/\\\/inclusivenews.com.br\\\/?p=14188#breadcrumb\"},\"inLanguage\":\"pt-PT\",\"potentialAction\":[{\"@type\":\"ReadAction\",\"target\":[\"https:\\\/\\\/inclusivenews.com.br\\\/?p=14188\"]}]},{\"@type\":\"ImageObject\",\"inLanguage\":\"pt-PT\",\"@id\":\"https:\\\/\\\/inclusivenews.com.br\\\/?p=14188#primaryimage\",\"url\":\"\",\"contentUrl\":\"\"},{\"@type\":\"BreadcrumbList\",\"@id\":\"https:\\\/\\\/inclusivenews.com.br\\\/?p=14188#breadcrumb\",\"itemListElement\":[{\"@type\":\"ListItem\",\"position\":1,\"name\":\"In\u00edcio\",\"item\":\"https:\\\/\\\/inclusivenews.com.br\\\/\"},{\"@type\":\"ListItem\",\"position\":2,\"name\":\"Minist\u00e9rio P\u00fablico Democr\u00e1tico apoia a integralidade do 3\u00b0 PNDH\"}]},{\"@type\":\"WebSite\",\"@id\":\"https:\\\/\\\/inclusivenews.com.br\\\/#website\",\"url\":\"https:\\\/\\\/inclusivenews.com.br\\\/\",\"name\":\"Inclusive News\",\"description\":\"Inclusive News\",\"publisher\":{\"@id\":\"https:\\\/\\\/inclusivenews.com.br\\\/#organization\"},\"potentialAction\":[{\"@type\":\"SearchAction\",\"target\":{\"@type\":\"EntryPoint\",\"urlTemplate\":\"https:\\\/\\\/inclusivenews.com.br\\\/?s={search_term_string}\"},\"query-input\":{\"@type\":\"PropertyValueSpecification\",\"valueRequired\":true,\"valueName\":\"search_term_string\"}}],\"inLanguage\":\"pt-PT\"},{\"@type\":\"Organization\",\"@id\":\"https:\\\/\\\/inclusivenews.com.br\\\/#organization\",\"name\":\"Inclusive - inclus\u00e3o e cidadania\",\"url\":\"https:\\\/\\\/inclusivenews.com.br\\\/\",\"logo\":{\"@type\":\"ImageObject\",\"inLanguage\":\"pt-PT\",\"@id\":\"https:\\\/\\\/inclusivenews.com.br\\\/#\\\/schema\\\/logo\\\/image\\\/\",\"url\":\"https:\\\/\\\/inclusivenews.com.br\\\/wp-content\\\/uploads\\\/2024\\\/03\\\/@grandesite.png\",\"contentUrl\":\"https:\\\/\\\/inclusivenews.com.br\\\/wp-content\\\/uploads\\\/2024\\\/03\\\/@grandesite.png\",\"width\":1080,\"height\":1080,\"caption\":\"Inclusive - inclus\u00e3o e cidadania\"},\"image\":{\"@id\":\"https:\\\/\\\/inclusivenews.com.br\\\/#\\\/schema\\\/logo\\\/image\\\/\"},\"sameAs\":[\"https:\\\/\\\/www.facebook.com\\\/agenciainclusive\\\/\",\"https:\\\/\\\/www.instagram.com\\\/newsinclusive\\\/\"]},{\"@type\":\"Person\",\"@id\":\"https:\\\/\\\/inclusivenews.com.br\\\/#\\\/schema\\\/person\\\/ae4ec7087559b8692fb33b6fffd2273b\",\"name\":\"inclusivenews2024\",\"image\":{\"@type\":\"ImageObject\",\"inLanguage\":\"pt-PT\",\"@id\":\"https:\\\/\\\/secure.gravatar.com\\\/avatar\\\/c5a7ef84c66fa914f55bc4f7ce26cfa275a3b9a1c5568b907bd184fb4dde7b40?s=96&d=mm&r=g\",\"url\":\"https:\\\/\\\/secure.gravatar.com\\\/avatar\\\/c5a7ef84c66fa914f55bc4f7ce26cfa275a3b9a1c5568b907bd184fb4dde7b40?s=96&d=mm&r=g\",\"contentUrl\":\"https:\\\/\\\/secure.gravatar.com\\\/avatar\\\/c5a7ef84c66fa914f55bc4f7ce26cfa275a3b9a1c5568b907bd184fb4dde7b40?s=96&d=mm&r=g\",\"caption\":\"inclusivenews2024\"},\"sameAs\":[\"https:\\\/\\\/inclusivenews.com.br\"],\"url\":\"https:\\\/\\\/inclusivenews.com.br\\\/?author=1\"}]}<\/script>\n<!-- \/ Yoast SEO plugin. -->","yoast_head_json":{"title":"Minist\u00e9rio P\u00fablico Democr\u00e1tico apoia a integralidade do 3\u00b0 PNDH -","robots":{"index":"index","follow":"follow","max-snippet":"max-snippet:-1","max-image-preview":"max-image-preview:large","max-video-preview":"max-video-preview:-1"},"canonical":"https:\/\/inclusivenews.com.br\/?p=14188","og_locale":"pt_PT","og_type":"article","og_title":"Minist\u00e9rio P\u00fablico Democr\u00e1tico apoia a integralidade do 3\u00b0 PNDH -","og_description":"O Movimento do Minist\u00e9rio P\u00fablico Democr\u00e1tico, entidade civil sem fins econ\u00f4micos, integrada por membros do MP de todo o Brasil, vem a p\u00fablico manifestar seu apoio \u00e0 integralidade do 3\u00ba Plano Nacional dos Direitos Humanos, conforme Decreto federal n\u00ba 7.037, de 21\/12\/2009. O PNDH \u00e9 de suma import\u00e2ncia para a sociedade brasileira pois, embora o [&hellip;]","og_url":"https:\/\/inclusivenews.com.br\/?p=14188","article_publisher":"https:\/\/www.facebook.com\/agenciainclusive\/","article_published_time":"2010-03-02T21:33:53+00:00","og_image":[{"url":"http:\/\/inclusivenews.com.br\/wp-content\/uploads\/2010\/03\/logo-mpd.jpg","type":"","width":"","height":""}],"author":"inclusivenews2024","twitter_card":"summary_large_image","twitter_misc":{"Escrito por":"inclusivenews2024","Tempo estimado de leitura":"2 minutos"},"schema":{"@context":"https:\/\/schema.org","@graph":[{"@type":"Article","@id":"https:\/\/inclusivenews.com.br\/?p=14188#article","isPartOf":{"@id":"https:\/\/inclusivenews.com.br\/?p=14188"},"author":{"name":"inclusivenews2024","@id":"https:\/\/inclusivenews.com.br\/#\/schema\/person\/ae4ec7087559b8692fb33b6fffd2273b"},"headline":"Minist\u00e9rio P\u00fablico Democr\u00e1tico apoia a integralidade do 3\u00b0 PNDH","datePublished":"2010-03-02T21:33:53+00:00","mainEntityOfPage":{"@id":"https:\/\/inclusivenews.com.br\/?p=14188"},"wordCount":325,"commentCount":0,"publisher":{"@id":"https:\/\/inclusivenews.com.br\/#organization"},"image":{"@id":"https:\/\/inclusivenews.com.br\/?p=14188#primaryimage"},"thumbnailUrl":"http:\/\/inclusivenews.com.br\/wp-content\/uploads\/2010\/03\/logo-mpd.jpg","articleSection":["DIREITOS HUMANOS","Legisla\u00e7\u00e3o ...","NOT\u00cdCIAS"],"inLanguage":"pt-PT","potentialAction":[{"@type":"CommentAction","name":"Comment","target":["https:\/\/inclusivenews.com.br\/?p=14188#respond"]}]},{"@type":"WebPage","@id":"https:\/\/inclusivenews.com.br\/?p=14188","url":"https:\/\/inclusivenews.com.br\/?p=14188","name":"Minist\u00e9rio P\u00fablico Democr\u00e1tico apoia a integralidade do 3\u00b0 PNDH -","isPartOf":{"@id":"https:\/\/inclusivenews.com.br\/#website"},"primaryImageOfPage":{"@id":"https:\/\/inclusivenews.com.br\/?p=14188#primaryimage"},"image":{"@id":"https:\/\/inclusivenews.com.br\/?p=14188#primaryimage"},"thumbnailUrl":"http:\/\/inclusivenews.com.br\/wp-content\/uploads\/2010\/03\/logo-mpd.jpg","datePublished":"2010-03-02T21:33:53+00:00","breadcrumb":{"@id":"https:\/\/inclusivenews.com.br\/?p=14188#breadcrumb"},"inLanguage":"pt-PT","potentialAction":[{"@type":"ReadAction","target":["https:\/\/inclusivenews.com.br\/?p=14188"]}]},{"@type":"ImageObject","inLanguage":"pt-PT","@id":"https:\/\/inclusivenews.com.br\/?p=14188#primaryimage","url":"","contentUrl":""},{"@type":"BreadcrumbList","@id":"https:\/\/inclusivenews.com.br\/?p=14188#breadcrumb","itemListElement":[{"@type":"ListItem","position":1,"name":"In\u00edcio","item":"https:\/\/inclusivenews.com.br\/"},{"@type":"ListItem","position":2,"name":"Minist\u00e9rio P\u00fablico Democr\u00e1tico apoia a integralidade do 3\u00b0 PNDH"}]},{"@type":"WebSite","@id":"https:\/\/inclusivenews.com.br\/#website","url":"https:\/\/inclusivenews.com.br\/","name":"Inclusive News","description":"Inclusive News","publisher":{"@id":"https:\/\/inclusivenews.com.br\/#organization"},"potentialAction":[{"@type":"SearchAction","target":{"@type":"EntryPoint","urlTemplate":"https:\/\/inclusivenews.com.br\/?s={search_term_string}"},"query-input":{"@type":"PropertyValueSpecification","valueRequired":true,"valueName":"search_term_string"}}],"inLanguage":"pt-PT"},{"@type":"Organization","@id":"https:\/\/inclusivenews.com.br\/#organization","name":"Inclusive - inclus\u00e3o e cidadania","url":"https:\/\/inclusivenews.com.br\/","logo":{"@type":"ImageObject","inLanguage":"pt-PT","@id":"https:\/\/inclusivenews.com.br\/#\/schema\/logo\/image\/","url":"https:\/\/inclusivenews.com.br\/wp-content\/uploads\/2024\/03\/@grandesite.png","contentUrl":"https:\/\/inclusivenews.com.br\/wp-content\/uploads\/2024\/03\/@grandesite.png","width":1080,"height":1080,"caption":"Inclusive - inclus\u00e3o e cidadania"},"image":{"@id":"https:\/\/inclusivenews.com.br\/#\/schema\/logo\/image\/"},"sameAs":["https:\/\/www.facebook.com\/agenciainclusive\/","https:\/\/www.instagram.com\/newsinclusive\/"]},{"@type":"Person","@id":"https:\/\/inclusivenews.com.br\/#\/schema\/person\/ae4ec7087559b8692fb33b6fffd2273b","name":"inclusivenews2024","image":{"@type":"ImageObject","inLanguage":"pt-PT","@id":"https:\/\/secure.gravatar.com\/avatar\/c5a7ef84c66fa914f55bc4f7ce26cfa275a3b9a1c5568b907bd184fb4dde7b40?s=96&d=mm&r=g","url":"https:\/\/secure.gravatar.com\/avatar\/c5a7ef84c66fa914f55bc4f7ce26cfa275a3b9a1c5568b907bd184fb4dde7b40?s=96&d=mm&r=g","contentUrl":"https:\/\/secure.gravatar.com\/avatar\/c5a7ef84c66fa914f55bc4f7ce26cfa275a3b9a1c5568b907bd184fb4dde7b40?s=96&d=mm&r=g","caption":"inclusivenews2024"},"sameAs":["https:\/\/inclusivenews.com.br"],"url":"https:\/\/inclusivenews.com.br\/?author=1"}]}},"_links":{"self":[{"href":"https:\/\/inclusivenews.com.br\/index.php?rest_route=\/wp\/v2\/posts\/14188","targetHints":{"allow":["GET"]}}],"collection":[{"href":"https:\/\/inclusivenews.com.br\/index.php?rest_route=\/wp\/v2\/posts"}],"about":[{"href":"https:\/\/inclusivenews.com.br\/index.php?rest_route=\/wp\/v2\/types\/post"}],"author":[{"embeddable":true,"href":"https:\/\/inclusivenews.com.br\/index.php?rest_route=\/wp\/v2\/users\/1"}],"replies":[{"embeddable":true,"href":"https:\/\/inclusivenews.com.br\/index.php?rest_route=%2Fwp%2Fv2%2Fcomments&post=14188"}],"version-history":[{"count":0,"href":"https:\/\/inclusivenews.com.br\/index.php?rest_route=\/wp\/v2\/posts\/14188\/revisions"}],"wp:attachment":[{"href":"https:\/\/inclusivenews.com.br\/index.php?rest_route=%2Fwp%2Fv2%2Fmedia&parent=14188"}],"wp:term":[{"taxonomy":"category","embeddable":true,"href":"https:\/\/inclusivenews.com.br\/index.php?rest_route=%2Fwp%2Fv2%2Fcategories&post=14188"},{"taxonomy":"post_tag","embeddable":true,"href":"https:\/\/inclusivenews.com.br\/index.php?rest_route=%2Fwp%2Fv2%2Ftags&post=14188"}],"curies":[{"name":"wp","href":"https:\/\/api.w.org\/{rel}","templated":true}]}}