{"id":14189,"date":"2010-03-02T18:37:12","date_gmt":"2010-03-02T21:37:12","guid":{"rendered":"http:\/\/www.inclusive.org.br\/?p=14189"},"modified":"2010-03-02T18:37:12","modified_gmt":"2010-03-02T21:37:12","slug":"aluno-de-hoje-nao-quer-ser-o-educador-de-amanha-via-postie","status":"publish","type":"post","link":"https:\/\/inclusivenews.com.br\/?p=14189","title":{"rendered":"Aluno de hoje n\u00e3o quer ser o educador de amanh\u00e3"},"content":{"rendered":"<figure id=\"attachment_14196\" aria-describedby=\"caption-attachment-14196\" style=\"width: 300px\" class=\"wp-caption alignleft\"><a href=\"http:\/\/www.inclusive.org.br\/?cat=1\"><\/a><\/dt>\n<\/dl>\n<\/div>\n<div class=\"mceTemp\">\n<dl id=\"attachment_14196\" class=\"wp-caption alignleft\" style=\"width: 310px;\">\n<dt class=\"wp-caption-dt\"><\/dt>\n<\/dl>\n<\/div>\n<p><a href=\"http:\/\/www.inclusivenews.com.br\/wp-content\/uploads\/2010\/03\/aluno.gif\"><img loading=\"lazy\" decoding=\"async\" class=\"size-full wp-image-14196 alignleft\" title=\"aluno\" src=\"http:\/\/inclusivenews.com.br\/wp-content\/uploads\/2010\/03\/aluno.gif\" alt=\"\" width=\"300\" height=\"286\" \/><\/a><\/p>\n<div class=\"mceTemp\">\n<dl id=\"attachment_14196\" class=\"wp-caption alignleft\" style=\"width: 310px;\">\n<dt class=\"wp-caption-dt\"><a href=\"http:\/\/www.inclusive.org.br\/?cat=1\"><\/a><figcaption id=\"caption-attachment-14196\" class=\"wp-caption-text\">Ilustra\u00e7\u00e3o de aluno sentado em carteira, com sinais de interroga\u00e7\u00e3o a sua volta<\/figcaption><\/figure>\n<dl><\/dl>\n<dl><\/dl>\n<div>Se uma boa educa\u00e7\u00e3o s\u00f3 \u00e9 poss\u00edvel por meio de bons educadores, o mais recente estudo realizado pela Funda\u00e7\u00e3o Victor Civita (FVC), encomendado \u00e0 Funda\u00e7\u00e3o Carlos Chagas (FCC), traz preocupa\u00e7\u00e3o a quem se interessa pelo assunto. Ao pesquisar sobre a atratividade de jovens \u00e0 carreira de docente, o levantamento mostra que apenas 2% dos estudantes do terceiro ano do ensino m\u00e9dio pensam em atuar em sala de aula.<br \/>\n\u00a0<br \/>\nCom 1.501 alunos participantes, o estudo foi aplicado em 18 escolas p\u00fablicas e privadas de oito munic\u00edpios (em cinco regi\u00f5es do pa\u00eds) selecionadas por seu tamanho, abrang\u00eancia regional, densidade de alunos e oportunidades de emprego. Segundo estes estudantes, as m\u00e1s condi\u00e7\u00f5es de trabalho, a baixa remunera\u00e7\u00e3o e o pouco reconhecimento social s\u00e3o os motivos para se manterem longe da sala dos professores.<br \/>\n\u00a0<br \/>\n\u201cEsse \u00e9 um tema central e de m\u00e9dio prazo para a melhoria da qualidade de educa\u00e7\u00e3o no pa\u00eds. O principal \u00e9 mudar a forma\u00e7\u00e3o para criar essa atratividade\u201d, afirma o secret\u00e1rio estadual de Educa\u00e7\u00e3o de S\u00e3o Paulo, Paulo Renato Souza.<br \/>\n\u00a0<br \/>\nCuriosamente, h\u00e1 uma semana (26\/02), o ex-ministro da Educa\u00e7\u00e3o culpou a m\u00e1 forma\u00e7\u00e3o dos professores pelo mau desempenho registrado nas provas de matem\u00e1tica aplicadas a estudantes do ensino m\u00e9dio pelo Saresp (Sistema de Avalia\u00e7\u00e3o de Rendimento Escolar do Estado de S\u00e3o Paulo). Segundo os dados, 58,3% dos estudantes que concluem essa etapa t\u00eam conhecimento insuficiente da disciplina.<br \/>\n<strong>\u00a0<\/strong><br \/>\n<strong>Dados complementares<\/strong><br \/>\n<strong>\u00a0<\/strong><br \/>\nO resultado da pesquisa da Funda\u00e7\u00e3o Victor Civita est\u00e1 em concord\u00e2ncia com outros levantamentos complementares. Basta ver o Censo da Educa\u00e7\u00e3o Superior de 2009, em que se demonstra que cursos ligados \u00e0 forma\u00e7\u00e3o de professores t\u00eam uma rela\u00e7\u00e3o candidato\/vaga, no m\u00ednimo, desfavor\u00e1vel.<br \/>\n\u00a0<br \/>\nPor exemplo, a Fuvest (Funda\u00e7\u00e3o Universit\u00e1ria para o Vestibular, o maior vestibular do pa\u00eds) oferece 109 op\u00e7\u00f5es de cursos e Pedagogia, em S\u00e3o Paulo, ocupa a 90\u00aa posi\u00e7\u00e3o. Em Ribeir\u00e3o Preto cai para 92\u00aa. Licenciaturas e disciplinas da Educa\u00e7\u00e3o B\u00e1sica s\u00e3o ainda menos procuradas pelos jovens.<br \/>\n\u00a0<br \/>\n\u201cA an\u00e1lise dos resultados mostra que existe uma contradi\u00e7\u00e3o entre desejo e possibilidade. Os alunos entendem a relev\u00e2ncia do profissional e a nobreza de seu trabalho. Por\u00e9m, acreditam que a o educador \u00e9 desvalorizado e desrespeitado e sua profiss\u00e3o \u00e9 frustrante e repleta de dificuldades\u201d, argumenta a respons\u00e1vel pela pesquisa, Bernardete Gatti, pesquisadora da Funda\u00e7\u00e3o Carlos Chagas.<br \/>\n\u00a0<br \/>\nO paradoxo trazido pela especialista traz um aspecto positivo nas entrelinhas. Apesar de n\u00e3o se sentirem compelidos para o trabalho em sala de aula, reconhecem o professor como fundamental na forma\u00e7\u00e3o. \u201cDe modo geral, todos os estudantes mostraram muita consci\u00eancia dos problemas educacionais, n\u00e3o apenas deles, mas do pa\u00eds\u201d, lembra Bernardete.<\/div>\n<p><strong>D\u00e9ficit<\/strong><br \/>\n<strong>\u00a0<\/strong><br \/>\nO resultado pr\u00e1tico do pouco est\u00edmulo \u00e0 carreira do professor \u00e9 transparente:<br \/>\na demanda por profissionais \u00e9 sensivelmente maior do que a oferta. Segundo estimativas do Inep, do Minist\u00e9rio da Educa\u00e7\u00e3o, o d\u00e9ficit de professores com forma\u00e7\u00e3o adequada \u00e0 \u00e1rea que lecionam chega a 710 mil no ensino m\u00e9dio e nas s\u00e9ries finais do ensino fundamental.<br \/>\n\u00a0<br \/>\nComo esses professores s\u00e3o substitu\u00eddos prec\u00e1ria e temporariamente por pessoas n\u00e3o qualificadas para o cargo, existe no pa\u00eds o que se chama de \u201cescassez oculta\u201d. Afinal, no papel, a aula existe; uma esp\u00e9cie de auto-engano, no qual sofre o educando.<br \/>\n\u00a0<br \/>\nEm \u00e1reas como a de F\u00edsica, o porcentual de docentes graduados no campo de saber espec\u00edfico \u00e9 de apenas 25,2%. Na de Qu\u00edmica, o total \u00e9 de 38,2%.<br \/>\n\u00a0<br \/>\nEsse panorama se mostra ainda mais dram\u00e1tico se considerado que 41% do corpo docente brasileiro t\u00eam mais de 41 anos e est\u00e1 pr\u00f3ximo da aposentadoria. Os \u00faltimos Censos Escolares da Educa\u00e7\u00e3o B\u00e1sica mostraram que o n\u00famero de aposentadorias tende a superar o n\u00famero de formandos nos pr\u00f3ximos anos.<br \/>\n\u00a0<br \/>\n<strong>Resultados pr\u00e1ticos<\/strong><br \/>\n\u00a0<br \/>\nCom esses dados, n\u00e3o \u00e9 dif\u00edcil entender porque, nem mesmo a escola tem atra\u00eddo seus alunos. Segundo o Censo Escolar de 2006, do Minist\u00e9rio da Educa\u00e7\u00e3o (MEC), do total da popula\u00e7\u00e3o entre 15 e 17 anos (cerca de 10 milh\u00f5es), 3,6 milh\u00f5es matricularam-se no ensino m\u00e9dio &#8211; 1 milh\u00e3o sequer havia conclu\u00eddo do ensino fundamental.<\/p>\n<p>Com a evas\u00e3o, apenas 1,8 milh\u00e3o se formou. Quando analisado o comportamento dos jovens de 18 a 24 anos, os dados s\u00e3o ainda mais desastrosos: 68% n\u00e3o freq\u00fcentam a escola. Destes, 34% sequer trabalham.<\/p>\n<p>&#8220;Hoje faltam profissionais para uma s\u00e9rie de postos de trabalho. Essa tend\u00eancia tende a se agravar futuramente, se n\u00e3o houver a\u00e7\u00f5es para enfrentar o problema, pois a qualifica\u00e7\u00e3o de um profissional prescinde no m\u00ednimo do ensino m\u00e9dio completo. Para um pa\u00eds como o Brasil, que pretende crescer, esse \u00e9 um s\u00e9rio entrave&#8221;, analisa a diretora-executiva do Instituto Unibanco, Wanda Engel,<br \/>\n\u00a0<br \/>\nPatrocinado pela Abril Educa\u00e7\u00e3o, o Instituto Unibanco e o Ita\u00fa BBA, o estudo Atratividade da Carreira Docente no Brasil pode ser acessado livremente por interessados.<\/p>\n<p>_______________________<\/p>\n<p><strong>Fonte:<\/strong> <a href=\"http:\/\/www.envolverde.com.br\/materia.php?cod=70330&amp;edt=1\">Envolverde\/Rede Gife<\/a><\/p>\n","protected":false},"excerpt":{"rendered":"<p>Se uma boa educa\u00e7\u00e3o s\u00f3 \u00e9 poss\u00edvel por meio de bons educadores, o mais recente estudo realizado pela Funda\u00e7\u00e3o Victor Civita (FVC), encomendado \u00e0 Funda\u00e7\u00e3o Carlos Chagas (FCC), traz preocupa\u00e7\u00e3o a quem se interessa pelo assunto. Ao pesquisar sobre a atratividade de jovens \u00e0 carreira de docente, o levantamento mostra que apenas 2% dos estudantes [&hellip;]<\/p>\n","protected":false},"author":1,"featured_media":0,"comment_status":"open","ping_status":"open","sticky":false,"template":"","format":"standard","meta":{"site-container-style":"default","site-container-layout":"default","site-sidebar-layout":"default","disable-article-header":"default","disable-site-header":"default","disable-site-footer":"default","disable-content-area-spacing":"default","footnotes":""},"categories":[6,4],"tags":[],"class_list":["post-14189","post","type-post","status-publish","format-standard","hentry","category-educacao","category-noticias"],"yoast_head":"<!-- This site is optimized with the Yoast SEO plugin v27.4 - https:\/\/yoast.com\/product\/yoast-seo-wordpress\/ -->\n<title>Aluno de hoje n\u00e3o quer ser o educador de amanh\u00e3 -<\/title>\n<meta name=\"robots\" content=\"index, follow, max-snippet:-1, max-image-preview:large, max-video-preview:-1\" \/>\n<link rel=\"canonical\" href=\"https:\/\/inclusivenews.com.br\/?p=14189\" \/>\n<meta property=\"og:locale\" content=\"pt_PT\" \/>\n<meta property=\"og:type\" content=\"article\" \/>\n<meta property=\"og:title\" content=\"Aluno de hoje n\u00e3o quer ser o educador de amanh\u00e3 -\" \/>\n<meta property=\"og:description\" content=\"Se uma boa educa\u00e7\u00e3o s\u00f3 \u00e9 poss\u00edvel por meio de bons educadores, o mais recente estudo realizado pela Funda\u00e7\u00e3o Victor Civita (FVC), encomendado \u00e0 Funda\u00e7\u00e3o Carlos Chagas (FCC), traz preocupa\u00e7\u00e3o a quem se interessa pelo assunto. Ao pesquisar sobre a atratividade de jovens \u00e0 carreira de docente, o levantamento mostra que apenas 2% dos estudantes [&hellip;]\" \/>\n<meta property=\"og:url\" content=\"https:\/\/inclusivenews.com.br\/?p=14189\" \/>\n<meta property=\"article:publisher\" content=\"https:\/\/www.facebook.com\/agenciainclusive\/\" \/>\n<meta property=\"article:published_time\" content=\"2010-03-02T21:37:12+00:00\" \/>\n<meta property=\"og:image\" content=\"http:\/\/inclusivenews.com.br\/wp-content\/uploads\/2010\/03\/aluno.gif\" \/>\n<meta name=\"author\" content=\"inclusivenews2024\" \/>\n<meta name=\"twitter:card\" content=\"summary_large_image\" \/>\n<meta name=\"twitter:label1\" content=\"Escrito por\" \/>\n\t<meta name=\"twitter:data1\" content=\"inclusivenews2024\" \/>\n\t<meta name=\"twitter:label2\" content=\"Tempo estimado de leitura\" \/>\n\t<meta name=\"twitter:data2\" content=\"4 minutos\" \/>\n<script type=\"application\/ld+json\" class=\"yoast-schema-graph\">{\"@context\":\"https:\\\/\\\/schema.org\",\"@graph\":[{\"@type\":\"Article\",\"@id\":\"https:\\\/\\\/inclusivenews.com.br\\\/?p=14189#article\",\"isPartOf\":{\"@id\":\"https:\\\/\\\/inclusivenews.com.br\\\/?p=14189\"},\"author\":{\"name\":\"inclusivenews2024\",\"@id\":\"https:\\\/\\\/inclusivenews.com.br\\\/#\\\/schema\\\/person\\\/ae4ec7087559b8692fb33b6fffd2273b\"},\"headline\":\"Aluno de hoje n\u00e3o quer ser o educador de amanh\u00e3\",\"datePublished\":\"2010-03-02T21:37:12+00:00\",\"mainEntityOfPage\":{\"@id\":\"https:\\\/\\\/inclusivenews.com.br\\\/?p=14189\"},\"wordCount\":884,\"commentCount\":0,\"publisher\":{\"@id\":\"https:\\\/\\\/inclusivenews.com.br\\\/#organization\"},\"image\":{\"@id\":\"https:\\\/\\\/inclusivenews.com.br\\\/?p=14189#primaryimage\"},\"thumbnailUrl\":\"http:\\\/\\\/inclusivenews.com.br\\\/wp-content\\\/uploads\\\/2010\\\/03\\\/aluno.gif\",\"articleSection\":[\"EDUCA\u00c7\u00c3O\",\"NOT\u00cdCIAS\"],\"inLanguage\":\"pt-PT\",\"potentialAction\":[{\"@type\":\"CommentAction\",\"name\":\"Comment\",\"target\":[\"https:\\\/\\\/inclusivenews.com.br\\\/?p=14189#respond\"]}]},{\"@type\":\"WebPage\",\"@id\":\"https:\\\/\\\/inclusivenews.com.br\\\/?p=14189\",\"url\":\"https:\\\/\\\/inclusivenews.com.br\\\/?p=14189\",\"name\":\"Aluno de hoje n\u00e3o quer ser o educador de amanh\u00e3 -\",\"isPartOf\":{\"@id\":\"https:\\\/\\\/inclusivenews.com.br\\\/#website\"},\"primaryImageOfPage\":{\"@id\":\"https:\\\/\\\/inclusivenews.com.br\\\/?p=14189#primaryimage\"},\"image\":{\"@id\":\"https:\\\/\\\/inclusivenews.com.br\\\/?p=14189#primaryimage\"},\"thumbnailUrl\":\"http:\\\/\\\/inclusivenews.com.br\\\/wp-content\\\/uploads\\\/2010\\\/03\\\/aluno.gif\",\"datePublished\":\"2010-03-02T21:37:12+00:00\",\"breadcrumb\":{\"@id\":\"https:\\\/\\\/inclusivenews.com.br\\\/?p=14189#breadcrumb\"},\"inLanguage\":\"pt-PT\",\"potentialAction\":[{\"@type\":\"ReadAction\",\"target\":[\"https:\\\/\\\/inclusivenews.com.br\\\/?p=14189\"]}]},{\"@type\":\"ImageObject\",\"inLanguage\":\"pt-PT\",\"@id\":\"https:\\\/\\\/inclusivenews.com.br\\\/?p=14189#primaryimage\",\"url\":\"\",\"contentUrl\":\"\"},{\"@type\":\"BreadcrumbList\",\"@id\":\"https:\\\/\\\/inclusivenews.com.br\\\/?p=14189#breadcrumb\",\"itemListElement\":[{\"@type\":\"ListItem\",\"position\":1,\"name\":\"In\u00edcio\",\"item\":\"https:\\\/\\\/inclusivenews.com.br\\\/\"},{\"@type\":\"ListItem\",\"position\":2,\"name\":\"Aluno de hoje n\u00e3o quer ser o educador de amanh\u00e3\"}]},{\"@type\":\"WebSite\",\"@id\":\"https:\\\/\\\/inclusivenews.com.br\\\/#website\",\"url\":\"https:\\\/\\\/inclusivenews.com.br\\\/\",\"name\":\"Inclusive News\",\"description\":\"Inclusive News\",\"publisher\":{\"@id\":\"https:\\\/\\\/inclusivenews.com.br\\\/#organization\"},\"potentialAction\":[{\"@type\":\"SearchAction\",\"target\":{\"@type\":\"EntryPoint\",\"urlTemplate\":\"https:\\\/\\\/inclusivenews.com.br\\\/?s={search_term_string}\"},\"query-input\":{\"@type\":\"PropertyValueSpecification\",\"valueRequired\":true,\"valueName\":\"search_term_string\"}}],\"inLanguage\":\"pt-PT\"},{\"@type\":\"Organization\",\"@id\":\"https:\\\/\\\/inclusivenews.com.br\\\/#organization\",\"name\":\"Inclusive - inclus\u00e3o e cidadania\",\"url\":\"https:\\\/\\\/inclusivenews.com.br\\\/\",\"logo\":{\"@type\":\"ImageObject\",\"inLanguage\":\"pt-PT\",\"@id\":\"https:\\\/\\\/inclusivenews.com.br\\\/#\\\/schema\\\/logo\\\/image\\\/\",\"url\":\"https:\\\/\\\/inclusivenews.com.br\\\/wp-content\\\/uploads\\\/2024\\\/03\\\/@grandesite.png\",\"contentUrl\":\"https:\\\/\\\/inclusivenews.com.br\\\/wp-content\\\/uploads\\\/2024\\\/03\\\/@grandesite.png\",\"width\":1080,\"height\":1080,\"caption\":\"Inclusive - inclus\u00e3o e cidadania\"},\"image\":{\"@id\":\"https:\\\/\\\/inclusivenews.com.br\\\/#\\\/schema\\\/logo\\\/image\\\/\"},\"sameAs\":[\"https:\\\/\\\/www.facebook.com\\\/agenciainclusive\\\/\",\"https:\\\/\\\/www.instagram.com\\\/newsinclusive\\\/\"]},{\"@type\":\"Person\",\"@id\":\"https:\\\/\\\/inclusivenews.com.br\\\/#\\\/schema\\\/person\\\/ae4ec7087559b8692fb33b6fffd2273b\",\"name\":\"inclusivenews2024\",\"image\":{\"@type\":\"ImageObject\",\"inLanguage\":\"pt-PT\",\"@id\":\"https:\\\/\\\/secure.gravatar.com\\\/avatar\\\/c5a7ef84c66fa914f55bc4f7ce26cfa275a3b9a1c5568b907bd184fb4dde7b40?s=96&d=mm&r=g\",\"url\":\"https:\\\/\\\/secure.gravatar.com\\\/avatar\\\/c5a7ef84c66fa914f55bc4f7ce26cfa275a3b9a1c5568b907bd184fb4dde7b40?s=96&d=mm&r=g\",\"contentUrl\":\"https:\\\/\\\/secure.gravatar.com\\\/avatar\\\/c5a7ef84c66fa914f55bc4f7ce26cfa275a3b9a1c5568b907bd184fb4dde7b40?s=96&d=mm&r=g\",\"caption\":\"inclusivenews2024\"},\"sameAs\":[\"https:\\\/\\\/inclusivenews.com.br\"],\"url\":\"https:\\\/\\\/inclusivenews.com.br\\\/?author=1\"}]}<\/script>\n<!-- \/ Yoast SEO plugin. -->","yoast_head_json":{"title":"Aluno de hoje n\u00e3o quer ser o educador de amanh\u00e3 -","robots":{"index":"index","follow":"follow","max-snippet":"max-snippet:-1","max-image-preview":"max-image-preview:large","max-video-preview":"max-video-preview:-1"},"canonical":"https:\/\/inclusivenews.com.br\/?p=14189","og_locale":"pt_PT","og_type":"article","og_title":"Aluno de hoje n\u00e3o quer ser o educador de amanh\u00e3 -","og_description":"Se uma boa educa\u00e7\u00e3o s\u00f3 \u00e9 poss\u00edvel por meio de bons educadores, o mais recente estudo realizado pela Funda\u00e7\u00e3o Victor Civita (FVC), encomendado \u00e0 Funda\u00e7\u00e3o Carlos Chagas (FCC), traz preocupa\u00e7\u00e3o a quem se interessa pelo assunto. Ao pesquisar sobre a atratividade de jovens \u00e0 carreira de docente, o levantamento mostra que apenas 2% dos estudantes [&hellip;]","og_url":"https:\/\/inclusivenews.com.br\/?p=14189","article_publisher":"https:\/\/www.facebook.com\/agenciainclusive\/","article_published_time":"2010-03-02T21:37:12+00:00","og_image":[{"url":"http:\/\/inclusivenews.com.br\/wp-content\/uploads\/2010\/03\/aluno.gif","type":"","width":"","height":""}],"author":"inclusivenews2024","twitter_card":"summary_large_image","twitter_misc":{"Escrito por":"inclusivenews2024","Tempo estimado de leitura":"4 minutos"},"schema":{"@context":"https:\/\/schema.org","@graph":[{"@type":"Article","@id":"https:\/\/inclusivenews.com.br\/?p=14189#article","isPartOf":{"@id":"https:\/\/inclusivenews.com.br\/?p=14189"},"author":{"name":"inclusivenews2024","@id":"https:\/\/inclusivenews.com.br\/#\/schema\/person\/ae4ec7087559b8692fb33b6fffd2273b"},"headline":"Aluno de hoje n\u00e3o quer ser o educador de amanh\u00e3","datePublished":"2010-03-02T21:37:12+00:00","mainEntityOfPage":{"@id":"https:\/\/inclusivenews.com.br\/?p=14189"},"wordCount":884,"commentCount":0,"publisher":{"@id":"https:\/\/inclusivenews.com.br\/#organization"},"image":{"@id":"https:\/\/inclusivenews.com.br\/?p=14189#primaryimage"},"thumbnailUrl":"http:\/\/inclusivenews.com.br\/wp-content\/uploads\/2010\/03\/aluno.gif","articleSection":["EDUCA\u00c7\u00c3O","NOT\u00cdCIAS"],"inLanguage":"pt-PT","potentialAction":[{"@type":"CommentAction","name":"Comment","target":["https:\/\/inclusivenews.com.br\/?p=14189#respond"]}]},{"@type":"WebPage","@id":"https:\/\/inclusivenews.com.br\/?p=14189","url":"https:\/\/inclusivenews.com.br\/?p=14189","name":"Aluno de hoje n\u00e3o quer ser o educador de amanh\u00e3 -","isPartOf":{"@id":"https:\/\/inclusivenews.com.br\/#website"},"primaryImageOfPage":{"@id":"https:\/\/inclusivenews.com.br\/?p=14189#primaryimage"},"image":{"@id":"https:\/\/inclusivenews.com.br\/?p=14189#primaryimage"},"thumbnailUrl":"http:\/\/inclusivenews.com.br\/wp-content\/uploads\/2010\/03\/aluno.gif","datePublished":"2010-03-02T21:37:12+00:00","breadcrumb":{"@id":"https:\/\/inclusivenews.com.br\/?p=14189#breadcrumb"},"inLanguage":"pt-PT","potentialAction":[{"@type":"ReadAction","target":["https:\/\/inclusivenews.com.br\/?p=14189"]}]},{"@type":"ImageObject","inLanguage":"pt-PT","@id":"https:\/\/inclusivenews.com.br\/?p=14189#primaryimage","url":"","contentUrl":""},{"@type":"BreadcrumbList","@id":"https:\/\/inclusivenews.com.br\/?p=14189#breadcrumb","itemListElement":[{"@type":"ListItem","position":1,"name":"In\u00edcio","item":"https:\/\/inclusivenews.com.br\/"},{"@type":"ListItem","position":2,"name":"Aluno de hoje n\u00e3o quer ser o educador de amanh\u00e3"}]},{"@type":"WebSite","@id":"https:\/\/inclusivenews.com.br\/#website","url":"https:\/\/inclusivenews.com.br\/","name":"Inclusive News","description":"Inclusive News","publisher":{"@id":"https:\/\/inclusivenews.com.br\/#organization"},"potentialAction":[{"@type":"SearchAction","target":{"@type":"EntryPoint","urlTemplate":"https:\/\/inclusivenews.com.br\/?s={search_term_string}"},"query-input":{"@type":"PropertyValueSpecification","valueRequired":true,"valueName":"search_term_string"}}],"inLanguage":"pt-PT"},{"@type":"Organization","@id":"https:\/\/inclusivenews.com.br\/#organization","name":"Inclusive - inclus\u00e3o e cidadania","url":"https:\/\/inclusivenews.com.br\/","logo":{"@type":"ImageObject","inLanguage":"pt-PT","@id":"https:\/\/inclusivenews.com.br\/#\/schema\/logo\/image\/","url":"https:\/\/inclusivenews.com.br\/wp-content\/uploads\/2024\/03\/@grandesite.png","contentUrl":"https:\/\/inclusivenews.com.br\/wp-content\/uploads\/2024\/03\/@grandesite.png","width":1080,"height":1080,"caption":"Inclusive - inclus\u00e3o e cidadania"},"image":{"@id":"https:\/\/inclusivenews.com.br\/#\/schema\/logo\/image\/"},"sameAs":["https:\/\/www.facebook.com\/agenciainclusive\/","https:\/\/www.instagram.com\/newsinclusive\/"]},{"@type":"Person","@id":"https:\/\/inclusivenews.com.br\/#\/schema\/person\/ae4ec7087559b8692fb33b6fffd2273b","name":"inclusivenews2024","image":{"@type":"ImageObject","inLanguage":"pt-PT","@id":"https:\/\/secure.gravatar.com\/avatar\/c5a7ef84c66fa914f55bc4f7ce26cfa275a3b9a1c5568b907bd184fb4dde7b40?s=96&d=mm&r=g","url":"https:\/\/secure.gravatar.com\/avatar\/c5a7ef84c66fa914f55bc4f7ce26cfa275a3b9a1c5568b907bd184fb4dde7b40?s=96&d=mm&r=g","contentUrl":"https:\/\/secure.gravatar.com\/avatar\/c5a7ef84c66fa914f55bc4f7ce26cfa275a3b9a1c5568b907bd184fb4dde7b40?s=96&d=mm&r=g","caption":"inclusivenews2024"},"sameAs":["https:\/\/inclusivenews.com.br"],"url":"https:\/\/inclusivenews.com.br\/?author=1"}]}},"_links":{"self":[{"href":"https:\/\/inclusivenews.com.br\/index.php?rest_route=\/wp\/v2\/posts\/14189","targetHints":{"allow":["GET"]}}],"collection":[{"href":"https:\/\/inclusivenews.com.br\/index.php?rest_route=\/wp\/v2\/posts"}],"about":[{"href":"https:\/\/inclusivenews.com.br\/index.php?rest_route=\/wp\/v2\/types\/post"}],"author":[{"embeddable":true,"href":"https:\/\/inclusivenews.com.br\/index.php?rest_route=\/wp\/v2\/users\/1"}],"replies":[{"embeddable":true,"href":"https:\/\/inclusivenews.com.br\/index.php?rest_route=%2Fwp%2Fv2%2Fcomments&post=14189"}],"version-history":[{"count":0,"href":"https:\/\/inclusivenews.com.br\/index.php?rest_route=\/wp\/v2\/posts\/14189\/revisions"}],"wp:attachment":[{"href":"https:\/\/inclusivenews.com.br\/index.php?rest_route=%2Fwp%2Fv2%2Fmedia&parent=14189"}],"wp:term":[{"taxonomy":"category","embeddable":true,"href":"https:\/\/inclusivenews.com.br\/index.php?rest_route=%2Fwp%2Fv2%2Fcategories&post=14189"},{"taxonomy":"post_tag","embeddable":true,"href":"https:\/\/inclusivenews.com.br\/index.php?rest_route=%2Fwp%2Fv2%2Ftags&post=14189"}],"curies":[{"name":"wp","href":"https:\/\/api.w.org\/{rel}","templated":true}]}}