{"id":14201,"date":"2010-03-03T17:31:17","date_gmt":"2010-03-03T20:31:17","guid":{"rendered":"http:\/\/www.inclusive.org.br\/?p=14201"},"modified":"2010-03-03T17:31:17","modified_gmt":"2010-03-03T20:31:17","slug":"tres-dias-que-podem-levar-o-stf-a-dizer-sim-ou-nao-as-cotas","status":"publish","type":"post","link":"https:\/\/inclusivenews.com.br\/?p=14201","title":{"rendered":"Tr\u00eas dias que podem levar o STF a dizer sim ou n\u00e3o \u00e0s cotas"},"content":{"rendered":"<figure id=\"attachment_12591\" aria-describedby=\"caption-attachment-12591\" style=\"width: 171px\" class=\"wp-caption alignleft\"><a href=\"http:\/\/www.inclusivenews.com.br\/wp-content\/uploads\/2009\/11\/afropress21.jpg\"><img loading=\"lazy\" decoding=\"async\" class=\"size-full wp-image-12591\" title=\"Logotipo da Afropress - Ag\u00eancia de Informa\u00e7\u00e3o Multi\u00e9tnica\" src=\"http:\/\/inclusivenews.com.br\/wp-content\/uploads\/2009\/11\/afropress21.jpg\" alt=\"\" width=\"171\" height=\"171\" srcset=\"https:\/\/inclusivenews.com.br\/wp-content\/uploads\/2009\/11\/afropress21.jpg 190w, https:\/\/inclusivenews.com.br\/wp-content\/uploads\/2009\/11\/afropress21-150x150.jpg 150w\" sizes=\"auto, (max-width: 171px) 100vw, 171px\" \/><\/a><figcaption id=\"caption-attachment-12591\" class=\"wp-caption-text\"> <\/figcaption><\/figure>\n<p>A Audi\u00eancia que come\u00e7a nesta quarta (03\/03) e vai at\u00e9 sexta-feira (05\/03), em Bras\u00edlia, convocada pelo Supremo Tribunal Federal (STF) poder\u00e1 definir o futuro das pol\u00edticas de a\u00e7\u00f5es afirmativas e cotas no pa\u00eds, afetando 50,3% da popula\u00e7\u00e3o brasileira, que \u00e9 negra.<\/p>\n<p>Embora tenha sido convocada para ouvir os especialistas e lideran\u00e7as \u2013 pr\u00f3s e contras \u2013 os debates servir\u00e3o para que os onze ministros do STF formem convic\u00e7\u00e3o e criem jurisprud\u00eancia sobre a constitucionalidade das a\u00e7\u00f5es afirmativas ao julgarem a Argui\u00e7\u00e3o de Descumprimento de Preceito Fundamental (ADPF) 186 movida pelo Partido Democratas (DEM), o Recurso Extraordin\u00e1rio 597285,<br \/>\nal\u00e9m de outras duas a\u00e7\u00f5es com o mesmo teor, ajuizadas pela Confedera\u00e7\u00e3o Nacional dos Estabelecimentos de Ensino (Confenem).<\/p>\n<p>Segundo o ministro Ricardo Lewandowski, relator das a\u00e7\u00f5es e respons\u00e1vel pela convoca\u00e7\u00e3o da Audi\u00eancia, o encontro tem grande import\u00e2ncia \u201cuma vez que a interpreta\u00e7\u00e3o a ser firmada por esta Corte poder\u00e1 autorizar, ou n\u00e3o, o uso de crit\u00e9rios raciais nos programas de admiss\u00e3o das universidades brasileiras&#8221;.<\/p>\n<p>A decis\u00e3o que vier a ser tomada pelo Supremo tamb\u00e9m ter\u00e1 reflexos nas a\u00e7\u00f5es afirmativas no mercado do trabalho.<\/p>\n<p>A audi\u00eancia come\u00e7a \u00e0s 08h30 e continuar\u00e1 at\u00e9 as 12h, o mesmo ocorrendo na quinta. Na sexta-feira, por\u00e9m, prosseguir\u00e1 durante o dia inteiro, estando prevista para terminar as 18h.<\/p>\n<p>Al\u00e9m de lideran\u00e7as do movimento negro e anti-racista e de oposicionistas \u00e0 pol\u00edtica de cotas, tamb\u00e9m participar\u00e3o da audi\u00eancia p\u00fablica o procurador geral da Rep\u00fablica, Roberto Gurgel; o presidente nacional da OAB Ophir Cavalcante Filho, o advogado geral da Uni\u00e3o, Luis In\u00e1cio Adams<br \/>\ne o ministro chefe da Secretaria Especial de Pol\u00edticas de Promo\u00e7\u00e3o da Igualdade Racial (SEPPIR), deputado Edson Santos (foto).<\/p>\n<p>Al\u00e9m da previs\u00e3o de um plen\u00e1rio lotado, a Pra\u00e7a dos Tr\u00eas Poderes, onde est\u00e1 localizado o STF tamb\u00e9m dever\u00e1 receber grupos de manifestantes que come\u00e7aram a chegar \u00e0 Bras\u00edlia nesta ter\u00e7a.<\/p>\n<p><strong>Otimismo<\/strong><\/p>\n<p>Na v\u00e9spera da Audi\u00eancia, ao se encontrar com sindicalistas das Centrais Sindicais (veja mat\u00e9ria) o ministro se disse otimista quanto aos resultados e desdobramentos dos debates e antecipou o tom da exposi\u00e7\u00e3o que far\u00e1 no plen\u00e1rio do Supremo.<\/p>\n<p>Disse que far\u00e1 uma valia\u00e7\u00e3o do impacto da pol\u00edtica p\u00fablica desenvolvida no Brasil e que a Advocacia Geral da Uni\u00e3o e o MEC dar\u00e3o ainda maior consist\u00eancia ao debate &#8220;ao mostrar o impacto das pol\u00edticas de a\u00e7\u00e3o afirmativa na Universidade com a chegada de pobres e negros, com experi\u00eancias concretas de avalia\u00e7\u00e3o da pol\u00edtica de cotas&#8221;.<\/p>\n<p>At\u00e9 o momento s\u00e3o 59 universidades p\u00fablicas que j\u00e1 adotaram o sistema de cotas para negros e ind\u00edgenas. O sistema tamb\u00e9m \u00e9 adotado no Programa Universidade para Todos, o ProUni do Governo \u201cAs mudan\u00e7as j\u00e1 est\u00e3o acontecendo. \u201cAmanh\u00e3 ser\u00e1 um dia fundamental pra gente. O potencial de mudar a cara do Brasil, num ambiente que foi tomado pelas elites brasileirao; est\u00e1 aberta a possibilidade para que os filhos do povo, os negros possam ingressar nesses espa\u00e7os\u201d, afirmou.<\/p>\n<p><strong>CNBB, USP<\/strong><\/p>\n<p>Segundo o ministro, a dire\u00e7\u00e3o da Confer\u00eancia Nacional dos Bispos do Brail (CNBB) j\u00e1 se manifestou favoravelmente \u00e0s cotas, assim como o novo reitor da USP, Jo\u00e3o Grandino Rodas, que prometeu abrir a discuss\u00e3o sobre o tema. Ele tamb\u00e9m anunciou que o ex-ministro da Justi\u00e7a M\u00e1rcio Thomaz Bastos \u00e9 quem far\u00e1 a defesa das cotas no STF, quando do julgamento da a\u00e7\u00e3o, cuja data ainda n\u00e3o foi marcada.<\/p>\n<p>\u201cEsse \u00e9 come\u00e7o. Essa audi\u00eancia do STF \u00e9 o come\u00e7o das aten\u00e7\u00f5es da sociedade. As aten\u00e7\u00f5es de pretos e brancos e de todos os anti-racistas do pa\u00eds estar\u00e3o voltadas para Bras\u00edlia. N\u00f3s estamos ocupando o espa\u00e7o e esse \u00e9 um momento hist\u00f3rico\u201d, concluiu.<br \/>\n______________<br \/>\n<strong>Fonte: <\/strong><a href=\"http:\/\/www.afropress.com\/noticiasLer.asp?id=2128\">Afropress<\/a><\/p>\n","protected":false},"excerpt":{"rendered":"<p>A Audi\u00eancia que come\u00e7a nesta quarta (03\/03) e vai at\u00e9 sexta-feira (05\/03), em Bras\u00edlia, convocada pelo Supremo Tribunal Federal (STF) poder\u00e1 definir o futuro das pol\u00edticas de a\u00e7\u00f5es afirmativas e cotas no pa\u00eds, afetando 50,3% da popula\u00e7\u00e3o brasileira, que \u00e9 negra. Da Afropress.<\/p>\n","protected":false},"author":1,"featured_media":0,"comment_status":"open","ping_status":"open","sticky":false,"template":"","format":"standard","meta":{"site-container-style":"default","site-container-layout":"default","site-sidebar-layout":"default","disable-article-header":"default","disable-site-header":"default","disable-site-footer":"default","disable-content-area-spacing":"default","footnotes":""},"categories":[56,11,4],"tags":[],"class_list":["post-14201","post","type-post","status-publish","format-standard","hentry","category-acoes-afirmativas","category-direitos-humanos","category-noticias"],"yoast_head":"<!-- This site is optimized with the Yoast SEO plugin v27.4 - https:\/\/yoast.com\/product\/yoast-seo-wordpress\/ -->\n<title>Tr\u00eas dias que podem levar o STF a dizer sim ou n\u00e3o \u00e0s cotas -<\/title>\n<meta name=\"robots\" content=\"index, follow, max-snippet:-1, max-image-preview:large, max-video-preview:-1\" \/>\n<link rel=\"canonical\" href=\"https:\/\/inclusivenews.com.br\/?p=14201\" \/>\n<meta property=\"og:locale\" content=\"pt_PT\" \/>\n<meta property=\"og:type\" content=\"article\" \/>\n<meta property=\"og:title\" content=\"Tr\u00eas dias que podem levar o STF a dizer sim ou n\u00e3o \u00e0s cotas -\" \/>\n<meta property=\"og:description\" content=\"A Audi\u00eancia que come\u00e7a nesta quarta (03\/03) e vai at\u00e9 sexta-feira (05\/03), em Bras\u00edlia, convocada pelo Supremo Tribunal Federal (STF) poder\u00e1 definir o futuro das pol\u00edticas de a\u00e7\u00f5es afirmativas e cotas no pa\u00eds, afetando 50,3% da popula\u00e7\u00e3o brasileira, que \u00e9 negra. Da Afropress.\" \/>\n<meta property=\"og:url\" content=\"https:\/\/inclusivenews.com.br\/?p=14201\" \/>\n<meta property=\"article:publisher\" content=\"https:\/\/www.facebook.com\/agenciainclusive\/\" \/>\n<meta property=\"article:published_time\" content=\"2010-03-03T20:31:17+00:00\" \/>\n<meta property=\"og:image\" content=\"http:\/\/inclusivenews.com.br\/wp-content\/uploads\/2009\/11\/afropress21.jpg\" \/>\n<meta name=\"author\" content=\"inclusivenews2024\" \/>\n<meta name=\"twitter:card\" content=\"summary_large_image\" \/>\n<meta name=\"twitter:label1\" content=\"Escrito por\" \/>\n\t<meta name=\"twitter:data1\" content=\"inclusivenews2024\" \/>\n\t<meta name=\"twitter:label2\" content=\"Tempo estimado de leitura\" \/>\n\t<meta name=\"twitter:data2\" content=\"3 minutos\" \/>\n<script type=\"application\/ld+json\" class=\"yoast-schema-graph\">{\"@context\":\"https:\\\/\\\/schema.org\",\"@graph\":[{\"@type\":\"Article\",\"@id\":\"https:\\\/\\\/inclusivenews.com.br\\\/?p=14201#article\",\"isPartOf\":{\"@id\":\"https:\\\/\\\/inclusivenews.com.br\\\/?p=14201\"},\"author\":{\"name\":\"inclusivenews2024\",\"@id\":\"https:\\\/\\\/inclusivenews.com.br\\\/#\\\/schema\\\/person\\\/ae4ec7087559b8692fb33b6fffd2273b\"},\"headline\":\"Tr\u00eas dias que podem levar o STF a dizer sim ou n\u00e3o \u00e0s cotas\",\"datePublished\":\"2010-03-03T20:31:17+00:00\",\"mainEntityOfPage\":{\"@id\":\"https:\\\/\\\/inclusivenews.com.br\\\/?p=14201\"},\"wordCount\":694,\"commentCount\":0,\"publisher\":{\"@id\":\"https:\\\/\\\/inclusivenews.com.br\\\/#organization\"},\"image\":{\"@id\":\"https:\\\/\\\/inclusivenews.com.br\\\/?p=14201#primaryimage\"},\"thumbnailUrl\":\"http:\\\/\\\/inclusivenews.com.br\\\/wp-content\\\/uploads\\\/2009\\\/11\\\/afropress21.jpg\",\"articleSection\":[\"A\u00e7\u00f5es afirmativas\",\"DIREITOS HUMANOS\",\"NOT\u00cdCIAS\"],\"inLanguage\":\"pt-PT\",\"potentialAction\":[{\"@type\":\"CommentAction\",\"name\":\"Comment\",\"target\":[\"https:\\\/\\\/inclusivenews.com.br\\\/?p=14201#respond\"]}]},{\"@type\":\"WebPage\",\"@id\":\"https:\\\/\\\/inclusivenews.com.br\\\/?p=14201\",\"url\":\"https:\\\/\\\/inclusivenews.com.br\\\/?p=14201\",\"name\":\"Tr\u00eas dias que podem levar o STF a dizer sim ou n\u00e3o \u00e0s cotas -\",\"isPartOf\":{\"@id\":\"https:\\\/\\\/inclusivenews.com.br\\\/#website\"},\"primaryImageOfPage\":{\"@id\":\"https:\\\/\\\/inclusivenews.com.br\\\/?p=14201#primaryimage\"},\"image\":{\"@id\":\"https:\\\/\\\/inclusivenews.com.br\\\/?p=14201#primaryimage\"},\"thumbnailUrl\":\"http:\\\/\\\/inclusivenews.com.br\\\/wp-content\\\/uploads\\\/2009\\\/11\\\/afropress21.jpg\",\"datePublished\":\"2010-03-03T20:31:17+00:00\",\"breadcrumb\":{\"@id\":\"https:\\\/\\\/inclusivenews.com.br\\\/?p=14201#breadcrumb\"},\"inLanguage\":\"pt-PT\",\"potentialAction\":[{\"@type\":\"ReadAction\",\"target\":[\"https:\\\/\\\/inclusivenews.com.br\\\/?p=14201\"]}]},{\"@type\":\"ImageObject\",\"inLanguage\":\"pt-PT\",\"@id\":\"https:\\\/\\\/inclusivenews.com.br\\\/?p=14201#primaryimage\",\"url\":\"https:\\\/\\\/inclusivenews.com.br\\\/wp-content\\\/uploads\\\/2009\\\/11\\\/afropress21.jpg\",\"contentUrl\":\"https:\\\/\\\/inclusivenews.com.br\\\/wp-content\\\/uploads\\\/2009\\\/11\\\/afropress21.jpg\",\"width\":190,\"height\":190,\"caption\":\"Logotipo da Afropress - Ag\u00eancia de Informa\u00e7\u00e3o Multi\u00e9tnica\"},{\"@type\":\"BreadcrumbList\",\"@id\":\"https:\\\/\\\/inclusivenews.com.br\\\/?p=14201#breadcrumb\",\"itemListElement\":[{\"@type\":\"ListItem\",\"position\":1,\"name\":\"In\u00edcio\",\"item\":\"https:\\\/\\\/inclusivenews.com.br\\\/\"},{\"@type\":\"ListItem\",\"position\":2,\"name\":\"Tr\u00eas dias que podem levar o STF a dizer sim ou n\u00e3o \u00e0s cotas\"}]},{\"@type\":\"WebSite\",\"@id\":\"https:\\\/\\\/inclusivenews.com.br\\\/#website\",\"url\":\"https:\\\/\\\/inclusivenews.com.br\\\/\",\"name\":\"Inclusive News\",\"description\":\"Inclusive News\",\"publisher\":{\"@id\":\"https:\\\/\\\/inclusivenews.com.br\\\/#organization\"},\"potentialAction\":[{\"@type\":\"SearchAction\",\"target\":{\"@type\":\"EntryPoint\",\"urlTemplate\":\"https:\\\/\\\/inclusivenews.com.br\\\/?s={search_term_string}\"},\"query-input\":{\"@type\":\"PropertyValueSpecification\",\"valueRequired\":true,\"valueName\":\"search_term_string\"}}],\"inLanguage\":\"pt-PT\"},{\"@type\":\"Organization\",\"@id\":\"https:\\\/\\\/inclusivenews.com.br\\\/#organization\",\"name\":\"Inclusive - inclus\u00e3o e cidadania\",\"url\":\"https:\\\/\\\/inclusivenews.com.br\\\/\",\"logo\":{\"@type\":\"ImageObject\",\"inLanguage\":\"pt-PT\",\"@id\":\"https:\\\/\\\/inclusivenews.com.br\\\/#\\\/schema\\\/logo\\\/image\\\/\",\"url\":\"https:\\\/\\\/inclusivenews.com.br\\\/wp-content\\\/uploads\\\/2024\\\/03\\\/@grandesite.png\",\"contentUrl\":\"https:\\\/\\\/inclusivenews.com.br\\\/wp-content\\\/uploads\\\/2024\\\/03\\\/@grandesite.png\",\"width\":1080,\"height\":1080,\"caption\":\"Inclusive - inclus\u00e3o e cidadania\"},\"image\":{\"@id\":\"https:\\\/\\\/inclusivenews.com.br\\\/#\\\/schema\\\/logo\\\/image\\\/\"},\"sameAs\":[\"https:\\\/\\\/www.facebook.com\\\/agenciainclusive\\\/\",\"https:\\\/\\\/www.instagram.com\\\/newsinclusive\\\/\"]},{\"@type\":\"Person\",\"@id\":\"https:\\\/\\\/inclusivenews.com.br\\\/#\\\/schema\\\/person\\\/ae4ec7087559b8692fb33b6fffd2273b\",\"name\":\"inclusivenews2024\",\"image\":{\"@type\":\"ImageObject\",\"inLanguage\":\"pt-PT\",\"@id\":\"https:\\\/\\\/secure.gravatar.com\\\/avatar\\\/c5a7ef84c66fa914f55bc4f7ce26cfa275a3b9a1c5568b907bd184fb4dde7b40?s=96&d=mm&r=g\",\"url\":\"https:\\\/\\\/secure.gravatar.com\\\/avatar\\\/c5a7ef84c66fa914f55bc4f7ce26cfa275a3b9a1c5568b907bd184fb4dde7b40?s=96&d=mm&r=g\",\"contentUrl\":\"https:\\\/\\\/secure.gravatar.com\\\/avatar\\\/c5a7ef84c66fa914f55bc4f7ce26cfa275a3b9a1c5568b907bd184fb4dde7b40?s=96&d=mm&r=g\",\"caption\":\"inclusivenews2024\"},\"sameAs\":[\"https:\\\/\\\/inclusivenews.com.br\"],\"url\":\"https:\\\/\\\/inclusivenews.com.br\\\/?author=1\"}]}<\/script>\n<!-- \/ Yoast SEO plugin. -->","yoast_head_json":{"title":"Tr\u00eas dias que podem levar o STF a dizer sim ou n\u00e3o \u00e0s cotas -","robots":{"index":"index","follow":"follow","max-snippet":"max-snippet:-1","max-image-preview":"max-image-preview:large","max-video-preview":"max-video-preview:-1"},"canonical":"https:\/\/inclusivenews.com.br\/?p=14201","og_locale":"pt_PT","og_type":"article","og_title":"Tr\u00eas dias que podem levar o STF a dizer sim ou n\u00e3o \u00e0s cotas -","og_description":"A Audi\u00eancia que come\u00e7a nesta quarta (03\/03) e vai at\u00e9 sexta-feira (05\/03), em Bras\u00edlia, convocada pelo Supremo Tribunal Federal (STF) poder\u00e1 definir o futuro das pol\u00edticas de a\u00e7\u00f5es afirmativas e cotas no pa\u00eds, afetando 50,3% da popula\u00e7\u00e3o brasileira, que \u00e9 negra. Da Afropress.","og_url":"https:\/\/inclusivenews.com.br\/?p=14201","article_publisher":"https:\/\/www.facebook.com\/agenciainclusive\/","article_published_time":"2010-03-03T20:31:17+00:00","og_image":[{"url":"http:\/\/inclusivenews.com.br\/wp-content\/uploads\/2009\/11\/afropress21.jpg","type":"","width":"","height":""}],"author":"inclusivenews2024","twitter_card":"summary_large_image","twitter_misc":{"Escrito por":"inclusivenews2024","Tempo estimado de leitura":"3 minutos"},"schema":{"@context":"https:\/\/schema.org","@graph":[{"@type":"Article","@id":"https:\/\/inclusivenews.com.br\/?p=14201#article","isPartOf":{"@id":"https:\/\/inclusivenews.com.br\/?p=14201"},"author":{"name":"inclusivenews2024","@id":"https:\/\/inclusivenews.com.br\/#\/schema\/person\/ae4ec7087559b8692fb33b6fffd2273b"},"headline":"Tr\u00eas dias que podem levar o STF a dizer sim ou n\u00e3o \u00e0s cotas","datePublished":"2010-03-03T20:31:17+00:00","mainEntityOfPage":{"@id":"https:\/\/inclusivenews.com.br\/?p=14201"},"wordCount":694,"commentCount":0,"publisher":{"@id":"https:\/\/inclusivenews.com.br\/#organization"},"image":{"@id":"https:\/\/inclusivenews.com.br\/?p=14201#primaryimage"},"thumbnailUrl":"http:\/\/inclusivenews.com.br\/wp-content\/uploads\/2009\/11\/afropress21.jpg","articleSection":["A\u00e7\u00f5es afirmativas","DIREITOS HUMANOS","NOT\u00cdCIAS"],"inLanguage":"pt-PT","potentialAction":[{"@type":"CommentAction","name":"Comment","target":["https:\/\/inclusivenews.com.br\/?p=14201#respond"]}]},{"@type":"WebPage","@id":"https:\/\/inclusivenews.com.br\/?p=14201","url":"https:\/\/inclusivenews.com.br\/?p=14201","name":"Tr\u00eas dias que podem levar o STF a dizer sim ou n\u00e3o \u00e0s cotas -","isPartOf":{"@id":"https:\/\/inclusivenews.com.br\/#website"},"primaryImageOfPage":{"@id":"https:\/\/inclusivenews.com.br\/?p=14201#primaryimage"},"image":{"@id":"https:\/\/inclusivenews.com.br\/?p=14201#primaryimage"},"thumbnailUrl":"http:\/\/inclusivenews.com.br\/wp-content\/uploads\/2009\/11\/afropress21.jpg","datePublished":"2010-03-03T20:31:17+00:00","breadcrumb":{"@id":"https:\/\/inclusivenews.com.br\/?p=14201#breadcrumb"},"inLanguage":"pt-PT","potentialAction":[{"@type":"ReadAction","target":["https:\/\/inclusivenews.com.br\/?p=14201"]}]},{"@type":"ImageObject","inLanguage":"pt-PT","@id":"https:\/\/inclusivenews.com.br\/?p=14201#primaryimage","url":"https:\/\/inclusivenews.com.br\/wp-content\/uploads\/2009\/11\/afropress21.jpg","contentUrl":"https:\/\/inclusivenews.com.br\/wp-content\/uploads\/2009\/11\/afropress21.jpg","width":190,"height":190,"caption":"Logotipo da Afropress - Ag\u00eancia de Informa\u00e7\u00e3o Multi\u00e9tnica"},{"@type":"BreadcrumbList","@id":"https:\/\/inclusivenews.com.br\/?p=14201#breadcrumb","itemListElement":[{"@type":"ListItem","position":1,"name":"In\u00edcio","item":"https:\/\/inclusivenews.com.br\/"},{"@type":"ListItem","position":2,"name":"Tr\u00eas dias que podem levar o STF a dizer sim ou n\u00e3o \u00e0s cotas"}]},{"@type":"WebSite","@id":"https:\/\/inclusivenews.com.br\/#website","url":"https:\/\/inclusivenews.com.br\/","name":"Inclusive News","description":"Inclusive News","publisher":{"@id":"https:\/\/inclusivenews.com.br\/#organization"},"potentialAction":[{"@type":"SearchAction","target":{"@type":"EntryPoint","urlTemplate":"https:\/\/inclusivenews.com.br\/?s={search_term_string}"},"query-input":{"@type":"PropertyValueSpecification","valueRequired":true,"valueName":"search_term_string"}}],"inLanguage":"pt-PT"},{"@type":"Organization","@id":"https:\/\/inclusivenews.com.br\/#organization","name":"Inclusive - inclus\u00e3o e cidadania","url":"https:\/\/inclusivenews.com.br\/","logo":{"@type":"ImageObject","inLanguage":"pt-PT","@id":"https:\/\/inclusivenews.com.br\/#\/schema\/logo\/image\/","url":"https:\/\/inclusivenews.com.br\/wp-content\/uploads\/2024\/03\/@grandesite.png","contentUrl":"https:\/\/inclusivenews.com.br\/wp-content\/uploads\/2024\/03\/@grandesite.png","width":1080,"height":1080,"caption":"Inclusive - inclus\u00e3o e cidadania"},"image":{"@id":"https:\/\/inclusivenews.com.br\/#\/schema\/logo\/image\/"},"sameAs":["https:\/\/www.facebook.com\/agenciainclusive\/","https:\/\/www.instagram.com\/newsinclusive\/"]},{"@type":"Person","@id":"https:\/\/inclusivenews.com.br\/#\/schema\/person\/ae4ec7087559b8692fb33b6fffd2273b","name":"inclusivenews2024","image":{"@type":"ImageObject","inLanguage":"pt-PT","@id":"https:\/\/secure.gravatar.com\/avatar\/c5a7ef84c66fa914f55bc4f7ce26cfa275a3b9a1c5568b907bd184fb4dde7b40?s=96&d=mm&r=g","url":"https:\/\/secure.gravatar.com\/avatar\/c5a7ef84c66fa914f55bc4f7ce26cfa275a3b9a1c5568b907bd184fb4dde7b40?s=96&d=mm&r=g","contentUrl":"https:\/\/secure.gravatar.com\/avatar\/c5a7ef84c66fa914f55bc4f7ce26cfa275a3b9a1c5568b907bd184fb4dde7b40?s=96&d=mm&r=g","caption":"inclusivenews2024"},"sameAs":["https:\/\/inclusivenews.com.br"],"url":"https:\/\/inclusivenews.com.br\/?author=1"}]}},"_links":{"self":[{"href":"https:\/\/inclusivenews.com.br\/index.php?rest_route=\/wp\/v2\/posts\/14201","targetHints":{"allow":["GET"]}}],"collection":[{"href":"https:\/\/inclusivenews.com.br\/index.php?rest_route=\/wp\/v2\/posts"}],"about":[{"href":"https:\/\/inclusivenews.com.br\/index.php?rest_route=\/wp\/v2\/types\/post"}],"author":[{"embeddable":true,"href":"https:\/\/inclusivenews.com.br\/index.php?rest_route=\/wp\/v2\/users\/1"}],"replies":[{"embeddable":true,"href":"https:\/\/inclusivenews.com.br\/index.php?rest_route=%2Fwp%2Fv2%2Fcomments&post=14201"}],"version-history":[{"count":0,"href":"https:\/\/inclusivenews.com.br\/index.php?rest_route=\/wp\/v2\/posts\/14201\/revisions"}],"wp:attachment":[{"href":"https:\/\/inclusivenews.com.br\/index.php?rest_route=%2Fwp%2Fv2%2Fmedia&parent=14201"}],"wp:term":[{"taxonomy":"category","embeddable":true,"href":"https:\/\/inclusivenews.com.br\/index.php?rest_route=%2Fwp%2Fv2%2Fcategories&post=14201"},{"taxonomy":"post_tag","embeddable":true,"href":"https:\/\/inclusivenews.com.br\/index.php?rest_route=%2Fwp%2Fv2%2Ftags&post=14201"}],"curies":[{"name":"wp","href":"https:\/\/api.w.org\/{rel}","templated":true}]}}