{"id":14203,"date":"2010-03-03T17:23:37","date_gmt":"2010-03-03T20:23:37","guid":{"rendered":"http:\/\/www.inclusive.org.br\/?p=14203"},"modified":"2010-03-03T17:23:37","modified_gmt":"2010-03-03T20:23:37","slug":"escola-de-recife-cria-biblioteca-em-libras","status":"publish","type":"post","link":"https:\/\/inclusivenews.com.br\/?p=14203","title":{"rendered":"Escola de Recife cria biblioteca em libras"},"content":{"rendered":"<figure style=\"width: 189px\" class=\"wp-caption alignleft\"><a class=\"moz-txt-link-freetext\" href=\"http:\/\/www.envolverde.com.br\/fotos_novas\/70439.gif\"><img loading=\"lazy\" decoding=\"async\" title=\"Libras\" src=\"http:\/\/www.envolverde.com.br\/fotos_novas\/70439.gif\" alt=\"\" width=\"189\" height=\"155\" \/><\/a><figcaption class=\"wp-caption-text\">  <\/figcaption><\/figure>\n<p><strong>Por Sarah Fernades, do Aprendiz<\/strong><\/p>\n<p>A Escola Municipal Padre Ant\u00f4nio Henrique, em Recife (PE), criou uma biblioteca multim\u00eddia com livros infantis, materiais did\u00e1ticos e cl\u00e1ssicos da literatura brasileira contados em libras. Nos cerca de 100 CDs do acervo, os alunos com defici\u00eancia auditiva podem assistir um contador de hist\u00f3rias narrando Iracema, de Jos\u00e9 de Alencar, A Cartomante, de Machado de Assis, O Gato de Botas ou A Branca de Neve.<\/p>\n<p>Para facilitar a conta\u00e7\u00e3o de hist\u00f3rias, a escola, que tem 26% dos alunos com defici\u00eancia, interligou o laborat\u00f3rio de inform\u00e1tica com a biblioteca e capacitou os funcion\u00e1rios para conversarem em libras com os alunos que n\u00e3o ouvem. Os CDs foram doados pelo Minist\u00e9rio da Educa\u00e7\u00e3o (MEC) que avaliou que a escola implanta pol\u00edticas inclusivas eficientes.<\/p>\n<p>O col\u00e9gio, que nasceu de um movimento de professores que buscavam educa\u00e7\u00e3o de qualidade para surdos, implantou uma sexta aula, na qual todos os alunos, com defici\u00eancia ou n\u00e3o, estudam libras. As crian\u00e7as surdas que n\u00e3o dominam o idioma recebem aulas extras no contra turno das atividades escolares. O sinal, al\u00e9m de sonoro, acende luz para indicar o come\u00e7o ou o t\u00e9rmino do intervalo.<\/p>\n<p>Na escola estudam, ainda, alunos de ensino fundamental com baixa vis\u00e3o. Eles tamb\u00e9m t\u00eam uma biblioteca adaptada, que conta at\u00e9 com a Constitui\u00e7\u00e3o em braile. Toda sinaliza\u00e7\u00e3o da escola, como o n\u00famero das salas e as indica\u00e7\u00f5es dos banheiros, s\u00e3o escritas em braile e o ch\u00e3o \u00e9 em alto relevo para facilitar a locomo\u00e7\u00e3o dos alunos. Os que t\u00eam mais dificuldade de caminhar sozinhos recebem aulas de locomo\u00e7\u00e3o.<\/p>\n<p>\u201cAs pol\u00edticas inclusivas precisam ser pensadas pela quest\u00e3o dos direitos humanos e da antropologia, levando em conta que os surdos s\u00e3o uma comunidade que tem uma linguagem e uma cultura pr\u00f3pria e que s\u00e3o apitos para qualquer atividade\u201d, avalia a diretora da escola Maria de F\u00e1tima Ribeiro, que apresentou as pol\u00edticas inclusivas da escola no Encontro Internacional de Educa\u00e7\u00e3o, na \u00faltima semana, em Osasco (SP).<br \/>\n_______________________<\/p>\n<p><strong>Fonte:<\/strong> <a href=\"http:\/\/www.envolverde.com.br\/materia.php?cod=70439&amp;edt=8\">Envolverde<\/a>\/Aprendiz<\/p>\n","protected":false},"excerpt":{"rendered":"<p>Nos cerca de 100 CDs do acervo, os alunos com defici\u00eancia auditiva podem assistir um contador de hist\u00f3rias narrando Iracema, de Jos\u00e9 de Alencar, A Cartomante, de Machado de Assis, O Gato de Botas ou A Branca de Neve. Da Envolverde.<\/p>\n","protected":false},"author":1,"featured_media":0,"comment_status":"open","ping_status":"open","sticky":false,"template":"","format":"standard","meta":{"site-container-style":"default","site-container-layout":"default","site-sidebar-layout":"default","disable-article-header":"default","disable-site-header":"default","disable-site-footer":"default","disable-content-area-spacing":"default","footnotes":""},"categories":[38,48,4],"tags":[],"class_list":["post-14203","post","type-post","status-publish","format-standard","hentry","category-deficiencia","category-inclusao","category-noticias"],"yoast_head":"<!-- This site is optimized with the Yoast SEO plugin v27.4 - https:\/\/yoast.com\/product\/yoast-seo-wordpress\/ -->\n<title>Escola de Recife cria biblioteca em libras -<\/title>\n<meta name=\"robots\" content=\"index, follow, max-snippet:-1, max-image-preview:large, max-video-preview:-1\" \/>\n<link rel=\"canonical\" href=\"https:\/\/inclusivenews.com.br\/?p=14203\" \/>\n<meta property=\"og:locale\" content=\"pt_PT\" \/>\n<meta property=\"og:type\" content=\"article\" \/>\n<meta property=\"og:title\" content=\"Escola de Recife cria biblioteca em libras -\" \/>\n<meta property=\"og:description\" content=\"Nos cerca de 100 CDs do acervo, os alunos com defici\u00eancia auditiva podem assistir um contador de hist\u00f3rias narrando Iracema, de Jos\u00e9 de Alencar, A Cartomante, de Machado de Assis, O Gato de Botas ou A Branca de Neve. Da Envolverde.\" \/>\n<meta property=\"og:url\" content=\"https:\/\/inclusivenews.com.br\/?p=14203\" \/>\n<meta property=\"article:publisher\" content=\"https:\/\/www.facebook.com\/agenciainclusive\/\" \/>\n<meta property=\"article:published_time\" content=\"2010-03-03T20:23:37+00:00\" \/>\n<meta property=\"og:image\" content=\"http:\/\/www.envolverde.com.br\/fotos_novas\/70439.gif\" \/>\n<meta name=\"author\" content=\"inclusivenews2024\" \/>\n<meta name=\"twitter:card\" content=\"summary_large_image\" \/>\n<meta name=\"twitter:label1\" content=\"Escrito por\" \/>\n\t<meta name=\"twitter:data1\" content=\"inclusivenews2024\" \/>\n\t<meta name=\"twitter:label2\" content=\"Tempo estimado de leitura\" \/>\n\t<meta name=\"twitter:data2\" content=\"2 minutos\" \/>\n<script type=\"application\/ld+json\" class=\"yoast-schema-graph\">{\"@context\":\"https:\\\/\\\/schema.org\",\"@graph\":[{\"@type\":\"Article\",\"@id\":\"https:\\\/\\\/inclusivenews.com.br\\\/?p=14203#article\",\"isPartOf\":{\"@id\":\"https:\\\/\\\/inclusivenews.com.br\\\/?p=14203\"},\"author\":{\"name\":\"inclusivenews2024\",\"@id\":\"https:\\\/\\\/inclusivenews.com.br\\\/#\\\/schema\\\/person\\\/ae4ec7087559b8692fb33b6fffd2273b\"},\"headline\":\"Escola de Recife cria biblioteca em libras\",\"datePublished\":\"2010-03-03T20:23:37+00:00\",\"mainEntityOfPage\":{\"@id\":\"https:\\\/\\\/inclusivenews.com.br\\\/?p=14203\"},\"wordCount\":381,\"commentCount\":0,\"publisher\":{\"@id\":\"https:\\\/\\\/inclusivenews.com.br\\\/#organization\"},\"image\":{\"@id\":\"https:\\\/\\\/inclusivenews.com.br\\\/?p=14203#primaryimage\"},\"thumbnailUrl\":\"http:\\\/\\\/www.envolverde.com.br\\\/fotos_novas\\\/70439.gif\",\"articleSection\":[\"Defici\u00eancia\",\"INCLUS\u00c3O SOCIAL\",\"NOT\u00cdCIAS\"],\"inLanguage\":\"pt-PT\",\"potentialAction\":[{\"@type\":\"CommentAction\",\"name\":\"Comment\",\"target\":[\"https:\\\/\\\/inclusivenews.com.br\\\/?p=14203#respond\"]}]},{\"@type\":\"WebPage\",\"@id\":\"https:\\\/\\\/inclusivenews.com.br\\\/?p=14203\",\"url\":\"https:\\\/\\\/inclusivenews.com.br\\\/?p=14203\",\"name\":\"Escola de Recife cria biblioteca em libras -\",\"isPartOf\":{\"@id\":\"https:\\\/\\\/inclusivenews.com.br\\\/#website\"},\"primaryImageOfPage\":{\"@id\":\"https:\\\/\\\/inclusivenews.com.br\\\/?p=14203#primaryimage\"},\"image\":{\"@id\":\"https:\\\/\\\/inclusivenews.com.br\\\/?p=14203#primaryimage\"},\"thumbnailUrl\":\"http:\\\/\\\/www.envolverde.com.br\\\/fotos_novas\\\/70439.gif\",\"datePublished\":\"2010-03-03T20:23:37+00:00\",\"breadcrumb\":{\"@id\":\"https:\\\/\\\/inclusivenews.com.br\\\/?p=14203#breadcrumb\"},\"inLanguage\":\"pt-PT\",\"potentialAction\":[{\"@type\":\"ReadAction\",\"target\":[\"https:\\\/\\\/inclusivenews.com.br\\\/?p=14203\"]}]},{\"@type\":\"ImageObject\",\"inLanguage\":\"pt-PT\",\"@id\":\"https:\\\/\\\/inclusivenews.com.br\\\/?p=14203#primaryimage\",\"url\":\"http:\\\/\\\/www.envolverde.com.br\\\/fotos_novas\\\/70439.gif\",\"contentUrl\":\"http:\\\/\\\/www.envolverde.com.br\\\/fotos_novas\\\/70439.gif\"},{\"@type\":\"BreadcrumbList\",\"@id\":\"https:\\\/\\\/inclusivenews.com.br\\\/?p=14203#breadcrumb\",\"itemListElement\":[{\"@type\":\"ListItem\",\"position\":1,\"name\":\"In\u00edcio\",\"item\":\"https:\\\/\\\/inclusivenews.com.br\\\/\"},{\"@type\":\"ListItem\",\"position\":2,\"name\":\"Escola de Recife cria biblioteca em libras\"}]},{\"@type\":\"WebSite\",\"@id\":\"https:\\\/\\\/inclusivenews.com.br\\\/#website\",\"url\":\"https:\\\/\\\/inclusivenews.com.br\\\/\",\"name\":\"Inclusive News\",\"description\":\"Inclusive News\",\"publisher\":{\"@id\":\"https:\\\/\\\/inclusivenews.com.br\\\/#organization\"},\"potentialAction\":[{\"@type\":\"SearchAction\",\"target\":{\"@type\":\"EntryPoint\",\"urlTemplate\":\"https:\\\/\\\/inclusivenews.com.br\\\/?s={search_term_string}\"},\"query-input\":{\"@type\":\"PropertyValueSpecification\",\"valueRequired\":true,\"valueName\":\"search_term_string\"}}],\"inLanguage\":\"pt-PT\"},{\"@type\":\"Organization\",\"@id\":\"https:\\\/\\\/inclusivenews.com.br\\\/#organization\",\"name\":\"Inclusive - inclus\u00e3o e cidadania\",\"url\":\"https:\\\/\\\/inclusivenews.com.br\\\/\",\"logo\":{\"@type\":\"ImageObject\",\"inLanguage\":\"pt-PT\",\"@id\":\"https:\\\/\\\/inclusivenews.com.br\\\/#\\\/schema\\\/logo\\\/image\\\/\",\"url\":\"https:\\\/\\\/inclusivenews.com.br\\\/wp-content\\\/uploads\\\/2024\\\/03\\\/@grandesite.png\",\"contentUrl\":\"https:\\\/\\\/inclusivenews.com.br\\\/wp-content\\\/uploads\\\/2024\\\/03\\\/@grandesite.png\",\"width\":1080,\"height\":1080,\"caption\":\"Inclusive - inclus\u00e3o e cidadania\"},\"image\":{\"@id\":\"https:\\\/\\\/inclusivenews.com.br\\\/#\\\/schema\\\/logo\\\/image\\\/\"},\"sameAs\":[\"https:\\\/\\\/www.facebook.com\\\/agenciainclusive\\\/\",\"https:\\\/\\\/www.instagram.com\\\/newsinclusive\\\/\"]},{\"@type\":\"Person\",\"@id\":\"https:\\\/\\\/inclusivenews.com.br\\\/#\\\/schema\\\/person\\\/ae4ec7087559b8692fb33b6fffd2273b\",\"name\":\"inclusivenews2024\",\"image\":{\"@type\":\"ImageObject\",\"inLanguage\":\"pt-PT\",\"@id\":\"https:\\\/\\\/secure.gravatar.com\\\/avatar\\\/c5a7ef84c66fa914f55bc4f7ce26cfa275a3b9a1c5568b907bd184fb4dde7b40?s=96&d=mm&r=g\",\"url\":\"https:\\\/\\\/secure.gravatar.com\\\/avatar\\\/c5a7ef84c66fa914f55bc4f7ce26cfa275a3b9a1c5568b907bd184fb4dde7b40?s=96&d=mm&r=g\",\"contentUrl\":\"https:\\\/\\\/secure.gravatar.com\\\/avatar\\\/c5a7ef84c66fa914f55bc4f7ce26cfa275a3b9a1c5568b907bd184fb4dde7b40?s=96&d=mm&r=g\",\"caption\":\"inclusivenews2024\"},\"sameAs\":[\"https:\\\/\\\/inclusivenews.com.br\"],\"url\":\"https:\\\/\\\/inclusivenews.com.br\\\/?author=1\"}]}<\/script>\n<!-- \/ Yoast SEO plugin. -->","yoast_head_json":{"title":"Escola de Recife cria biblioteca em libras -","robots":{"index":"index","follow":"follow","max-snippet":"max-snippet:-1","max-image-preview":"max-image-preview:large","max-video-preview":"max-video-preview:-1"},"canonical":"https:\/\/inclusivenews.com.br\/?p=14203","og_locale":"pt_PT","og_type":"article","og_title":"Escola de Recife cria biblioteca em libras -","og_description":"Nos cerca de 100 CDs do acervo, os alunos com defici\u00eancia auditiva podem assistir um contador de hist\u00f3rias narrando Iracema, de Jos\u00e9 de Alencar, A Cartomante, de Machado de Assis, O Gato de Botas ou A Branca de Neve. Da Envolverde.","og_url":"https:\/\/inclusivenews.com.br\/?p=14203","article_publisher":"https:\/\/www.facebook.com\/agenciainclusive\/","article_published_time":"2010-03-03T20:23:37+00:00","og_image":[{"url":"http:\/\/www.envolverde.com.br\/fotos_novas\/70439.gif","type":"","width":"","height":""}],"author":"inclusivenews2024","twitter_card":"summary_large_image","twitter_misc":{"Escrito por":"inclusivenews2024","Tempo estimado de leitura":"2 minutos"},"schema":{"@context":"https:\/\/schema.org","@graph":[{"@type":"Article","@id":"https:\/\/inclusivenews.com.br\/?p=14203#article","isPartOf":{"@id":"https:\/\/inclusivenews.com.br\/?p=14203"},"author":{"name":"inclusivenews2024","@id":"https:\/\/inclusivenews.com.br\/#\/schema\/person\/ae4ec7087559b8692fb33b6fffd2273b"},"headline":"Escola de Recife cria biblioteca em libras","datePublished":"2010-03-03T20:23:37+00:00","mainEntityOfPage":{"@id":"https:\/\/inclusivenews.com.br\/?p=14203"},"wordCount":381,"commentCount":0,"publisher":{"@id":"https:\/\/inclusivenews.com.br\/#organization"},"image":{"@id":"https:\/\/inclusivenews.com.br\/?p=14203#primaryimage"},"thumbnailUrl":"http:\/\/www.envolverde.com.br\/fotos_novas\/70439.gif","articleSection":["Defici\u00eancia","INCLUS\u00c3O SOCIAL","NOT\u00cdCIAS"],"inLanguage":"pt-PT","potentialAction":[{"@type":"CommentAction","name":"Comment","target":["https:\/\/inclusivenews.com.br\/?p=14203#respond"]}]},{"@type":"WebPage","@id":"https:\/\/inclusivenews.com.br\/?p=14203","url":"https:\/\/inclusivenews.com.br\/?p=14203","name":"Escola de Recife cria biblioteca em libras -","isPartOf":{"@id":"https:\/\/inclusivenews.com.br\/#website"},"primaryImageOfPage":{"@id":"https:\/\/inclusivenews.com.br\/?p=14203#primaryimage"},"image":{"@id":"https:\/\/inclusivenews.com.br\/?p=14203#primaryimage"},"thumbnailUrl":"http:\/\/www.envolverde.com.br\/fotos_novas\/70439.gif","datePublished":"2010-03-03T20:23:37+00:00","breadcrumb":{"@id":"https:\/\/inclusivenews.com.br\/?p=14203#breadcrumb"},"inLanguage":"pt-PT","potentialAction":[{"@type":"ReadAction","target":["https:\/\/inclusivenews.com.br\/?p=14203"]}]},{"@type":"ImageObject","inLanguage":"pt-PT","@id":"https:\/\/inclusivenews.com.br\/?p=14203#primaryimage","url":"http:\/\/www.envolverde.com.br\/fotos_novas\/70439.gif","contentUrl":"http:\/\/www.envolverde.com.br\/fotos_novas\/70439.gif"},{"@type":"BreadcrumbList","@id":"https:\/\/inclusivenews.com.br\/?p=14203#breadcrumb","itemListElement":[{"@type":"ListItem","position":1,"name":"In\u00edcio","item":"https:\/\/inclusivenews.com.br\/"},{"@type":"ListItem","position":2,"name":"Escola de Recife cria biblioteca em libras"}]},{"@type":"WebSite","@id":"https:\/\/inclusivenews.com.br\/#website","url":"https:\/\/inclusivenews.com.br\/","name":"Inclusive News","description":"Inclusive News","publisher":{"@id":"https:\/\/inclusivenews.com.br\/#organization"},"potentialAction":[{"@type":"SearchAction","target":{"@type":"EntryPoint","urlTemplate":"https:\/\/inclusivenews.com.br\/?s={search_term_string}"},"query-input":{"@type":"PropertyValueSpecification","valueRequired":true,"valueName":"search_term_string"}}],"inLanguage":"pt-PT"},{"@type":"Organization","@id":"https:\/\/inclusivenews.com.br\/#organization","name":"Inclusive - inclus\u00e3o e cidadania","url":"https:\/\/inclusivenews.com.br\/","logo":{"@type":"ImageObject","inLanguage":"pt-PT","@id":"https:\/\/inclusivenews.com.br\/#\/schema\/logo\/image\/","url":"https:\/\/inclusivenews.com.br\/wp-content\/uploads\/2024\/03\/@grandesite.png","contentUrl":"https:\/\/inclusivenews.com.br\/wp-content\/uploads\/2024\/03\/@grandesite.png","width":1080,"height":1080,"caption":"Inclusive - inclus\u00e3o e cidadania"},"image":{"@id":"https:\/\/inclusivenews.com.br\/#\/schema\/logo\/image\/"},"sameAs":["https:\/\/www.facebook.com\/agenciainclusive\/","https:\/\/www.instagram.com\/newsinclusive\/"]},{"@type":"Person","@id":"https:\/\/inclusivenews.com.br\/#\/schema\/person\/ae4ec7087559b8692fb33b6fffd2273b","name":"inclusivenews2024","image":{"@type":"ImageObject","inLanguage":"pt-PT","@id":"https:\/\/secure.gravatar.com\/avatar\/c5a7ef84c66fa914f55bc4f7ce26cfa275a3b9a1c5568b907bd184fb4dde7b40?s=96&d=mm&r=g","url":"https:\/\/secure.gravatar.com\/avatar\/c5a7ef84c66fa914f55bc4f7ce26cfa275a3b9a1c5568b907bd184fb4dde7b40?s=96&d=mm&r=g","contentUrl":"https:\/\/secure.gravatar.com\/avatar\/c5a7ef84c66fa914f55bc4f7ce26cfa275a3b9a1c5568b907bd184fb4dde7b40?s=96&d=mm&r=g","caption":"inclusivenews2024"},"sameAs":["https:\/\/inclusivenews.com.br"],"url":"https:\/\/inclusivenews.com.br\/?author=1"}]}},"_links":{"self":[{"href":"https:\/\/inclusivenews.com.br\/index.php?rest_route=\/wp\/v2\/posts\/14203","targetHints":{"allow":["GET"]}}],"collection":[{"href":"https:\/\/inclusivenews.com.br\/index.php?rest_route=\/wp\/v2\/posts"}],"about":[{"href":"https:\/\/inclusivenews.com.br\/index.php?rest_route=\/wp\/v2\/types\/post"}],"author":[{"embeddable":true,"href":"https:\/\/inclusivenews.com.br\/index.php?rest_route=\/wp\/v2\/users\/1"}],"replies":[{"embeddable":true,"href":"https:\/\/inclusivenews.com.br\/index.php?rest_route=%2Fwp%2Fv2%2Fcomments&post=14203"}],"version-history":[{"count":0,"href":"https:\/\/inclusivenews.com.br\/index.php?rest_route=\/wp\/v2\/posts\/14203\/revisions"}],"wp:attachment":[{"href":"https:\/\/inclusivenews.com.br\/index.php?rest_route=%2Fwp%2Fv2%2Fmedia&parent=14203"}],"wp:term":[{"taxonomy":"category","embeddable":true,"href":"https:\/\/inclusivenews.com.br\/index.php?rest_route=%2Fwp%2Fv2%2Fcategories&post=14203"},{"taxonomy":"post_tag","embeddable":true,"href":"https:\/\/inclusivenews.com.br\/index.php?rest_route=%2Fwp%2Fv2%2Ftags&post=14203"}],"curies":[{"name":"wp","href":"https:\/\/api.w.org\/{rel}","templated":true}]}}