{"id":14213,"date":"2010-03-04T16:18:34","date_gmt":"2010-03-04T19:18:34","guid":{"rendered":"http:\/\/www.inclusive.org.br\/?p=14213"},"modified":"2010-03-04T16:18:34","modified_gmt":"2010-03-04T19:18:34","slug":"pre-conferencias-de-culturas-populares-e-culturas-indigenas","status":"publish","type":"post","link":"https:\/\/inclusivenews.com.br\/?p=14213","title":{"rendered":"Pr\u00e9-Confer\u00eancias de Culturas Populares e Culturas Ind\u00edgenas"},"content":{"rendered":"<figure style=\"width: 284px\" class=\"wp-caption alignleft\"><img loading=\"lazy\" decoding=\"async\" title=\"Cultura popular\" src=\"http:\/\/ideario.org.br\/culturapopular\/guerreiro\/janeiromaior.jpg\" alt=\"\" width=\"284\" height=\"204\" \/><figcaption class=\"wp-caption-text\"> <\/figcaption><\/figure>\n<p>O Minist\u00e9rio da Cultura, por meio da Secretaria da Identidade e da Diversidade Cultural (SID), e dentro das etapas da II Confer\u00eancia Nacional de Cultura (II CNC), realiza, de 7 a 9 de mar\u00e7o, em Bras\u00edlia, as Pr\u00e9-Confer\u00eancias Setoriais de Culturas Populares e Culturas Ind\u00edgenas. A abertura ser\u00e1 \u00e0s 19h, do dia 7, no Museu da Rep\u00fablica e os dois eventos ser\u00e3o realizados numa estrutura montada na Esplanada dos Minist\u00e9rios, nos dias 8 e 9. As Pr\u00e9-Confer\u00eancias t\u00eam car\u00e1ter mobilizador, reflexivo, propositivo e eleger\u00e3o os delegados para a etapa nacional da II CNC, que acontecer\u00e1 de 11 a 14 de mar\u00e7o, tamb\u00e9m em Bras\u00edlia.<\/p>\n<p>Planos e colegiados setoriais<\/p>\n<p>Al\u00e9m de eleger os delegados, cujos representantes estaduais est\u00e3o em fase final de sele\u00e7\u00e3o, sendo 10 por segmento e dois de cada macrorregi\u00e3o, as Pr\u00e9-Confer\u00eancias discutir\u00e3o as diretrizes e a\u00e7\u00f5es que compor\u00e3o os planos setoriais de Culturas Populares e de Culturas Ind\u00edgenas. Tamb\u00e9m no \u00e2mbito das Pr\u00e9-Confer\u00eancias ser\u00e3o eleitos os novos membros dos Colegiados Setoriais, inst\u00e2ncia do Conselho Nacional de Pol\u00edtica Cultural (CNPC).<\/p>\n<p>No \u00e2mbito da Secretaria da Identidade e da Diversidade Cultural, foram criados, em agosto de 2009, pelo Plen\u00e1rio do CNPC, os Colegiados Setoriais de Culturas Populares e Culturas Ind\u00edgenas. Eles ser\u00e3o compostos por 15 titulares e 15 suplentes representantes da sociedade civil (tr\u00eas de cada macrorregi\u00e3o do pa\u00eds), al\u00e9m de 5 representantes titulares e 5 suplentes indicados pelo Poder P\u00fablico Federal. Os eleitos e indicados exercer\u00e3o mandato referente ao bi\u00eanio 2010\/2011.<\/p>\n<p>Entre os principais pontos a serem discutidos nas Pr\u00e9-Confer\u00eancias de Culturas Ind\u00edgenas e Culturas Populares, est\u00e3o a aprova\u00e7\u00e3o de Minuta dos Planos Setoriais de cada segmento e a elei\u00e7\u00e3o, pela primeira vez, dos representantes dos Colegiados Setoriais.<\/p>\n<p>Os interessados em participar da constru\u00e7\u00e3o destes documentos podem acessar o blog geral da CNC, onde foram criados 19 blogs tem\u00e1ticos sobre cada segmento cultural do Minist\u00e9rio da Cultura, incluindo os de Culturas Populares e o de Culturas Ind\u00edgenas. Os blogs servir\u00e3o como ve\u00edculos de divulga\u00e7\u00e3o de informa\u00e7\u00f5es sobre cada um dos setores, al\u00e9m de agregar propostas para as plen\u00e1rias da II CNC.<\/p>\n<p>Colegiados v\u00e3o fomentar a\u00e7\u00f5es para os segmentos<\/p>\n<p>Os dois colegiados foram criados com o objetivo de fomentar pol\u00edticas culturais para os dois segmentos. No caso das Culturas Populares, o Minist\u00e9rio da Cultura, por meio da SID realizou, em Bras\u00edlia, nos anos de 2005 e 2006, dois Semin\u00e1rios Nacionais de Pol\u00edticas P\u00fablicas para o setor que contou com a participa\u00e7\u00e3o de delega\u00e7\u00f5es de todo o pa\u00eds. Tamb\u00e9m com o objetivo de promover a valoriza\u00e7\u00e3o das Culturas Populares, foram realizados o I\u00ba e o II\u00ba Encontro Sul-Americano das Culturas Populares (ESACP) dos quais participaram delega\u00e7\u00f5es da Argentina, Bol\u00edvia, Brasil, Equador, Paraguai e Venezuela. O primeiro aconteceu em Bras\u00edlia, de 14 a 17 de setembro de 2006. O Segundo foi realizado em Caracas, de 25 a 28 de novembro.<\/p>\n<p>Os dois semin\u00e1rios resultaram na Carta Sul-Americana das Culturas Populares que est\u00e1 sendo cumprida por meio de v\u00e1rias a\u00e7\u00f5es, como a realiza\u00e7\u00e3o de tr\u00eas Pr\u00eamios (2007, 2008 e 2009) que contemplaram, em todo o pa\u00eds, 695 iniciativas desenvolvidas por mestres e grupos\/comunidades formais e informais de culturas populares.<\/p>\n<p>Em rela\u00e7\u00e3o ao segmento Culturas Ind\u00edgenas, a Secretaria da identidade e da Diversidade Cultural criou, no dia 19 de abril de 2005, data em que se comemora o Dia do \u00cdndio, por meio de portaria n\u00ba 62, publicada no Di\u00e1rio Oficial da Uni\u00e3o, Grupo de Trabalho com a miss\u00e3o de discutir e propor pol\u00edticas p\u00fablicas de cultura que contemplem os anseios e as singularidades das culturas ind\u00edgenas.<\/p>\n<p>Entre os principais pontos discutidos e encaminhados, at\u00e9 agora, pelo Grupo de Trabalho est\u00e3o o fortalecimento das manifesta\u00e7\u00f5es culturais ind\u00edgenas; a valoriza\u00e7\u00e3o das culturas ind\u00edgenas e a luta contra o preconceito e promo\u00e7\u00e3o de campanhas de divulga\u00e7\u00e3o; o acesso aos bens culturais do pa\u00eds, rompendo com a marginalidade dos povos ind\u00edgenas; e a elabora\u00e7\u00e3o de uma pol\u00edtica cultural ind\u00edgena em parceria com os povos ind\u00edgenas.<\/p>\n<p>A SID tamb\u00e9m realizou dois editais de premia\u00e7\u00e3o, Edi\u00e7\u00e3o \u00c2ngelo Creta (2007) e Edi\u00e7\u00e3o Xic\u00e3o Xucuru (2008) contemplando iniciativas culturais realizadas por representantes de v\u00e1rias etnias distribu\u00eddas entre os 220 povos ind\u00edgenas existentes no pa\u00eds.<\/p>\n<p>Informa\u00e7\u00f5es e d\u00favidas sobre as Pr\u00e9-Confer\u00eancias Setoriais de Cultura podem ser obtidas pelo correio eletr\u00f4nico: <a class=\"moz-txt-link-abbreviated\" href=\"mailto:marcelo.manzatti@cultura.gov.br\">marcelo.manzatti@cultura.gov.br<\/a><\/p>\n<p>Acesse aqui os blogs de Culturas Ind\u00edgenas e Culturas Populares<\/p>\n<p><a href=\"http:\/\/culturadigital.br\/setorialculturaspopulares\">http:\/\/culturadigital.br\/setorialculturaspopulares<\/a><\/p>\n<p><a href=\"http:\/\/culturadigital.br\/setorialculturasindigenas\">http:\/\/culturadigital.br\/setorialculturasindigenas<\/a><\/p>\n<p>(Heli Esp\u00edndola-Comunica\u00e7\u00e3o\/SID)<br \/>\n_____________<\/p>\n<p><strong>Fonte:<\/strong> <a href=\"http:\/\/www2.abong.org.br\/final\/noticia.php?faq=20752\">ABONG<\/a><\/p>\n","protected":false},"excerpt":{"rendered":"<p>Al\u00e9m de eleger os delegados, cujos representantes estaduais est\u00e3o em fase final de sele\u00e7\u00e3o, sendo 10 por segmento e dois de cada macrorregi\u00e3o, as Pr\u00e9-Confer\u00eancias discutir\u00e3o as diretrizes e a\u00e7\u00f5es que compor\u00e3o os planos setoriais de Culturas Populares e de Culturas Ind\u00edgenas.<\/p>\n","protected":false},"author":1,"featured_media":0,"comment_status":"open","ping_status":"open","sticky":false,"template":"","format":"standard","meta":{"site-container-style":"default","site-container-layout":"default","site-sidebar-layout":"default","disable-article-header":"default","disable-site-header":"default","disable-site-footer":"default","disable-content-area-spacing":"default","footnotes":""},"categories":[40,4],"tags":[],"class_list":["post-14213","post","type-post","status-publish","format-standard","hentry","category-diversidade","category-noticias"],"yoast_head":"<!-- This site is optimized with the Yoast SEO plugin v27.4 - https:\/\/yoast.com\/product\/yoast-seo-wordpress\/ -->\n<title>Pr\u00e9-Confer\u00eancias de Culturas Populares e Culturas Ind\u00edgenas -<\/title>\n<meta name=\"robots\" content=\"index, follow, max-snippet:-1, max-image-preview:large, max-video-preview:-1\" \/>\n<link rel=\"canonical\" href=\"https:\/\/inclusivenews.com.br\/?p=14213\" \/>\n<meta property=\"og:locale\" content=\"pt_PT\" \/>\n<meta property=\"og:type\" content=\"article\" \/>\n<meta property=\"og:title\" content=\"Pr\u00e9-Confer\u00eancias de Culturas Populares e Culturas Ind\u00edgenas -\" \/>\n<meta property=\"og:description\" content=\"Al\u00e9m de eleger os delegados, cujos representantes estaduais est\u00e3o em fase final de sele\u00e7\u00e3o, sendo 10 por segmento e dois de cada macrorregi\u00e3o, as Pr\u00e9-Confer\u00eancias discutir\u00e3o as diretrizes e a\u00e7\u00f5es que compor\u00e3o os planos setoriais de Culturas Populares e de Culturas Ind\u00edgenas.\" \/>\n<meta property=\"og:url\" content=\"https:\/\/inclusivenews.com.br\/?p=14213\" \/>\n<meta property=\"article:publisher\" content=\"https:\/\/www.facebook.com\/agenciainclusive\/\" \/>\n<meta property=\"article:published_time\" content=\"2010-03-04T19:18:34+00:00\" \/>\n<meta property=\"og:image\" content=\"http:\/\/ideario.org.br\/culturapopular\/guerreiro\/janeiromaior.jpg\" \/>\n<meta name=\"author\" content=\"inclusivenews2024\" \/>\n<meta name=\"twitter:card\" content=\"summary_large_image\" \/>\n<meta name=\"twitter:label1\" content=\"Escrito por\" \/>\n\t<meta name=\"twitter:data1\" content=\"inclusivenews2024\" \/>\n\t<meta name=\"twitter:label2\" content=\"Tempo estimado de leitura\" \/>\n\t<meta name=\"twitter:data2\" content=\"4 minutos\" \/>\n<script type=\"application\/ld+json\" class=\"yoast-schema-graph\">{\"@context\":\"https:\\\/\\\/schema.org\",\"@graph\":[{\"@type\":\"Article\",\"@id\":\"https:\\\/\\\/inclusivenews.com.br\\\/?p=14213#article\",\"isPartOf\":{\"@id\":\"https:\\\/\\\/inclusivenews.com.br\\\/?p=14213\"},\"author\":{\"name\":\"inclusivenews2024\",\"@id\":\"https:\\\/\\\/inclusivenews.com.br\\\/#\\\/schema\\\/person\\\/ae4ec7087559b8692fb33b6fffd2273b\"},\"headline\":\"Pr\u00e9-Confer\u00eancias de Culturas Populares e Culturas Ind\u00edgenas\",\"datePublished\":\"2010-03-04T19:18:34+00:00\",\"mainEntityOfPage\":{\"@id\":\"https:\\\/\\\/inclusivenews.com.br\\\/?p=14213\"},\"wordCount\":833,\"commentCount\":0,\"publisher\":{\"@id\":\"https:\\\/\\\/inclusivenews.com.br\\\/#organization\"},\"image\":{\"@id\":\"https:\\\/\\\/inclusivenews.com.br\\\/?p=14213#primaryimage\"},\"thumbnailUrl\":\"http:\\\/\\\/ideario.org.br\\\/culturapopular\\\/guerreiro\\\/janeiromaior.jpg\",\"articleSection\":[\"Diversidade\",\"NOT\u00cdCIAS\"],\"inLanguage\":\"pt-PT\",\"potentialAction\":[{\"@type\":\"CommentAction\",\"name\":\"Comment\",\"target\":[\"https:\\\/\\\/inclusivenews.com.br\\\/?p=14213#respond\"]}]},{\"@type\":\"WebPage\",\"@id\":\"https:\\\/\\\/inclusivenews.com.br\\\/?p=14213\",\"url\":\"https:\\\/\\\/inclusivenews.com.br\\\/?p=14213\",\"name\":\"Pr\u00e9-Confer\u00eancias de Culturas Populares e Culturas Ind\u00edgenas -\",\"isPartOf\":{\"@id\":\"https:\\\/\\\/inclusivenews.com.br\\\/#website\"},\"primaryImageOfPage\":{\"@id\":\"https:\\\/\\\/inclusivenews.com.br\\\/?p=14213#primaryimage\"},\"image\":{\"@id\":\"https:\\\/\\\/inclusivenews.com.br\\\/?p=14213#primaryimage\"},\"thumbnailUrl\":\"http:\\\/\\\/ideario.org.br\\\/culturapopular\\\/guerreiro\\\/janeiromaior.jpg\",\"datePublished\":\"2010-03-04T19:18:34+00:00\",\"breadcrumb\":{\"@id\":\"https:\\\/\\\/inclusivenews.com.br\\\/?p=14213#breadcrumb\"},\"inLanguage\":\"pt-PT\",\"potentialAction\":[{\"@type\":\"ReadAction\",\"target\":[\"https:\\\/\\\/inclusivenews.com.br\\\/?p=14213\"]}]},{\"@type\":\"ImageObject\",\"inLanguage\":\"pt-PT\",\"@id\":\"https:\\\/\\\/inclusivenews.com.br\\\/?p=14213#primaryimage\",\"url\":\"http:\\\/\\\/ideario.org.br\\\/culturapopular\\\/guerreiro\\\/janeiromaior.jpg\",\"contentUrl\":\"http:\\\/\\\/ideario.org.br\\\/culturapopular\\\/guerreiro\\\/janeiromaior.jpg\"},{\"@type\":\"BreadcrumbList\",\"@id\":\"https:\\\/\\\/inclusivenews.com.br\\\/?p=14213#breadcrumb\",\"itemListElement\":[{\"@type\":\"ListItem\",\"position\":1,\"name\":\"In\u00edcio\",\"item\":\"https:\\\/\\\/inclusivenews.com.br\\\/\"},{\"@type\":\"ListItem\",\"position\":2,\"name\":\"Pr\u00e9-Confer\u00eancias de Culturas Populares e Culturas Ind\u00edgenas\"}]},{\"@type\":\"WebSite\",\"@id\":\"https:\\\/\\\/inclusivenews.com.br\\\/#website\",\"url\":\"https:\\\/\\\/inclusivenews.com.br\\\/\",\"name\":\"Inclusive News\",\"description\":\"Inclusive News\",\"publisher\":{\"@id\":\"https:\\\/\\\/inclusivenews.com.br\\\/#organization\"},\"potentialAction\":[{\"@type\":\"SearchAction\",\"target\":{\"@type\":\"EntryPoint\",\"urlTemplate\":\"https:\\\/\\\/inclusivenews.com.br\\\/?s={search_term_string}\"},\"query-input\":{\"@type\":\"PropertyValueSpecification\",\"valueRequired\":true,\"valueName\":\"search_term_string\"}}],\"inLanguage\":\"pt-PT\"},{\"@type\":\"Organization\",\"@id\":\"https:\\\/\\\/inclusivenews.com.br\\\/#organization\",\"name\":\"Inclusive - inclus\u00e3o e cidadania\",\"url\":\"https:\\\/\\\/inclusivenews.com.br\\\/\",\"logo\":{\"@type\":\"ImageObject\",\"inLanguage\":\"pt-PT\",\"@id\":\"https:\\\/\\\/inclusivenews.com.br\\\/#\\\/schema\\\/logo\\\/image\\\/\",\"url\":\"https:\\\/\\\/inclusivenews.com.br\\\/wp-content\\\/uploads\\\/2024\\\/03\\\/@grandesite.png\",\"contentUrl\":\"https:\\\/\\\/inclusivenews.com.br\\\/wp-content\\\/uploads\\\/2024\\\/03\\\/@grandesite.png\",\"width\":1080,\"height\":1080,\"caption\":\"Inclusive - inclus\u00e3o e cidadania\"},\"image\":{\"@id\":\"https:\\\/\\\/inclusivenews.com.br\\\/#\\\/schema\\\/logo\\\/image\\\/\"},\"sameAs\":[\"https:\\\/\\\/www.facebook.com\\\/agenciainclusive\\\/\",\"https:\\\/\\\/www.instagram.com\\\/newsinclusive\\\/\"]},{\"@type\":\"Person\",\"@id\":\"https:\\\/\\\/inclusivenews.com.br\\\/#\\\/schema\\\/person\\\/ae4ec7087559b8692fb33b6fffd2273b\",\"name\":\"inclusivenews2024\",\"image\":{\"@type\":\"ImageObject\",\"inLanguage\":\"pt-PT\",\"@id\":\"https:\\\/\\\/secure.gravatar.com\\\/avatar\\\/c5a7ef84c66fa914f55bc4f7ce26cfa275a3b9a1c5568b907bd184fb4dde7b40?s=96&d=mm&r=g\",\"url\":\"https:\\\/\\\/secure.gravatar.com\\\/avatar\\\/c5a7ef84c66fa914f55bc4f7ce26cfa275a3b9a1c5568b907bd184fb4dde7b40?s=96&d=mm&r=g\",\"contentUrl\":\"https:\\\/\\\/secure.gravatar.com\\\/avatar\\\/c5a7ef84c66fa914f55bc4f7ce26cfa275a3b9a1c5568b907bd184fb4dde7b40?s=96&d=mm&r=g\",\"caption\":\"inclusivenews2024\"},\"sameAs\":[\"https:\\\/\\\/inclusivenews.com.br\"],\"url\":\"https:\\\/\\\/inclusivenews.com.br\\\/?author=1\"}]}<\/script>\n<!-- \/ Yoast SEO plugin. -->","yoast_head_json":{"title":"Pr\u00e9-Confer\u00eancias de Culturas Populares e Culturas Ind\u00edgenas -","robots":{"index":"index","follow":"follow","max-snippet":"max-snippet:-1","max-image-preview":"max-image-preview:large","max-video-preview":"max-video-preview:-1"},"canonical":"https:\/\/inclusivenews.com.br\/?p=14213","og_locale":"pt_PT","og_type":"article","og_title":"Pr\u00e9-Confer\u00eancias de Culturas Populares e Culturas Ind\u00edgenas -","og_description":"Al\u00e9m de eleger os delegados, cujos representantes estaduais est\u00e3o em fase final de sele\u00e7\u00e3o, sendo 10 por segmento e dois de cada macrorregi\u00e3o, as Pr\u00e9-Confer\u00eancias discutir\u00e3o as diretrizes e a\u00e7\u00f5es que compor\u00e3o os planos setoriais de Culturas Populares e de Culturas Ind\u00edgenas.","og_url":"https:\/\/inclusivenews.com.br\/?p=14213","article_publisher":"https:\/\/www.facebook.com\/agenciainclusive\/","article_published_time":"2010-03-04T19:18:34+00:00","og_image":[{"url":"http:\/\/ideario.org.br\/culturapopular\/guerreiro\/janeiromaior.jpg","type":"","width":"","height":""}],"author":"inclusivenews2024","twitter_card":"summary_large_image","twitter_misc":{"Escrito por":"inclusivenews2024","Tempo estimado de leitura":"4 minutos"},"schema":{"@context":"https:\/\/schema.org","@graph":[{"@type":"Article","@id":"https:\/\/inclusivenews.com.br\/?p=14213#article","isPartOf":{"@id":"https:\/\/inclusivenews.com.br\/?p=14213"},"author":{"name":"inclusivenews2024","@id":"https:\/\/inclusivenews.com.br\/#\/schema\/person\/ae4ec7087559b8692fb33b6fffd2273b"},"headline":"Pr\u00e9-Confer\u00eancias de Culturas Populares e Culturas Ind\u00edgenas","datePublished":"2010-03-04T19:18:34+00:00","mainEntityOfPage":{"@id":"https:\/\/inclusivenews.com.br\/?p=14213"},"wordCount":833,"commentCount":0,"publisher":{"@id":"https:\/\/inclusivenews.com.br\/#organization"},"image":{"@id":"https:\/\/inclusivenews.com.br\/?p=14213#primaryimage"},"thumbnailUrl":"http:\/\/ideario.org.br\/culturapopular\/guerreiro\/janeiromaior.jpg","articleSection":["Diversidade","NOT\u00cdCIAS"],"inLanguage":"pt-PT","potentialAction":[{"@type":"CommentAction","name":"Comment","target":["https:\/\/inclusivenews.com.br\/?p=14213#respond"]}]},{"@type":"WebPage","@id":"https:\/\/inclusivenews.com.br\/?p=14213","url":"https:\/\/inclusivenews.com.br\/?p=14213","name":"Pr\u00e9-Confer\u00eancias de Culturas Populares e Culturas Ind\u00edgenas -","isPartOf":{"@id":"https:\/\/inclusivenews.com.br\/#website"},"primaryImageOfPage":{"@id":"https:\/\/inclusivenews.com.br\/?p=14213#primaryimage"},"image":{"@id":"https:\/\/inclusivenews.com.br\/?p=14213#primaryimage"},"thumbnailUrl":"http:\/\/ideario.org.br\/culturapopular\/guerreiro\/janeiromaior.jpg","datePublished":"2010-03-04T19:18:34+00:00","breadcrumb":{"@id":"https:\/\/inclusivenews.com.br\/?p=14213#breadcrumb"},"inLanguage":"pt-PT","potentialAction":[{"@type":"ReadAction","target":["https:\/\/inclusivenews.com.br\/?p=14213"]}]},{"@type":"ImageObject","inLanguage":"pt-PT","@id":"https:\/\/inclusivenews.com.br\/?p=14213#primaryimage","url":"http:\/\/ideario.org.br\/culturapopular\/guerreiro\/janeiromaior.jpg","contentUrl":"http:\/\/ideario.org.br\/culturapopular\/guerreiro\/janeiromaior.jpg"},{"@type":"BreadcrumbList","@id":"https:\/\/inclusivenews.com.br\/?p=14213#breadcrumb","itemListElement":[{"@type":"ListItem","position":1,"name":"In\u00edcio","item":"https:\/\/inclusivenews.com.br\/"},{"@type":"ListItem","position":2,"name":"Pr\u00e9-Confer\u00eancias de Culturas Populares e Culturas Ind\u00edgenas"}]},{"@type":"WebSite","@id":"https:\/\/inclusivenews.com.br\/#website","url":"https:\/\/inclusivenews.com.br\/","name":"Inclusive News","description":"Inclusive News","publisher":{"@id":"https:\/\/inclusivenews.com.br\/#organization"},"potentialAction":[{"@type":"SearchAction","target":{"@type":"EntryPoint","urlTemplate":"https:\/\/inclusivenews.com.br\/?s={search_term_string}"},"query-input":{"@type":"PropertyValueSpecification","valueRequired":true,"valueName":"search_term_string"}}],"inLanguage":"pt-PT"},{"@type":"Organization","@id":"https:\/\/inclusivenews.com.br\/#organization","name":"Inclusive - inclus\u00e3o e cidadania","url":"https:\/\/inclusivenews.com.br\/","logo":{"@type":"ImageObject","inLanguage":"pt-PT","@id":"https:\/\/inclusivenews.com.br\/#\/schema\/logo\/image\/","url":"https:\/\/inclusivenews.com.br\/wp-content\/uploads\/2024\/03\/@grandesite.png","contentUrl":"https:\/\/inclusivenews.com.br\/wp-content\/uploads\/2024\/03\/@grandesite.png","width":1080,"height":1080,"caption":"Inclusive - inclus\u00e3o e cidadania"},"image":{"@id":"https:\/\/inclusivenews.com.br\/#\/schema\/logo\/image\/"},"sameAs":["https:\/\/www.facebook.com\/agenciainclusive\/","https:\/\/www.instagram.com\/newsinclusive\/"]},{"@type":"Person","@id":"https:\/\/inclusivenews.com.br\/#\/schema\/person\/ae4ec7087559b8692fb33b6fffd2273b","name":"inclusivenews2024","image":{"@type":"ImageObject","inLanguage":"pt-PT","@id":"https:\/\/secure.gravatar.com\/avatar\/c5a7ef84c66fa914f55bc4f7ce26cfa275a3b9a1c5568b907bd184fb4dde7b40?s=96&d=mm&r=g","url":"https:\/\/secure.gravatar.com\/avatar\/c5a7ef84c66fa914f55bc4f7ce26cfa275a3b9a1c5568b907bd184fb4dde7b40?s=96&d=mm&r=g","contentUrl":"https:\/\/secure.gravatar.com\/avatar\/c5a7ef84c66fa914f55bc4f7ce26cfa275a3b9a1c5568b907bd184fb4dde7b40?s=96&d=mm&r=g","caption":"inclusivenews2024"},"sameAs":["https:\/\/inclusivenews.com.br"],"url":"https:\/\/inclusivenews.com.br\/?author=1"}]}},"_links":{"self":[{"href":"https:\/\/inclusivenews.com.br\/index.php?rest_route=\/wp\/v2\/posts\/14213","targetHints":{"allow":["GET"]}}],"collection":[{"href":"https:\/\/inclusivenews.com.br\/index.php?rest_route=\/wp\/v2\/posts"}],"about":[{"href":"https:\/\/inclusivenews.com.br\/index.php?rest_route=\/wp\/v2\/types\/post"}],"author":[{"embeddable":true,"href":"https:\/\/inclusivenews.com.br\/index.php?rest_route=\/wp\/v2\/users\/1"}],"replies":[{"embeddable":true,"href":"https:\/\/inclusivenews.com.br\/index.php?rest_route=%2Fwp%2Fv2%2Fcomments&post=14213"}],"version-history":[{"count":0,"href":"https:\/\/inclusivenews.com.br\/index.php?rest_route=\/wp\/v2\/posts\/14213\/revisions"}],"wp:attachment":[{"href":"https:\/\/inclusivenews.com.br\/index.php?rest_route=%2Fwp%2Fv2%2Fmedia&parent=14213"}],"wp:term":[{"taxonomy":"category","embeddable":true,"href":"https:\/\/inclusivenews.com.br\/index.php?rest_route=%2Fwp%2Fv2%2Fcategories&post=14213"},{"taxonomy":"post_tag","embeddable":true,"href":"https:\/\/inclusivenews.com.br\/index.php?rest_route=%2Fwp%2Fv2%2Ftags&post=14213"}],"curies":[{"name":"wp","href":"https:\/\/api.w.org\/{rel}","templated":true}]}}